{"id":41758,"date":"2025-10-24T08:00:00","date_gmt":"2025-10-24T08:00:00","guid":{"rendered":"https:\/\/neuronup.com\/?p=41758"},"modified":"2026-01-26T18:21:36","modified_gmt":"2026-01-26T16:21:36","slug":"assim-trabalha-a-associacao-abrindo-portas-com-neuronup-sessoes-praticas-para-criancas-e-adultos","status":"publish","type":"post","link":"https:\/\/neuronup.com\/br\/uncategorized\/assim-trabalha-a-associacao-abrindo-portas-com-neuronup-sessoes-praticas-para-criancas-e-adultos\/","title":{"rendered":"\u00c9 assim que a Associa\u00e7\u00e3o Abriendo Puertas trabalha com o NeuronUP: sess\u00f5es pr\u00e1ticas para crian\u00e7as e adultos"},"content":{"rendered":"\n<p class=\"has-xl-font-size\">Raquel G\u00f3mez Le\u00f3n, neuropsic\u00f3loga de la Asociaci\u00f3n Abriendo Puertas, comparte la <strong>experi\u00eancia da associa\u00e7\u00e3o utilizando o NeuronUP como ferramenta de estimula\u00e7\u00e3o e reabilita\u00e7\u00e3o cognitiva e dois exemplos de sess\u00f5es reais <\/strong>com seus usu\u00e1rios.<\/p>\n\n\n\n<h2 class=\"wp-block-heading\">Sobre a Asociaci\u00f3n Abriendo Puertas<\/h2>\n\n\n\n<p>A <a href=\"https:\/\/www.asociacionabriendopuertas.org\/\">Asociaci\u00f3n Abriendo Puertas<\/a> \u00e9 uma associa\u00e7\u00e3o sem fins lucrativos que surge em 1996 gra\u00e7as a um grupo de pais e m\u00e3es da localidade onubense de Moguer, que buscavam <strong>oferecer aos seus filhos e filhas e familiares com defici\u00eancia os servi\u00e7os necess\u00e1rios para melhorar sua qualidade de vida<\/strong>.&nbsp;<\/p>\n\n\n\n<p>Desde ent\u00e3o, a associa\u00e7\u00e3o ampliou seus servi\u00e7os, atendendo tanto crian\u00e7as desde uma idade precoce, quanto pessoas de idade mais avan\u00e7ada.&nbsp;<\/p>\n\n\n\n<h3 class=\"wp-block-heading\">Equipe profissional da Asociaci\u00f3n Abriendo Puertas<\/h3>\n\n\n\n<p>Atualmente contamos com os seguintes <strong>perfis profissionais<\/strong>:<\/p>\n\n\n\n<ul class=\"wp-block-list\">\n<li>Gerente.<\/li>\n\n\n\n<li>Diretora do centro de dia.<\/li>\n\n\n\n<li>Assistentes sociais.<\/li>\n\n\n\n<li>Psic\u00f3logas cl\u00ednicas.<\/li>\n\n\n\n<li>Psic\u00f3loga especializada em neuropsicologia.<\/li>\n\n\n\n<li>Fonoaudi\u00f3logas.<\/li>\n\n\n\n<li>Fisioterapeuta.<\/li>\n\n\n\n<li>Professoras de educa\u00e7\u00e3o especial.<\/li>\n\n\n\n<li>Pedagogas.<\/li>\n\n\n\n<li>Monitores ocupacionais.<\/li>\n\n\n\n<li>Motorista.<\/li>\n\n\n\n<li>Administrativo.<\/li>\n<\/ul>\n\n\n\n<h3 class=\"wp-block-heading\">Servi\u00e7os de que disp\u00f5e a Asociaci\u00f3n Abriendo Puertas<\/h3>\n\n\n\n<h4 class=\"wp-block-heading\">Centro de Aten\u00e7\u00e3o Infantil Precoce (CAIT)<\/h4>\n\n\n\n<p>Nossa associa\u00e7\u00e3o conta com um servi\u00e7o de <a href=\"https:\/\/neuronup.com\/estimulacion-y-rehabilitacion-cognitiva\/trastornos-del-neurodesarrollo\/la-importancia-de-la-intervencion-temprana-en-trastornos-del-neurodesarrollo-herramientas-y-enfoques-efectivos\/\">aten\u00e7\u00e3o precoce para aquelas crian\u00e7as<\/a> de entre 0 e 6 anos que apresentam dificuldades ou atrasos no desenvolvimento. Seu objetivo \u00e9 <strong>atender \u00e0s necessidades evolutivas dessas crian\u00e7as<\/strong>, promovendo seu desenvolvimento integral e ideal, e dar apoio e orienta\u00e7\u00e3o \u00e0s fam\u00edlias.<\/p>\n\n\n\n<p>Neste servi\u00e7o contamos com os profissionais necess\u00e1rios para dar resposta \u00e0s necessidades dos usu\u00e1rios e usu\u00e1rias: fisioterapeuta, fonoaudi\u00f3logas, psic\u00f3logas e pedagogas terap\u00eauticas.<\/p>\n\n\n\n<h4 class=\"wp-block-heading\">Educare<\/h4>\n\n\n\n<p>Com este servi\u00e7o pretende-se dar resposta \u00e0quelas crian\u00e7as e jovens de entre 6 e 21 anos com <strong>necessidades educativas especiais<\/strong>, com ou sem defici\u00eancia.<\/p>\n\n\n\n<h4 class=\"wp-block-heading\">Fonoaudiologia<\/h4>\n\n\n\n<p>Neste servi\u00e7o atendem-se crian\u00e7as a partir de 3 anos que apresentem <strong>dificuldades na linguagem ou atraso na sua aquisi\u00e7\u00e3o, e na comunica\u00e7\u00e3o<\/strong>.&nbsp;<\/p>\n\n\n\n<h4 class=\"wp-block-heading\">Psicologia<\/h4>\n\n\n\n<p>No servi\u00e7o de psicologia atendem-se pessoas de qualquer faixa et\u00e1ria, com ou sem defici\u00eancia. Este servi\u00e7o proporciona <strong>apoio psicol\u00f3gico, estimula\u00e7\u00e3o cognitiva, modifica\u00e7\u00e3o de comportamento, al\u00e9m de reabilita\u00e7\u00e3o e estimula\u00e7\u00e3o neuropsicol\u00f3gica<\/strong>, entre outros.<\/p>\n\n\n\n<h4 class=\"wp-block-heading\">Sala TEA<\/h4>\n\n\n\n<p>Servi\u00e7o especializado para crian\u00e7as maiores de 3 anos com <a href=\"https:\/\/neuronup.com\/br\/neurorreabilitacao\/perturbacoes-do-neurodesenvolvimento\/transtornos-do-espectro-autista-tea\/\">autismo<\/a> leve-moderado, cuja finalidade \u00e9 <strong>fomentar sua autonomia nas atividades b\u00e1sicas da vida di\u00e1ria (AVDs)<\/strong>.&nbsp;<\/p>\n\n\n\n<h4 class=\"wp-block-heading\">Centro de dia ocupacional<\/h4>\n\n\n\n<p>Aqui frequentam pessoas com defici\u00eancia maiores de 21 anos. Temos vagas privadas e tamb\u00e9m conveniadas pela Junta de Andaluc\u00eda. O objetivo do centro \u00e9 <strong>promover a autonomia e a inclus\u00e3o social das pessoas com defici\u00eancia<\/strong>, oferecendo-lhes recursos de forma\u00e7\u00e3o, habilidades sociais, promovendo a realiza\u00e7\u00e3o de <a href=\"https:\/\/neuronup.com\/actividades-de-neurorrehabilitacion\/actividades-de-la-vida-diaria-avds\/actividades-de-la-vida-diaria-avds-definicion-clasificacion-y-ejercicios\/\">atividades da vida di\u00e1ria (AVDs)<\/a> e prestando apoio e assessoria \u00e0s fam\u00edlias.&nbsp;<\/p>\n\n\n\n<p>A principal diferen\u00e7a entre as vagas privadas e as conveniadas \u00e9 que estas \u00faltimas t\u00eam hor\u00e1rio das 9:00h \u00e0s 17:00h, pelo que tomam caf\u00e9 da manh\u00e3 e almo\u00e7am no centro, enquanto nas privadas o hor\u00e1rio \u00e9 das 9:00h \u00e0s 13:00h.<\/p>\n\n\n\n<h4 class=\"wp-block-heading\">Centro especial de emprego (CEE)&nbsp;<\/h4>\n\n\n\n<p>Nossa equipe \u00e9 constitu\u00edda por pessoas com defici\u00eancia ps\u00edquica, motora e\/ou sensorial. Neste CEE realizamos a manipula\u00e7\u00e3o de embalagens pl\u00e1sticas para fruta, etiquetamos essas embalagens e efetuamos distribui\u00e7\u00e3o e envio de encomendas e cartas.&nbsp;<\/p>\n\n\n\n<h4 class=\"wp-block-heading\">Ag\u00eancia de coloca\u00e7\u00e3o<\/h4>\n\n\n\n<p>Somos um instrumento tanto do Servi\u00e7o P\u00fablico de Emprego Estatal como do Servicio Andaluz de Empleo; por isso nos especializamos em dar resposta \u00e0quelas pessoas com defici\u00eancia da prov\u00edncia de Huelva que desejam ingressar no mercado de trabalho.<\/p>\n\n\n\n<div style=\"height:50px\" aria-hidden=\"true\" class=\"wp-block-spacer\"><\/div>\n\n\n\n<div class=\"wp-block-group br-0111 has-primary-background-color has-background has-dark-background has-sm-padding-top has-sm-padding-left has-sm-padding-right has-xxl-margin-top\"><div class=\"wp-block-group__inner-container is-layout-constrained wp-block-group-is-layout-constrained\">\n<div class=\"wp-block-columns is-layout-flex wp-container-core-columns-is-layout-9d6595d7 wp-block-columns-is-layout-flex\">\n<div class=\"wp-block-column is-layout-flow wp-block-column-is-layout-flow\">\n<figure class=\"wp-block-image size-full desktop-position-absolute desktop-bottom-0 mobile-width-50 mobile-m-inline-auto has-xl-margin-top\"><img decoding=\"async\" width=\"292\" height=\"338\" src=\"https:\/\/neuronup.com\/br\/wp-content\/uploads\/2024\/10\/certificado-de-produto.webp\" alt=\"\" class=\"wp-image-31568\" srcset=\"https:\/\/neuronup.com\/br\/wp-content\/uploads\/2024\/10\/certificado-de-produto-259x300.webp 259w, https:\/\/neuronup.com\/br\/wp-content\/uploads\/2024\/10\/certificado-de-produto.webp 292w\" sizes=\"(max-width: 292px) 100vw, 292px\" \/><\/figure>\n<\/div>\n\n\n\n<div class=\"wp-block-column is-layout-flow wp-block-column-is-layout-flow\">\n<h2 class=\"wp-block-heading has-white-color has-text-color\"><strong>Inscreva-se<\/strong> <br>na nossa <br>Newsletter<\/h2>\n\n\n\n<div class=\"wp-block-buttons is-layout-flex wp-block-buttons-is-layout-flex\">\n<div class=\"wp-block-button--1\" style=\"--button-outline-color:var(--color-white);--button-outline-color-hover:rgba(0,0,0,0.8);\"><a class=\"wp-block-button__link button button-outline   wp-element-button\" href=\"https:\/\/neuronup.com\/br\/newsletter\/\">Inscreva-se<\/a><\/div>\n\n<\/div>\n\n\n\n<div style=\"height:40px\" aria-hidden=\"true\" class=\"wp-block-spacer\"><\/div>\n<\/div>\n<\/div>\n<\/div><\/div>\n\n\n\n\n<div style=\"height:50px\" aria-hidden=\"true\" class=\"wp-block-spacer\"><\/div>\n\n\n\n<h3 class=\"wp-block-heading\">Perfil e patologia dos usu\u00e1rios e usu\u00e1rias da Asociaci\u00f3n Abriendo Puertas&nbsp;<\/h3>\n\n\n\n<p>Nossos usu\u00e1rios e usu\u00e1rias t\u00eam um <strong>perfil muito heterog\u00eaneo<\/strong>. Enquanto no Centro de Aten\u00e7\u00e3o Infantil Precoce (CAIT) frequentam crian\u00e7as de 0 a 6 anos com alguma sinaliza\u00e7\u00e3o no desenvolvimento, nos servi\u00e7os de Educare e Fonoaudiologia frequentam crian\u00e7as com necessidades educativas especiais e de linguagem, com ou sem um diagn\u00f3stico.&nbsp;<\/p>\n\n\n\n<p>Para o servi\u00e7o de Psicologia tamb\u00e9m n\u00e3o h\u00e1 um perfil concreto; pode acess\u00e1-lo qualquer pessoa que o solicite.&nbsp;<\/p>\n\n\n\n<p>\u00c9 nos servi\u00e7os de Centro de dia ocupacional, do Centro Especial de Emprego (CEE) e da Ag\u00eancia de coloca\u00e7\u00e3o que temos um crit\u00e9rio de inclus\u00e3o \u00fanico: a pessoa tem que ter reconhecida uma defici\u00eancia, podendo ou n\u00e3o ter outra patologia. Alguns exemplos s\u00e3o: autismo, esquizofrenia, s\u00edndrome de Down, s\u00edndrome de Prader-Willi, etc.<\/p>\n\n\n\n<div style=\"height:50px\" aria-hidden=\"true\" class=\"wp-block-spacer\"><\/div>\n\n\n\n<div class=\"wp-block-group\"><div class=\"wp-block-group__inner-container is-layout-constrained wp-block-group-is-layout-constrained\">\n<div class=\"wp-block-columns is-layout-flex wp-container-core-columns-is-layout-9d6595d7 wp-block-columns-is-layout-flex\">\n<div class=\"wp-block-column br-0111 p-5 particle-bg anims-fadein-up has-primary-background-color has-background is-layout-flow wp-block-column-is-layout-flow\">\n<h2 class=\"wp-block-heading has-white-color has-text-color\">Saiba mais sobre <br><strong>NeuronUP<\/strong><\/h2>\n\n\n\n<div class=\"wp-block-buttons is-layout-flex wp-block-buttons-is-layout-flex\">\n<div class=\"wp-block-button--2\" style=\"--button-outline-color:var(--color-white);--button-outline-color-hover:rgba(0,0,0,0.8);\"><a class=\"wp-block-button__link button button-outline   wp-element-button\" href=\"https:\/\/neuronup.com\/br\/solicitacao-informacao\/\">Solicitar Informa\u00e7\u00f5es<\/a><\/div>\n\n<\/div>\n<\/div>\n\n\n\n<div class=\"wp-block-column br-0111 p-5 particle-bg anims-fadein-up has-primary-background-color has-background is-layout-flow wp-block-column-is-layout-flow\">\n<h2 class=\"wp-block-heading has-white-color has-text-color\">Experimente Gratuitamente<\/h2>\n\n\n\n<p class=\"has-white-color has-text-color\">A plataforma que mais de <strong>4.500 profissionais<\/strong> utilizam todos os dias<\/p>\n\n\n\n<div class=\"wp-block-buttons is-layout-flex wp-block-buttons-is-layout-flex\">\n<div class=\"wp-block-button orange-button\" style=\"--button-background:var(--color-custom-1);--button-background-hover:#cc7e00;\"><a class=\"wp-block-button__link button   wp-element-button\" href=\"https:\/\/neuronup.com\/br\/landing-store-user\/\">Solicitar Teste<img decoding=\"async\" class=\"wp-image-18719\" style=\"width: 8px;\" src=\"\/wp-content\/uploads\/2022\/v3\/icon_rightArrow-white.svg\"><\/a><\/div>\n\n<\/div>\n<\/div>\n<\/div>\n<\/div><\/div>\n\n\n\n<div style=\"height:50px\" aria-hidden=\"true\" class=\"wp-block-spacer\"><\/div>\n\n\n\n<h2 class=\"wp-block-heading\">NeuronUP na Abriendo Puertas<\/h2>\n\n\n\n<p><strong><a href=\"https:\/\/neuronup.com\/br\/\">NeuronUP<\/a> \u00e9 uma ferramenta com a qual a associa\u00e7\u00e3o conta h\u00e1 j\u00e1 dois anos.<\/strong> Esta plataforma de reabilita\u00e7\u00e3o e estimula\u00e7\u00e3o facilitou o trabalho com as pessoas que atendemos tanto nos servi\u00e7os de Educare, Fonoaudiologia e Psicologia, quanto no Centro de dia e no Centro ocupacional.&nbsp;<\/p>\n\n\n\n<p>A principal vantagem desta ferramenta \u00e9 o seu <a href=\"https:\/\/neuronup.com\/br\/produto\/tipos-de-atividades-de-neuronup-geradores-jogos-e-fichas\/\"><strong>formato eletr\u00f4nico em forma de jogos<\/strong><\/a>, que motiva nossos usu\u00e1rios e usu\u00e1rias a realizar as tarefas por meio do uso de tablets.&nbsp;<\/p>\n\n\n\n<p>Mas al\u00e9m disso tem <strong>outras vantagens<\/strong>:&nbsp;<\/p>\n\n\n\n<ul class=\"wp-block-list\">\n<li>Permite o registro de usu\u00e1rios e usu\u00e1rias e seu hist\u00f3rico cl\u00ednico.&nbsp;<\/li>\n\n\n\n<li>Permite a programa\u00e7\u00e3o de sess\u00f5es com anteced\u00eancia.&nbsp;<\/li>\n\n\n\n<li>\u00c9 poss\u00edvel graduar a complexidade da tarefa, adaptando-a a cada pessoa.&nbsp;<\/li>\n\n\n\n<li>Os resultados s\u00e3o registrados enquanto o usu\u00e1rio trabalha, o que permite ao profissional estar atento a outros aspectos da sess\u00e3o.&nbsp;<\/li>\n\n\n\n<li>Permite tanto a estimula\u00e7\u00e3o quanto a reabilita\u00e7\u00e3o.&nbsp;<\/li>\n<\/ul>\n\n\n\n<p>Desde a implementa\u00e7\u00e3o do NeuronUP observamos <strong>maior predisposi\u00e7\u00e3o dos nossos usu\u00e1rios e usu\u00e1rias ao trabalho<\/strong>, pelo que observamos melhorias em suas <a href=\"https:\/\/neuronup.com\/br\/areas-de-intervencao\/funcoes-cognitivas\/\">fun\u00e7\u00f5es cognitivas<\/a>, como a aten\u00e7\u00e3o ou a mem\u00f3ria.&nbsp;<\/p>\n\n\n\n<h3 class=\"wp-block-heading\">Exemplos de sess\u00f5es com NeuronUP&nbsp;<\/h3>\n\n\n\n<p>Em nossa associa\u00e7\u00e3o, o NeuronUP \u00e9 usado tanto com crian\u00e7as quanto com adultos e idosos.<\/p>\n\n\n\n<p>A seguir <strong>apresentam-se dois casos de sucesso diferentes do trabalho em nossa associa\u00e7\u00e3o com o NeuronUP<\/strong>: o primeiro \u00e9 uma sess\u00e3o com um adulto com defici\u00eancia intelectual, e o segundo uma sess\u00e3o com uma crian\u00e7a com adrenoleucodistrofia.<\/p>\n\n\n\n<h4 class=\"wp-block-heading\">Exemplo de sess\u00e3o com NeuronUP para defici\u00eancia intelectual&nbsp;<\/h4>\n\n\n\n<p>Um exemplo do uso que demos a esta ferramenta \u00e9 o caso de um <strong>adulto de 36 anos com <a href=\"https:\/\/neuronup.com\/br\/casos-de-uso-deficiencia-intelectual\/\">defici\u00eancia intelectual<\/a> que necessitava de reabilita\u00e7\u00e3o neuropsicol\u00f3gica ap\u00f3s uma interven\u00e7\u00e3o cir\u00fargica de epilepsia medial temporal (EMT) direita resistente a f\u00e1rmacos<\/strong>.&nbsp;<\/p>\n\n\n\n<p>Esta reabilita\u00e7\u00e3o foi feita em coordena\u00e7\u00e3o com uma neuropsic\u00f3loga do hospital privado onde foi realizada a opera\u00e7\u00e3o. Enquanto n\u00f3s nos encarreg\u00e1vamos da interven\u00e7\u00e3o, o usu\u00e1rio do nosso servi\u00e7o era avaliado no centro privado onde se realizou a opera\u00e7\u00e3o tanto pelo seu m\u00e9dico quanto pelo seu neuropsic\u00f3logo.<\/p>\n\n\n\n<p>Para este caso foi proposto um mecanismo de baixo-para-cima, e <strong>estabeleceu-se um programa de restaura\u00e7\u00e3o da fun\u00e7\u00e3o e re-treinamento<\/strong>, de modo que a pr\u00e1tica repetitiva de exerc\u00edcios projetados procurava fortalecer alguns processos b\u00e1sicos (aten\u00e7\u00e3o, mem\u00f3ria, fun\u00e7\u00f5es executivas, etc.) (Sohlberg y Mateer, 2021; Mateer, Sohlberg y Youngman, 1990).&nbsp;<\/p>\n\n\n\n<p>Este fundamento te\u00f3rico baseia-se na concep\u00e7\u00e3o de que a estimula\u00e7\u00e3o dos distintos componentes dos processos cognitivos conduzir\u00e1 a um melhor processamento e automatiza\u00e7\u00e3o desses processos (Anderson, Winocur e Palmer, 2003).&nbsp;<\/p>\n\n\n\n<h5 class=\"wp-block-heading\"><strong>Desenho do plano de interven\u00e7\u00e3o<\/strong><\/h5>\n\n\n\n<p>Tratava-se de <strong>duas sess\u00f5es semanais de 45-50 minutos de dura\u00e7\u00e3o<\/strong>. Em cada sess\u00e3o trabalhavam-se diferentes fun\u00e7\u00f5es cognitivas, embora as sess\u00f5es de NeuronUP come\u00e7assem sempre com a <a href=\"https:\/\/neuronup.com\/actividades-de-neurorrehabilitacion\/actividades-para-funciones-cognitivas\/actividades-de-atencion\/actividades-de-atencion-sostenida-para-adultos-y-ninos\/\">estimula\u00e7\u00e3o da aten\u00e7\u00e3o sustentada<\/a>.&nbsp;<\/p>\n\n\n\n<div style=\"height:50px\" aria-hidden=\"true\" class=\"wp-block-spacer\"><\/div>\n\n\n\n<figure class=\"wp-block-table is-style-stripes\"><table class=\"has-fixed-layout\"><tbody><tr><td><strong>Dura\u00e7\u00e3o<\/strong><\/td><td><strong>Dia 1<\/strong><\/td><td><strong>Dia 2<\/strong><\/td><\/tr><tr><td>2 minutos<\/td><td>Orienta\u00e7\u00e3o temporal e espacial<\/td><td>Orienta\u00e7\u00e3o temporal e espacial<\/td><\/tr><tr><td>5 minutos<\/td><td>Rapport (com isso pretende-se trabalhar tamb\u00e9m a linguagem espont\u00e2nea)<\/td><td>Rapport (com isso pretende-se trabalhar tamb\u00e9m a linguagem espont\u00e2nea)<\/td><\/tr><tr><td>5 minutos<\/td><td>Aten\u00e7\u00e3o sustentada (NeuronUP)<\/td><td>Aten\u00e7\u00e3o sustentada (NeuronUP)<\/td><\/tr><tr><td>5 minutos<\/td><td>Aten\u00e7\u00e3o seletiva (NeuronUP)<\/td><td>Flexibilidade (NeuronUP)<\/td><\/tr><tr><td>5 minutos<\/td><td>Denomina\u00e7\u00e3o (chave fonol\u00f3gica) (NeuronUP)<\/td><td>Mem\u00f3ria epis\u00f3dica de longo prazo (NeuronUP)<\/td><\/tr><tr><td>5 minutos<\/td><td>Planejamento (NeuronUP)<\/td><td>Compreens\u00e3o de leitura (NeuronUP)<\/td><\/tr><tr><td>5 minutos<\/td><td>Mem\u00f3ria epis\u00f3dica (mem\u00f3ria n\u00e3o verbal + mem\u00f3ria de curto prazo) (NeuronUP)<\/td><td>Express\u00e3o (NeuronUP)<\/td><\/tr><tr><td>5 minutos<\/td><td>Mem\u00f3ria sem\u00e2ntica (NeuronUP)<\/td><td>Aten\u00e7\u00e3o alternante (NeuronUP)<\/td><\/tr><tr><td>5 minutos<\/td><td>Compreens\u00e3o de ordens (NeuronUP)<\/td><td>Fluidez sem\u00e2ntica<\/td><\/tr><tr><td>5 minutos<\/td><td>Express\u00e3o verbal (descri\u00e7\u00e3o de imagens)<\/td><td>Praxia construtiva e psicomotricidade<\/td><\/tr><\/tbody><\/table><figcaption class=\"wp-element-caption\">Tabela 1. Desenho do plano de interven\u00e7\u00e3o para defici\u00eancia intelectual.<\/figcaption><\/figure>\n\n\n\n<div style=\"height:50px\" aria-hidden=\"true\" class=\"wp-block-spacer\"><\/div>\n\n\n\n<div class=\"wp-block-cover br-1010 has-sm-padding-top has-sm-padding-bottom has-sm-padding-left has-sm-padding-right\"><img decoding=\"async\" width=\"1280\" height=\"768\" sizes=\"(max-width: 600px) 100vw, 50vw\" class=\"wp-block-cover__image-background wp-image-31661 size-large\" alt=\"neuronup illustration background\" src=\"https:\/\/neuronup.com\/br\/wp-content\/uploads\/2024\/10\/neuronup-illustration-background.svg\" data-object-fit=\"cover\"\/><span aria-hidden=\"true\" class=\"wp-block-cover__background has-background-dim\" style=\"background-color:#005767\"><\/span><div class=\"wp-block-cover__inner-container is-layout-constrained wp-block-cover-is-layout-constrained\">\n<p class=\"has-xl-font-size\" style=\"letter-spacing:0.07rem\"><strong>Lan\u00e7amos NeuronUP Assessment!<\/strong><\/p>\n\n\n\n<div class=\"wp-block-columns are-vertically-aligned-center is-layout-flex wp-container-core-columns-is-layout-9d6595d7 wp-block-columns-is-layout-flex\">\n<div class=\"wp-block-column is-vertically-aligned-center has-white-color has-text-color has-link-color wp-elements-bd68cc8433c056f7c59b955812e8ea6c is-layout-flow wp-block-column-is-layout-flow\" style=\"flex-basis:70%\">\n<p class=\"has-no-margin-top has-no-margin-bottom\" style=\"letter-spacing:0.05rem\">O novo produto de Avalia\u00e7\u00e3o da NeuronUP.<\/p>\n\n\n\n<p class=\"has-text-align-left has-no-margin-top has-no-margin-bottom\" style=\"font-size:18px\">Solicite acesso para testar gratuitamente por tempo limitado.<\/p>\n<\/div>\n\n\n\n<div class=\"wp-block-column is-vertically-aligned-center is-layout-flow wp-block-column-is-layout-flow\" style=\"flex-basis:30%\">\n<div class=\"wp-block-buttons is-content-justification-center is-layout-flex wp-container-core-buttons-is-layout-16018d1d wp-block-buttons-is-layout-flex\">\n<div class=\"wp-block-button has-custom-width wp-block-button__width-100\" style=\"--button-color:#01606f;--button-background:var(--color-white);--button-background-hover:#e6e6e6;\"><a class=\"wp-block-button__link button    has-link-color wp-element-button\" href=\"https:\/\/neuronup.com\/br\/neuronup-assessment\/solicitar-acesso\/\" style=\"color:#01606f\"><strong>Solicite acceso<\/strong><\/a><\/div>\n\n<\/div>\n<\/div>\n<\/div>\n<\/div><\/div>\n\n\n\n<div style=\"height:50px\" aria-hidden=\"true\" class=\"wp-block-spacer\"><\/div>\n\n\n\n<p>Esta <strong>primeira sess\u00e3o semanal <\/strong>para trabalhar com esta pessoa com defici\u00eancia intelectual consistiu nas seguintes atividades do NeuronUP:<\/p>\n\n\n\n\n\n<h4 class=\"wp-block-heading\">Exemplo de sess\u00e3o com NeuronUP para adrenoleucodistrofia<\/h4>\n\n\n\n<p>Como mencionei anteriormente, tamb\u00e9m utilizamos o NeuronUP na associa\u00e7\u00e3o para trabalhar com crian\u00e7as a estimula\u00e7\u00e3o cognitiva para melhorar suas habilidades escolares e sociais.&nbsp;<\/p>\n\n\n\n<p>Um exemplo disso \u00e9 o caso de um <strong>menor de 10 anos com diagn\u00f3stico de <a href=\"https:\/\/neuronup.com\/enfermedades-raras\/deconstruyendo-la-adrenoleucodistrofia\/\">adrenoleucodistrofia<\/a> ligada ao X<\/strong>. Este usu\u00e1rio frequenta nossa associa\u00e7\u00e3o 3 vezes por semana para receber sess\u00f5es de psicologia, fonoaudiologia e reeduca\u00e7\u00e3o pedag\u00f3gica. Em todas as sess\u00f5es utiliza-se o NeuronUP.&nbsp;<\/p>\n\n\n\n<p>Neste caso o <strong>objetivo<\/strong>, dadas as caracter\u00edsticas do seu diagn\u00f3stico, \u00e9 <strong>manter e\/ou melhorar seu funcionamento cognitivo<\/strong>.&nbsp;<\/p>\n\n\n\n<p>Este \u00e9 um <strong>exemplo das sess\u00f5es<\/strong> que s\u00e3o realizadas com ele.<\/p>\n\n\n\n<div style=\"height:50px\" aria-hidden=\"true\" class=\"wp-block-spacer\"><\/div>\n\n\n<div class=\"wp-block-image image-interface\">\n<figure class=\"aligncenter size-large is-resized\"><img decoding=\"async\" width=\"1024\" height=\"1014\" src=\"https:\/\/neuronup.com\/br\/wp-content\/uploads\/2025\/06\/Imagen-3.-Ejemplo-de-sesion-para-la-intervencion-de-adrenoleucodistrofia-1024x1014.webp\" alt=\"Captura de tela da interface NeuronUP exibindo sess\u00e3o infantil com 5 atividades, abrangendo processamento, aten\u00e7\u00e3o, vis\u00e3o espacial e fun\u00e7\u00f5es executivas.\" class=\"wp-image-41903\" style=\"width:650px\" srcset=\"https:\/\/neuronup.com\/br\/wp-content\/uploads\/2025\/06\/Imagen-3.-Ejemplo-de-sesion-para-la-intervencion-de-adrenoleucodistrofia-24x24.webp 24w, https:\/\/neuronup.com\/br\/wp-content\/uploads\/2025\/06\/Imagen-3.-Ejemplo-de-sesion-para-la-intervencion-de-adrenoleucodistrofia-48x48.webp 48w, https:\/\/neuronup.com\/br\/wp-content\/uploads\/2025\/06\/Imagen-3.-Ejemplo-de-sesion-para-la-intervencion-de-adrenoleucodistrofia-96x96.webp 96w, https:\/\/neuronup.com\/br\/wp-content\/uploads\/2025\/06\/Imagen-3.-Ejemplo-de-sesion-para-la-intervencion-de-adrenoleucodistrofia-150x150.webp 150w, https:\/\/neuronup.com\/br\/wp-content\/uploads\/2025\/06\/Imagen-3.-Ejemplo-de-sesion-para-la-intervencion-de-adrenoleucodistrofia-300x297.webp 300w, https:\/\/neuronup.com\/br\/wp-content\/uploads\/2025\/06\/Imagen-3.-Ejemplo-de-sesion-para-la-intervencion-de-adrenoleucodistrofia-768x760.webp 768w, https:\/\/neuronup.com\/br\/wp-content\/uploads\/2025\/06\/Imagen-3.-Ejemplo-de-sesion-para-la-intervencion-de-adrenoleucodistrofia-1024x1014.webp 1024w, https:\/\/neuronup.com\/br\/wp-content\/uploads\/2025\/06\/Imagen-3.-Ejemplo-de-sesion-para-la-intervencion-de-adrenoleucodistrofia.webp 1200w\" sizes=\"(max-width: 1024px) 100vw, 1024px\" \/><figcaption class=\"wp-element-caption\">Imagem 3. Exemplo de sess\u00e3o para a interven\u00e7\u00e3o de adrenoleucodistrofia.<\/figcaption><\/figure>\n<\/div>\n\n\n<div style=\"height:50px\" aria-hidden=\"true\" class=\"wp-block-spacer\"><\/div>\n\n\n<div class=\"wp-block-image image-interface\">\n<figure class=\"aligncenter size-large is-resized\"><img decoding=\"async\" width=\"993\" height=\"1024\" src=\"https:\/\/neuronup.com\/br\/wp-content\/uploads\/2025\/06\/Imagen-4.-Usuario-de-la-asociacion-trabajando-con-NeuronUP-993x1024.webp\" alt=\"Crian\u00e7a interagindo com tela educativa que mostra ilustra\u00e7\u00f5es de macaco e pato, com palavras iniciando em &#039;PA&#039; e \u00edcones de som ao lado.\" class=\"wp-image-41904\" style=\"width:650px\" srcset=\"https:\/\/neuronup.com\/br\/wp-content\/uploads\/2025\/06\/Imagen-4.-Usuario-de-la-asociacion-trabajando-con-NeuronUP-24x24.webp 24w, https:\/\/neuronup.com\/br\/wp-content\/uploads\/2025\/06\/Imagen-4.-Usuario-de-la-asociacion-trabajando-con-NeuronUP-48x48.webp 48w, https:\/\/neuronup.com\/br\/wp-content\/uploads\/2025\/06\/Imagen-4.-Usuario-de-la-asociacion-trabajando-con-NeuronUP-291x300.webp 291w, https:\/\/neuronup.com\/br\/wp-content\/uploads\/2025\/06\/Imagen-4.-Usuario-de-la-asociacion-trabajando-con-NeuronUP-768x792.webp 768w, https:\/\/neuronup.com\/br\/wp-content\/uploads\/2025\/06\/Imagen-4.-Usuario-de-la-asociacion-trabajando-con-NeuronUP-993x1024.webp 993w, https:\/\/neuronup.com\/br\/wp-content\/uploads\/2025\/06\/Imagen-4.-Usuario-de-la-asociacion-trabajando-con-NeuronUP.webp 1200w\" sizes=\"(max-width: 993px) 100vw, 993px\" \/><figcaption class=\"wp-element-caption\">Imagem 4. Usu\u00e1rio da associa\u00e7\u00e3o trabalhando com NeuronUP.<\/figcaption><\/figure>\n<\/div>\n\n\n<div style=\"height:50px\" aria-hidden=\"true\" class=\"wp-block-spacer\"><\/div>\n\n\n\n<p>A seguir, apresenta-se o <strong>gr\u00e1fico geral do seu desempenho cognitivo<\/strong> nos dois \u00faltimos anos em que foi tratado mediante a ferramenta NeuronUP.<\/p>\n\n\n\n<div style=\"height:50px\" aria-hidden=\"true\" class=\"wp-block-spacer\"><\/div>\n\n\n<div class=\"wp-block-image image-interface\">\n<figure class=\"aligncenter size-large\"><img decoding=\"async\" width=\"1024\" height=\"544\" src=\"https:\/\/neuronup.com\/br\/wp-content\/uploads\/2025\/06\/Grafica-4.-NeuronUP-Score.-Grafica-general-del-rendimiento-cognitivo-de-un-usuario-de-la-asociacion-1024x544.webp\" alt=\"Gr\u00e1fico de desempenho cognitivo com linha azul ao longo de 2023\u20132024, acompanhado de tabela com valores por categoria.\" class=\"wp-image-41905\" srcset=\"https:\/\/neuronup.com\/br\/wp-content\/uploads\/2025\/06\/Grafica-4.-NeuronUP-Score.-Grafica-general-del-rendimiento-cognitivo-de-un-usuario-de-la-asociacion-300x159.webp 300w, https:\/\/neuronup.com\/br\/wp-content\/uploads\/2025\/06\/Grafica-4.-NeuronUP-Score.-Grafica-general-del-rendimiento-cognitivo-de-un-usuario-de-la-asociacion-768x408.webp 768w, https:\/\/neuronup.com\/br\/wp-content\/uploads\/2025\/06\/Grafica-4.-NeuronUP-Score.-Grafica-general-del-rendimiento-cognitivo-de-un-usuario-de-la-asociacion-1024x544.webp 1024w, https:\/\/neuronup.com\/br\/wp-content\/uploads\/2025\/06\/Grafica-4.-NeuronUP-Score.-Grafica-general-del-rendimiento-cognitivo-de-un-usuario-de-la-asociacion.webp 1200w\" sizes=\"(max-width: 1024px) 100vw, 1024px\" \/><figcaption class=\"wp-element-caption\">Gr\u00e1fico 4. NeuronUP Score. Gr\u00e1fico geral do desempenho cognitivo de um usu\u00e1rio da associa\u00e7\u00e3o.<\/figcaption><\/figure>\n<\/div>\n\n\n<div style=\"height:50px\" aria-hidden=\"true\" class=\"wp-block-spacer\"><\/div>\n\n\n\n<p>Como podemos observar, mostra<strong> uma tend\u00eancia positiva quanto ao seu desempenho cognitivo <\/strong>em rela\u00e7\u00e3o ao in\u00edcio das sess\u00f5es com o NeuronUP h\u00e1 j\u00e1 um ano.<\/p>\n\n\n\n<h2 class=\"wp-block-heading\">Conclus\u00e3o<\/h2>\n\n\n\n<p>O NeuronUP \u00e9 uma ferramenta \u00fatil tanto para crian\u00e7as quanto para adultos, que se apresenta num formato atrativo para motivar os usu\u00e1rios a trabalhar com ela. Al\u00e9m disso, pode ser empregada tanto para <a href=\"https:\/\/neuronup.com\/br\/neurorreabilitacao\/\">reabilita\u00e7\u00e3o quanto para estimula\u00e7\u00e3o cognitiva<\/a>. Portanto, \u00e9 uma ferramenta que se adapta \u00e0s necessidades do usu\u00e1rio.<\/p>\n\n\n\n<p>Na nossa associa\u00e7\u00e3o representou uma melhoria no atendimento aos nossos usu\u00e1rios, j\u00e1 que apresentam caracter\u00edsticas e necessidades muito heterog\u00eaneas. Permite-nos um feedback quase imediato do desempenho dos nossos usu\u00e1rios e da sua evolu\u00e7\u00e3o.<\/p>\n\n\n\n<h2 class=\"wp-block-heading\">Bibliografia<\/h2>\n\n\n\n<ul class=\"wp-block-list\">\n<li class=\"has-sm-font-size\">Anderson, N.D., Winocur, G., e Palmer, H. (2023).Principles of cognitive rehabilitation.&nbsp; In P.W. Halligan, U. Kischka e J.c. Marsahall (Eds.), Handbook of clinical neuropsychology (pp.&nbsp; 48-69). Oxford: Oxford University Press.&nbsp;<\/li>\n\n\n\n<li class=\"has-sm-font-size\">Mateer,C.A., Sohlberg, M.M., e Ypungman, P. (1990). The management of acquired &nbsp; attention and memory disordes following mild closed head injury. In R. Wood (Ed.), Cognitive&nbsp; rehabilitation in perspective (pp. 68-95). London: Taylor and Francis.&nbsp;<\/li>\n\n\n\n<li class=\"has-sm-font-size\">Sohlberg, M. M. e Mateer, C.A. (2001). Cognitive Rehabilitastion. An integrative &nbsp; neuropsychology approach. New York: Guildford Press.<\/li>\n<\/ul>\n\n\n\n<h3 class=\"wp-block-heading\">Se voc\u00ea gostou desta entrada do blog sobre <strong>como a Asociaci\u00f3n Abriendo Puertas trabalha com o NeuronUP<\/strong>, provavelmente lhe interessar\u00e3o estes artigos do NeuronUP:<\/h3>\n\n<div class=\"mai-grid entries entries-grid has-boxed has-image-full\" style=\"--entry-title-font-size:var(--font-size-lg);--align-text:start;--entry-meta-text-align:start;\"><div class=\"entries-wrap has-columns\" style=\"--columns-xs:1\/1;--columns-sm:1\/1;--columns-md:1\/3;--columns-lg:1\/3;--flex-xs:0 0 var(--flex-basis);--flex-sm:0 0 var(--flex-basis);--flex-md:0 0 var(--flex-basis);--flex-lg:0 0 var(--flex-basis);--column-gap:var(--spacing-lg);--row-gap:var(--spacing-lg);--align-columns:start;\"><article class=\"entry entry-grid is-column has-entry-link has-image has-image-first type-post category-funcoes-executivas tag-criancas tag-funcoes-executivas\" style=\"--entry-index:1;\" aria-label=\"Modelo de fun\u00e7\u00f5es executivas baseado em an\u00e1lises fatoriais em popula\u00e7\u00e3o infantil e escolar: metan\u00e1lise\" itemscope itemtype=\"https:\/\/schema.org\/CreativeWork\"><a class=\"entry-image-link\" href=\"https:\/\/neuronup.com\/br\/neurociencia\/neuropsicologia\/funcoes-executivas\/modelo-de-funcoes-executivas-baseado-em-analises-fatoriais-em-populacao-infantil-e-escolar\/\" tabindex=\"-1\" aria-hidden=\"true\"><img decoding=\"async\" width=\"400\" height=\"300\" src=\"https:\/\/neuronup.com\/br\/wp-content\/uploads\/2022\/02\/everyone-knows-right-answear-400x300-1-1-1.webp\" class=\"entry-image size-landscape-sm\" alt=\"Sala de aula com crian\u00e7as levantando as m\u00e3os para participar; professora escreve na lousa verde ao fundo, bandeirinhas coloridas decoram o ambiente.\" srcset=\"https:\/\/neuronup.com\/br\/wp-content\/uploads\/2022\/02\/everyone-knows-right-answear-400x300-1-1-1-300x225.webp 300w, https:\/\/neuronup.com\/br\/wp-content\/uploads\/2022\/02\/everyone-knows-right-answear-400x300-1-1-1-768x576.webp 768w, https:\/\/neuronup.com\/br\/wp-content\/uploads\/2022\/02\/everyone-knows-right-answear-400x300-1-1-1-1024x768.webp 1024w, https:\/\/neuronup.com\/br\/wp-content\/uploads\/2022\/02\/everyone-knows-right-answear-400x300-1-1-1.webp 1200w\" sizes=\"(max-width:599px) 599px, (min-width:600px) and (max-width: 799px) 799px, (min-width:800px) and (max-width: 999px) 333px, (min-width:1000px) 400px\" \/><\/a><div class=\"entry-wrap entry-wrap-grid\"><h3 class=\"entry-title\" itemprop=\"headline\"><a class=\"entry-title-link\" href=\"https:\/\/neuronup.com\/br\/neurociencia\/neuropsicologia\/funcoes-executivas\/modelo-de-funcoes-executivas-baseado-em-analises-fatoriais-em-populacao-infantil-e-escolar\/\" rel=\"bookmark\">Modelo de fun\u00e7\u00f5es executivas baseado em an\u00e1lises fatoriais em popula\u00e7\u00e3o infantil e escolar: metan\u00e1lise<\/a><\/h3>\n<\/div><\/article><article class=\"entry entry-grid is-column has-entry-link has-image has-image-first type-post category-esquizofrenia tag-avaliacao-neuropsicologica tag-esquizofrenia tag-psicologia\" style=\"--entry-index:2;\" aria-label=\"Percep\u00e7\u00e3o social na esquizofrenia\" itemscope itemtype=\"https:\/\/schema.org\/CreativeWork\"><a class=\"entry-image-link\" href=\"https:\/\/neuronup.com\/br\/noticias-de-estimulacao-cognitiva\/doenca-mental\/esquizofrenia\/percepcao-social-e-esquizofrenia\/\" tabindex=\"-1\" aria-hidden=\"true\"><img decoding=\"async\" width=\"400\" height=\"267\" src=\"https:\/\/neuronup.com\/br\/wp-content\/uploads\/2024\/10\/Percepcion-social-y-conocimiento-social-en-esquizofrenia.webp\" class=\"entry-image size-landscape-sm\" alt=\"Homem com \u00f3culos e su\u00e9ter cobre o rosto com as m\u00e3os em ambiente interno, sala de estar aconchegante com m\u00f3veis.\" srcset=\"https:\/\/neuronup.com\/br\/wp-content\/uploads\/2024\/10\/Percepcion-social-y-conocimiento-social-en-esquizofrenia-300x200.webp 300w, https:\/\/neuronup.com\/br\/wp-content\/uploads\/2024\/10\/Percepcion-social-y-conocimiento-social-en-esquizofrenia-768x512.webp 768w, https:\/\/neuronup.com\/br\/wp-content\/uploads\/2024\/10\/Percepcion-social-y-conocimiento-social-en-esquizofrenia-1024x683.webp 1024w, https:\/\/neuronup.com\/br\/wp-content\/uploads\/2024\/10\/Percepcion-social-y-conocimiento-social-en-esquizofrenia.webp 1200w\" sizes=\"(max-width:599px) 599px, (min-width:600px) and (max-width: 799px) 799px, (min-width:800px) and (max-width: 999px) 333px, (min-width:1000px) 400px\" \/><\/a><div class=\"entry-wrap entry-wrap-grid\"><h3 class=\"entry-title\" itemprop=\"headline\"><a class=\"entry-title-link\" href=\"https:\/\/neuronup.com\/br\/noticias-de-estimulacao-cognitiva\/doenca-mental\/esquizofrenia\/percepcao-social-e-esquizofrenia\/\" rel=\"bookmark\">Percep\u00e7\u00e3o social na esquizofrenia<\/a><\/h3>\n<\/div><\/article><article class=\"entry entry-grid is-column has-entry-link has-image has-image-first type-post\" style=\"--entry-index:3;\" aria-label=\"Triagem precoce da doen\u00e7a de Parkinson com IA: o sorriso como biomarcador digital\" itemscope itemtype=\"https:\/\/schema.org\/CreativeWork\"><a class=\"entry-image-link\" href=\"https:\/\/neuronup.com\/br\/uncategorized\/rastreamento-precoce-do-parkinson-com-ia-o-sorriso-como-biomarcador-digital\/\" tabindex=\"-1\" aria-hidden=\"true\"><img decoding=\"async\" width=\"400\" height=\"267\" src=\"https:\/\/neuronup.com\/br\/wp-content\/uploads\/2025\/07\/La-sonrisa-como-biomarcador-digital-para-el-parkinson-un-nuevo-horizonte-en-el-cribado-accesible-scaled-1.webp\" class=\"entry-image size-landscape-sm\" alt=\"Idosa com cabelo grisalho veste blusa amarela listrada, sorrindo para a c\u00e2mera em ambiente interno claro e acolhedor.\" srcset=\"https:\/\/neuronup.com\/br\/wp-content\/uploads\/2025\/07\/La-sonrisa-como-biomarcador-digital-para-el-parkinson-un-nuevo-horizonte-en-el-cribado-accesible-scaled-1-300x200.webp 300w, https:\/\/neuronup.com\/br\/wp-content\/uploads\/2025\/07\/La-sonrisa-como-biomarcador-digital-para-el-parkinson-un-nuevo-horizonte-en-el-cribado-accesible-scaled-1-768x512.webp 768w, https:\/\/neuronup.com\/br\/wp-content\/uploads\/2025\/07\/La-sonrisa-como-biomarcador-digital-para-el-parkinson-un-nuevo-horizonte-en-el-cribado-accesible-scaled-1-1024x683.webp 1024w, https:\/\/neuronup.com\/br\/wp-content\/uploads\/2025\/07\/La-sonrisa-como-biomarcador-digital-para-el-parkinson-un-nuevo-horizonte-en-el-cribado-accesible-scaled-1-1536x1025.webp 1536w, https:\/\/neuronup.com\/br\/wp-content\/uploads\/2025\/07\/La-sonrisa-como-biomarcador-digital-para-el-parkinson-un-nuevo-horizonte-en-el-cribado-accesible-scaled-1-2048x1366.webp 2048w, https:\/\/neuronup.com\/br\/wp-content\/uploads\/2025\/07\/La-sonrisa-como-biomarcador-digital-para-el-parkinson-un-nuevo-horizonte-en-el-cribado-accesible-scaled-1.webp 2560w\" sizes=\"(max-width:599px) 599px, (min-width:600px) and (max-width: 799px) 799px, (min-width:800px) and (max-width: 999px) 333px, (min-width:1000px) 400px\" \/><\/a><div class=\"entry-wrap entry-wrap-grid\"><h3 class=\"entry-title\" itemprop=\"headline\"><a class=\"entry-title-link\" href=\"https:\/\/neuronup.com\/br\/uncategorized\/rastreamento-precoce-do-parkinson-com-ia-o-sorriso-como-biomarcador-digital\/\" rel=\"bookmark\">Triagem precoce da doen\u00e7a de Parkinson com IA: o sorriso como biomarcador digital<\/a><\/h3>\n<\/div><\/article><article class=\"entry entry-grid is-column has-entry-link has-image has-image-first type-post category-tdah-transtorno-deficit-atencao-hiperatividade tag-criancas tag-tdah tag-transtornos-do-neurodesenvolvimento\" style=\"--entry-index:4;\" aria-label=\"Guia para professores: como abordar o TDAH na sala de aula\" itemscope itemtype=\"https:\/\/schema.org\/CreativeWork\"><a class=\"entry-image-link\" href=\"https:\/\/neuronup.com\/br\/noticias-de-estimulacao-cognitiva\/transtornos-do-desenvolvimento\/tdah-transtorno-deficit-atencao-hiperatividade\/guia-para-docentes-o-tda-h-na-sala-de-aula\/\" tabindex=\"-1\" aria-hidden=\"true\"><img decoding=\"async\" width=\"400\" height=\"267\" src=\"https:\/\/neuronup.com\/br\/wp-content\/uploads\/2022\/10\/Guia-para-docentes-como-abordar-el-TDAH-en-el-aula-1-1.webp\" class=\"entry-image size-landscape-sm\" alt=\"Professora com \u00f3culos ajuda grupo de crian\u00e7as em sala iluminada, com materiais escolares na mesa e express\u00e3o atenta.\" srcset=\"https:\/\/neuronup.com\/br\/wp-content\/uploads\/2022\/10\/Guia-para-docentes-como-abordar-el-TDAH-en-el-aula-1-1-300x200.webp 300w, https:\/\/neuronup.com\/br\/wp-content\/uploads\/2022\/10\/Guia-para-docentes-como-abordar-el-TDAH-en-el-aula-1-1-768x512.webp 768w, https:\/\/neuronup.com\/br\/wp-content\/uploads\/2022\/10\/Guia-para-docentes-como-abordar-el-TDAH-en-el-aula-1-1-1024x683.webp 1024w, https:\/\/neuronup.com\/br\/wp-content\/uploads\/2022\/10\/Guia-para-docentes-como-abordar-el-TDAH-en-el-aula-1-1.webp 1200w\" sizes=\"(max-width:599px) 599px, (min-width:600px) and (max-width: 799px) 799px, (min-width:800px) and (max-width: 999px) 333px, (min-width:1000px) 400px\" \/><\/a><div class=\"entry-wrap entry-wrap-grid\"><h3 class=\"entry-title\" itemprop=\"headline\"><a class=\"entry-title-link\" href=\"https:\/\/neuronup.com\/br\/noticias-de-estimulacao-cognitiva\/transtornos-do-desenvolvimento\/tdah-transtorno-deficit-atencao-hiperatividade\/guia-para-docentes-o-tda-h-na-sala-de-aula\/\" rel=\"bookmark\">Guia para professores: como abordar o TDAH na sala de aula<\/a><\/h3>\n<\/div><\/article><article class=\"entry entry-grid is-column has-entry-link has-image has-image-first type-post category-dano-cerebral tag-acidente-vascular-cerebral tag-lesao-cerebral-adquirida\" style=\"--entry-index:5;\" aria-label=\"NeuronUP te aproxima da les\u00e3o cerebral adquirida\" itemscope itemtype=\"https:\/\/schema.org\/CreativeWork\"><a class=\"entry-image-link\" href=\"https:\/\/neuronup.com\/br\/noticias-de-estimulacao-cognitiva\/dano-cerebral\/neuronup-te-acerca-ao-dano-cerebral-adquirido\/\" tabindex=\"-1\" aria-hidden=\"true\"><img decoding=\"async\" width=\"400\" height=\"246\" src=\"https:\/\/neuronup.com\/br\/wp-content\/uploads\/2021\/10\/NeuronUP-te-acerca-al-dano-cerebral-adquirido-1-2.webp\" class=\"entry-image size-landscape-sm\" alt=\"Profissional de sa\u00fade observa radiografias e tomografias cerebrais dispostas em l\u00e2minas, em ambiente hospitalar com tons azulados e pretos.\" srcset=\"https:\/\/neuronup.com\/br\/wp-content\/uploads\/2021\/10\/NeuronUP-te-acerca-al-dano-cerebral-adquirido-1-2-300x185.webp 300w, https:\/\/neuronup.com\/br\/wp-content\/uploads\/2021\/10\/NeuronUP-te-acerca-al-dano-cerebral-adquirido-1-2.webp 768w\" sizes=\"(max-width:599px) 599px, (min-width:600px) and (max-width: 799px) 799px, (min-width:800px) and (max-width: 999px) 333px, (min-width:1000px) 400px\" \/><\/a><div class=\"entry-wrap entry-wrap-grid\"><h3 class=\"entry-title\" itemprop=\"headline\"><a class=\"entry-title-link\" href=\"https:\/\/neuronup.com\/br\/noticias-de-estimulacao-cognitiva\/dano-cerebral\/neuronup-te-acerca-ao-dano-cerebral-adquirido\/\" rel=\"bookmark\">NeuronUP te aproxima da les\u00e3o cerebral adquirida<\/a><\/h3>\n<\/div><\/article><article class=\"entry entry-grid is-column has-entry-link has-image has-image-first type-post category-envelhecimento-natural tag-atividades-de-estimulacao-cognitiva tag-neuropsicologia tag-reabilitacao-cognitiva\" style=\"--entry-index:6;\" aria-label=\"Reabilita\u00e7\u00e3o neuropsicol\u00f3gica em idosos com dem\u00eancia: experi\u00eancia em um centro de dia com a NeuronUP\" itemscope itemtype=\"https:\/\/schema.org\/CreativeWork\"><a class=\"entry-image-link\" href=\"https:\/\/neuronup.com\/br\/noticias-de-estimulacao-cognitiva\/envelhecimento-natural\/reabilitacao-neuropsicologica-em-idosos-com-demencia-experiencia-em-um-centro-de-dia-com-a-neuronup\/\" tabindex=\"-1\" aria-hidden=\"true\"><img decoding=\"async\" width=\"400\" height=\"300\" src=\"https:\/\/neuronup.com\/br\/wp-content\/uploads\/2024\/12\/Reabilitacao-cognitiva-em-idosos-400x300.webp\" class=\"entry-image size-landscape-sm\" alt=\"Mulher idosa sentada, express\u00e3o serena, olhando para cima; homem em p\u00e9 segura sua m\u00e3o, gesto de apoio em ambiente acolhedor.\" srcset=\"https:\/\/neuronup.com\/br\/wp-content\/uploads\/2024\/12\/Reabilitacao-cognitiva-em-idosos-400x300.webp 400w, https:\/\/neuronup.com\/br\/wp-content\/uploads\/2024\/12\/Reabilitacao-cognitiva-em-idosos-800x600.webp 800w\" sizes=\"(max-width:599px) 599px, (min-width:600px) and (max-width: 799px) 799px, (min-width:800px) and (max-width: 999px) 333px, (min-width:1000px) 400px\" \/><\/a><div class=\"entry-wrap entry-wrap-grid\"><h3 class=\"entry-title\" itemprop=\"headline\"><a class=\"entry-title-link\" href=\"https:\/\/neuronup.com\/br\/noticias-de-estimulacao-cognitiva\/envelhecimento-natural\/reabilitacao-neuropsicologica-em-idosos-com-demencia-experiencia-em-um-centro-de-dia-com-a-neuronup\/\" rel=\"bookmark\">Reabilita\u00e7\u00e3o neuropsicol\u00f3gica em idosos com dem\u00eancia: experi\u00eancia em um centro de dia com a NeuronUP<\/a><\/h3>\n<\/div><\/article><\/div><\/div>","protected":false},"excerpt":{"rendered":"<p>Raquel G\u00f3mez Le\u00f3n, neuropsic\u00f3loga de la Asociaci\u00f3n Abriendo Puertas, comparte la experi\u00eancia da associa\u00e7\u00e3o utilizando o NeuronUP como ferramenta de estimula\u00e7\u00e3o e reabilita\u00e7\u00e3o cognitiva e dois exemplos de sess\u00f5es reais com seus usu\u00e1rios. Sobre a Asociaci\u00f3n Abriendo Puertas A Asociaci\u00f3n Abriendo Puertas \u00e9 uma associa\u00e7\u00e3o sem fins lucrativos que surge em 1996 gra\u00e7as a um &hellip;<\/p>\n","protected":false},"author":346,"featured_media":41904,"comment_status":"open","ping_status":"open","sticky":false,"template":"","format":"standard","meta":{"_acf_changed":false,"_genesis_hide_title":false,"_genesis_hide_breadcrumbs":false,"_genesis_hide_singular_image":false,"_genesis_hide_footer_widgets":false,"_genesis_custom_body_class":"","_genesis_custom_post_class":"","_genesis_layout":"","footnotes":""},"categories":[1],"tags":[],"class_list":{"2":"type-post","8":"entry"},"acf":[],"_links":{"self":[{"href":"https:\/\/neuronup.com\/br\/wp-json\/wp\/v2\/posts\/41758","targetHints":{"allow":["GET"]}}],"collection":[{"href":"https:\/\/neuronup.com\/br\/wp-json\/wp\/v2\/posts"}],"about":[{"href":"https:\/\/neuronup.com\/br\/wp-json\/wp\/v2\/types\/post"}],"author":[{"embeddable":true,"href":"https:\/\/neuronup.com\/br\/wp-json\/wp\/v2\/users\/346"}],"replies":[{"embeddable":true,"href":"https:\/\/neuronup.com\/br\/wp-json\/wp\/v2\/comments?post=41758"}],"version-history":[{"count":0,"href":"https:\/\/neuronup.com\/br\/wp-json\/wp\/v2\/posts\/41758\/revisions"}],"wp:featuredmedia":[{"embeddable":true,"href":"https:\/\/neuronup.com\/br\/wp-json\/wp\/v2\/media\/41904"}],"wp:attachment":[{"href":"https:\/\/neuronup.com\/br\/wp-json\/wp\/v2\/media?parent=41758"}],"wp:term":[{"taxonomy":"category","embeddable":true,"href":"https:\/\/neuronup.com\/br\/wp-json\/wp\/v2\/categories?post=41758"},{"taxonomy":"post_tag","embeddable":true,"href":"https:\/\/neuronup.com\/br\/wp-json\/wp\/v2\/tags?post=41758"}],"curies":[{"name":"wp","href":"https:\/\/api.w.org\/{rel}","templated":true}]}}