{"id":40992,"date":"2026-05-01T08:08:00","date_gmt":"2026-05-01T08:08:00","guid":{"rendered":"https:\/\/neuronup.com\/?p=36184"},"modified":"2025-06-04T10:27:04","modified_gmt":"2025-06-04T08:27:04","slug":"dispositivos-digitais-como-ferramenta-terapeutica-em-criancas-e-adolescentes-com-deficiencia-intelectual","status":"publish","type":"post","link":"https:\/\/neuronup.com\/br\/investigacao\/linhas-de-investigacao\/dispositivos-digitais-como-ferramenta-terapeutica-em-criancas-e-adolescentes-com-deficiencia-intelectual\/","title":{"rendered":"Dispositivos digitais como ferramenta terap\u00eautica em crian\u00e7as e adolescentes com defici\u00eancia intelectual"},"content":{"rendered":"\n<p class=\"has-xl-font-size\">Neste artigo, a pesquisadora Marta Torra Moreno apresenta o estudo <strong><em>\u201cDispositivos digitais como ferramenta terap\u00eautica em crian\u00e7as e adolescentes com defici\u00eancia intelectual\u201d<\/em><\/strong>, no qual a NeuronUP participou.<\/p>\n\n\n\n<h2 class=\"wp-block-heading\">Breve resumo do estudo<\/h2>\n\n\n\n<p>Segundo a literatura, <strong>crian\u00e7as e adolescentes com <a href=\"https:\/\/neuronup.com\/br\/neurorreabilitacao\/deficiencia-intelectual\/\">defici\u00eancia intelectual<\/a> (DI)<br \/>apresentam dificuldades nos n\u00edveis cognitivo e comportamental<\/strong>.<\/p>\n\n\n\n<p>Primeiro, foi realizada uma an\u00e1lise dos estudos publicados sobre o uso das novas tecnologias nessa popula\u00e7\u00e3o. Em seguida, foram coletados dados sociodemogr\u00e1ficos, cl\u00ednicos, de h\u00e1bitos digitais e de qualidade de vida. Por meio de testes padronizados, foi realizada uma avalia\u00e7\u00e3o comportamental e neuropsicol\u00f3gica. Os participantes foram crian\u00e7as e jovens de 6 a 17 anos de Centros de Educa\u00e7\u00e3o Especial (CEE).<\/p>\n\n\n\n<p>Foi elaborado e aplicado um <strong>programa de treinamento cognitivo<\/strong> com a plataforma digital <strong><a href=\"https:\/\/neuronup.com\/solicitar-informacion\/\">NeuronUP<\/a><\/strong> que consistiu em 24 sess\u00f5es de 20 minutos cada. Posteriormente, os efeitos foram avaliados ap\u00f3s a interven\u00e7\u00e3o.<\/p>\n\n\n\n<div style=\"height:50px\" aria-hidden=\"true\" class=\"wp-block-spacer\"><\/div>\n\n\n\n<div class=\"wp-block-group br-0111 has-primary-background-color has-background has-dark-background has-sm-padding-top has-sm-padding-left has-sm-padding-right has-xxl-margin-top\"><div class=\"wp-block-group__inner-container is-layout-constrained wp-block-group-is-layout-constrained\">\n<div class=\"wp-block-columns is-layout-flex wp-container-core-columns-is-layout-9d6595d7 wp-block-columns-is-layout-flex\">\n<div class=\"wp-block-column is-layout-flow wp-block-column-is-layout-flow\">\n<figure class=\"wp-block-image size-full desktop-position-absolute desktop-bottom-0 mobile-width-50 mobile-m-inline-auto has-xl-margin-top\"><img decoding=\"async\" width=\"292\" height=\"338\" src=\"https:\/\/neuronup.com\/br\/wp-content\/uploads\/2024\/10\/certificado-de-produto.webp\" alt=\"\" class=\"wp-image-31568\" srcset=\"https:\/\/neuronup.com\/br\/wp-content\/uploads\/2024\/10\/certificado-de-produto-259x300.webp 259w, https:\/\/neuronup.com\/br\/wp-content\/uploads\/2024\/10\/certificado-de-produto.webp 292w\" sizes=\"(max-width: 292px) 100vw, 292px\" \/><\/figure>\n<\/div>\n\n\n\n<div class=\"wp-block-column is-layout-flow wp-block-column-is-layout-flow\">\n<h2 class=\"wp-block-heading has-white-color has-text-color\"><strong>Inscreva-se<\/strong> <br>na nossa <br>Newsletter<\/h2>\n\n\n\n<div class=\"wp-block-buttons is-layout-flex wp-block-buttons-is-layout-flex\">\n<div class=\"wp-block-button--1\" style=\"--button-outline-color:var(--color-white);--button-outline-color-hover:rgba(0,0,0,0.8);\"><a class=\"wp-block-button__link button button-outline   wp-element-button\" href=\"https:\/\/neuronup.com\/br\/newsletter\/\">Inscreva-se<\/a><\/div>\n\n<\/div>\n\n\n\n<div style=\"height:40px\" aria-hidden=\"true\" class=\"wp-block-spacer\"><\/div>\n<\/div>\n<\/div>\n<\/div><\/div>\n\n\n\n\n<div style=\"height:70px\" aria-hidden=\"true\" class=\"wp-block-spacer\"><\/div>\n\n\n\n<p>A tese foi desenvolvida no \u00e2mbito dos Doutorados Industriais da Generalitat da Catalunha, Departament d\u2019Empresa i Coneixement e Ag\u00e8ncia de Gesti\u00f3 d\u2019Ajuts Universitaris i de Recerca (AGAUR).<\/p>\n\n\n\n<p>Deste estudo \u2013 \u201cInterven\u00e7\u00f5es comportamentais e cognitivas com dispositivos digitais em sujeitos com defici\u00eancia intelectual\u201d \u2013 foram extra\u00eddas diferentes conclus\u00f5es que s\u00e3o compartilhadas ao final deste artigo.<\/p>\n\n\n\n<h2 class=\"wp-block-heading\">D\u00e9ficits cognitivos em crian\u00e7as e jovens com defici\u00eancia intelectual (DI)<\/h2>\n\n\n\n<p>Existem muitos estudos publicados que descrevem os d\u00e9ficits em n\u00edvel cognitivo em crian\u00e7as e jovens com defici\u00eancia intelectual. Foram descritos <strong>d\u00e9ficits de aten\u00e7\u00e3o<\/strong> (Neece et al. 2011; Hronis et al. 2017; D\u2019Souza &amp; Karmiloff-Smith, 2017), <strong>mem\u00f3ria<\/strong> (Hronis et al. 2017; Bexkens et al. 2016; Purser et al. 2005) <strong>e fun\u00e7\u00f5es executivas<\/strong> (Hronis et al. 2017; Bexkens et al. 2016; Schuiringa et al. 2017), bem como <strong>problemas no n\u00edvel comportamental<\/strong> (Arias et al. 2021).<\/p>\n\n\n\n<h2 class=\"wp-block-heading\">Interven\u00e7\u00f5es psicol\u00f3gicas na defici\u00eancia intelectual (DI)<\/h2>\n\n\n\n<p>\u00c9 muito comum nesta popula\u00e7\u00e3o a <strong>comorbidade com transtornos psiqui\u00e1tricos<\/strong> (Hughes-McCormack et al. 2017), pelos quais se faz necess\u00e1ria a <strong>interven\u00e7\u00e3o farmacol\u00f3gica<\/strong>.<\/p>\n\n\n\n<p>No que se refere \u00e0 <strong>interven\u00e7\u00e3o psicol\u00f3gica<\/strong>, \u00e9 muito comum o uso da <strong>terapia comportamental<\/strong> (Go\u00f1i et al. 2007; Ali et al. 2015; Hronis et al. 2017), <strong>cognitiva<\/strong> (Ali et al. 2015; Hronis et al. 2017; Blakeley-Smith et al. 2021), <strong>estimula\u00e7\u00e3o multissensorial<\/strong> (Cid, 2011; Lotan &#038; Gold, 2009; Basadonne et al. 2021), <strong>terapia assistida por animais<\/strong> (Maber-Aleksandrowicz et al. 2016; Hern\u00e1ndez, 2004; Wolan-Nieroda et al. 2021) e <strong>estimula\u00e7\u00e3o cognitiva<\/strong> (Roording-Ragetlie et al. 2022; Ali et al. 2018).<\/p>\n\n\n\n<p>Esta \u00faltima consiste na realiza\u00e7\u00e3o de tarefas projetadas especificamente para o treinamento das <a href=\"https:\/\/neuronup.com\/br\/areas-de-intervencao\/funcoes-cognitivas\/\">fun\u00e7\u00f5es cognitivas<\/a>.<\/p>\n\n\n\n<p>Anteriormente, essas tarefas eram trabalhadas no formato tradicional em papel, mas gra\u00e7as ao desenvolvimento dos<strong> dispositivos digitais<\/strong> elas <strong>tornaram-se cada vez mais comuns nas sess\u00f5es de interven\u00e7\u00e3o neuropsicol\u00f3gica<\/strong>, introduzindo tamb\u00e9m programas de reabilita\u00e7\u00e3o espec\u00edficos. Embora existam muitos programas no mercado, s\u00e3o poucos os estudos publicados que tenham investigado o efeito das novas tecnologias nessa popula\u00e7\u00e3o.<\/p>\n\n\n\n<h2 class=\"wp-block-heading\">Objetivos deste estudo na defici\u00eancia intelectual (DI)<\/h2>\n\n\n\n<p>Os <strong>objetivos principais<\/strong> desta tese s\u00e3o os seguintes:<\/p>\n\n\n\n<ol class=\"wp-block-list\"><li>Realizar uma revis\u00e3o sistem\u00e1tica da literatura cient\u00edfica sobre os artigos que avaliaram os efeitos desses tipos de interven\u00e7\u00f5es nessa popula\u00e7\u00e3o.<\/li><li>Adaptar e avaliar as caracter\u00edsticas psicom\u00e9tricas do teste ABC-2 (Aberrant Behavior<br \/>Checklist) em nossa popula\u00e7\u00e3o.<\/li><li>Identificar as fun\u00e7\u00f5es cognitivas e os aspectos comportamentais mais comumente<br \/>afetados em crian\u00e7as e jovens com DI do ponto de vista dos familiares,<br \/>profissionais e da pr\u00f3pria crian\u00e7a.<\/li><li>Utilizar as novas tecnologias por meio de tarefas projetadas para crian\u00e7as e adolescentes<br \/>com defici\u00eancia intelectual (DI) e avaliar os efeitos dessa estimula\u00e7\u00e3o nos n\u00edveis cognitivo e comportamental.<\/li><li>Avaliar os efeitos da interven\u00e7\u00e3o de acordo com o g\u00eanero e vari\u00e1veis cl\u00ednicas.<\/li><\/ol>\n\n\n\n<h2 class=\"wp-block-heading\">Metodologia adotada neste estudo na defici\u00eancia intelectual (DI)<\/h2>\n\n\n\n<p>Antes de tudo, foi realizada uma <strong>revis\u00e3o da literatura cient\u00edfica publicada<\/strong> sobre a efetividade das novas tecnologias como ferramenta terap\u00eautica para a melhoria de aspectos cognitivos, acad\u00eamicos, sociais e comportamentais.<\/p>\n\n\n\n<p>Al\u00e9m disso, como o teste ABC-2 n\u00e3o est\u00e1 dispon\u00edvel na popula\u00e7\u00e3o espanhola, juntamente com o autor, Dr. Aman, <strong>aperfei\u00e7oou-se a vers\u00e3o existente do ABC-Comunidad<\/strong>.<\/p>\n\n\n\n<p>Finalmente, foi realizado um <strong>estudo experimental prospectivo de casos<\/strong> (receberam interven\u00e7\u00e3o psicol\u00f3gica com novas tecnologias atrav\u00e9s da <a href=\"https:\/\/neuronup.com\/br\/produto\/\">plataforma NeuronUP<\/a>) <strong>e controles<\/strong> (n\u00e3o receberam a interven\u00e7\u00e3o), que ocorreu em diferentes centros de educa\u00e7\u00e3o especial (CEE) na demarca\u00e7\u00e3o de Tarragona.<\/p>\n\n\n\n<p><strong>Foram administrados:<\/strong><\/p>\n\n\n\n<ol class=\"wp-block-list\"><li>um question\u00e1rio com dados sociodemogr\u00e1ficos, cl\u00ednicos e de h\u00e1bitos digitais;<\/li><li>a escala Kidslife (para avaliar o n\u00edvel de qualidade de vida);<\/li><li>Escala de Comportamento Adaptativo &#8211; Centros Educativos &#8211; Segunda Edi\u00e7\u00e3o (ABS-S:2) (comportamento adaptativo);<\/li><li>ABC-2 (problemas de comportamento);<\/li><li>Invent\u00e1rio de Avalia\u00e7\u00e3o Comportamental da Fun\u00e7\u00e3o Executiva &#8211; Vers\u00e3o Escolar, Segunda Edi\u00e7\u00e3o (BRIEF-2) (fun\u00e7\u00e3o executiva);<\/li><li>e tarefas neuropsicol\u00f3gicas computadorizadas geradas e administradas pelo programa E-Prime (obtendo-se medidas atencionais, controle inibit\u00f3rio, impulsividade e mem\u00f3ria de trabalho).<\/li><\/ol>\n\n\n\n<p>Os testes foram respondidos pelos familiares, educadores e pelos participantes.<\/p>\n\n\n\n<p>Posteriormente, o grupo experimental recebeu <strong>24 sess\u00f5es de estimula\u00e7\u00e3o cognitiva com dura\u00e7\u00e3o de 20 minutos<\/strong>. Essas sess\u00f5es foram <strong>projetadas especificamente para essa popula\u00e7\u00e3o<\/strong> por meio do programa de treinamento cognitivo NeuronUP, aplicado atrav\u00e9s de dispositivos digitais nos pr\u00f3prios centros de educa\u00e7\u00e3o especial.<\/p>\n\n\n\n<p>Uma vez finalizada a interven\u00e7\u00e3o, foram reavaliados seus <strong>efeitos em n\u00edvel comportamental<\/strong> (ABC-2) <strong>e neuropsicol\u00f3gico<\/strong> (E-Prime e BRIEF-2) com a readministra\u00e7\u00e3o dos testes. O procedimento foi aprovado pelo comit\u00ea de \u00e9tica ISPV.<\/p>\n\n\n\n<div style=\"height:50px\" aria-hidden=\"true\" class=\"wp-block-spacer\"><\/div>\n\n\n\n<div class=\"wp-block-cover br-1010 has-sm-padding-top has-sm-padding-bottom has-sm-padding-left has-sm-padding-right\"><img decoding=\"async\" width=\"1280\" height=\"768\" sizes=\"(max-width: 600px) 100vw, 50vw\" class=\"wp-block-cover__image-background wp-image-31661 size-large\" alt=\"neuronup illustration background\" src=\"https:\/\/neuronup.com\/br\/wp-content\/uploads\/2024\/10\/neuronup-illustration-background.svg\" data-object-fit=\"cover\"\/><span aria-hidden=\"true\" class=\"wp-block-cover__background has-background-dim\" style=\"background-color:#005767\"><\/span><div class=\"wp-block-cover__inner-container is-layout-constrained wp-block-cover-is-layout-constrained\">\n<p class=\"has-xl-font-size\" style=\"letter-spacing:0.07rem\"><strong>Lan\u00e7amos NeuronUP Assessment!<\/strong><\/p>\n\n\n\n<div class=\"wp-block-columns are-vertically-aligned-center is-layout-flex wp-container-core-columns-is-layout-9d6595d7 wp-block-columns-is-layout-flex\">\n<div class=\"wp-block-column is-vertically-aligned-center has-white-color has-text-color has-link-color wp-elements-bd68cc8433c056f7c59b955812e8ea6c is-layout-flow wp-block-column-is-layout-flow\" style=\"flex-basis:70%\">\n<p class=\"has-no-margin-top has-no-margin-bottom\" style=\"letter-spacing:0.05rem\">O novo produto de Avalia\u00e7\u00e3o da NeuronUP.<\/p>\n\n\n\n<p class=\"has-text-align-left has-no-margin-top has-no-margin-bottom\" style=\"font-size:18px\">Solicite acesso para testar gratuitamente por tempo limitado.<\/p>\n<\/div>\n\n\n\n<div class=\"wp-block-column is-vertically-aligned-center is-layout-flow wp-block-column-is-layout-flow\" style=\"flex-basis:30%\">\n<div class=\"wp-block-buttons is-content-justification-center is-layout-flex wp-container-core-buttons-is-layout-16018d1d wp-block-buttons-is-layout-flex\">\n<div class=\"wp-block-button has-custom-width wp-block-button__width-100\" style=\"--button-color:#01606f;--button-background:var(--color-white);--button-background-hover:#e6e6e6;\"><a class=\"wp-block-button__link button    has-link-color wp-element-button\" href=\"https:\/\/neuronup.com\/br\/neuronup-assessment\/solicitar-acesso\/\" style=\"color:#01606f\"><strong>Solicite acceso<\/strong><\/a><\/div>\n\n<\/div>\n<\/div>\n<\/div>\n<\/div><\/div>\n\n\n\n<div style=\"height:50px\" aria-hidden=\"true\" class=\"wp-block-spacer\"><\/div>\n\n\n\n<h2 class=\"wp-block-heading\">Conclus\u00f5es deste estudo de defici\u00eancia intelectual (DI)<\/h2>\n\n\n\n<p>As <strong>conclus\u00f5es mais relevantes<\/strong> deste estudo s\u00e3o:<\/p>\n\n\n\n<ol class=\"wp-block-list\"><li>A revis\u00e3o sistem\u00e1tica realizada mostra que as interven\u00e7\u00f5es com dispositivos digitais em crian\u00e7as e adolescentes com defici\u00eancia intelectual, voltadas \u00e0s fun\u00e7\u00f5es cognitivas e \u00e0s habilidades comportamentais, s\u00e3o potencialmente ben\u00e9ficas devido \u00e0 melhoria do funcionamento executivo.<\/li><li>O teste ABC-2, traduzido para nossa popula\u00e7\u00e3o, obteve excelente confiabilidade e boa validade, sugerindo sua viabilidade para ser validado e administrado em crian\u00e7as e jovens espanh\u00f3is com defici\u00eancia intelectual.<\/li><li>As fun\u00e7\u00f5es executivas mais afetadas foram inibi\u00e7\u00e3o, autocontrole, \u00edndice de regula\u00e7\u00e3o comportamental, flexibilidade, controle emocional, \u00edndice de regula\u00e7\u00e3o emocional e \u00edndice geral de FE.<\/li><li>Foi projetado e aplicado um programa espec\u00edfico de treinamento cognitivo e, ap\u00f3s tr\u00eas sess\u00f5es de treinamento com NeuronUP, observou-se uma melhoria em tarefas relacionadas \u00e0 aten\u00e7\u00e3o, velocidade de processamento e mem\u00f3ria de trabalho.<\/li><li>Todos os participantes melhoraram independentemente do grau de defici\u00eancia intelectual ou do g\u00eanero nas tarefas com NeuronUP, sugerindo que, se as atividades forem personalizadas \u00e0s capacidades de cada indiv\u00edduo, todas as crian\u00e7as e jovens com DI podem se beneficiar no seu pr\u00f3prio ritmo.<\/li><\/ol>\n\n\n\n<div style=\"height:70px\" aria-hidden=\"true\" class=\"wp-block-spacer\"><\/div>\n\n\n\n<div class=\"wp-block-group alignfull br-1010 has-alt-background-color has-background has-light-background has-sm-padding-top has-sm-padding-bottom\"><div class=\"wp-block-group__inner-container is-layout-constrained wp-block-group-is-layout-constrained\">\n<p class=\"has-text-align-left has-text-color has-xxl-font-size wp-elements-784ef16aeb0868f0b1543d63abde5205 has-links-color\"><strong><a href=\"https:\/\/www.tesisenred.net\/handle\/10803\/674948#page=1\">Acesso \u00e0 tese<\/a><\/strong><\/p>\n\n\n\n<p class=\"has-text-align-left\">As pessoas interessadas em conhecer os detalhes da tese podem acess\u00e1-la <a href=\"https:\/\/www.tesisenred.net\/handle\/10803\/674948#page=1\"><strong>aqui<\/strong><\/a>.<\/p>\n<\/div><\/div>\n\n\n\n\n<h2 class=\"wp-block-heading\">Bibliografia<\/h2>\n\n\n\n<ul class=\"wp-block-list has-sm-font-size\">\n<li class=\"has-sm-font-size\">Ali, A., Hall, I., Blickwedel, J., &amp; Hassiotis, A. (2015). Behavioural and cognitive\u2010behavioural interventions for outwardly\u2010directed aggressive behaviour in people with intellectual disabilities. The Cochrane Database of Systematic Reviews, 2015(4), CD003406. https:\/\/doi.org\/10.1002\/14651858.CD003406.PUB4<\/li>\n\n\n\n<li class=\"has-sm-font-size\">Ali, A., Brown, E., Spector, A., Aguirre, E., &amp; Hassiotis, A. (2018). Individual cognitive stimulation therapy for people with intellectual disability and dementia: protocol of a feasibility randomised controlled trial. BMJ Open, 8(12), 22136. https:\/\/doi.org\/10.1136\/bmjopen- 2018-022136<\/li>\n\n\n\n<li class=\"has-sm-font-size\">Arias, V., Aguayo, V., &amp; Navas, P. (2021). Validity of DSM-5 Oppositional Defiant Disorder Symptoms in Children with Intellectual Disability. International Journal of Environmental Research and Public, Health 18(4), 1977. https:\/\/doi.org\/10.3390\/IJERPH18041977<\/li>\n\n\n\n<li class=\"has-sm-font-size\">Basadonne, I., Cristofolini, M., Mucchi, I., Recla, F., Bentenuto, A., &amp; Zanella, N. (2021). Working on Cognitive Functions in a Fully Digitalized Multisensory Interactive Room: A New Approach for Intervention in Autism Spectrum Disorders. Brain Sciences, 11(11), https:\/\/doi.org\/10.3390\/brainsci11111459<\/li>\n\n\n\n<li class=\"has-sm-font-size\">Bexkens A, Jansen BR, Van der Molen MW, Huizenga HM. (2016). Cool decision-making in adolescents with behavior disorder and\/or mild-to borderline intellectual disability. J Abnorm Child Psychol. 44:357 67. doi: 10.1007\/s10802-015-9996-8<\/li>\n\n\n\n<li class=\"has-sm-font-size\">Blakeley-Smith, A., Meyer, A. T., Boles, R. E., &amp; Reaven, J. (2021). Group Cognitive Behavioural Treatment for Anxiety in Autistic Adolescents with Intellectual Disability: A Pilot and Feasibility Study. Journal of applied research in intellectual disabilities , 34(3), 777\u2013788. https:\/\/doi.org\/10.1111\/jar.12854<\/li>\n\n\n\n<li class=\"has-sm-font-size\">Cid, M. J. (2011). Estimulaci\u00f3 multisensorial en un espai Snoezelen en persones adultes amb greu discapacitat intel\u00b7lectual (Tesi Doctoral, Rovira i Virgili). http:\/\/www.publicacions.urv.cat\/llibres-digitals\/cum-laude\/12-cum-laude\/181- estimulacio-multisensorial-en-un-espai-snoozelen-en-persones-adultes-amb-greu- discapacitat-intel-lectual<\/li>\n\n\n\n<li class=\"has-sm-font-size\">D\u2019Souza, H., &amp; Karmiloff-Smith, A. (2016, January 1). Neurodevelopmental disorders. Wiley Interdisciplinary Reviews: Cognitive Science. London: Wiley-Blackwell. https:\/\/doi.org\/10.1002\/wcs.1398<\/li>\n\n\n\n<li class=\"has-sm-font-size\">Go\u00f1i, M.J., Mart\u00ednez, N., Zardoya, A. (2007). Apoyo conductual positivo. Algunas herramientas para afrontar las conductas dif\u00edciles. FEAPS. Recuperat el 15 de novembre de 2021. https:\/\/www.plenainclusion.org\/publicaciones\/buscador\/apoyo-conductual-positivo- algunas-herramientas-para-afrontar-conductas-dificiles\/<\/li>\n\n\n\n<li class=\"has-sm-font-size\">Hern\u00e1ndez, A. (2004). Terapias alternativas en rehabilitaci\u00f3n. Actual. Enferm, 7(4), 25\u201330. Recuperado de https:\/\/pesquisa.bvsalud.org\/portal\/resource\/es\/lil-421045 Hronis, A., Roberts, L., &amp; Kneebone, I. I. (2017). A review of cognitive impairments in children with intellectual disabilities: Implications for cognitive behaviour therapy. British Journal of Clinical Psychology, 56(2), 189\u2013207. https:\/\/doi.org\/10.1111\/bjc.12133<\/li>\n\n\n\n<li class=\"has-sm-font-size\">Hughes-McCormack, L. Rydzewska, E., Henderson, A., MacIntyre, C., Rintoul, J., &amp; Cooper, S.-A. (2017). Prevalence of mental health conditions and relationship with general health in a whole-country population of people with intellectual disabilities compared with the general population. British Journal Psychiatry Open, 3(5), 243\u2013248. https:\/\/doi.org\/10.1192\/BJPO.BP.117.005462<\/li>\n\n\n\n<li class=\"has-sm-font-size\">Lotan, M., &amp; Gold, C. (2009). Meta-analysis of the effectiveness of individual intervention in the controlled multisensory environment (Snoezelen\u00ae) for individuals with intellectual disability. Journal of Intellectual &amp; Developmental Disability., 34(3), 207\u2013215. https:\/\/doi.org\/10.1080\/13668250903080106<\/li>\n\n\n\n<li class=\"has-sm-font-size\">Maber-Aleksandrowicz, S., Avent, C., &amp; Hassiotis, A. (2016). A Systematic Review of Animal- Assisted Therapy on Psychosocial Outcomes in People with Intellectual Disability. Research in Developmental Disabilities, 49\u201350, 322\u2013338. https:\/\/doi.org\/10.1016\/J.RIDD.2015.12.005<\/li>\n\n\n\n<li class=\"has-sm-font-size\">Neece, C., Baker, B.., Blacher, J., &amp; Crnic, K. (2011). Attention-deficit\/hyperactivity disorder among children with and without intellectual disability: an examination across time. Journal of Intellectual Disability Research, 55(7), 623\u2013635. https:\/\/doi.org\/10.1111\/J.1365-2788.2011.01416.X<\/li>\n\n\n\n<li class=\"has-sm-font-size\">Purser, H. &amp; Jarrold, C. (2005). Impaired verbal short-term memory in Down syndrome reflects a capacity limitation rather than atypically rapid forgetting. Journal of Experimental Child Psychology, 91(1), 1\u201323. https:\/\/doi.org\/10.1016\/j.jecp.2005.01.002<\/li>\n\n\n\n<li class=\"has-sm-font-size\">Roording-Ragetlie, S., Spaltman, M., de Groot, E., Klip, H., Buitelaar, J., &amp; Slaats-Willemse, D. (2022). Working memory training in children with borderline intellectual functioning and neuropsychiatric disorders: a triple-blind randomised controlled trial. Journal of intellectual disability research, 66(1-2), 178\u2013194. https:\/\/doi.org\/10.1111\/jir.12895<\/li>\n\n\n\n<li class=\"has-sm-font-size\">Schuiringa, H., van Nieuwenhuijzen, M., Orobio de Castro, B., &amp; Matthys, W. (2017). Executive functions and processing speed in children with mild to borderline intellectual disabilities and externalizing behavior problems. Child Neuropsychology, 23(4), 442\u2013462. https:\/\/doi.org\/10.1080\/09297049.2015.1135421<\/li>\n\n\n\n<li class=\"has-sm-font-size\">Wolan-Nieroda, A., Dudziak, J., Dru\u017cbicki, M., Pniak, B., &amp; Guzik, A. (2020). Effect of Dog- Assisted Therapy on Psychomotor Development of Children with Intellectual Disability. Children (Basel, Switzerland), 8(1), 13. https:\/\/doi.org\/10.3390\/children8010013<\/li>\n<\/ul>\n\n\n\n<h3 class=\"wp-block-heading\">Se voc\u00ea gostou desta publica\u00e7\u00e3o do blog sobre o&nbsp;<strong>interven\u00e7\u00f5es comportamentais e cognitivas com dispositivos digitais em sujeitos com defici\u00eancia intelectual<\/strong>, com certeza se interessar\u00e1 por estes artigos da NeuronUP:<\/h3>\n\n\n\n<div class=\"mai-grid entries entries-grid has-boxed has-image-full\" style=\"--entry-title-font-size:var(--font-size-lg);--align-text:start;--entry-meta-text-align:start;\"><div class=\"entries-wrap has-columns\" style=\"--columns-xs:1\/1;--columns-sm:1\/1;--columns-md:1\/3;--columns-lg:1\/3;--flex-xs:0 0 var(--flex-basis);--flex-sm:0 0 var(--flex-basis);--flex-md:0 0 var(--flex-basis);--flex-lg:0 0 var(--flex-basis);--column-gap:var(--spacing-lg);--row-gap:var(--spacing-lg);--align-columns:start;\"><article class=\"entry entry-grid is-column has-entry-link has-image has-image-first type-post category-dano-cerebral tag-lesao-cerebral-adquirida tag-neuropsicologia\" style=\"--entry-index:1;\" aria-label=\"A consci\u00eancia dos d\u00e9ficits na recupera\u00e7\u00e3o do dano cerebral adquirido\" itemscope itemtype=\"https:\/\/schema.org\/CreativeWork\"><a class=\"entry-image-link\" href=\"https:\/\/neuronup.com\/br\/noticias-de-estimulacao-cognitiva\/dano-cerebral\/a-consciencia-dos-deficits-na-recuperacao-do-dano-cerebral-adquirido\/\" tabindex=\"-1\" aria-hidden=\"true\"><img decoding=\"async\" width=\"400\" height=\"300\" src=\"https:\/\/neuronup.com\/br\/wp-content\/uploads\/2025\/06\/A-consciencia-dos-deficits-na-recuperacao-do-dano-cerebral-adquirido-400x300.webp\" class=\"entry-image size-landscape-sm\" alt=\"Ilustra\u00e7\u00e3o de c\u00e9rebro humano estilizado com ilumina\u00e7\u00e3o azul e vermelha, fundo desfocado com luzes coloridas.\" srcset=\"https:\/\/neuronup.com\/br\/wp-content\/uploads\/2025\/06\/A-consciencia-dos-deficits-na-recuperacao-do-dano-cerebral-adquirido-400x300.webp 400w, https:\/\/neuronup.com\/br\/wp-content\/uploads\/2025\/06\/A-consciencia-dos-deficits-na-recuperacao-do-dano-cerebral-adquirido-800x600.webp 800w\" sizes=\"(max-width:599px) 599px, (min-width:600px) and (max-width: 799px) 799px, (min-width:800px) and (max-width: 999px) 333px, (min-width:1000px) 400px\" \/><\/a><div class=\"entry-wrap entry-wrap-grid\"><h3 class=\"entry-title\" itemprop=\"headline\"><a class=\"entry-title-link\" href=\"https:\/\/neuronup.com\/br\/noticias-de-estimulacao-cognitiva\/dano-cerebral\/a-consciencia-dos-deficits-na-recuperacao-do-dano-cerebral-adquirido\/\" rel=\"bookmark\">A consci\u00eancia dos d\u00e9ficits na recupera\u00e7\u00e3o do dano cerebral adquirido<\/a><\/h3>\n<\/div><\/article><article class=\"entry entry-grid is-column has-entry-link has-image has-image-first type-post category-alzheimer tag-alzheimer tag-doencas-neurodegenerativas\" style=\"--entry-index:2;\" aria-label=\"Qualidade de vida na doen\u00e7a de Alzheimer\" itemscope itemtype=\"https:\/\/schema.org\/CreativeWork\"><a class=\"entry-image-link\" href=\"https:\/\/neuronup.com\/br\/noticias-de-estimulacao-cognitiva\/doencas-neurodegenerativas\/alzheimer\/qualidade-de-vida-na-doenca-de-alzheimer\/\" tabindex=\"-1\" aria-hidden=\"true\"><img decoding=\"async\" width=\"400\" height=\"246\" src=\"https:\/\/neuronup.com\/br\/wp-content\/uploads\/2021\/10\/Calidad-de-vida-en-la-enfermedad-de-Alzheimer.webp\" class=\"entry-image size-landscape-sm\" alt=\"Homem idoso com express\u00e3o confusa, pe\u00e7as de quebra-cabe\u00e7a dispersas acima da cabe\u00e7a e fundo em gradiente azul suave.\" srcset=\"https:\/\/neuronup.com\/br\/wp-content\/uploads\/2021\/10\/Calidad-de-vida-en-la-enfermedad-de-Alzheimer-300x185.webp 300w, https:\/\/neuronup.com\/br\/wp-content\/uploads\/2021\/10\/Calidad-de-vida-en-la-enfermedad-de-Alzheimer.webp 650w\" sizes=\"(max-width:599px) 599px, (min-width:600px) and (max-width: 799px) 799px, (min-width:800px) and (max-width: 999px) 333px, (min-width:1000px) 400px\" \/><\/a><div class=\"entry-wrap entry-wrap-grid\"><h3 class=\"entry-title\" itemprop=\"headline\"><a class=\"entry-title-link\" href=\"https:\/\/neuronup.com\/br\/noticias-de-estimulacao-cognitiva\/doencas-neurodegenerativas\/alzheimer\/qualidade-de-vida-na-doenca-de-alzheimer\/\" rel=\"bookmark\">Qualidade de vida na doen\u00e7a de Alzheimer<\/a><\/h3>\n<\/div><\/article><article class=\"entry entry-grid is-column has-entry-link has-image has-image-first type-post category-cerebro tag-atencao tag-cerebro\" style=\"--entry-index:3;\" aria-label=\"Breves bases anat\u00f4micas da aten\u00e7\u00e3o\" itemscope itemtype=\"https:\/\/schema.org\/CreativeWork\"><a class=\"entry-image-link\" href=\"https:\/\/neuronup.com\/br\/neurociencia\/cerebro\/breves-bases-anatomicas-da-atencao\/\" tabindex=\"-1\" aria-hidden=\"true\"><img decoding=\"async\" width=\"400\" height=\"213\" src=\"https:\/\/neuronup.com\/br\/wp-content\/uploads\/2022\/12\/Breves-bases-anatomicas-de-la-atencion.webp\" class=\"entry-image size-landscape-sm\" alt=\"Ilustra\u00e7\u00e3o cerebral com redes neurais: c\u00e9rebro cinza \u00e0 esquerda, esferas coloridas conectadas por linhas, legenda da aten\u00e7\u00e3o\" srcset=\"https:\/\/neuronup.com\/br\/wp-content\/uploads\/2022\/12\/Breves-bases-anatomicas-de-la-atencion-300x159.webp 300w, https:\/\/neuronup.com\/br\/wp-content\/uploads\/2022\/12\/Breves-bases-anatomicas-de-la-atencion.webp 768w\" sizes=\"(max-width:599px) 599px, (min-width:600px) and (max-width: 799px) 799px, (min-width:800px) and (max-width: 999px) 333px, (min-width:1000px) 400px\" \/><\/a><div class=\"entry-wrap entry-wrap-grid\"><h3 class=\"entry-title\" itemprop=\"headline\"><a class=\"entry-title-link\" href=\"https:\/\/neuronup.com\/br\/neurociencia\/cerebro\/breves-bases-anatomicas-da-atencao\/\" rel=\"bookmark\">Breves bases anat\u00f4micas da aten\u00e7\u00e3o<\/a><\/h3>\n<\/div><\/article><article class=\"entry entry-grid is-column has-entry-link has-image has-image-first type-post category-de-funcoes-executivas tag-atencao tag-funcoes-executivas\" style=\"--entry-index:4;\" aria-label=\"Aten\u00e7\u00e3o e velocidade de processamento: fazem parte do mesmo processo ou s\u00e3o mecanismos diferentes?\" itemscope itemtype=\"https:\/\/schema.org\/CreativeWork\"><a class=\"entry-image-link\" href=\"https:\/\/neuronup.com\/br\/atividades-de-neurorreabilitacao\/para-funcoes-cognitivas\/de-funcoes-executivas\/atencao-e-velocidade-de-processamento-fazem-parte-do-mesmo-processo-ou-sao-mecanismos-diferentes\/\" tabindex=\"-1\" aria-hidden=\"true\"><img decoding=\"async\" width=\"400\" height=\"300\" src=\"https:\/\/neuronup.com\/br\/wp-content\/uploads\/2025\/03\/Atencao-e-velocidade-do-processamento-400x300.webp\" class=\"entry-image size-landscape-sm\" alt=\"C\u00e9rebro estilizado, colorido e vibrante, em fundo c\u00f3smico roxo\/azul\/rosa, com elementos de luz sugerindo movimento.\" srcset=\"https:\/\/neuronup.com\/br\/wp-content\/uploads\/2025\/03\/Atencao-e-velocidade-do-processamento-400x300.webp 400w, https:\/\/neuronup.com\/br\/wp-content\/uploads\/2025\/03\/Atencao-e-velocidade-do-processamento-800x600.webp 800w\" sizes=\"(max-width:599px) 599px, (min-width:600px) and (max-width: 799px) 799px, (min-width:800px) and (max-width: 999px) 333px, (min-width:1000px) 400px\" \/><\/a><div class=\"entry-wrap entry-wrap-grid\"><h3 class=\"entry-title\" itemprop=\"headline\"><a class=\"entry-title-link\" href=\"https:\/\/neuronup.com\/br\/atividades-de-neurorreabilitacao\/para-funcoes-cognitivas\/de-funcoes-executivas\/atencao-e-velocidade-de-processamento-fazem-parte-do-mesmo-processo-ou-sao-mecanismos-diferentes\/\" rel=\"bookmark\">Aten\u00e7\u00e3o e velocidade de processamento: fazem parte do mesmo processo ou s\u00e3o mecanismos diferentes?<\/a><\/h3>\n<\/div><\/article><article class=\"entry entry-grid is-column has-entry-link has-image has-image-first type-post category-neuropsicologia tag-cerebro tag-neuropsicologia\" style=\"--entry-index:5;\" aria-label=\"Rela\u00e7\u00e3o entre c\u00e9rebro e comportamento: Somos nosso c\u00e9rebro?\" itemscope itemtype=\"https:\/\/schema.org\/CreativeWork\"><a class=\"entry-image-link\" href=\"https:\/\/neuronup.com\/br\/neurociencia\/neuropsicologia\/cerebro-e-comportamento\/\" tabindex=\"-1\" aria-hidden=\"true\"><img decoding=\"async\" width=\"400\" height=\"300\" src=\"https:\/\/neuronup.com\/br\/wp-content\/uploads\/2024\/12\/cross-section-of-human-brain-tissue-8ALYQ7M-655x427-1-2-400x300.webp\" class=\"entry-image size-landscape-sm\" alt=\"Se\u00e7\u00e3o transversal de tecido cerebral humano com ramifica\u00e7\u00f5es intrincadas lembrando veias e ra\u00edzes, em tons marrom-ouro.\" srcset=\"https:\/\/neuronup.com\/br\/wp-content\/uploads\/2024\/12\/cross-section-of-human-brain-tissue-8ALYQ7M-655x427-1-2-400x300.webp 400w, https:\/\/neuronup.com\/br\/wp-content\/uploads\/2024\/12\/cross-section-of-human-brain-tissue-8ALYQ7M-655x427-1-2-800x600.webp 800w\" sizes=\"(max-width:599px) 599px, (min-width:600px) and (max-width: 799px) 799px, (min-width:800px) and (max-width: 999px) 333px, (min-width:1000px) 400px\" \/><\/a><div class=\"entry-wrap entry-wrap-grid\"><h3 class=\"entry-title\" itemprop=\"headline\"><a class=\"entry-title-link\" href=\"https:\/\/neuronup.com\/br\/neurociencia\/neuropsicologia\/cerebro-e-comportamento\/\" rel=\"bookmark\">Rela\u00e7\u00e3o entre c\u00e9rebro e comportamento: Somos nosso c\u00e9rebro?<\/a><\/h3>\n<\/div><\/article><article class=\"entry entry-grid is-column has-entry-link has-image has-image-first type-post category-noticias-de-estimulacao-cognitiva tag-estimulacao-cognitiva tag-funcoes-executivas\" style=\"--entry-index:6;\" aria-label=\"Programa de acessibilidade musical\" itemscope itemtype=\"https:\/\/schema.org\/CreativeWork\"><a class=\"entry-image-link\" href=\"https:\/\/neuronup.com\/br\/noticias-de-estimulacao-cognitiva\/programa-de-acessibilidade-musical\/\" tabindex=\"-1\" aria-hidden=\"true\"><img decoding=\"async\" width=\"400\" height=\"267\" src=\"https:\/\/neuronup.com\/br\/wp-content\/uploads\/2024\/10\/Programa-de-accesibilidad-musical-NeuronUP.webp\" class=\"entry-image size-landscape-sm\" alt=\"Close-up de teclado de piano, com teclas brancas largas e pretas em padr\u00e3o alternado, fundo de madeira suave.\" srcset=\"https:\/\/neuronup.com\/br\/wp-content\/uploads\/2024\/10\/Programa-de-accesibilidad-musical-NeuronUP-300x200.webp 300w, https:\/\/neuronup.com\/br\/wp-content\/uploads\/2024\/10\/Programa-de-accesibilidad-musical-NeuronUP-768x512.webp 768w, https:\/\/neuronup.com\/br\/wp-content\/uploads\/2024\/10\/Programa-de-accesibilidad-musical-NeuronUP-1024x683.webp 1024w, https:\/\/neuronup.com\/br\/wp-content\/uploads\/2024\/10\/Programa-de-accesibilidad-musical-NeuronUP.webp 1200w\" sizes=\"(max-width:599px) 599px, (min-width:600px) and (max-width: 799px) 799px, (min-width:800px) and (max-width: 999px) 333px, (min-width:1000px) 400px\" \/><\/a><div class=\"entry-wrap entry-wrap-grid\"><h3 class=\"entry-title\" itemprop=\"headline\"><a class=\"entry-title-link\" href=\"https:\/\/neuronup.com\/br\/noticias-de-estimulacao-cognitiva\/programa-de-acessibilidade-musical\/\" rel=\"bookmark\">Programa de acessibilidade musical<\/a><\/h3>\n<\/div><\/article><\/div><\/div>","protected":false},"excerpt":{"rendered":"<p>Neste artigo, a pesquisadora Marta Torra Moreno apresenta o estudo \u201cDispositivos digitais como ferramenta terap\u00eautica em crian\u00e7as e adolescentes com defici\u00eancia intelectual\u201d, no qual a NeuronUP participou. Breve resumo do estudo Segundo a literatura, crian\u00e7as e adolescentes com defici\u00eancia intelectual (DI)apresentam dificuldades nos n\u00edveis cognitivo e comportamental. Primeiro, foi realizada uma an\u00e1lise dos estudos publicados &hellip;<\/p>\n","protected":false},"author":316,"featured_media":0,"comment_status":"open","ping_status":"open","sticky":false,"template":"","format":"standard","meta":{"_acf_changed":false,"_genesis_hide_title":false,"_genesis_hide_breadcrumbs":false,"_genesis_hide_singular_image":false,"_genesis_hide_footer_widgets":false,"_genesis_custom_body_class":"","_genesis_custom_post_class":"","_genesis_layout":"","footnotes":""},"categories":[684],"tags":[622,705],"class_list":{"2":"type-post","6":"category-linhas-de-investigacao","7":"tag-noticias-da-neuronup","8":"tag-pesquisa","9":"entry"},"acf":[],"_links":{"self":[{"href":"https:\/\/neuronup.com\/br\/wp-json\/wp\/v2\/posts\/40992","targetHints":{"allow":["GET"]}}],"collection":[{"href":"https:\/\/neuronup.com\/br\/wp-json\/wp\/v2\/posts"}],"about":[{"href":"https:\/\/neuronup.com\/br\/wp-json\/wp\/v2\/types\/post"}],"author":[{"embeddable":true,"href":"https:\/\/neuronup.com\/br\/wp-json\/wp\/v2\/users\/316"}],"replies":[{"embeddable":true,"href":"https:\/\/neuronup.com\/br\/wp-json\/wp\/v2\/comments?post=40992"}],"version-history":[{"count":1,"href":"https:\/\/neuronup.com\/br\/wp-json\/wp\/v2\/posts\/40992\/revisions"}],"predecessor-version":[{"id":46869,"href":"https:\/\/neuronup.com\/br\/wp-json\/wp\/v2\/posts\/40992\/revisions\/46869"}],"wp:attachment":[{"href":"https:\/\/neuronup.com\/br\/wp-json\/wp\/v2\/media?parent=40992"}],"wp:term":[{"taxonomy":"category","embeddable":true,"href":"https:\/\/neuronup.com\/br\/wp-json\/wp\/v2\/categories?post=40992"},{"taxonomy":"post_tag","embeddable":true,"href":"https:\/\/neuronup.com\/br\/wp-json\/wp\/v2\/tags?post=40992"}],"curies":[{"name":"wp","href":"https:\/\/api.w.org\/{rel}","templated":true}]}}