{"id":40964,"date":"2026-03-17T07:00:00","date_gmt":"2026-03-17T07:00:00","guid":{"rendered":"https:\/\/neuronup.com\/?p=34022"},"modified":"2026-03-17T07:00:00","modified_gmt":"2026-03-17T07:00:00","slug":"memoria-corporizada","status":"publish","type":"post","link":"https:\/\/neuronup.com\/br\/neurociencia\/neuropsicologia\/memoria\/memoria-corporizada\/","title":{"rendered":"Mem\u00f3ria corporificada: Influ\u00eancia da postura corporal na mem\u00f3ria autobiogr\u00e1fica"},"content":{"rendered":"\n<h2 class=\"wp-block-heading\">A neuropsic\u00f3loga cl\u00ednica Lidia Garc\u00eda nos fala sobre <strong>a mem\u00f3ria corporificada<\/strong>, como <strong>a influ\u00eancia da postura corporal<\/strong> afeta a <strong>mem\u00f3ria autobiogr\u00e1fica<\/strong>.<\/h2>\n\n\n\n<p>Dentro da ci\u00eancia cognitiva costuma-se falar da ideia de <strong><em>cogni\u00e7\u00e3o corporificada<\/em><\/strong>; um conceito que se refere \u00e0 considera\u00e7\u00e3o de que <em>os estados do corpo podem modificar os estados da mente<\/em> [1]. Como vimos em um <a href=\"https:\/\/neuronup.com\/psicologia\/postura-corporal-y-rendimiento-cognitivo\/\" data-type=\"link\" data-id=\"https:\/\/neuronup.com\/psicologia\/postura-corporal-y-rendimiento-cognitivo\/\" target=\"_blank\" rel=\"noreferrer noopener\">artigo anterior<\/a>, observou-se que a postura corporal pode influenciar, ao menos transientemente, tanto nossa sensa\u00e7\u00e3o subjetiva de controle ou poder, quanto nosso padr\u00e3o fisiol\u00f3gico em n\u00edvel hormonal e tamb\u00e9m nosso comportamento [2].<\/p>\n\n\n\n<p>Essa \u00e9 uma descoberta que apoia a hip\u00f3tese da cogni\u00e7\u00e3o corporificada ao mostrar <strong>efeitos<\/strong> da mudan\u00e7a postural a curto prazo, mas e a longo prazo? Ser\u00e1 que a postura corporal poderia influenciar um sistema cognitivo como a mem\u00f3ria autobiogr\u00e1fica?<\/p>\n\n\n\n<h2 class=\"wp-block-heading\">A postura corporal pode influenciar a mem\u00f3ria autobiogr\u00e1fica?<\/h2>\n\n\n\n<p>A pesquisadora Katinka Dijkstra e seu grupo de pesquisa da Universidade Estadual da Fl\u00f3rida quiseram verificar se a mem\u00f3ria autobiogr\u00e1fica poderia estar, em certa medida, corporificada ou influenciada pela postura corporal [3].<\/p>\n\n\n\n<p>Para isso, realizaram um estudo [3] no qual pediram aos participantes que, enquanto mantinham uma determinada postura, lembrassem de uma experi\u00eancia espec\u00edfica do passado.<\/p>\n\n\n\n<p>Especificamente, na hora de definir quais experi\u00eancias do passado seriam solicitadas aos participantes, os pesquisadores escolheram seis situa\u00e7\u00f5es cotidianas estruturadas que costumam ser associadas a posturas corporais t\u00edpicas e que era prov\u00e1vel que todos os participantes tivessem vivenciado. Assim, pediram que lembrassem de uma vez em que\u2026<\/p>\n\n\n\n<ul class=\"wp-block-list\">\n<li>\u2026 foram ao dentista,<\/li>\n<li>\u2026 jogaram um esporte espec\u00edfico<\/li>\n<li>\u2026 abriram a porta para uma visita<\/li>\n<li>\u2026 foram a um show e aplaudiram<\/li>\n<li>\u2026 cumprimentaram algu\u00e9m com a m\u00e3o<\/li>\n<li>\u2026 colocaram a m\u00e3o no cora\u00e7\u00e3o<\/li>\n<\/ul>\n\n\n\n<p>Dessa forma, primeiro posicionava-se o participante em uma postura corporal determinada e, enquanto mantinham essa postura, solicitava-se uma lembran\u00e7a que poderia ser congruente ou incongruente com a postura em que se encontravam (por exemplo, na condi\u00e7\u00e3o congruente, pedir que se deitassem em uma poltrona reclin\u00e1vel e que lembrassem de uma vez que foram ao dentista; e na condi\u00e7\u00e3o incongruente, pedir que se posicionassem de p\u00e9 com as m\u00e3os na cintura e lembrassem de uma vez que foram ao dentista).<\/p>\n\n\n\n<p>Para que os participantes n\u00e3o intu\u00edssem o objetivo da pesquisa e tamb\u00e9m para tornar mais dif\u00edcil a lembran\u00e7a posterior, inclu\u00edram duas mem\u00f3rias de preenchimento: pediram que lembrassem de um evento ocorrido ontem e de um evento imagin\u00e1rio (inventado).<\/p>\n\n\n\n<p>Cada participante era solicitado a lembrar tr\u00eas das mem\u00f3rias experimentais em condi\u00e7\u00e3o congruente e tr\u00eas em incongruente (as mem\u00f3rias de preenchimento sempre eram lembradas na mesma posi\u00e7\u00e3o sem significado).<\/p>\n\n\n\n<p>A ordem tanto das mem\u00f3rias quanto das condi\u00e7\u00f5es congruentes vs. incongruentes foi aleatorizada para evitar poss\u00edveis efeitos de ordem e as sess\u00f5es foram gravadas em \u00e1udio e v\u00eddeo para medir o tempo que levavam para iniciar a resposta verbal de lembran\u00e7a.<\/p>\n\n\n\n<p>Al\u00e9m disso, duas semanas depois, perguntaram de forma inesperada sobre quais mem\u00f3rias haviam falado no experimento, o que constituiu uma tarefa de lembran\u00e7a livre retardada.<\/p>\n\n\n\n<p>Os pesquisadores observaram, por um lado, que&nbsp;<strong>as mem\u00f3rias em situa\u00e7\u00e3o congruente foram mais r\u00e1pidas do que na situa\u00e7\u00e3o incongruente<\/strong>, pois os tempos de resposta foram significativamente mais curtos quando a postura coincidia com a da mem\u00f3ria do que quando n\u00e3o coincidia. Por outro lado, tamb\u00e9m verificaram que&nbsp;<strong>a propor\u00e7\u00e3o de mem\u00f3rias recuperadas ap\u00f3s duas semanas foi significativamente maior no caso das mem\u00f3rias congruentes<\/strong>, sendo recuperadas muitas menos mem\u00f3rias incongruentes em propor\u00e7\u00e3o.<\/p>\n\n\n\n<p>Com esses resultados, os pesquisadores conclu\u00edram que a congru\u00eancia de <strong>a postura corporal do experimento com a da experi\u00eancia original havia facilitado tanto o acesso quanto a reten\u00e7\u00e3o em longo prazo das mem\u00f3rias autobiogr\u00e1ficas<\/strong>, e que isso constitu\u00eda uma evid\u00eancia de cogni\u00e7\u00e3o corporificada a longo prazo.<\/p>\n\n\n\n<div style=\"height:50px\" aria-hidden=\"true\" class=\"wp-block-spacer\"><\/div>\n\n\n\n<div class=\"wp-block-group br-0111 has-primary-background-color has-background has-dark-background has-sm-padding-top has-sm-padding-left has-sm-padding-right has-xxl-margin-top\"><div class=\"wp-block-group__inner-container is-layout-constrained wp-block-group-is-layout-constrained\">\n<div class=\"wp-block-columns is-layout-flex wp-container-core-columns-is-layout-9d6595d7 wp-block-columns-is-layout-flex\">\n<div class=\"wp-block-column is-layout-flow wp-block-column-is-layout-flow\">\n<figure class=\"wp-block-image size-full desktop-position-absolute desktop-bottom-0 mobile-width-50 mobile-m-inline-auto has-xl-margin-top\"><img decoding=\"async\" width=\"292\" height=\"338\" src=\"https:\/\/neuronup.com\/br\/wp-content\/uploads\/2024\/10\/certificado-de-produto.webp\" alt=\"\" class=\"wp-image-31568\" srcset=\"https:\/\/neuronup.com\/br\/wp-content\/uploads\/2024\/10\/certificado-de-produto-259x300.webp 259w, https:\/\/neuronup.com\/br\/wp-content\/uploads\/2024\/10\/certificado-de-produto.webp 292w\" sizes=\"(max-width: 292px) 100vw, 292px\" \/><\/figure>\n<\/div>\n\n\n\n<div class=\"wp-block-column is-layout-flow wp-block-column-is-layout-flow\">\n<h2 class=\"wp-block-heading has-white-color has-text-color\"><strong>Inscreva-se<\/strong> <br>na nossa <br>Newsletter<\/h2>\n\n\n\n<div class=\"wp-block-buttons is-layout-flex wp-block-buttons-is-layout-flex\">\n<div class=\"wp-block-button--1\" style=\"--button-outline-color:var(--color-white);--button-outline-color-hover:rgba(0,0,0,0.8);\"><a class=\"wp-block-button__link button button-outline   wp-element-button\" href=\"https:\/\/neuronup.com\/br\/newsletter\/\">Inscreva-se<\/a><\/div>\n\n<\/div>\n\n\n\n<div style=\"height:40px\" aria-hidden=\"true\" class=\"wp-block-spacer\"><\/div>\n<\/div>\n<\/div>\n<\/div><\/div>\n\n\n\n\n<div style=\"height:50px\" aria-hidden=\"true\" class=\"wp-block-spacer\"><\/div>\n\n\n\n<h2 class=\"wp-block-heading\">Implica\u00e7\u00f5es para a pr\u00e1tica cl\u00ednica<\/h2>\n\n\n\n<p>Como mencionamos em um post anterior, na medida em que a postura corporal parece ser um fator que pode modular o desempenho cognitivo [3,4], tamb\u00e9m \u00e9 um aspecto relevante a ser considerado quando queremos fazer uma avalia\u00e7\u00e3o precisa do estado cognitivo real dos pacientes e tamb\u00e9m quando queremos potencializar ao m\u00e1ximo os processos de reabilita\u00e7\u00e3o cognitiva.<\/p>\n\n\n\n<p>Descobertas como essas podem ser muito \u00fateis para melhorar a situa\u00e7\u00e3o de avalia\u00e7\u00e3o e de estimula\u00e7\u00e3o dos pacientes na cl\u00ednica de neuropsicologia.<\/p>\n\n\n\n<h2 class=\"wp-block-heading\">Bibliografia<\/h2>\n\n\n\n<ol class=\"wp-block-list has-sm-font-size\">\n<li>Wilson &amp; Golonka (2013). Embodied cognition is not what you think it is. <em>Frontiers in Psychology<\/em>, 4, 58. https:\/\/doi.org\/10.3389\/fpsyg.2013.00058<\/li>\n<li>Carney, D.R., Cuddy, A.J.C. and Yap, A.J. (2010). Power posing: brief nonverbal displays affect neuroendocrine levels and risk tolerance. <em>Psychological Science<\/em>, 21(10) 1363-1368.<\/li>\n<li>Dijkstra, K., Kaschak, M.P. &amp; Zwaan, R.A. (2007). Body posture facilitates retrieval of autobiographical memories. <em>Cognition<\/em>, 102, 139-149.<\/li>\n<li>Smith, P.K., Jostmann, N.B., Galinsky, A.D., &amp; van Dijk, W.W. (2008). Lacking power impairs executive functions. <em>Psychological Science<\/em>, 19, 441\u2013447.<\/li>\n<\/ol>\n\n\n\n<h3 class=\"wp-block-heading\">Se voc\u00ea gostou deste post sobre a mem\u00f3ria corporificada, pode se interessar por estes artigos da NeuronUP.<\/h3>\n\n<div class=\"mai-grid entries entries-grid has-boxed has-image-full\" style=\"--entry-title-font-size:var(--font-size-lg);--align-text:start;--entry-meta-text-align:start;\"><div class=\"entries-wrap has-columns\" style=\"--columns-xs:1\/1;--columns-sm:1\/1;--columns-md:1\/3;--columns-lg:1\/3;--flex-xs:0 0 var(--flex-basis);--flex-sm:0 0 var(--flex-basis);--flex-md:0 0 var(--flex-basis);--flex-lg:0 0 var(--flex-basis);--column-gap:var(--spacing-lg);--row-gap:var(--spacing-lg);--align-columns:start;\"><article class=\"entry entry-grid is-column has-entry-link has-image has-image-first type-post category-psicologia tag-noticias-da-neuronup tag-psicologia tag-saude-mental\" style=\"--entry-index:1;\" aria-label=\"FOMO: O medo de ficar de fora da era digital\" itemscope itemtype=\"https:\/\/schema.org\/CreativeWork\"><a class=\"entry-image-link\" href=\"https:\/\/neuronup.com\/br\/psicologia\/fomo-o-medo-de-ficar-de-fora-da-era-digital\/\" tabindex=\"-1\" aria-hidden=\"true\"><img decoding=\"async\" width=\"400\" height=\"267\" src=\"https:\/\/neuronup.com\/br\/wp-content\/uploads\/2024\/10\/FOMO-El-miedo-a-quedarse-fuera-de-la-era-digital.webp\" class=\"entry-image size-landscape-sm\" alt=\"Jovem na janela olhando o celular, cercada por tr\u00eas amigas em espa\u00e7o de estudo moderno, com laptop, plantas e madeira ao fundo.\" srcset=\"https:\/\/neuronup.com\/br\/wp-content\/uploads\/2024\/10\/FOMO-El-miedo-a-quedarse-fuera-de-la-era-digital-300x200.webp 300w, https:\/\/neuronup.com\/br\/wp-content\/uploads\/2024\/10\/FOMO-El-miedo-a-quedarse-fuera-de-la-era-digital-768x512.webp 768w, https:\/\/neuronup.com\/br\/wp-content\/uploads\/2024\/10\/FOMO-El-miedo-a-quedarse-fuera-de-la-era-digital-1024x683.webp 1024w, https:\/\/neuronup.com\/br\/wp-content\/uploads\/2024\/10\/FOMO-El-miedo-a-quedarse-fuera-de-la-era-digital.webp 1200w\" sizes=\"(max-width:599px) 599px, (min-width:600px) and (max-width: 799px) 799px, (min-width:800px) and (max-width: 999px) 333px, (min-width:1000px) 400px\" \/><\/a><div class=\"entry-wrap entry-wrap-grid\"><h3 class=\"entry-title\" itemprop=\"headline\"><a class=\"entry-title-link\" href=\"https:\/\/neuronup.com\/br\/psicologia\/fomo-o-medo-de-ficar-de-fora-da-era-digital\/\" rel=\"bookmark\">FOMO: O medo de ficar de fora da era digital<\/a><\/h3>\n<\/div><\/article><article class=\"entry entry-grid is-column has-entry-link has-image has-image-first type-post category-tdah-transtorno-deficit-atencao-hiperatividade tag-tdah\" style=\"--entry-index:2;\" aria-label=\"Interven\u00e7\u00e3o psicoeducacional para pessoas com TDAH\" itemscope itemtype=\"https:\/\/schema.org\/CreativeWork\"><a class=\"entry-image-link\" href=\"https:\/\/neuronup.com\/br\/noticias-de-estimulacao-cognitiva\/transtornos-do-desenvolvimento\/tdah-transtorno-deficit-atencao-hiperatividade\/intervencao-psicoeducacional-para-pessoas-com-tdah\/\" tabindex=\"-1\" aria-hidden=\"true\"><img decoding=\"async\" width=\"400\" height=\"300\" src=\"https:\/\/neuronup.com\/br\/wp-content\/uploads\/2024\/12\/Diagnostico-e-Investigacao-em-Doencas-raras-400x300.webp\" class=\"entry-image size-landscape-sm\" alt=\"Profissional em jaleco branco, m\u00e1scara e touca manipula l\u00edquido com pipeta em laborat\u00f3rio, frascos e microsc\u00f3pio ao fundo.\" srcset=\"https:\/\/neuronup.com\/br\/wp-content\/uploads\/2024\/12\/Diagnostico-e-Investigacao-em-Doencas-raras-400x300.webp 400w, https:\/\/neuronup.com\/br\/wp-content\/uploads\/2024\/12\/Diagnostico-e-Investigacao-em-Doencas-raras-800x600.webp 800w\" sizes=\"(max-width:599px) 599px, (min-width:600px) and (max-width: 799px) 799px, (min-width:800px) and (max-width: 999px) 333px, (min-width:1000px) 400px\" \/><\/a><div class=\"entry-wrap entry-wrap-grid\"><h3 class=\"entry-title\" itemprop=\"headline\"><a class=\"entry-title-link\" href=\"https:\/\/neuronup.com\/br\/noticias-de-estimulacao-cognitiva\/transtornos-do-desenvolvimento\/tdah-transtorno-deficit-atencao-hiperatividade\/intervencao-psicoeducacional-para-pessoas-com-tdah\/\" rel=\"bookmark\">Interven\u00e7\u00e3o psicoeducacional para pessoas com TDAH<\/a><\/h3>\n<\/div><\/article><article class=\"entry entry-grid is-column has-entry-link has-image has-image-first type-post\" style=\"--entry-index:3;\" aria-label=\"C\u00e9rebro na gravidez: mudan\u00e7as neurocognitivas e neuroplasticidade materna al\u00e9m do \u201cc\u00e9rebro de mam\u00e3e\u201d\" itemscope itemtype=\"https:\/\/schema.org\/CreativeWork\"><a class=\"entry-image-link\" href=\"https:\/\/neuronup.com\/br\/uncategorized\/cerebro-na-gravidez-mudancas-neurocognitivas-e-neuroplasticidade-materna-alem-do-mommy-brain\/\" tabindex=\"-1\" aria-hidden=\"true\"><img decoding=\"async\" width=\"400\" height=\"267\" src=\"https:\/\/neuronup.com\/br\/wp-content\/uploads\/2025\/09\/Cerebro-en-el-embarazo-cambios-neurocognitivos-y-neuroplasticidad-materna-mas-alla-del-mommy-brain-scaled-1.webp\" class=\"entry-image size-landscape-sm\" alt=\"Mulher gr\u00e1vida em p\u00e9, segurando a barriga com a m\u00e3o; ambiente interno com ilumina\u00e7\u00e3o suave, cama ao fundo e plantas secas.\" srcset=\"https:\/\/neuronup.com\/br\/wp-content\/uploads\/2025\/09\/Cerebro-en-el-embarazo-cambios-neurocognitivos-y-neuroplasticidad-materna-mas-alla-del-mommy-brain-scaled-1-300x200.webp 300w, https:\/\/neuronup.com\/br\/wp-content\/uploads\/2025\/09\/Cerebro-en-el-embarazo-cambios-neurocognitivos-y-neuroplasticidad-materna-mas-alla-del-mommy-brain-scaled-1-768x512.webp 768w, https:\/\/neuronup.com\/br\/wp-content\/uploads\/2025\/09\/Cerebro-en-el-embarazo-cambios-neurocognitivos-y-neuroplasticidad-materna-mas-alla-del-mommy-brain-scaled-1-1024x683.webp 1024w, https:\/\/neuronup.com\/br\/wp-content\/uploads\/2025\/09\/Cerebro-en-el-embarazo-cambios-neurocognitivos-y-neuroplasticidad-materna-mas-alla-del-mommy-brain-scaled-1-1536x1024.webp 1536w, https:\/\/neuronup.com\/br\/wp-content\/uploads\/2025\/09\/Cerebro-en-el-embarazo-cambios-neurocognitivos-y-neuroplasticidad-materna-mas-alla-del-mommy-brain-scaled-1-2048x1366.webp 2048w, https:\/\/neuronup.com\/br\/wp-content\/uploads\/2025\/09\/Cerebro-en-el-embarazo-cambios-neurocognitivos-y-neuroplasticidad-materna-mas-alla-del-mommy-brain-scaled-1.webp 2560w\" sizes=\"(max-width:599px) 599px, (min-width:600px) and (max-width: 799px) 799px, (min-width:800px) and (max-width: 999px) 333px, (min-width:1000px) 400px\" \/><\/a><div class=\"entry-wrap entry-wrap-grid\"><h3 class=\"entry-title\" itemprop=\"headline\"><a class=\"entry-title-link\" href=\"https:\/\/neuronup.com\/br\/uncategorized\/cerebro-na-gravidez-mudancas-neurocognitivas-e-neuroplasticidade-materna-alem-do-mommy-brain\/\" rel=\"bookmark\">C\u00e9rebro na gravidez: mudan\u00e7as neurocognitivas e neuroplasticidade materna al\u00e9m do \u201cc\u00e9rebro de mam\u00e3e\u201d<\/a><\/h3>\n<\/div><\/article><article class=\"entry entry-grid is-column has-entry-link has-image has-image-first type-post category-de-orientacao\" style=\"--entry-index:4;\" aria-label=\"Lateralidade infantil: exerc\u00edcios de lateralidade cruzada para crian\u00e7as\" itemscope itemtype=\"https:\/\/schema.org\/CreativeWork\"><a class=\"entry-image-link\" href=\"https:\/\/neuronup.com\/br\/atividades-de-neurorreabilitacao\/para-funcoes-cognitivas\/de-orientacao\/lateralidade-infantil-exercicios-de-lateralidade-cruzada-para-criancas\/\" tabindex=\"-1\" aria-hidden=\"true\"><img decoding=\"async\" width=\"400\" height=\"300\" src=\"https:\/\/neuronup.com\/br\/wp-content\/uploads\/2024\/12\/Lateralidade-infantil-exercicios-de-lateralidade-cruzada-para-criancas-1-400x300.webp\" class=\"entry-image size-landscape-sm\" alt=\"Caixa de madeira com capacete aberto e duas op\u00e7\u00f5es Esquerda\/Direita ao lado, fundo azul com o t\u00edtulo Onde est\u00e1? para exerc\u00edcios de lateralidade infantil.\" srcset=\"https:\/\/neuronup.com\/br\/wp-content\/uploads\/2024\/12\/Lateralidade-infantil-exercicios-de-lateralidade-cruzada-para-criancas-1-400x300.webp 400w, https:\/\/neuronup.com\/br\/wp-content\/uploads\/2024\/12\/Lateralidade-infantil-exercicios-de-lateralidade-cruzada-para-criancas-1-800x600.webp 800w, https:\/\/neuronup.com\/br\/wp-content\/uploads\/2024\/12\/Lateralidade-infantil-exercicios-de-lateralidade-cruzada-para-criancas-1-1200x900.webp 1200w\" sizes=\"(max-width:599px) 599px, (min-width:600px) and (max-width: 799px) 799px, (min-width:800px) and (max-width: 999px) 333px, (min-width:1000px) 400px\" \/><\/a><div class=\"entry-wrap entry-wrap-grid\"><h3 class=\"entry-title\" itemprop=\"headline\"><a class=\"entry-title-link\" href=\"https:\/\/neuronup.com\/br\/atividades-de-neurorreabilitacao\/para-funcoes-cognitivas\/de-orientacao\/lateralidade-infantil-exercicios-de-lateralidade-cruzada-para-criancas\/\" rel=\"bookmark\">Lateralidade infantil: exerc\u00edcios de lateralidade cruzada para crian\u00e7as<\/a><\/h3>\n<\/div><\/article><article class=\"entry entry-grid is-column has-entry-link has-image has-image-first type-post category-dano-cerebral\" style=\"--entry-index:5;\" aria-label=\"Traumatismo cranioencef\u00e1lico e a reabilita\u00e7\u00e3o neuropsicol\u00f3gica em fun\u00e7\u00f5es executivas\" itemscope itemtype=\"https:\/\/schema.org\/CreativeWork\"><a class=\"entry-image-link\" href=\"https:\/\/neuronup.com\/br\/noticias-de-estimulacao-cognitiva\/dano-cerebral\/traumatismo-cranioencefalico-e-sua-reabilitacao-neuropsicologica-em-funcoes-executivas\/\" tabindex=\"-1\" aria-hidden=\"true\"><img decoding=\"async\" width=\"400\" height=\"300\" src=\"https:\/\/neuronup.com\/br\/wp-content\/uploads\/2024\/12\/Trauma-cranioencefalico-400x300.webp\" class=\"entry-image size-landscape-sm\" alt=\"Ilustra\u00e7\u00e3o de c\u00e9rebro humano azul com \u00e1reas vermelhas destacadas ao lado de uma h\u00e9lice de DNA, fundo azul gradiente, sugerindo conex\u00e3o entre cogni\u00e7\u00e3o e gen\u00e9tica na reabilita\u00e7\u00e3o de TCE.\" srcset=\"https:\/\/neuronup.com\/br\/wp-content\/uploads\/2024\/12\/Trauma-cranioencefalico-400x300.webp 400w, https:\/\/neuronup.com\/br\/wp-content\/uploads\/2024\/12\/Trauma-cranioencefalico-800x600.webp 800w\" sizes=\"(max-width:599px) 599px, (min-width:600px) and (max-width: 799px) 799px, (min-width:800px) and (max-width: 999px) 333px, (min-width:1000px) 400px\" \/><\/a><div class=\"entry-wrap entry-wrap-grid\"><h3 class=\"entry-title\" itemprop=\"headline\"><a class=\"entry-title-link\" href=\"https:\/\/neuronup.com\/br\/noticias-de-estimulacao-cognitiva\/dano-cerebral\/traumatismo-cranioencefalico-e-sua-reabilitacao-neuropsicologica-em-funcoes-executivas\/\" rel=\"bookmark\">Traumatismo cranioencef\u00e1lico e a reabilita\u00e7\u00e3o neuropsicol\u00f3gica em fun\u00e7\u00f5es executivas<\/a><\/h3>\n<\/div><\/article><article class=\"entry entry-grid is-column has-entry-link has-image has-image-first type-post category-neuropsicologia tag-neuropsicologia\" style=\"--entry-index:6;\" aria-label=\"Neuropsicologia cl\u00ednica na neurocirurgia da epilepsia pedi\u00e1trica\" itemscope itemtype=\"https:\/\/schema.org\/CreativeWork\"><a class=\"entry-image-link\" href=\"https:\/\/neuronup.com\/br\/neurociencia\/neuropsicologia\/neuropsicologia-clinica-na-neurocirurgia-da-epilepsia-pediatrica\/\" tabindex=\"-1\" aria-hidden=\"true\"><img decoding=\"async\" width=\"400\" height=\"266\" src=\"https:\/\/neuronup.com\/br\/wp-content\/uploads\/2023\/12\/doctor-haciendo-su-trabajo-oficina-pediatria-1-1.webp\" class=\"entry-image size-landscape-sm\" alt=\"M\u00e3e e filha em consult\u00f3rio pedi\u00e1trico, menina estende a m\u00e3o para um high five com m\u00e9dico sorridente de jaleco azul.\" srcset=\"https:\/\/neuronup.com\/br\/wp-content\/uploads\/2023\/12\/doctor-haciendo-su-trabajo-oficina-pediatria-1-1-300x200.webp 300w, https:\/\/neuronup.com\/br\/wp-content\/uploads\/2023\/12\/doctor-haciendo-su-trabajo-oficina-pediatria-1-1-768x511.webp 768w, https:\/\/neuronup.com\/br\/wp-content\/uploads\/2023\/12\/doctor-haciendo-su-trabajo-oficina-pediatria-1-1-1024x682.webp 1024w, https:\/\/neuronup.com\/br\/wp-content\/uploads\/2023\/12\/doctor-haciendo-su-trabajo-oficina-pediatria-1-1.webp 1200w\" sizes=\"(max-width:599px) 599px, (min-width:600px) and (max-width: 799px) 799px, (min-width:800px) and (max-width: 999px) 333px, (min-width:1000px) 400px\" \/><\/a><div class=\"entry-wrap entry-wrap-grid\"><h3 class=\"entry-title\" itemprop=\"headline\"><a class=\"entry-title-link\" href=\"https:\/\/neuronup.com\/br\/neurociencia\/neuropsicologia\/neuropsicologia-clinica-na-neurocirurgia-da-epilepsia-pediatrica\/\" rel=\"bookmark\">Neuropsicologia cl\u00ednica na neurocirurgia da epilepsia pedi\u00e1trica<\/a><\/h3>\n<\/div><\/article><\/div><\/div>","protected":false},"excerpt":{"rendered":"<p>A neuropsic\u00f3loga cl\u00ednica Lidia Garc\u00eda nos fala sobre a mem\u00f3ria corporificada, como a influ\u00eancia da postura corporal afeta a mem\u00f3ria autobiogr\u00e1fica. Dentro da ci\u00eancia cognitiva costuma-se falar da ideia de cogni\u00e7\u00e3o corporificada; um conceito que se refere \u00e0 considera\u00e7\u00e3o de que os estados do corpo podem modificar os estados da mente [1]. Como vimos em &hellip;<\/p>\n","protected":false},"author":217,"featured_media":40935,"comment_status":"open","ping_status":"open","sticky":false,"template":"","format":"standard","meta":{"_acf_changed":false,"_genesis_hide_title":false,"_genesis_hide_breadcrumbs":false,"_genesis_hide_singular_image":false,"_genesis_hide_footer_widgets":false,"_genesis_custom_body_class":"","_genesis_custom_post_class":"","_genesis_layout":"","footnotes":""},"categories":[608],"tags":[596],"class_list":{"2":"type-post","7":"category-memoria","8":"tag-memoria","9":"entry"},"acf":[],"_links":{"self":[{"href":"https:\/\/neuronup.com\/br\/wp-json\/wp\/v2\/posts\/40964","targetHints":{"allow":["GET"]}}],"collection":[{"href":"https:\/\/neuronup.com\/br\/wp-json\/wp\/v2\/posts"}],"about":[{"href":"https:\/\/neuronup.com\/br\/wp-json\/wp\/v2\/types\/post"}],"author":[{"embeddable":true,"href":"https:\/\/neuronup.com\/br\/wp-json\/wp\/v2\/users\/217"}],"replies":[{"embeddable":true,"href":"https:\/\/neuronup.com\/br\/wp-json\/wp\/v2\/comments?post=40964"}],"version-history":[{"count":0,"href":"https:\/\/neuronup.com\/br\/wp-json\/wp\/v2\/posts\/40964\/revisions"}],"wp:featuredmedia":[{"embeddable":true,"href":"https:\/\/neuronup.com\/br\/wp-json\/wp\/v2\/media\/40935"}],"wp:attachment":[{"href":"https:\/\/neuronup.com\/br\/wp-json\/wp\/v2\/media?parent=40964"}],"wp:term":[{"taxonomy":"category","embeddable":true,"href":"https:\/\/neuronup.com\/br\/wp-json\/wp\/v2\/categories?post=40964"},{"taxonomy":"post_tag","embeddable":true,"href":"https:\/\/neuronup.com\/br\/wp-json\/wp\/v2\/tags?post=40964"}],"curies":[{"name":"wp","href":"https:\/\/api.w.org\/{rel}","templated":true}]}}