{"id":40924,"date":"2026-03-15T07:00:00","date_gmt":"2026-03-15T07:00:00","guid":{"rendered":"https:\/\/neuronup.com\/?p=33980"},"modified":"2026-03-15T07:00:00","modified_gmt":"2026-03-15T07:00:00","slug":"aaron-del-olmo-responde-as-duvidas-sobre-a-apresentacao-sobre-o-cerebro","status":"publish","type":"post","link":"https:\/\/neuronup.com\/br\/formacao\/neuronup-academy\/aaron-del-olmo-responde-as-duvidas-sobre-a-apresentacao-sobre-o-cerebro\/","title":{"rendered":"Aar\u00f3n Del Olmo responde \u00e0s d\u00favidas sobre sua palestra sobre o c\u00e9rebro"},"content":{"rendered":"\n<p class=\"has-xl-font-size\">O neuropsic\u00f3logo cl\u00ednico <strong>Aar\u00f3n Del Olmo<\/strong> responde \u00e0s d\u00favidas sobre sua palestra de <strong>a percep\u00e7\u00e3o sobre como funciona nosso c\u00e9rebro<\/strong> na #NeuronUPAcademy da NeuronUP.<\/p>\n\n\n\n<p>Se voc\u00ea quiser assistir \u00e0 palestra sob demanda, ela est\u00e1 dispon\u00edvel com exclusividade na <a href=\"https:\/\/neuronup.com\/neuronup-academy\/\" data-type=\"link\" data-id=\"https:\/\/neuronup.com\/neuronup-academy\/\">NeuronUP Academy<\/a>.<\/p>\n\n\n\n<h2 class=\"wp-block-heading\">D\u00favidas sobre a palestra sobre o c\u00e9rebro de Aar\u00f3n Del Olmo<\/h2>\n\n\n\n<h3 class=\"wp-block-heading\">1. Diana Baez: Em rela\u00e7\u00e3o \u00e0 percep\u00e7\u00e3o, especificamente o TDL e a dislexia ser\u00e3o d\u00e9ficits compartilhados?<\/h3>\n\n\n\n<p>Muitas vezes, h\u00e1 situa\u00e7\u00f5es em que um problema de linguagem \u00e9 a base de um posterior problema de aprendizado da leitura, como \u00e9 l\u00f3gico. \u00c0s vezes, um problema auditivo gera um de linguagem e, por extens\u00e3o, um de leitura. Ou seja, \u00e0s vezes podem ter origem parecida. Em muitas outras vezes, n\u00e3o.<\/p>\n\n\n\n<div style=\"height:50px\" aria-hidden=\"true\" class=\"wp-block-spacer\"><\/div>\n\n\n\n<h3 class=\"wp-block-heading\">2. Julen Chato Noriega: Pode haver alguma rela\u00e7\u00e3o entre sinestesia e priva\u00e7\u00e3o sensorial?<\/h3>\n\n\n\n<p>Que eu saiba, em princ\u00edpio n\u00e3o, n\u00e3o deveria ocorrer sinestesia por priva\u00e7\u00e3o sensorial, embora \u00e0s vezes esta produza experi\u00eancias perceptivas pela pr\u00f3pria ativa\u00e7\u00e3o do c\u00e9rebro, como acontece com a desafferenta\u00e7\u00e3o, mas n\u00e3o haveria uma rela\u00e7\u00e3o direta. \u00c9 certo que nunca se sabe como o c\u00e9rebro vai compensar quando algo falha, mas n\u00e3o seria algo ainda demonstrado.<\/p>\n\n\n\n<div style=\"height:50px\" aria-hidden=\"true\" class=\"wp-block-spacer\"><\/div>\n\n\n\n<h3 class=\"wp-block-heading\">3. Selene Vicario Dom\u00ednguez: Continuar ativando o c\u00e9rebro sem estimula\u00e7\u00e3o tamb\u00e9m \u00e9 uma forma de evitar a neuroplasticidade aberrante das \u00e1reas pr\u00f3ximas?<\/h3>\n\n\n\n<p>Como isso interfere na neuroplasticidade e reconfigura\u00e7\u00e3o ap\u00f3s um dano \u00e9 um pouco misterioso, mas o fato \u00e9 que ap\u00f3s a desafferenta\u00e7\u00e3o muitas vezes essas \u00e1reas do c\u00e9rebro que j\u00e1 n\u00e3o recebem estimula\u00e7\u00e3o parecem come\u00e7ar a participar de forma progressiva em outros processos. Isso provavelmente ocorre quando deixam de se ativar automaticamente.<\/p>\n\n\n\n<div style=\"height:50px\" aria-hidden=\"true\" class=\"wp-block-spacer\"><\/div>\n\n\n\n<h3 class=\"wp-block-heading\">4. Marta Bort Fern\u00e1ndez: O que acontece com os erros perceptivos? Seria a base, por exemplo, das alucina\u00e7\u00f5es em transtornos psic\u00f3ticos?<\/h3>\n\n\n\n<p>\u00c9 uma pergunta interessante. A primeira coisa que eu me perguntaria \u00e9 se todas as alucina\u00e7\u00f5es em transtornos psic\u00f3ticos t\u00eam a mesma origem ou funcionam da mesma forma. \u00c9 bem prov\u00e1vel que existam mecanismos diferentes a n\u00edvel cerebral, e tamb\u00e9m hist\u00f3rias e contextos diferentes a n\u00edvel de vida. Dif\u00edcil pensar que apenas os erros perceptivos s\u00e3o a base, mas isso n\u00e3o impede que haja algo semelhante, partindo da ideia de que o c\u00e9rebro tenta dar explica\u00e7\u00e3o a tudo o que acontece, tanto perceptivamente quanto cognitivamente.<\/p>\n\n\n\n<div style=\"height:50px\" aria-hidden=\"true\" class=\"wp-block-spacer\"><\/div>\n\n\n\n<h3 class=\"wp-block-heading\">5. Valeria Patti Gelabert: A predi\u00e7\u00e3o est\u00e1 associada \u00e0 cogni\u00e7\u00e3o social?<\/h3>\n\n\n\n<p>Se h\u00e1 algo dif\u00edcil de prever, \u00e9 o que outras pessoas v\u00e3o fazer ou o que est\u00e3o pensando. N\u00f3s temos mecanismos de predi\u00e7\u00e3o, ou de tomada de decis\u00f5es r\u00e1pidas (ver um rosto, ouvir o tom de voz, nos d\u00e1 pistas do que est\u00e1 passando pela cabe\u00e7a da pessoa \u00e0 nossa frente). Em geral, a vida social tamb\u00e9m tem seu ponto de predi\u00e7\u00e3o e, \u00e0s vezes, inclusive, \u00e9 a base de um preconceito.<\/p>\n\n\n\n<div style=\"height:50px\" aria-hidden=\"true\" class=\"wp-block-spacer\"><\/div>\n\n\n\n<h3 class=\"wp-block-heading\">6. Rosa S\u00e1nchez Prieto: Nos casos do espectro autista em que h\u00e1 uma altera\u00e7\u00e3o sensorial, como se pode treinar uma configura\u00e7\u00e3o de um modelo interno que ajude na adapta\u00e7\u00e3o?<\/h3>\n\n\n\n<p>Bem, esse modelo interno se forma em todo mundo, com a ideia de ser capaz de us\u00e1-lo para prever. A quest\u00e3o \u00e9 que, no caso do autismo, em que parece que temos um problema a n\u00edvel de cogni\u00e7\u00e3o social (talvez tenhamos dificuldade em considerar que outras mentes existem e s\u00e3o diferentes da pr\u00f3pria), torna-se dif\u00edcil fazer essa predi\u00e7\u00e3o, j\u00e1 que n\u00e3o \u00e9 concebida corretamente. Acho que quando fazemos estimula\u00e7\u00e3o cognitiva, estamos trabalhando na gera\u00e7\u00e3o desse modelo interno.<\/p>\n\n\n\n<div style=\"height:50px\" aria-hidden=\"true\" class=\"wp-block-spacer\"><\/div>\n\n\n\n<h3 class=\"wp-block-heading\">7. Ana Zabay Neiro: No caso de crian\u00e7as autistas, a interpreta\u00e7\u00e3o das informa\u00e7\u00f5es que &#8220;n\u00e3o se encaixam&#8221;<\/h3>\n\n\n\n<p>De certo modo, a predi\u00e7\u00e3o se baseia no que temos. O desenvolvimento da abstra\u00e7\u00e3o \u00e9 dif\u00edcil em crian\u00e7as com TEA, s\u00e3o bastante concretas e literais, e claro, sua forma de prever, ou de ajustar as coisas quando falta informa\u00e7\u00e3o, segue nessa dire\u00e7\u00e3o.<\/p>\n\n\n\n<div style=\"height:50px\" aria-hidden=\"true\" class=\"wp-block-spacer\"><\/div>\n\n\n\n<h3 class=\"wp-block-heading\">8. Silvia Vallve Bellido: Em um c\u00e9rebro com d\u00e9ficit intelectual, como voc\u00ea acha que \u00e9 a percep\u00e7\u00e3o? Obrigada.<\/h3>\n\n\n\n<p>Partindo do pressuposto de que d\u00e9ficit intelectual \u00e9 algo muito amplo, \u00e9 fundamental entender que a forma de compreender e processar o mundo pode ser muito diferente. Quase varia de pessoa para pessoa; imagine quando algo falha, precisa ser compensado de maneiras muito diferentes. Quando tivermos crian\u00e7as com les\u00e3o cerebral \u00e0 frente, \u00e9 importante questionar como esse c\u00e9rebro est\u00e1 se organizando para responder \u00e0s demandas do meio.<\/p>\n\n\n\n<div style=\"height:50px\" aria-hidden=\"true\" class=\"wp-block-spacer\"><\/div>\n\n\n\n<h3 class=\"wp-block-heading\">9. Mar\u00eda Herencia: As agnosias s\u00e3o falhas de percep\u00e7\u00e3o?<\/h3>\n\n\n\n<p>Por defini\u00e7\u00e3o sim, mas \u00e9 preciso lembrar que agnosia significa n\u00e3o reconhecer, e, claro, \u00e0s vezes h\u00e1 problemas no reconhecimento de formas ou palavras, por exemplo, que n\u00e3o s\u00e3o puramente perceptivos.<\/p>\n\n\n\n<div style=\"height:50px\" aria-hidden=\"true\" class=\"wp-block-spacer\"><\/div>\n\n\n\n<h3 class=\"wp-block-heading\">10. Sandra Tavira Zarco: \u00c9 poss\u00edvel trabalhar a sinestesia? Como?<\/h3>\n\n\n\n<p>Em si, n\u00e3o \u00e9 um problema a ser abordado, e, de fato, seria como tratar de fazer o oposto, provoc\u00e1-la. Seria poss\u00edvel tornar algu\u00e9m sinest\u00e9sico por meio de algum tratamento?<\/p>\n\n\n\n<div class=\"wp-block-cover br-1010 has-sm-padding-top has-sm-padding-bottom has-sm-padding-left has-sm-padding-right\"><img decoding=\"async\" width=\"1280\" height=\"768\" sizes=\"(max-width: 600px) 100vw, 50vw\" class=\"wp-block-cover__image-background wp-image-31661 size-large\" alt=\"neuronup illustration background\" src=\"https:\/\/neuronup.com\/br\/wp-content\/uploads\/2024\/10\/neuronup-illustration-background.svg\" data-object-fit=\"cover\"\/><span aria-hidden=\"true\" class=\"wp-block-cover__background has-background-dim\" style=\"background-color:#005767\"><\/span><div class=\"wp-block-cover__inner-container is-layout-constrained wp-block-cover-is-layout-constrained\">\n<p class=\"has-xl-font-size\" style=\"letter-spacing:0.07rem\"><strong>Lan\u00e7amos NeuronUP Assessment!<\/strong><\/p>\n\n\n\n<div class=\"wp-block-columns are-vertically-aligned-center is-layout-flex wp-container-core-columns-is-layout-9d6595d7 wp-block-columns-is-layout-flex\">\n<div class=\"wp-block-column is-vertically-aligned-center has-white-color has-text-color has-link-color wp-elements-bd68cc8433c056f7c59b955812e8ea6c is-layout-flow wp-block-column-is-layout-flow\" style=\"flex-basis:70%\">\n<p class=\"has-no-margin-top has-no-margin-bottom\" style=\"letter-spacing:0.05rem\">O novo produto de Avalia\u00e7\u00e3o da NeuronUP.<\/p>\n\n\n\n<p class=\"has-text-align-left has-no-margin-top has-no-margin-bottom\" style=\"font-size:18px\">Solicite acesso para testar gratuitamente por tempo limitado.<\/p>\n<\/div>\n\n\n\n<div class=\"wp-block-column is-vertically-aligned-center is-layout-flow wp-block-column-is-layout-flow\" style=\"flex-basis:30%\">\n<div class=\"wp-block-buttons is-content-justification-center is-layout-flex wp-container-core-buttons-is-layout-16018d1d wp-block-buttons-is-layout-flex\">\n<div class=\"wp-block-button has-custom-width wp-block-button__width-100\" style=\"--button-color:#01606f;--button-background:var(--color-white);--button-background-hover:#e6e6e6;\"><a class=\"wp-block-button__link button    has-link-color wp-element-button\" href=\"https:\/\/neuronup.com\/br\/neuronup-assessment\/solicitar-acesso\/\" style=\"color:#01606f\"><strong>Solicite acceso<\/strong><\/a><\/div>\n\n<\/div>\n<\/div>\n<\/div>\n<\/div><\/div>\n\n\n\n<div style=\"height:50px\" aria-hidden=\"true\" class=\"wp-block-spacer\"><\/div>\n\n\n\n<h2 class=\"wp-block-heading\">Mais d\u00favidas sobre a palestra sobre o c\u00e9rebro<\/h2>\n\n\n\n<h3 class=\"wp-block-heading\">11. Elisabeth Garc\u00eda Alonso: Qual seu coment\u00e1rio sobre o fen\u00f4meno da hemineglig\u00eancia? A pessoa realmente n\u00e3o enxerga?<\/h3>\n\n\n\n<p>A hemineglig\u00eancia tem sido indicada muitas vezes como um problema atencional (n\u00e3o atender a uma parte do campo visual), mas, por outro lado, seria um problema de reconhecimento da exist\u00eancia desse campo. De fato, a pessoa n\u00e3o enxerga; depois h\u00e1 o ponto de que ela n\u00e3o reconhece que n\u00e3o enxerga, o que \u00e9 outra quest\u00e3o diferente.<\/p>\n\n\n\n<div style=\"height:50px\" aria-hidden=\"true\" class=\"wp-block-spacer\"><\/div>\n\n\n\n<h3 class=\"wp-block-heading\">12. Teresa Huelmo Garc\u00eda: No comprometimento cognitivo que afeta a linguagem, o que deve ser trabalhado para que percebam melhor as palavras e seu significado?<\/h3>\n\n\n\n<p>Depende das dificuldades, mas muitas vezes, se formos ao significado, uma chave \u00e9 associar palavras a imagens ou a sin\u00f4nimos para refor\u00e7ar esse significado.<\/p>\n\n\n\n<div style=\"height:50px\" aria-hidden=\"true\" class=\"wp-block-spacer\"><\/div>\n\n\n\n<h3 class=\"wp-block-heading\">13. B\u00e1rbara Barcel\u00e1 Montoya: Como a percep\u00e7\u00e3o influencia em crian\u00e7as basais?<\/h3>\n\n\n\n<p>N\u00e3o entendo bem a pergunta; a que voc\u00ea se refere com crian\u00e7as basais?<\/p>\n\n\n\n<div style=\"height:50px\" aria-hidden=\"true\" class=\"wp-block-spacer\"><\/div>\n\n\n\n<h3 class=\"wp-block-heading\">14. Ruth L\u00f3pez Menchero: Na medita\u00e7\u00e3o podem surgir tamb\u00e9m aquelas sensa\u00e7\u00f5es que acontecem com a priva\u00e7\u00e3o de sensa\u00e7\u00f5es?<\/h3>\n\n\n\n<p>Em teoria, n\u00e3o chega ao extremo de uma priva\u00e7\u00e3o como tal; na priva\u00e7\u00e3o sensorial s\u00e3o necess\u00e1rias horas para produzir esse efeito e, como mencionei, era uma priva\u00e7\u00e3o extrema.<\/p>\n\n\n\n<div style=\"height:50px\" aria-hidden=\"true\" class=\"wp-block-spacer\"><\/div>\n\n\n\n<h3 class=\"wp-block-heading\">15. Sara Daoudi: O que acontece com essa percep\u00e7\u00e3o em adultos com altera\u00e7\u00f5es de linguagem ap\u00f3s um AVC?<\/h3>\n\n\n\n<p>Muitas coisas podem acontecer, pois depende do tipo, localiza\u00e7\u00e3o e gravidade do AVC, mas n\u00e3o \u00e9 raro que aos problemas de linguagem se acompanhem problemas na percep\u00e7\u00e3o t\u00e1til do lado direito (al\u00e9m da mobilidade) e dificuldades na pr\u00f3pria percep\u00e7\u00e3o do esquema corporal.<\/p>\n\n\n\n<div style=\"height:50px\" aria-hidden=\"true\" class=\"wp-block-spacer\"><\/div>\n\n\n\n<h3 class=\"wp-block-heading\">16. Pepa Piqueras Landete: Um TDL com muitos problemas de organiza\u00e7\u00e3o da express\u00e3o e dificuldades de comunica\u00e7\u00e3o, como se pode trabalhar?<\/h3>\n\n\n\n<p>\u00c9 uma pergunta ampla; eu identificaria de onde parte o problema, se \u00e9 na pr\u00f3pria gram\u00e1tica ou mais de car\u00e1ter executivo em como se organiza.<\/p>\n\n\n\n<div style=\"height:50px\" aria-hidden=\"true\" class=\"wp-block-spacer\"><\/div>\n\n\n\n<h3 class=\"wp-block-heading\">17. Mar\u00eda Dolores L\u00f3pez Cantarero: No caso de pessoas com dem\u00eancia, os problemas de compreens\u00e3o devem-se \u00e0 falta de automatismo?<\/h3>\n\n\n\n<p>N\u00e3o necessariamente, mas \u00e9 poss\u00edvel que muitas vezes haja um apagamento sem\u00e2ntico e n\u00e3o se reconhe\u00e7a o significado das palavras, e, portanto, isso afetaria a compreens\u00e3o.<\/p>\n\n\n\n<div style=\"height:50px\" aria-hidden=\"true\" class=\"wp-block-spacer\"><\/div>\n\n\n\n<h3 class=\"wp-block-heading\">18. Ad\u00e1n Espino: Quando voc\u00ea fala de percep\u00e7\u00e3o, inclui a propriocep\u00e7\u00e3o?<\/h3>\n\n\n\n<p>Sim, claro, \u00e9 outro tipo de percep\u00e7\u00e3o que \u00e0s vezes parece ofuscada pela vis\u00e3o, mas est\u00e1 sempre presente.<\/p>\n\n\n\n<div style=\"height:50px\" aria-hidden=\"true\" class=\"wp-block-spacer\"><\/div>\n\n\n\n<h3 class=\"wp-block-heading\">19. Sergio Reina Rodr\u00edguez: Qual rela\u00e7\u00e3o existe entre a rede default e as previs\u00f5es sensoriais? Isso explicaria a hiperatividade da rede default em pacientes com esquizofrenia?<\/h3>\n\n\n\n<p>A rede default, pelo que se entende, parece desempenhar um papel em relacionar nossos conhecimentos passados e fazer previs\u00f5es futuras (pelo menos \u00e9 isso que Koziol indica em sua s\u00e9rie de artigos). Seria uma esp\u00e9cie de rede que se ativa quando n\u00e3o estamos realizando algo concreto, e costuma estar em contraposi\u00e7\u00e3o com a rede frontoparietal, que justamente se encarrega do controle para a realiza\u00e7\u00e3o de uma tarefa em andamento. Certamente, a falha de sincroniza\u00e7\u00e3o entre essas redes pode estar por tr\u00e1s de muitas altera\u00e7\u00f5es ou ser uma pequena parte na explica\u00e7\u00e3o de como certos transtornos funcionam.<\/p>\n\n\n\n<div style=\"height:50px\" aria-hidden=\"true\" class=\"wp-block-spacer\"><\/div>\n\n\n\n<h3 class=\"wp-block-heading\">20. Brenda Nadia Chino Vilca: No caso de doen\u00e7as neurodegenerativas, como funciona a reorganiza\u00e7\u00e3o cerebral?<\/h3>\n\n\n\n<p>A reorganiza\u00e7\u00e3o \u00e9 muito vari\u00e1vel, depende de muitos fatores, geralmente da reserva cognitiva que cada pessoa possui, por exemplo. \u00c0s vezes, diz-se que a atividade se bilateraliza (modelo HAROLD) ou que ela se torna mais frontal (modelo PASA).<\/p>\n\n\n\n<div style=\"height:50px\" aria-hidden=\"true\" class=\"wp-block-spacer\"><\/div>\n\n\n\n<h3 class=\"wp-block-heading\">21. Jorge Romero Castillo: A sinestesia tamb\u00e9m \u00e9 mediada pela experi\u00eancia? Ou seja, ao associar um som a uma cor, todas as pessoas com sinestesia fazem isso da mesma forma? Cada pessoa associa uma cor a um som com base em sua experi\u00eancia?<\/h3>\n\n\n\n<p>A sinestesia \u00e9 justamente o oposto. N\u00e3o \u00e9 algo experiencial, \u00e9 algo autom\u00e1tico e sincronizado no momento da percep\u00e7\u00e3o, mas porque (pelo menos \u00e9 o que indica Ramachandran) ambas as modalidades se ativam simultaneamente. Um aprendizado n\u00e3o seria sinestesia.<\/p>\n\n\n\n<div style=\"height:50px\" aria-hidden=\"true\" class=\"wp-block-spacer\"><\/div>\n\n\n\n<h3 class=\"wp-block-heading\">22. Sandra Obispo Legazpe: Algum livro sobre percep\u00e7\u00e3o ou algum tema do que voc\u00ea falou, mas centrado em crian\u00e7as?<\/h3>\n\n\n\n<p>Espec\u00edfico para crian\u00e7as, \u00e9 mais dif\u00edcil encontrar manuais sobre aspectos puramente perceptivos, mas qualquer manual de neuropsicologia infantil ter\u00e1 pelo menos um cap\u00edtulo.<\/p>\n\n\n\n<h3 class=\"wp-block-heading\">21. Felipe Guti\u00e9rrez e Manuel Bejarano Guisado: Como se pode distinguir entre um d\u00e9ficit atencional e um de percep\u00e7\u00e3o?<\/h3>\n\n\n\n<p>Dissociando testes, fazendo uma explora\u00e7\u00e3o com testes puramente perceptivos, verificar se a aten\u00e7\u00e3o falha em todos os testes ou apenas (ou mais) nos perceptivos.<\/p>\n\n\n\n<p>Se voc\u00ea quiser assistir \u00e0 palestra sob demanda, ela est\u00e1 dispon\u00edvel com exclusividade na <a href=\"https:\/\/neuronup.com\/neuronup-academy\/\" data-type=\"link\" data-id=\"https:\/\/neuronup.com\/neuronup-academy\/\">NeuronUP Academy<\/a>.<\/p>\n\n\n\n<h3 class=\"wp-block-heading\">Se voc\u00ea gostou desta publica\u00e7\u00e3o sobre as respostas \u00e0s d\u00favidas da palestra sobre o c\u00e9rebro de Aar\u00f3n Del Olmo, certamente estar\u00e1 interessado em mais palestras da #NeuronUPAcademy.<\/h3>\n\n\n\n<ul class=\"wp-block-list\"><\/ul>\n\n<div class=\"mai-grid entries entries-grid has-boxed has-image-full\" style=\"--entry-title-font-size:var(--font-size-lg);--align-text:start;--entry-meta-text-align:start;\"><div class=\"entries-wrap has-columns\" style=\"--columns-xs:1\/1;--columns-sm:1\/1;--columns-md:1\/3;--columns-lg:1\/3;--flex-xs:0 0 var(--flex-basis);--flex-sm:0 0 var(--flex-basis);--flex-md:0 0 var(--flex-basis);--flex-lg:0 0 var(--flex-basis);--column-gap:var(--spacing-lg);--row-gap:var(--spacing-lg);--align-columns:start;\"><article class=\"entry entry-grid is-column has-entry-link has-image has-image-first type-post category-alzheimer tag-alzheimer tag-doencas-neurodegenerativas tag-estimulacao-cognitiva tag-idosos\" style=\"--entry-index:1;\" aria-label=\"Detec\u00e7\u00e3o de Alzheimer em idosos\" itemscope itemtype=\"https:\/\/schema.org\/CreativeWork\"><a class=\"entry-image-link\" href=\"https:\/\/neuronup.com\/br\/noticias-de-estimulacao-cognitiva\/doencas-neurodegenerativas\/alzheimer\/deteccao-de-alzheimer-em-adultos-maiores\/\" tabindex=\"-1\" aria-hidden=\"true\"><img decoding=\"async\" width=\"400\" height=\"225\" src=\"https:\/\/neuronup.com\/br\/wp-content\/uploads\/2024\/11\/La-enfermedad-de-alzheimer-como-constructo-clinico-biologico-recomendacion-de-un-grupo-de-trabajo-internacional-NeuronUP-1.webp\" class=\"entry-image size-landscape-sm\" alt=\"Idoso com barba e cabelo brancos monta quebra-cabe\u00e7a, veste camiseta listrada; ao lado, algu\u00e9m oferece apoio em espa\u00e7o claro.\" srcset=\"https:\/\/neuronup.com\/br\/wp-content\/uploads\/2024\/11\/La-enfermedad-de-alzheimer-como-constructo-clinico-biologico-recomendacion-de-un-grupo-de-trabajo-internacional-NeuronUP-1-300x169.webp 300w, https:\/\/neuronup.com\/br\/wp-content\/uploads\/2024\/11\/La-enfermedad-de-alzheimer-como-constructo-clinico-biologico-recomendacion-de-un-grupo-de-trabajo-internacional-NeuronUP-1-768x432.webp 768w, https:\/\/neuronup.com\/br\/wp-content\/uploads\/2024\/11\/La-enfermedad-de-alzheimer-como-constructo-clinico-biologico-recomendacion-de-un-grupo-de-trabajo-internacional-NeuronUP-1-1024x576.webp 1024w, https:\/\/neuronup.com\/br\/wp-content\/uploads\/2024\/11\/La-enfermedad-de-alzheimer-como-constructo-clinico-biologico-recomendacion-de-un-grupo-de-trabajo-internacional-NeuronUP-1.webp 1200w\" sizes=\"(max-width:599px) 599px, (min-width:600px) and (max-width: 799px) 799px, (min-width:800px) and (max-width: 999px) 333px, (min-width:1000px) 400px\" \/><\/a><div class=\"entry-wrap entry-wrap-grid\"><h3 class=\"entry-title\" itemprop=\"headline\"><a class=\"entry-title-link\" href=\"https:\/\/neuronup.com\/br\/noticias-de-estimulacao-cognitiva\/doencas-neurodegenerativas\/alzheimer\/deteccao-de-alzheimer-em-adultos-maiores\/\" rel=\"bookmark\">Detec\u00e7\u00e3o de Alzheimer em idosos<\/a><\/h3>\n<\/div><\/article><article class=\"entry entry-grid is-column has-entry-link has-image has-image-first type-post category-metodos-e-tecnicas-de-intervencao-terapeutica-e-psicologica tag-atencao tag-reabilitacao-cognitiva\" style=\"--entry-index:2;\" aria-label=\"A aten\u00e7\u00e3o alternada e suas formas de reabilita\u00e7\u00e3o\" itemscope itemtype=\"https:\/\/schema.org\/CreativeWork\"><a class=\"entry-image-link\" href=\"https:\/\/neuronup.com\/br\/noticias-de-estimulacao-cognitiva\/metodos-e-tecnicas-de-intervencao-terapeutica-e-psicologica\/a-atencao-alternante-e-suas-formas-de-reabilitacao\/\" tabindex=\"-1\" aria-hidden=\"true\"><img decoding=\"async\" width=\"400\" height=\"267\" src=\"https:\/\/neuronup.com\/br\/wp-content\/uploads\/2022\/05\/ES-madre-hciendo-2-cosas-a-la-vez-trabajando-la-atencion-alternante-1.webp\" class=\"entry-image size-landscape-sm\" alt=\"Mulher com cabelos cacheados segura beb\u00ea no colo, fala ao telefone, com mesa de alimentos variados ao fundo em cozinha moderna.\" srcset=\"https:\/\/neuronup.com\/br\/wp-content\/uploads\/2022\/05\/ES-madre-hciendo-2-cosas-a-la-vez-trabajando-la-atencion-alternante-1-300x200.webp 300w, https:\/\/neuronup.com\/br\/wp-content\/uploads\/2022\/05\/ES-madre-hciendo-2-cosas-a-la-vez-trabajando-la-atencion-alternante-1-768x512.webp 768w, https:\/\/neuronup.com\/br\/wp-content\/uploads\/2022\/05\/ES-madre-hciendo-2-cosas-a-la-vez-trabajando-la-atencion-alternante-1.webp 1000w\" sizes=\"(max-width:599px) 599px, (min-width:600px) and (max-width: 799px) 799px, (min-width:800px) and (max-width: 999px) 333px, (min-width:1000px) 400px\" \/><\/a><div class=\"entry-wrap entry-wrap-grid\"><h3 class=\"entry-title\" itemprop=\"headline\"><a class=\"entry-title-link\" href=\"https:\/\/neuronup.com\/br\/noticias-de-estimulacao-cognitiva\/metodos-e-tecnicas-de-intervencao-terapeutica-e-psicologica\/a-atencao-alternante-e-suas-formas-de-reabilitacao\/\" rel=\"bookmark\">A aten\u00e7\u00e3o alternada e suas formas de reabilita\u00e7\u00e3o<\/a><\/h3>\n<\/div><\/article><article class=\"entry entry-grid is-column has-entry-link has-image has-image-first type-post category-psicologia tag-saude-mental\" style=\"--entry-index:3;\" aria-label=\"Os famosos contribuem para normalizar os problemas de sa\u00fade mental\" itemscope itemtype=\"https:\/\/schema.org\/CreativeWork\"><a class=\"entry-image-link\" href=\"https:\/\/neuronup.com\/br\/psicologia\/os-famosos-contribuem-para-normalizar-os-problemas-de-saude-mental\/\" tabindex=\"-1\" aria-hidden=\"true\"><img decoding=\"async\" width=\"400\" height=\"267\" src=\"https:\/\/neuronup.com\/br\/wp-content\/uploads\/2023\/02\/famosos-hablan-de-salud-mental-scaled-1.webp\" class=\"entry-image size-landscape-sm\" alt=\"Figura humana de costas, silhueta diante de uma janela iluminada com quatro pain\u00e9is, fundo escuro.\" srcset=\"https:\/\/neuronup.com\/br\/wp-content\/uploads\/2023\/02\/famosos-hablan-de-salud-mental-scaled-1-300x200.webp 300w, https:\/\/neuronup.com\/br\/wp-content\/uploads\/2023\/02\/famosos-hablan-de-salud-mental-scaled-1-768x512.webp 768w, https:\/\/neuronup.com\/br\/wp-content\/uploads\/2023\/02\/famosos-hablan-de-salud-mental-scaled-1-1024x683.webp 1024w, https:\/\/neuronup.com\/br\/wp-content\/uploads\/2023\/02\/famosos-hablan-de-salud-mental-scaled-1-1536x1024.webp 1536w, https:\/\/neuronup.com\/br\/wp-content\/uploads\/2023\/02\/famosos-hablan-de-salud-mental-scaled-1-2048x1366.webp 2048w, https:\/\/neuronup.com\/br\/wp-content\/uploads\/2023\/02\/famosos-hablan-de-salud-mental-scaled-1.webp 2560w\" sizes=\"(max-width:599px) 599px, (min-width:600px) and (max-width: 799px) 799px, (min-width:800px) and (max-width: 999px) 333px, (min-width:1000px) 400px\" \/><\/a><div class=\"entry-wrap entry-wrap-grid\"><h3 class=\"entry-title\" itemprop=\"headline\"><a class=\"entry-title-link\" href=\"https:\/\/neuronup.com\/br\/psicologia\/os-famosos-contribuem-para-normalizar-os-problemas-de-saude-mental\/\" rel=\"bookmark\">Os famosos contribuem para normalizar os problemas de sa\u00fade mental<\/a><\/h3>\n<\/div><\/article><article class=\"entry entry-grid is-column has-entry-link has-image has-image-first type-post category-noticias-de-estimulacao-cognitiva tag-reabilitacao-cognitiva\" style=\"--entry-index:4;\" aria-label=\"\u201cA NeuronUP refor\u00e7a a figura do profissional\u201d\" itemscope itemtype=\"https:\/\/schema.org\/CreativeWork\"><a class=\"entry-image-link\" href=\"https:\/\/neuronup.com\/br\/noticias-de-estimulacao-cognitiva\/a-neuronup-reforca-a-figura-do-profissional\/\" tabindex=\"-1\" aria-hidden=\"true\"><img decoding=\"async\" width=\"400\" height=\"300\" src=\"https:\/\/neuronup.com\/br\/wp-content\/uploads\/2024\/12\/trabalho-reabilitacao-400x300.webp\" class=\"entry-image size-landscape-sm\" alt=\"Captura de tela de tablet com calend\u00e1rio de sess\u00f5es de maio de 2020, sess\u00f5es coloridas por tipo e uso de stylus.\" srcset=\"https:\/\/neuronup.com\/br\/wp-content\/uploads\/2024\/12\/trabalho-reabilitacao-400x300.webp 400w, https:\/\/neuronup.com\/br\/wp-content\/uploads\/2024\/12\/trabalho-reabilitacao-800x600.webp 800w\" sizes=\"(max-width:599px) 599px, (min-width:600px) and (max-width: 799px) 799px, (min-width:800px) and (max-width: 999px) 333px, (min-width:1000px) 400px\" \/><\/a><div class=\"entry-wrap entry-wrap-grid\"><h3 class=\"entry-title\" itemprop=\"headline\"><a class=\"entry-title-link\" href=\"https:\/\/neuronup.com\/br\/noticias-de-estimulacao-cognitiva\/a-neuronup-reforca-a-figura-do-profissional\/\" rel=\"bookmark\">\u201cA NeuronUP refor\u00e7a a figura do profissional\u201d<\/a><\/h3>\n<\/div><\/article><article class=\"entry entry-grid is-column has-entry-link has-image has-image-first type-post category-atividades-para-criancas-com-necessidades-especiais tag-atividades-de-estimulacao-cognitiva tag-atividades-de-estimulacao-cognitiva-para-criancas tag-criancas tag-transtornos-do-neurodesenvolvimento\" style=\"--entry-index:5;\" aria-label=\"A aprendizagem em estudantes com necessidades educacionais especiais\" itemscope itemtype=\"https:\/\/schema.org\/CreativeWork\"><a class=\"entry-image-link\" href=\"https:\/\/neuronup.com\/br\/atividades-de-neurorreabilitacao\/atividades-para-criancas-com-necessidades-especiais\/o-aprendizado-em-estudantes-com-necessidades-educativas-especiais\/\" tabindex=\"-1\" aria-hidden=\"true\"><img decoding=\"async\" width=\"400\" height=\"286\" src=\"https:\/\/neuronup.com\/br\/wp-content\/uploads\/2023\/10\/Nina-con-necesidades-educativas-especiales-1.webp\" class=\"entry-image size-landscape-sm\" alt=\"Grupo de tr\u00eas crian\u00e7as e duas adultas em atividade de desenho, com canetas coloridas, pap\u00e9is sobre a mesa e ambiente acolhedor.\" srcset=\"https:\/\/neuronup.com\/br\/wp-content\/uploads\/2023\/10\/Nina-con-necesidades-educativas-especiales-1-300x214.webp 300w, https:\/\/neuronup.com\/br\/wp-content\/uploads\/2023\/10\/Nina-con-necesidades-educativas-especiales-1-768x548.webp 768w, https:\/\/neuronup.com\/br\/wp-content\/uploads\/2023\/10\/Nina-con-necesidades-educativas-especiales-1-1024x731.webp 1024w, https:\/\/neuronup.com\/br\/wp-content\/uploads\/2023\/10\/Nina-con-necesidades-educativas-especiales-1.webp 1200w\" sizes=\"(max-width:599px) 599px, (min-width:600px) and (max-width: 799px) 799px, (min-width:800px) and (max-width: 999px) 333px, (min-width:1000px) 400px\" \/><\/a><div class=\"entry-wrap entry-wrap-grid\"><h3 class=\"entry-title\" itemprop=\"headline\"><a class=\"entry-title-link\" href=\"https:\/\/neuronup.com\/br\/atividades-de-neurorreabilitacao\/atividades-para-criancas-com-necessidades-especiais\/o-aprendizado-em-estudantes-com-necessidades-educativas-especiais\/\" rel=\"bookmark\">A aprendizagem em estudantes com necessidades educacionais especiais<\/a><\/h3>\n<\/div><\/article><article class=\"entry entry-grid is-column has-entry-link has-image has-image-first type-post category-noticias-de-estimulacao-cognitiva tag-estimulacao-cognitiva tag-inteligencia-artifiicial tag-novidades-neuronup tag-semana-do-cerebro\" style=\"--entry-index:6;\" aria-label=\"Realidade virtual em terapia cognitiva: Aplica\u00e7\u00f5es e benef\u00edcios em neuropsicologia\" itemscope itemtype=\"https:\/\/schema.org\/CreativeWork\"><a class=\"entry-image-link\" href=\"https:\/\/neuronup.com\/br\/noticias-de-estimulacao-cognitiva\/realidade-virtual-em-terapia-cognitiva-aplicacoes-e-beneficios-em-neuropsicologia\/\" tabindex=\"-1\" aria-hidden=\"true\"><img decoding=\"async\" width=\"400\" height=\"300\" src=\"https:\/\/neuronup.com\/br\/wp-content\/uploads\/2025\/03\/Realidad-virtual-en-terapia-cognitiva-Aplicaciones-y-beneficios-en-neuropsicologia-400x300.webp\" class=\"entry-image size-landscape-sm\" alt=\"Cientista com jaleco e \u00f3culos de realidade virtual em laborat\u00f3rio, participante com headset VR e EEG, ambiente cient\u00edfico.\" srcset=\"https:\/\/neuronup.com\/br\/wp-content\/uploads\/2025\/03\/Realidad-virtual-en-terapia-cognitiva-Aplicaciones-y-beneficios-en-neuropsicologia-400x300.webp 400w, https:\/\/neuronup.com\/br\/wp-content\/uploads\/2025\/03\/Realidad-virtual-en-terapia-cognitiva-Aplicaciones-y-beneficios-en-neuropsicologia-800x600.webp 800w\" sizes=\"(max-width:599px) 599px, (min-width:600px) and (max-width: 799px) 799px, (min-width:800px) and (max-width: 999px) 333px, (min-width:1000px) 400px\" \/><\/a><div class=\"entry-wrap entry-wrap-grid\"><h3 class=\"entry-title\" itemprop=\"headline\"><a class=\"entry-title-link\" href=\"https:\/\/neuronup.com\/br\/noticias-de-estimulacao-cognitiva\/realidade-virtual-em-terapia-cognitiva-aplicacoes-e-beneficios-em-neuropsicologia\/\" rel=\"bookmark\">Realidade virtual em terapia cognitiva: Aplica\u00e7\u00f5es e benef\u00edcios em neuropsicologia<\/a><\/h3>\n<\/div><\/article><\/div><\/div>","protected":false},"excerpt":{"rendered":"<p>O neuropsic\u00f3logo cl\u00ednico Aar\u00f3n Del Olmo responde \u00e0s d\u00favidas sobre sua palestra de a percep\u00e7\u00e3o sobre como funciona nosso c\u00e9rebro na #NeuronUPAcademy da NeuronUP. Se voc\u00ea quiser assistir \u00e0 palestra sob demanda, ela est\u00e1 dispon\u00edvel com exclusividade na NeuronUP Academy. D\u00favidas sobre a palestra sobre o c\u00e9rebro de Aar\u00f3n Del Olmo 1. Diana Baez: Em &hellip;<\/p>\n","protected":false},"author":7,"featured_media":33981,"comment_status":"open","ping_status":"open","sticky":false,"template":"","format":"standard","meta":{"_acf_changed":false,"_genesis_hide_title":false,"_genesis_hide_breadcrumbs":false,"_genesis_hide_singular_image":false,"_genesis_hide_footer_widgets":false,"_genesis_custom_body_class":"","_genesis_custom_post_class":"","_genesis_layout":"","footnotes":""},"categories":[517],"tags":[701],"class_list":{"2":"type-post","7":"category-neuronup-academy","8":"tag-academia-neuronup","9":"entry"},"acf":[],"_links":{"self":[{"href":"https:\/\/neuronup.com\/br\/wp-json\/wp\/v2\/posts\/40924","targetHints":{"allow":["GET"]}}],"collection":[{"href":"https:\/\/neuronup.com\/br\/wp-json\/wp\/v2\/posts"}],"about":[{"href":"https:\/\/neuronup.com\/br\/wp-json\/wp\/v2\/types\/post"}],"author":[{"embeddable":true,"href":"https:\/\/neuronup.com\/br\/wp-json\/wp\/v2\/users\/7"}],"replies":[{"embeddable":true,"href":"https:\/\/neuronup.com\/br\/wp-json\/wp\/v2\/comments?post=40924"}],"version-history":[{"count":0,"href":"https:\/\/neuronup.com\/br\/wp-json\/wp\/v2\/posts\/40924\/revisions"}],"wp:featuredmedia":[{"embeddable":true,"href":"https:\/\/neuronup.com\/br\/wp-json\/wp\/v2\/media\/33981"}],"wp:attachment":[{"href":"https:\/\/neuronup.com\/br\/wp-json\/wp\/v2\/media?parent=40924"}],"wp:term":[{"taxonomy":"category","embeddable":true,"href":"https:\/\/neuronup.com\/br\/wp-json\/wp\/v2\/categories?post=40924"},{"taxonomy":"post_tag","embeddable":true,"href":"https:\/\/neuronup.com\/br\/wp-json\/wp\/v2\/tags?post=40924"}],"curies":[{"name":"wp","href":"https:\/\/api.w.org\/{rel}","templated":true}]}}