{"id":40397,"date":"2025-06-03T08:00:00","date_gmt":"2025-06-03T06:00:00","guid":{"rendered":"https:\/\/neuronup.com\/?p=40397"},"modified":"2026-08-13T13:04:14","modified_gmt":"2026-08-13T11:04:14","slug":"como-otimizou-o-centro-lescer-suas-intervencoes-terapeuticas-com-neuronup","status":"publish","type":"post","link":"https:\/\/neuronup.com\/br\/noticias-de-estimulacao-cognitiva\/depoimentos\/como-otimizou-o-centro-lescer-suas-intervencoes-terapeuticas-com-neuronup\/","title":{"rendered":"Como o Centro Lescer otimizou suas interven\u00e7\u00f5es terap\u00eauticas com o NeuronUP"},"content":{"rendered":"\n<p class=\"has-xl-font-size wp-block-paragraph\">Patricia Mart\u00edn Guti\u00e9rrez, Supervisora de Fonoaudiologia no Centro Lescer, apresenta neste artigo <strong>como otimizaram o enfoque terap\u00eautico do centro com a ajuda da NeuronUP<\/strong> e alguns exemplos de terapias individuais e grupais.<\/p>\n\n\n\n<h2 class=\"wp-block-heading\">Introdu\u00e7\u00e3o<\/h2>\n\n\n\n<p class=\"wp-block-paragraph\">Como fonoaudi\u00f3loga no <a href=\"https:\/\/www.lescer.es\/\">Centro Lescer<\/a>, tive o privil\u00e9gio de acompanhar numerosos pacientes em seu processo de recupera\u00e7\u00e3o e melhoria de suas capacidades comunicativas e cognitivas. <strong>Cada dia vejo como a reabilita\u00e7\u00e3o cognitiva pode fazer uma diferen\u00e7a real <\/strong>na vida de quem sofreu dano cerebral adquirido (DCA) ou outras condi\u00e7\u00f5es neurol\u00f3gicas. Desde o primeiro contato com o paciente at\u00e9 os avan\u00e7os alcan\u00e7ados com esfor\u00e7o e dedica\u00e7\u00e3o, cada hist\u00f3ria \u00e9 um testemunho do impacto positivo do nosso trabalho.<\/p>\n\n\n\n<p class=\"wp-block-paragraph\">Em nosso centro, a <strong>fonoaudiologia desempenha um papel essencial dentro da reabilita\u00e7\u00e3o neurol\u00f3gica<\/strong>, ajudando a recuperar fun\u00e7\u00f5es relacionadas com a comunica\u00e7\u00e3o, a fala, a voz e a degluti\u00e7\u00e3o. <\/p>\n\n\n\n<p class=\"wp-block-paragraph\"><strong>A chegada da plataforma <a href=\"https:\/\/neuronup.com\/br\/\">NeuronUP<\/a> \u00e0s nossas sess\u00f5es representou uma revolu\u00e7\u00e3o na forma como abordamos a estimula\u00e7\u00e3o cognitiva<\/strong>. Sua implementa\u00e7\u00e3o nos permitiu oferecer interven\u00e7\u00f5es mais din\u00e2micas, personalizadas e motivadoras para nossos pacientes. <\/p>\n\n\n\n<h2 class=\"wp-block-heading\">Sobre o Centro Lescer<\/h2>\n\n\n\n<h3 class=\"wp-block-heading\">O que \u00e9 o Centro Lescer?<\/h3>\n\n\n\n<p class=\"wp-block-paragraph\">O Centro Lescer nasceu com a <strong>miss\u00e3o de oferecer servi\u00e7os integrais de neurorreabilita\u00e7\u00e3o a pessoas afetadas por dano cerebral adquirido<\/strong>, como podem ser AVC, tumores, traumatismos cranioencef\u00e1licos, polineuropatias, doen\u00e7as neurodegenerativas, etc. Com <strong>tr\u00eas d\u00e9cadas de trajet\u00f3ria<\/strong>, o centro consolidou-se como um espa\u00e7o interdisciplinar onde convergem profissionais especializados para dar a cobertura que nossos pacientes necessitam.<\/p>\n\n\n\n<h3 class=\"wp-block-heading\">Como \u00e9 a equipe profissional do Centro Lescer?<\/h3>\n\n\n\n<p class=\"wp-block-paragraph\">O centro <strong>destaca-se por seu enfoque hol\u00edstico<\/strong>, combinando terapias baseadas em evid\u00eancia cient\u00edfica com um trato humano pr\u00f3ximo. Sua equipe \u00e9 formada por:<\/p>\n\n\n\n<ul class=\"wp-block-list\">\n<li>Neurologistas respons\u00e1veis por avalia\u00e7\u00f5es diagn\u00f3sticas.<\/li>\n\n\n\n<li>Neuropsic\u00f3logos especializados na recupera\u00e7\u00e3o dos aspectos cognitivos.<\/li>\n\n\n\n<li>Fisioterapeutas especializados na recupera\u00e7\u00e3o motora.<\/li>\n\n\n\n<li>Fonoaudi\u00f3logos especialistas em transtornos da comunica\u00e7\u00e3o, fala, voz e degluti\u00e7\u00e3o.<\/li>\n\n\n\n<li>Terapeutas ocupacionais focados na autonomia di\u00e1ria.<\/li>\n\n\n\n<li>Assistente social.<\/li>\n\n\n\n<li>Enfermeiro.<\/li>\n\n\n\n<li>Auxiliares.<\/li>\n<\/ul>\n\n\n\n<h3 class=\"wp-block-heading\">Qual \u00e9 a especialidade do Centro Lescer?<\/h3>\n\n\n\n<p class=\"wp-block-paragraph\">Para garantir uma aten\u00e7\u00e3o integral, <strong>o centro est\u00e1 organizado em diversas unidades especializadas<\/strong> que abordam as distintas necessidades de nossos pacientes:<\/p>\n\n\n\n<h4 class=\"wp-block-heading\">Unidade hospitalar<\/h4>\n\n\n\n<p class=\"wp-block-paragraph\">Destinada a <strong>pacientes que necessitam de aten\u00e7\u00e3o intensiva e cont\u00ednua devido \u00e0 gravidade de sua condi\u00e7\u00e3o<\/strong> neurol\u00f3gica. Nesta unidade, os profissionais trabalham de forma coordenada para abordar as necessidades m\u00e9dicas, funcionais e cognitivas de cada paciente, garantindo uma reabilita\u00e7\u00e3o completa.<\/p>\n\n\n\n<h4 class=\"wp-block-heading\">Unidade de aten\u00e7\u00e3o domiciliar<\/h4>\n\n\n\n<p class=\"wp-block-paragraph\">Pensada para aqueles<strong> pacientes que<\/strong>, por diversas raz\u00f5es, <strong>n\u00e3o podem deslocar-se at\u00e9 o centro<\/strong>. Nossa equipe de profissionais desloca-se at\u00e9 suas resid\u00eancias para oferecer uma reabilita\u00e7\u00e3o adaptada, garantindo a continuidade do tratamento e favorecendo a recupera\u00e7\u00e3o em um ambiente familiar.<\/p>\n\n\n\n<h4 class=\"wp-block-heading\">Unidade ambulatorial<\/h4>\n\n\n\n<p class=\"wp-block-paragraph\">Projetada para <strong>pacientes que requerem tratamento peri\u00f3dico sem necessidade de hospitaliza\u00e7\u00e3o<\/strong>. Aqui s\u00e3o oferecidas sess\u00f5es programadas de fonoaudiologia, fisioterapia, terapia ocupacional e neuropsicologia, permitindo a continuidade da reabilita\u00e7\u00e3o sem afetar sua rotina di\u00e1ria.<\/p>\n\n\n\n<h4 class=\"wp-block-heading\">Centro de dia<\/h4>\n\n\n\n<p class=\"wp-block-paragraph\">Focado na <strong>aten\u00e7\u00e3o diurna de pacientes com altera\u00e7\u00f5es neurol\u00f3gicas<\/strong> que necessitam de acompanhamento terap\u00eautico constante, mas que podem retornar \u00e0s suas casas ao final do dia. Aqui s\u00e3o realizados programas personalizados de reabilita\u00e7\u00e3o, combinando terapia f\u00edsica, ocupacional, fonoaudiol\u00f3gica e neuropsicol\u00f3gica em um ambiente estruturado.<\/p>\n\n\n\n<h4 class=\"wp-block-heading\">Unidade de telerreabilita\u00e7\u00e3o<\/h4>\n\n\n\n<p class=\"wp-block-paragraph\">Para aqueles <strong>pacientes que n\u00e3o podem comparecer ao centro<\/strong> por seu local de resid\u00eancia, porque n\u00e3o tenham ningu\u00e9m que os possa trazer em per\u00edodo de f\u00e9rias, ou porque seus problemas m\u00e9dicos lhes impe\u00e7am de vir \u00e0s nossas instala\u00e7\u00f5es. No Centro Lescer aumentamos e melhoramos nossa unidade de telereabilita\u00e7\u00e3o.<\/p>\n\n\n\n<p class=\"wp-block-paragraph\">Em Lescer <strong>nos concentramos no mapa da jornada do paciente<\/strong>, ou seja, o percurso que o paciente segue desde sua admiss\u00e3o at\u00e9 sua reabilita\u00e7\u00e3o completa. Come\u00e7amos com a primeira avalia\u00e7\u00e3o inicial, onde estabelecemos um plano de tratamento interdisciplinar ajustado \u00e0s suas necessidades, completamente individualizado segundo os objetivos marcados tanto pelo paciente quanto por sua fam\u00edlia. Ao longo do processo, realizamos acompanhamentos peri\u00f3dicos para avaliar seu progresso e adaptar as interven\u00e7\u00f5es conforme sua evolu\u00e7\u00e3o. Esse enfoque nos permite garantir uma reabilita\u00e7\u00e3o mais efetiva, centrada em objetivos alcan\u00e7\u00e1veis e com uma vis\u00e3o a longo prazo para melhorar a qualidade de vida do paciente.<\/p>\n\n\n\n<h3 class=\"wp-block-heading\">Qual \u00e9 o perfil dos usu\u00e1rios do Centro Lescer?<\/h3>\n\n\n\n<p class=\"wp-block-paragraph\">Em Lescer trabalhamos com pessoas que sofreram:<\/p>\n\n\n\n<ul class=\"wp-block-list\">\n<li>Dano cerebral adquirido (DCA).<\/li>\n\n\n\n<li>Tumores.<\/li>\n\n\n\n<li>Doen\u00e7as neurodegenerativas.<\/li>\n<\/ul>\n\n\n\n<div style=\"height:50px\" aria-hidden=\"true\" class=\"wp-block-spacer\"><\/div>\n\n\n\n<div class=\"wp-block-group br-0111 has-primary-background-color has-background has-dark-background has-sm-padding-top has-sm-padding-left has-sm-padding-right has-xxl-margin-top\"><div class=\"wp-block-group__inner-container is-layout-constrained wp-block-group-is-layout-constrained\">\n<div class=\"wp-block-columns is-layout-flex wp-container-core-columns-is-layout-8f761849 wp-block-columns-is-layout-flex\">\n<div class=\"wp-block-column is-layout-flow wp-block-column-is-layout-flow\">\n<figure class=\"wp-block-image size-full desktop-position-absolute desktop-bottom-0 mobile-width-50 mobile-m-inline-auto has-xl-margin-top\"><img decoding=\"async\" width=\"292\" height=\"338\" src=\"https:\/\/neuronup.com\/br\/wp-content\/uploads\/2024\/10\/certificado-de-produto.webp\" alt=\"\" class=\"wp-image-31568\" srcset=\"https:\/\/neuronup.com\/br\/wp-content\/uploads\/2024\/10\/certificado-de-produto-259x300.webp 259w, https:\/\/neuronup.com\/br\/wp-content\/uploads\/2024\/10\/certificado-de-produto.webp 292w\" sizes=\"(max-width: 292px) 100vw, 292px\" \/><\/figure>\n<\/div>\n\n\n\n<div class=\"wp-block-column is-layout-flow wp-block-column-is-layout-flow\">\n<h2 class=\"wp-block-heading has-white-color has-text-color\"><strong>Inscreva-se<\/strong> <br>na nossa <br>Newsletter<\/h2>\n\n\n\n<div class=\"wp-block-buttons is-layout-flex wp-block-buttons-is-layout-flex\">\n<div class=\"wp-block-button--1\" style=\"--button-outline-color:var(--color-white);--button-outline-color-hover:rgba(0,0,0,0.8);\"><a class=\"wp-block-button__link button button-outline   wp-element-button\" href=\"https:\/\/neuronup.com\/br\/newsletter\/\">Inscreva-se<\/a><\/div>\n\n<\/div>\n\n\n\n<div style=\"height:40px\" aria-hidden=\"true\" class=\"wp-block-spacer\"><\/div>\n<\/div>\n<\/div>\n<\/div><\/div>\n\n\n\n\n<div style=\"height:50px\" aria-hidden=\"true\" class=\"wp-block-spacer\"><\/div>\n\n\n\n<h2 class=\"wp-block-heading\">O Centro Lescer como centro de reabilita\u00e7\u00e3o e estimula\u00e7\u00e3o cognitiva<\/h2>\n\n\n\n<h3 class=\"wp-block-heading\">Qual \u00e9 o enfoque das terapias de reabilita\u00e7\u00e3o e estimula\u00e7\u00e3o cognitiva?<\/h3>\n\n\n\n<p class=\"wp-block-paragraph\">Em Lescer adotamos um enfoque integral baseado na Classifica\u00e7\u00e3o Internacional de Funcionalidade (CIF),<strong> centrado nas necessidades do paciente e seu entorno<\/strong>. Nosso objetivo \u00e9 desenhar planos de reabilita\u00e7\u00e3o personalizados que abordem tanto as fun\u00e7\u00f5es f\u00edsicas quanto cognitivas afetadas pelo dano cerebral.<\/p>\n\n\n\n<p class=\"wp-block-paragraph\">A estimula\u00e7\u00e3o cognitiva \u00e9 parte fundamental de nossas terapias, pois busca melhorar habilidades como mem\u00f3ria, aten\u00e7\u00e3o, linguagem e fun\u00e7\u00f5es executivas, essenciais para a reintegra\u00e7\u00e3o social e laboral de nossos pacientes. Concretamente,<strong> a estimula\u00e7\u00e3o cognitiva faz parte das terapias realizadas em todas as unidades do centro<\/strong>. <\/p>\n\n\n\n<p class=\"wp-block-paragraph\">No caso da unidade do centro de dia, realiza-se tanto em sess\u00f5es individuais quanto grupais; enquanto, nas demais unidades, realiza-se em terapias individuais. Em fonoaudiologia, prioriza-se a recupera\u00e7\u00e3o da comunica\u00e7\u00e3o e da degluti\u00e7\u00e3o, fundamentais para conseguir a reinser\u00e7\u00e3o do paciente.<\/p>\n\n\n\n<h3 class=\"wp-block-heading\">Reabilita\u00e7\u00e3o cognitiva com NeuronUP no Centro Lescer<\/h3>\n\n\n\n<h4 class=\"wp-block-heading\">Quais foram as raz\u00f5es para a implementa\u00e7\u00e3o do NeuronUP no Centro Lescer?<\/h4>\n\n\n\n<p class=\"wp-block-paragraph\">A decis\u00e3o de incorporar NeuronUP em nossas terapias surgiu da <strong>necessidade de dispor de uma ferramenta vers\u00e1til e atualizada que nos permitisse personalizar as interven\u00e7\u00f5es<\/strong> segundo as caracter\u00edsticas individuais de cada paciente. NeuronUP oferece uma ampla variedade de atividades e recursos que se adaptam a diferentes n\u00edveis de dificuldade e \u00e1reas cognitivas, o que facilita a cria\u00e7\u00e3o de programas de reabilita\u00e7\u00e3o espec\u00edficos e eficazes.<\/p>\n\n\n\n<p class=\"wp-block-paragraph\">Al\u00e9m disso, por ser uma ferramenta digital, \u00e9 muito motivadora para nossos pacientes.<\/p>\n\n\n\n<h4 class=\"wp-block-heading\">Quais s\u00e3o os benef\u00edcios do NeuronUP nas interven\u00e7\u00f5es dos usu\u00e1rios do Centro Lescer?<\/h4>\n\n\n\n<ol class=\"wp-block-list\">\n<li><strong>Personaliza\u00e7\u00e3o das terapias<\/strong>: a ampla gama de atividades dispon\u00edveis nos permite desenhar programas espec\u00edficos para cada paciente, atendendo \u00e0s suas necessidades e objetivos particulares.<\/li>\n\n\n\n<li><strong>Motiva\u00e7\u00e3o e compromisso<\/strong>: a interface interativa e as atividades din\u00e2micas do NeuronUP aumentam a motiva\u00e7\u00e3o dos pacientes, favorecendo sua participa\u00e7\u00e3o ativa no processo de reabilita\u00e7\u00e3o.<\/li>\n\n\n\n<li><strong>Acompanhamento detalhado<\/strong>: a plataforma oferece ferramentas de acompanhamento que facilitam a avalia\u00e7\u00e3o cont\u00ednua do progresso, permitindo ajustes oportunos nas terapias.<\/li>\n\n\n\n<li><strong>Acessibilidade<\/strong>: \u00e9 uma boa op\u00e7\u00e3o para o trabalho com pacientes da unidade de telereabilita\u00e7\u00e3o, garantindo a continuidade das terapias sem interrup\u00e7\u00f5es.<\/li>\n<\/ol>\n\n\n\n<div style=\"height:50px\" aria-hidden=\"true\" class=\"wp-block-spacer\"><\/div>\n\n<aside class=\"wp-block-group pb-0 br-0101 has-background has-xl-margin-top\" style=\"background:linear-gradient(135deg,rgb(0,128,150) 0%,rgb(0,171,199) 100%)\"><div class=\"wp-block-group__inner-container is-layout-constrained wp-block-group-is-layout-constrained\">\n<div class=\"wp-block-columns br-1010 is-layout-flex wp-container-core-columns-is-layout-8f761849 wp-block-columns-is-layout-flex\">\n<div class=\"wp-block-column is-vertically-aligned-center is-layout-flow wp-block-column-is-layout-flow\" style=\"flex-basis:60%\">\n<p class=\"has-text-align-center has-white-color has-text-color has-link-color has-xxl-font-size wp-elements-1 has-no-margin-top has-no-margin-bottom wp-block-paragraph\"> <strong>Trabalhe na NeuronUP<\/strong><\/p>\n\n\n\n<p class=\"has-text-align-center has-white-color has-text-color has-link-color has-sm-font-size wp-elements-2 has-no-margin-top has-no-margin-bottom wp-block-paragraph\">Desenvolva sua carreira no setor da sa\u00fade digital.<br>Junte-se \u00e0 nossa equipe.<\/p>\n\n\n\n<div style=\"height:10px\" aria-hidden=\"true\" class=\"wp-block-spacer\"><\/div>\n\n\n\n<div class=\"wp-block-buttons is-content-justification-center is-layout-flex wp-container-core-buttons-is-layout-fe48e5de wp-block-buttons-is-layout-flex\">\n<div class=\"wp-block-button has-custom-width wp-block-button__width-75\" style=\"--button-background:var(--color-custom-1);--button-background-hover:#cc7e00;\"><a class=\"wp-block-button__link button   has-sm-font-size has-custom-font-size wp-element-button\" href=\"https:\/\/neuronup.com\/br\/as-melhores-ofertas-de-emprego-para-profissionais-da-neurorreabilitacao\/\"><strong><strong>Ver vagas dispon\u00edveis<\/strong><\/strong><\/a><\/div>\n\n<\/div>\n<\/div>\n\n\n\n<div class=\"wp-block-column is-vertically-aligned-center is-layout-flow wp-block-column-is-layout-flow\" style=\"flex-basis:40%\"><div class=\"wp-block-image blog-br-0101\">\n<figure class=\"alignright size-large is-resized has--xxxl-margin-top has-no-margin-bottom\"><img decoding=\"async\" width=\"1024\" height=\"1024\" src=\"https:\/\/neuronup.com\/br\/wp-content\/uploads\/2026\/06\/Historias-exito-NeuronUP-14-2-1024x1024.webp\" alt=\"\" class=\"wp-image-51286\" style=\"width:361px;height:auto\" srcset=\"https:\/\/neuronup.com\/br\/wp-content\/uploads\/2026\/06\/Historias-exito-NeuronUP-14-2-24x24.webp 24w, https:\/\/neuronup.com\/br\/wp-content\/uploads\/2026\/06\/Historias-exito-NeuronUP-14-2-48x48.webp 48w, https:\/\/neuronup.com\/br\/wp-content\/uploads\/2026\/06\/Historias-exito-NeuronUP-14-2-80x80.webp 80w, https:\/\/neuronup.com\/br\/wp-content\/uploads\/2026\/06\/Historias-exito-NeuronUP-14-2-96x96.webp 96w, https:\/\/neuronup.com\/br\/wp-content\/uploads\/2026\/06\/Historias-exito-NeuronUP-14-2-150x150.webp 150w, https:\/\/neuronup.com\/br\/wp-content\/uploads\/2026\/06\/Historias-exito-NeuronUP-14-2-300x300.webp 300w, https:\/\/neuronup.com\/br\/wp-content\/uploads\/2026\/06\/Historias-exito-NeuronUP-14-2-768x768.webp 768w, https:\/\/neuronup.com\/br\/wp-content\/uploads\/2026\/06\/Historias-exito-NeuronUP-14-2-1024x1024.webp 1024w, https:\/\/neuronup.com\/br\/wp-content\/uploads\/2026\/06\/Historias-exito-NeuronUP-14-2.webp 1080w\" sizes=\"(max-width: 1024px) 100vw, 1024px\" \/><\/figure>\n<\/div><\/div>\n<\/div>\n<\/div><\/aside>\n\n\n\n<div style=\"height:50px\" aria-hidden=\"true\" class=\"wp-block-spacer\"><\/div>\n\n\n\n<h4 class=\"wp-block-heading\">Quais s\u00e3o os benef\u00edcios do NeuronUP para os profissionais do Centro Lescer?<\/h4>\n\n\n\n<ol class=\"wp-block-list\">\n<li><strong>Simplifica\u00e7\u00e3o <\/strong>do planeamento e gest\u00e3o das <strong>sess\u00f5es<\/strong>.<\/li>\n\n\n\n<li>Acesso a <strong>ferramentas de avalia\u00e7\u00e3o e acompanhamento detalhado<\/strong>.<\/li>\n\n\n\n<li>Possibilidade de <strong>criar programas personalizados<\/strong> em fun\u00e7\u00e3o dos objetivos terap\u00eauticos.<\/li>\n<\/ol>\n\n\n\n<h4 class=\"wp-block-heading\">Como tem sido a aceita\u00e7\u00e3o do NeuronUP por parte dos usu\u00e1rios do Centro Lescer?<\/h4>\n\n\n\n<p class=\"wp-block-paragraph\">A resposta tem sido muito positiva:<\/p>\n\n\n\n<ol class=\"wp-block-list\">\n<li><strong>Idosos<\/strong>: valorizam a simplicidade da interface e a sensa\u00e7\u00e3o de realiza\u00e7\u00e3o ao superar n\u00edveis. O feedback que a plataforma fornece faz com que os pacientes se motivem a ir avan\u00e7ando e realizando os exerc\u00edcios mais complexos, sem tanta frustra\u00e7\u00e3o.<\/li>\n\n\n\n<li><strong>Fam\u00edlias<\/strong>: agradecem poder participar em atividades desde casa atrav\u00e9s da vers\u00e3o para cuidadores.<\/li>\n<\/ol>\n\n\n\n<div style=\"height:50px\" aria-hidden=\"true\" class=\"wp-block-spacer\"><\/div>\n\n\n\n<h3 class=\"wp-block-heading\">Casos de sucesso no Centro Lescer gra\u00e7as ao trabalho com NeuronUP<\/h3>\n\n\n\n<h4 class=\"wp-block-heading\">Unidade domiciliar: terapia individual de afasia motora<\/h4>\n\n\n\n<p class=\"wp-block-paragraph\">A seguir apresentamos o caso de uma paciente com afasia motora. Trata-se de uma <strong>mulher de 67 anos que sofreu um AVC isqu\u00eamico na art\u00e9ria cerebral m\u00e9dia esquerda<\/strong> e com a qual inici\u00e1mos tratamento desde a unidade do hospital. L\u00e1 esteve duas semanas a receber uma sess\u00e3o di\u00e1ria de fonoaudiologia. \u00c0 alta do hospital, come\u00e7\u00e1mos a realizar o tratamento em sua resid\u00eancia.<\/p>\n\n\n\n<p class=\"wp-block-paragraph\">Como <strong>um dos objetivos que a paciente solicitava era fazer suas compras di\u00e1rias para come\u00e7ar a cozinhar<\/strong>, come\u00e7\u00e1mos a trabalhar tanto o reconhecimento quanto o uso do dinheiro, o vocabul\u00e1rio e as listas de compras. Esse grande objetivo foi realizado entre terapia ocupacional e fonoaudiologia, proporcionando tratamento uma hora pela manh\u00e3 com o terapeuta ocupacional e outra hora \u00e0 tarde com fonoaudiologia.<\/p>\n\n\n\n<p class=\"wp-block-paragraph\"><strong>Tanto o terapeuta ocupacional quanto o fonoaudi\u00f3logo utilizaram o NeuronUP<\/strong> com o objetivo de trabalhar o conceito do dinheiro, seu reconhecimento, o pagamento de quantias e pequenos c\u00e1lculos mentais. Fic\u00e1mos um m\u00eas realizando esse trabalho, para posteriormente coloc\u00e1\u2011lo em pr\u00e1tica: sa\u00edamos com ela ao supermercado e, aos poucos, \u00edamos retirando nossa ajuda para que terminasse por completo realizando a tarefa sozinha, apenas com nossa presen\u00e7a.<\/p>\n\n\n\n<p class=\"wp-block-paragraph\">Finalmente, ap\u00f3s dois meses de terapia, a paciente com afasia motora conseguiu realizar pequenas compras em lojas pr\u00f3ximas \u00e0 sua casa.&nbsp;<\/p>\n\n\n\n<div style=\"height:50px\" aria-hidden=\"true\" class=\"wp-block-spacer\"><\/div>\n\n\n<div class=\"wp-block-image image-interface\">\n<figure class=\"aligncenter size-large\"><img decoding=\"async\" width=\"1024\" height=\"893\" src=\"https:\/\/neuronup.com\/br\/wp-content\/uploads\/2025\/05\/Usuaria-de-la-Unidad-domiciliaria-trabajando-con-NeuronUP-en-su-terapia-individual-de-afasia-motora-1024x893.webp\" alt=\"Usu\u00e1ria em domic\u00edlio utilizando o NeuronUP em um tablet durante uma sess\u00e3o individual de afasia motora.\" class=\"wp-image-40404\" srcset=\"https:\/\/neuronup.com\/br\/wp-content\/uploads\/2025\/05\/Usuaria-de-la-Unidad-domiciliaria-trabajando-con-NeuronUP-en-su-terapia-individual-de-afasia-motora-300x262.webp 300w, https:\/\/neuronup.com\/br\/wp-content\/uploads\/2025\/05\/Usuaria-de-la-Unidad-domiciliaria-trabajando-con-NeuronUP-en-su-terapia-individual-de-afasia-motora-768x669.webp 768w, https:\/\/neuronup.com\/br\/wp-content\/uploads\/2025\/05\/Usuaria-de-la-Unidad-domiciliaria-trabajando-con-NeuronUP-en-su-terapia-individual-de-afasia-motora-1024x893.webp 1024w, https:\/\/neuronup.com\/br\/wp-content\/uploads\/2025\/05\/Usuaria-de-la-Unidad-domiciliaria-trabajando-con-NeuronUP-en-su-terapia-individual-de-afasia-motora.webp 1200w\" sizes=\"(max-width: 1024px) 100vw, 1024px\" \/><figcaption class=\"wp-element-caption\">Usu\u00e1ria da Unidade domiciliar trabalhando com o NeuronUP em sua terapia individual de afasia motora.<\/figcaption><\/figure>\n<\/div>\n\n\n<div style=\"height:50px\" aria-hidden=\"true\" class=\"wp-block-spacer\"><\/div>\n\n\n\n<h5 class=\"wp-block-heading\">Atividades do NeuronUP com as quais se trabalhou nesta terapia individual de afasia motora<\/h5>\n\n\n\n<ul class=\"wp-block-list\">\n<li><a href=\"https:\/\/neuronup.com\/br\/atividades-de-neurorreabilitacao\/para-funcoes-cognitivas\/de-gnosias\/atividade-de-gnosias-visuais-para-adultos\/\"><em>Classifica o dinheiro<\/em><\/a>, uma atividade para adultos pensada para trabalhar as gnosias visuais e a aten\u00e7\u00e3o seletiva.&nbsp;<\/li>\n\n\n\n<li><a href=\"https:\/\/neuronup.com\/br\/noticias-de-estimulacao-cognitiva\/10-exercicios-de-estimulacao-cognitiva\/\"><em>Pagamentos exatos<\/em><\/a>, um exerc\u00edcio para adultos focado na mem\u00f3ria de trabalho, no planeamento e nas compras.<\/li>\n\n\n\n<li><a href=\"https:\/\/neuronup.com\/br\/atividades-de-neurorreabilitacao\/atividades-da-vida-diaria-avds\/atividades-instrumentais-da-vida-diaria-que-sao-tipos-e-exemplos\/\"><em>Objetos, estabelecimentos e profissionais<\/em><\/a>, fichas para adultos dirigidas a treinar a orienta\u00e7\u00e3o espacial e as compras.<\/li>\n<\/ul>\n\n\n\n<h5 class=\"wp-block-heading\">Resumo desta segunda terapia individual dirigida a trabalhar a afasia motora<\/h5>\n\n\n\n<ul class=\"wp-block-list\">\n<li><strong>Objetivos:<\/strong> reconhecimento e uso do dinheiro; al\u00e9m do uso do vocabul\u00e1rio adaptado ao contexto.<\/li>\n\n\n\n<li><strong>Resultados observados:<\/strong> em dois meses conseguiu realizar pequenas compras em lojas pr\u00f3ximas \u00e0 sua casa.<\/li>\n<\/ul>\n\n\n\n<h4 class=\"wp-block-heading\">Unidade ambulatorial: terapia individual de afasia motora<\/h4>\n\n\n\n<p class=\"wp-block-paragraph\">Neste caso abordamos tamb\u00e9m um caso de afasia motora, mas desta vez desde a unidade ambulatorial. Trata\u2011se de um paciente do sexo masculino que sofreu, assim como a paciente anterior, um <strong>AVC isqu\u00eamico na art\u00e9ria cerebral m\u00e9dia esquerda<\/strong>.<\/p>\n\n\n\n<p class=\"wp-block-paragraph\">Quando chegou ao nosso centro j\u00e1 apresentava uma <strong>evolu\u00e7\u00e3o de dois anos e padecia de uma afasia motora, com anomia e agramatismo<\/strong> que o levavam a comunicar palavras isoladas, n\u00e3o sendo capaz de formar mensagens mais elaboradas que pudessem comunicar melhor suas ideias.<\/p>\n\n\n\n<p class=\"wp-block-paragraph\">O <strong>objetivo que nos solicitava era poder expressar melhor suas ideias <\/strong>e que sua fam\u00edlia e amigos pudessem entend\u00ea\u2011lo melhor. Para isso, realiz\u00e1mos uma sess\u00e3o di\u00e1ria de fonoaudiologia cinco dias por semana.<\/p>\n\n\n\n<div style=\"height:50px\" aria-hidden=\"true\" class=\"wp-block-spacer\"><\/div>\n\n\n<div class=\"wp-block-image image-interface\">\n<figure class=\"aligncenter size-large\"><img decoding=\"async\" width=\"1024\" height=\"766\" src=\"https:\/\/neuronup.com\/br\/wp-content\/uploads\/2025\/05\/Usuario-de-la-Unidad-ambulatoria-trabajando-con-NeuronUP-en-su-terapia-individual-de-afasia-motora-1024x766.webp\" alt=\"Paciente em unidade ambulatorial realiza sess\u00e3o de afasia motora frente a tela interativa com NeuronUP.\" class=\"wp-image-40406\" srcset=\"https:\/\/neuronup.com\/br\/wp-content\/uploads\/2025\/05\/Usuario-de-la-Unidad-ambulatoria-trabajando-con-NeuronUP-en-su-terapia-individual-de-afasia-motora-300x225.webp 300w, https:\/\/neuronup.com\/br\/wp-content\/uploads\/2025\/05\/Usuario-de-la-Unidad-ambulatoria-trabajando-con-NeuronUP-en-su-terapia-individual-de-afasia-motora-400x300.webp 400w, https:\/\/neuronup.com\/br\/wp-content\/uploads\/2025\/05\/Usuario-de-la-Unidad-ambulatoria-trabajando-con-NeuronUP-en-su-terapia-individual-de-afasia-motora-768x575.webp 768w, https:\/\/neuronup.com\/br\/wp-content\/uploads\/2025\/05\/Usuario-de-la-Unidad-ambulatoria-trabajando-con-NeuronUP-en-su-terapia-individual-de-afasia-motora-1024x766.webp 1024w, https:\/\/neuronup.com\/br\/wp-content\/uploads\/2025\/05\/Usuario-de-la-Unidad-ambulatoria-trabajando-con-NeuronUP-en-su-terapia-individual-de-afasia-motora.webp 1200w\" sizes=\"(max-width: 1024px) 100vw, 1024px\" \/><figcaption class=\"wp-element-caption\">Usu\u00e1rio da Unidade ambulatorial trabalhando com o NeuronUP em sua terapia individual de afasia motora.<\/figcaption><\/figure>\n<\/div>\n\n\n<div style=\"height:50px\" aria-hidden=\"true\" class=\"wp-block-spacer\"><\/div>\n\n\n\n<h5 class=\"wp-block-heading\">Atividades do NeuronUP com as quais se trabalhou nesta terapia individual de afasia motora<\/h5>\n\n\n\n<ul class=\"wp-block-list\">\n<li><a href=\"https:\/\/neuronup.com\/br\/atividades-de-neurorreabilitacao\/para-funcoes-cognitivas\/de-linguagem\/10-exercicios-para-estimular-a-linguagem\/\"><em>Nomear objetos com pistas fonol\u00f3gicas<\/em><\/a>, fichas para adultos pensadas para trabalhar a denomina\u00e7\u00e3o.<\/li>\n\n\n\n<li><a href=\"https:\/\/neuronup.com\/br\/atividades-de-neurorreabilitacao\/conheca-as-10-atividades-neuronup-mais-utilizadas-para-trabalhar-com-adultos\/\"><em>Encontrar palavras pela sua defini\u00e7\u00e3o<\/em><\/a>, <a href=\"https:\/\/neuronup.com\/br\/atividades-de-neurorreabilitacao\/atividades-para-deficiencia-intelectual\/atividades-de-estimulacao-cognitiva-para-pessoas-com-deficiencia-intelectual\/\"><em>Relacionar substantivo com imagem<\/em><\/a><em>, Relacionar verbo com imagem<\/em> e <em>Relacionar adjetivo com imagem, <\/em>fichas para adultos para melhorar o vocabul\u00e1rio.<\/li>\n\n\n\n<li><a href=\"https:\/\/neuronup.com\/br\/noticias-de-estimulacao-cognitiva\/doencas-neurodegenerativas\/parkinson\/10-exercicios-de-estimulacao-cognitiva-para-pessoas-com-parkinson\/\"><em>Casais por categorias<\/em><\/a>, uma atividade para adultos pensada para trabalhar o racioc\u00ednio.<\/li>\n\n\n\n<li><em>Ordena passos em atividades<\/em>, fichas para adultos em formato texto e imagem dirigidas a treinar o planeamento, o racioc\u00ednio e a compreens\u00e3o.<\/li>\n\n\n\n<li><a href=\"https:\/\/neuronup.com\/br\/atividades-de-neurorreabilitacao\/para-avc\/14-exercicios-de-reabilitacao-depois-de-um-ictus\/\"><em>Formar frases<\/em><\/a>, um exerc\u00edcio para adultos focado na express\u00e3o, na mem\u00f3ria de trabalho, na flexibilidade, no planeamento e na compreens\u00e3o.<\/li>\n\n\n\n<li><em>Criar hist\u00f3rias a partir de palavras<\/em>, fichas para adultos pensadas para trabalhar a flu\u00eancia, o planeamento e o racioc\u00ednio.<\/li>\n\n\n\n<li><em>Inventa uma hist\u00f3ria com desenhos<\/em>, fichas para adultos similares \u00e0s anteriores, dirigidas a trabalhar o racioc\u00ednio e a express\u00e3o.<\/li>\n<\/ul>\n\n\n\n<div style=\"height:50px\" aria-hidden=\"true\" class=\"wp-block-spacer\"><\/div>\n\n\n\n<h5 class=\"wp-block-heading\">Resumo desta segunda terapia individual dirigida a trabalhar a afasia motora<\/h5>\n\n\n\n<ul class=\"wp-block-list\">\n<li><strong>Objetivos<\/strong>: melhorar a denomina\u00e7\u00e3o e a flu\u00eancia verbal.<\/li>\n\n\n\n<li><strong>Resultados observados<\/strong>: em tr\u00eas meses, passou de articular palavras soltas a formar frases de 4-6 palavras. Al\u00e9m disso, sua fam\u00edlia percebeu melhorias em sua autoestima e participa\u00e7\u00e3o nas conversas.<\/li>\n<\/ul>\n\n<h4 class=\"wp-block-heading\">Unidade de centro de dia: grupo de express\u00e3o oral e compreens\u00e3o<\/h4>\n\n\n\n<p class=\"wp-block-paragraph\">A seguir apresentamos um dos casos de sucesso de terapias grupais. Nesta ocasi\u00e3o, trata-se de um <strong>grupo de reabilita\u00e7\u00e3o formado por quatro senhoras que apresentam afasia<\/strong>. Concretamente, tr\u00eas delas apresentam afasia motora e a quarta, afasia mista. As idades variam dos 35 anos da mais jovem at\u00e9 os 72 anos da mais velha.<\/p>\n\n\n\n<p class=\"wp-block-paragraph\">Entre elas d\u00e3o-se muito bem, compartilham hobbies e adoram a terapia grupal por v\u00e1rios motivos diferentes. Um deles, e no qual todas concordam, \u00e9 que est\u00e3o com pessoas a quem aconteceram coisas parecidas e que t\u00eam dificuldades semelhantes. Por outro lado, apoiam-se muito entre si. Quando uma delas fica bloqueada, outra d\u00e1-lhe um pequeno empurr\u00e3o para que possa continuar.<\/p>\n\n\n\n<p class=\"wp-block-paragraph\">Este atelier \u00e9 realizado pelo Departamento de Fonoaudiologia do centro e realiza-se duas vezes por semana com dura\u00e7\u00e3o de uma hora e meia por sess\u00e3o. O objetivo com todas elas \u00e9 melhorar a sua comunica\u00e7\u00e3o.&nbsp;<\/p>\n\n\n\n<div style=\"height:50px\" aria-hidden=\"true\" class=\"wp-block-spacer\"><\/div>\n\n\n<div class=\"wp-block-image image-interface\">\n<figure class=\"aligncenter size-large\"><img decoding=\"async\" width=\"1024\" height=\"1009\" src=\"https:\/\/neuronup.com\/br\/wp-content\/uploads\/2025\/05\/Grupo-de-usuarias-de-la-Unidad-de-centro-de-dia-trabajando-con-NeuronUP-1024x1009.webp\" alt=\"Quatro usu\u00e1rias em uma unidade de centro de dia observam uma proje\u00e7\u00e3o enquanto usam o NeuronUP em tablets durante uma sess\u00e3o.\" class=\"wp-image-40407\" srcset=\"https:\/\/neuronup.com\/br\/wp-content\/uploads\/2025\/05\/Grupo-de-usuarias-de-la-Unidad-de-centro-de-dia-trabajando-con-NeuronUP-24x24.webp 24w, https:\/\/neuronup.com\/br\/wp-content\/uploads\/2025\/05\/Grupo-de-usuarias-de-la-Unidad-de-centro-de-dia-trabajando-con-NeuronUP-48x48.webp 48w, https:\/\/neuronup.com\/br\/wp-content\/uploads\/2025\/05\/Grupo-de-usuarias-de-la-Unidad-de-centro-de-dia-trabajando-con-NeuronUP-80x80.webp 80w, https:\/\/neuronup.com\/br\/wp-content\/uploads\/2025\/05\/Grupo-de-usuarias-de-la-Unidad-de-centro-de-dia-trabajando-con-NeuronUP-96x96.webp 96w, https:\/\/neuronup.com\/br\/wp-content\/uploads\/2025\/05\/Grupo-de-usuarias-de-la-Unidad-de-centro-de-dia-trabajando-con-NeuronUP-300x296.webp 300w, https:\/\/neuronup.com\/br\/wp-content\/uploads\/2025\/05\/Grupo-de-usuarias-de-la-Unidad-de-centro-de-dia-trabajando-con-NeuronUP-768x757.webp 768w, https:\/\/neuronup.com\/br\/wp-content\/uploads\/2025\/05\/Grupo-de-usuarias-de-la-Unidad-de-centro-de-dia-trabajando-con-NeuronUP-1024x1009.webp 1024w, https:\/\/neuronup.com\/br\/wp-content\/uploads\/2025\/05\/Grupo-de-usuarias-de-la-Unidad-de-centro-de-dia-trabajando-con-NeuronUP.webp 1200w\" sizes=\"(max-width: 1024px) 100vw, 1024px\" \/><figcaption class=\"wp-element-caption\">Grupo de usu\u00e1rias da Unidade de centro de dia trabalhando com NeuronUP.<\/figcaption><\/figure>\n<\/div>\n\n\n<div style=\"height:50px\" aria-hidden=\"true\" class=\"wp-block-spacer\"><\/div>\n\n\n\n<h5 class=\"wp-block-heading\">Atividades do NeuronUP com as quais se trabalhou nessas interven\u00e7\u00f5es grupais de express\u00e3o oral e compreens\u00e3o<\/h5>\n\n\n\n<ul class=\"wp-block-list\">\n<li><a href=\"https:\/\/neuronup.com\/br\/noticias-de-estimulacao-cognitiva\/dano-cerebral\/exercicios-de-reabilitacao-apos-um-avc\/\"><em>Formar frases<\/em><\/a>, uma atividade para adultos para a express\u00e3o, a mem\u00f3ria de trabalho, a flexibilidade, o planeamento e a compreens\u00e3o.&nbsp;<\/li>\n\n\n\n<li><em>Objetos, estabelecimentos e profissionais<\/em>, fichas para adultos direcionadas a treinar a orienta\u00e7\u00e3o espacial e as compras.<\/li>\n\n\n\n<li><em>Relacionar substantivo com imagem<\/em> e <em>Relacionar verbo com imagem,<\/em> fichas para adultos para treinar o vocabul\u00e1rio.<\/li>\n\n\n\n<li><a href=\"https:\/\/neuronup.com\/br\/atividades-de-neurorreabilitacao\/atividades-do-neuronup-mais-utilizadas-em-2022\/#:~:text=5.-,Nombre%20correcto%20de%20una%20imagen,Nombre%20correcto%20de%20una%20imagen.\"><em>Nome correto de uma imagem<\/em><\/a>, fichas para adultos orientadas \u00e0 denomina\u00e7\u00e3o.<\/li>\n\n\n\n<li><a href=\"https:\/\/neuronup.com\/br\/atividades-de-neurorreabilitacao\/estimulacao-cognitiva-para-idosos-exercicios-de-estimulacao-cognitiva-para-idosos\/\"><em>Relacionar conceitos<\/em><\/a>, fichas para adultos direcionadas a trabalhar o racioc\u00ednio.&nbsp;<\/li>\n\n\n\n<li><em>Selecionar os elementos de uma categoria<\/em>, fichas para adultos para trabalhar a aten\u00e7\u00e3o seletiva e a mem\u00f3ria sem\u00e2ntica.&nbsp;<\/li>\n\n\n\n<li><a href=\"https:\/\/neuronup.com\/br\/atividades-de-neurorreabilitacao\/para-funcoes-cognitivas\/de-cognicao-social\/atividade-para-aprender-como-expressar-emocoes-em-cada-situacao\/\"><em>Quando voc\u00ea mostraria a seguinte emo\u00e7\u00e3o?<\/em><\/a>, fichas para adultos focadas na cogni\u00e7\u00e3o social.<\/li>\n\n\n\n<li><a href=\"https:\/\/neuronup.com\/br\/atividades-de-neurorreabilitacao\/atividades-da-vida-diaria-avds\/atividades-da-vida-diaria-avds-definicao-classificacao-e-exercicios\/\"><em>Arrume a cozinha<\/em><\/a>, uma atividade para adultos direcionada a treinar o racioc\u00ednio, a aten\u00e7\u00e3o sustentada, a mem\u00f3ria sem\u00e2ntica e a mem\u00f3ria epis\u00f3dica.<\/li>\n\n\n\n<li><em>Pares por categorias<\/em>. um exerc\u00edcio para adultos para treinar o racioc\u00ednio.&nbsp;<\/li>\n\n\n\n<li><em>Organiza\u00e7\u00e3o por categorias<\/em>, uma atividade para adultos direcionada \u00e0 mem\u00f3ria sem\u00e2ntica.<\/li>\n\n\n\n<li><em>Pares de elementos e categorias<\/em>, uma atividade para adultos para treinar a mem\u00f3ria sem\u00e2ntica.&nbsp;<\/li>\n\n\n\n<li><em>Compreens\u00e3o escrita com perguntas<\/em>, <a href=\"https:\/\/neuronup.com\/br\/atividades-de-neurorreabilitacao\/para-funcoes-cognitivas\/de-linguagem\/atividades-para-a-reabilitacao-neuropsicologica-em-pacientes-com-afasia-de-broca\/\"><em>Frases escritas verdadeiras e falsas<\/em><\/a>, e <em>Frases orais verdadeiras e falsas<\/em>, fichas para adultos pensadas para trabalhar a compreens\u00e3o.<\/li>\n\n\n\n<li><em>Ordene passos em atividades<\/em>, fichas para adultos em formato texto e imagem direcionadas a treinar o planeamento, o racioc\u00ednio e a compreens\u00e3o.<\/li>\n<\/ul>\n\n\n\n<div style=\"height:50px\" aria-hidden=\"true\" class=\"wp-block-spacer\"><\/div>\n\n\n\n<h5 class=\"wp-block-heading\">Resumo desta terapia grupal para express\u00e3o oral e compreens\u00e3o<\/h5>\n\n\n\n<ul class=\"wp-block-list\">\n<li><strong>Objetivo: <\/strong>melhorar a comunica\u00e7\u00e3o oral.&nbsp;<\/li>\n\n\n\n<li><strong>Resultados observados<\/strong>: os pacientes alcan\u00e7aram progressos na sua flu\u00eancia verbal e estrutura\u00e7\u00e3o do discurso, melhorando a sua capacidade de comunicar-se de maneira eficaz em situa\u00e7\u00f5es do quotidiano.<\/li>\n<\/ul>\n\n\n\n<h4 class=\"wp-block-heading\">Unidade de centro de dia: grupo de fun\u00e7\u00f5es executivas<\/h4>\n\n\n\n<p class=\"wp-block-paragraph\">Por fim, abordamos uma<strong> terapia grupal com um grupo misto<\/strong> formado por homens e mulheres com patologias diversas:<\/p>\n\n\n\n<ul class=\"wp-block-list\">\n<li>Uma mulher de 53 anos com traumatismo cranioencef\u00e1lico (TCE).&nbsp;<\/li>\n\n\n\n<li>Um homem de 59 anos com esclerose m\u00faltipla (EM).&nbsp;<\/li>\n\n\n\n<li>Uma mulher de 55 anos com acidente vascular cerebral (AVC).<\/li>\n\n\n\n<li>Um homem de 63 anos com dem\u00eancia inicial.&nbsp;<\/li>\n<\/ul>\n\n\n\n<p class=\"wp-block-paragraph\">O<strong> objetivo do atelier era aumentar a participa\u00e7\u00e3o em atividades quotidianas<\/strong>, melhorando habilidades de planeamento, organiza\u00e7\u00e3o e tomada de decis\u00f5es. Este atelier foi conduzido pelos neuropsic\u00f3logos da unidade de centro de dia, duas vezes por semana, com dura\u00e7\u00e3o de uma hora e meia cada dia.<\/p>\n\n\n\n<div style=\"height:50px\" aria-hidden=\"true\" class=\"wp-block-spacer\"><\/div>\n\n\n\n<figure class=\"wp-block-image size-large image-interface\"><img decoding=\"async\" width=\"1024\" height=\"1021\" src=\"https:\/\/neuronup.com\/br\/wp-content\/uploads\/2025\/05\/Grupo-de-usuarios-de-la-Unidad-de-centro-de-dia-trabajando-con-NeuronUP-1024x1021.webp\" alt=\"Grupo de quatro usu\u00e1rios em uma unidade de dia, sentados e de costas, frente a um slide; parece uma sess\u00e3o grupal.\" class=\"wp-image-40409\" srcset=\"https:\/\/neuronup.com\/br\/wp-content\/uploads\/2025\/05\/Grupo-de-usuarios-de-la-Unidad-de-centro-de-dia-trabajando-con-NeuronUP-24x24.webp 24w, https:\/\/neuronup.com\/br\/wp-content\/uploads\/2025\/05\/Grupo-de-usuarios-de-la-Unidad-de-centro-de-dia-trabajando-con-NeuronUP-48x48.webp 48w, https:\/\/neuronup.com\/br\/wp-content\/uploads\/2025\/05\/Grupo-de-usuarios-de-la-Unidad-de-centro-de-dia-trabajando-con-NeuronUP-80x80.webp 80w, https:\/\/neuronup.com\/br\/wp-content\/uploads\/2025\/05\/Grupo-de-usuarios-de-la-Unidad-de-centro-de-dia-trabajando-con-NeuronUP-96x96.webp 96w, https:\/\/neuronup.com\/br\/wp-content\/uploads\/2025\/05\/Grupo-de-usuarios-de-la-Unidad-de-centro-de-dia-trabajando-con-NeuronUP-150x150.webp 150w, https:\/\/neuronup.com\/br\/wp-content\/uploads\/2025\/05\/Grupo-de-usuarios-de-la-Unidad-de-centro-de-dia-trabajando-con-NeuronUP-300x300.webp 300w, https:\/\/neuronup.com\/br\/wp-content\/uploads\/2025\/05\/Grupo-de-usuarios-de-la-Unidad-de-centro-de-dia-trabajando-con-NeuronUP-768x765.webp 768w, https:\/\/neuronup.com\/br\/wp-content\/uploads\/2025\/05\/Grupo-de-usuarios-de-la-Unidad-de-centro-de-dia-trabajando-con-NeuronUP-1024x1021.webp 1024w, https:\/\/neuronup.com\/br\/wp-content\/uploads\/2025\/05\/Grupo-de-usuarios-de-la-Unidad-de-centro-de-dia-trabajando-con-NeuronUP.webp 1200w\" sizes=\"(max-width: 1024px) 100vw, 1024px\" \/><figcaption class=\"wp-element-caption\">Grupo de usu\u00e1rios da Unidade de centro de dia trabalhando com NeuronUP.<\/figcaption><\/figure>\n\n\n\n<div style=\"height:50px\" aria-hidden=\"true\" class=\"wp-block-spacer\"><\/div>\n\n\n\n<p class=\"wp-block-paragraph\">Para conseguir isso, <strong>utilizaram o NeuronUP com atividades que simulavam situa\u00e7\u00f5es di\u00e1rias<\/strong>, como a gest\u00e3o de uma lista de compras, planeamento de tarefas e resolu\u00e7\u00e3o de problemas na vida real. Durante as sess\u00f5es, os pacientes n\u00e3o s\u00f3 trabalhavam as suas habilidades cognitivas, como tamb\u00e9m se apoiavam e motivavam uns aos outros, gerando um ambiente enriquecedor e colaborativo; isto \u00e9 o bom de poder trabalhar com um grupo de pessoas.<\/p>\n\n\n\n<h5 class=\"wp-block-heading\">Atividades do NeuronUP com as quais se trabalhou nessas interven\u00e7\u00f5es grupais de fun\u00e7\u00f5es executivas<\/h5>\n\n\n\n<ul class=\"wp-block-list\">\n<li><em>Planejar tarefas no hor\u00e1rio<\/em>, ficha para adultos focada em treinar a estimativa temporal e o planeamento.&nbsp;<\/li>\n\n\n\n<li><a href=\"https:\/\/neuronup.com\/br\/atividades-de-neurorreabilitacao\/para-funcoes-cognitivas\/de-funcoes-executivas\/5-atividades-para-melhorar-as-funcoes-executivas\/\"><em>Estimativa de tempos<\/em><\/a>, fichas para adultos direcionadas a treinar a estimativa temporal.<\/li>\n\n\n\n<li><em>Atua\u00e7\u00e3o em situa\u00e7\u00f5es<\/em>, fichas para adultos para trabalhar a tomada de decis\u00f5es e o racioc\u00ednio.&nbsp;<\/li>\n\n\n\n<li><em>Ordene passos em atividades<\/em>, fichas para adultos em formato texto e imagem direcionadas a treinar o planeamento, o racioc\u00ednio e a compreens\u00e3o.<\/li>\n\n\n\n<li><em>Consequ\u00eancias<\/em>, fichas para adultos para treinar o racioc\u00ednio.<\/li>\n\n\n\n<li><a href=\"https:\/\/neuronup.com\/br\/atividades-de-neurorreabilitacao\/para-funcoes-cognitivas\/de-atencao\/cinco-exercicios-para-trabalhar-a-atencao\/\"><em>Entrega em domic\u00edlio<\/em><\/a>, uma atividade pensada para treinar a mem\u00f3ria de trabalho e a mem\u00f3ria epis\u00f3dica.<\/li>\n<\/ul>\n\n\n\n<div style=\"height:50px\" aria-hidden=\"true\" class=\"wp-block-spacer\"><\/div>\n\n\n\n<p class=\"wp-block-paragraph\">&nbsp;<\/p>\n\n\n\n<h5 class=\"wp-block-heading\">Resumo desta terapia grupal para trabalhar as fun\u00e7\u00f5es executivas<\/h5>\n\n\n\n<ul class=\"wp-block-list\">\n<li><strong>Objetivo: <\/strong>alcan\u00e7ar funcionalidade em tarefas da vida di\u00e1ria.<\/li>\n\n\n\n<li><strong>Resultados observados<\/strong>: com o tempo, os usu\u00e1rios demonstraram uma maior capacidade para estruturar suas atividades di\u00e1rias, como organizar sua medica\u00e7\u00e3o ou planejar a compra semanal, aumentando sua autonomia e seguran\u00e7a.<\/li>\n<\/ul>\n\n\n\n<p class=\"wp-block-paragraph\">Os benef\u00edcios foram evidentes:<\/p>\n\n<ul class=\"wp-block-list\">\n<li>A mulher com TCE conseguiu estruturar melhor suas rotinas di\u00e1rias.&nbsp;<\/li>\n\n\n\n<li>O homem com EM melhorou seu planejamento e antecipa\u00e7\u00e3o de eventos.&nbsp;<\/li>\n\n\n\n<li>A mulher com AVC aumentou sua capacidade para organizar atividades.<\/li>\n\n\n\n<li>O homem com dem\u00eancia inicial refor\u00e7ou sua capacidade de tomar decis\u00f5es em contextos sociais.&nbsp;<\/li>\n<\/ul>\n\n\n\n<p class=\"wp-block-paragraph\">Estes casos refletem como a tecnologia aplicada \u00e0 fonoaudiologia e \u00e0 reabilita\u00e7\u00e3o cognitiva em grupo pode potencializar a recupera\u00e7\u00e3o de pacientes com CCL, promovendo sua independ\u00eancia e qualidade de vida.<\/p>\n\n\n\n<div style=\"height:50px\" aria-hidden=\"true\" class=\"wp-block-spacer\"><\/div>\n\n\n\n<h2 class=\"wp-block-heading\">Conclus\u00e3o e reflex\u00f5es<\/h2>\n\n\n\n<h3 class=\"wp-block-heading\">Um olhar pessoal a partir da fonoaudiologia<\/h3>\n\n\n\n<p class=\"wp-block-paragraph\">Quando cheguei ao Centro Lescer h\u00e1 17 anos, a reabilita\u00e7\u00e3o de adultos com dano cerebral adquirido (DCA) baseava-se em m\u00e9todos cl\u00e1ssicos: cadernos de exerc\u00edcios, fichas de mem\u00f3ria e terapias de repeti\u00e7\u00e3o. Hoje, <strong>ap\u00f3s a incorpora\u00e7\u00e3o do NeuronUP em 2018, n\u00e3o s\u00f3 modernizamos nossas pr\u00e1ticas, como tamb\u00e9m se redefiniu o que significa acompanhar um adulto em sua luta <\/strong>para recuperar o que o dano cerebral adquirido (DCA) lhe arrebatou.<\/p>\n\n\n\n<h3 class=\"wp-block-heading\">Reflex\u00f5es a partir da experi\u00eancia: NeuronUP e a ess\u00eancia da reabilita\u00e7\u00e3o no DCA<\/h3>\n\n\n\n<p class=\"wp-block-paragraph\">O dano cerebral adquirido \u00e9 uma viagem abrupta. Um dia, uma pessoa est\u00e1 plena; no seguinte, enfrenta a perda de sua linguagem, de sua mem\u00f3ria ou de sua capacidade de planejar uma simples tarefa, al\u00e9m das poss\u00edveis altera\u00e7\u00f5es motoras. Nestes anos, aprendi que <strong>a reabilita\u00e7\u00e3o n\u00e3o \u00e9 s\u00f3 restaurar fun\u00e7\u00f5es, mas sim, como dizemos em Lescer, reinventar vidas<\/strong>. E \u00e9 aqui que o NeuronUP se tornou um aliado excepcional.<\/p>\n\n\n\n<p class=\"wp-block-paragraph\">Lembro-me do caso de Antonio, um engenheiro de 48 anos que sofreu um AVC em 2021. Chegou ao centro com uma afasia grave: mal conseguia articular palavras de uso frequente. Usamos a atividade <em>\u201cAssocia Palavra-Imagem\u201d<\/em> do NeuronUP para reativar seu vocabul\u00e1rio funcional. Com o tempo, Antonio n\u00e3o s\u00f3 recuperou termos isolados, como tamb\u00e9m come\u00e7ou a empregar essas palavras em suas conversas.&nbsp;<\/p>\n\n\n\n<p class=\"wp-block-paragraph\">Tamb\u00e9m valorizo como <strong>a plataforma melhorou a efic\u00e1cia das sess\u00f5es grupais<\/strong>. Em adultos com DCA, a intera\u00e7\u00e3o social \u00e9 terap\u00eautica, mas desenhar atividades que respeitem diferentes n\u00edveis de comprometimento era um desafio. Agora, <strong>com o NeuronUP, organizamos oficinas em que cada paciente trabalha uma fun\u00e7\u00e3o cognitiva espec\u00edfica<\/strong> (aten\u00e7\u00e3o, mem\u00f3ria, linguagem) em seu dispositivo, mas com metas compartilhadas. Por exemplo, na atividade <em>\u201cResolve o Enigma\u201d<\/em>, uns decifram pistas lexicais, outros sequ\u00eancias num\u00e9ricas, e no final juntam suas respostas para \u201cabrir um ba\u00fa\u201d virtual. A satisfa\u00e7\u00e3o de conseguir algo juntos, apesar de suas limita\u00e7\u00f5es, \u00e9 um motor emocional incalcul\u00e1vel.<\/p>\n\n\n\n<h3 class=\"wp-block-heading\">Uma conclus\u00e3o que vem do cora\u00e7\u00e3o<\/h3>\n\n\n\n<p class=\"wp-block-paragraph\">Trabalhar com dano cerebral \u00e9 como escalar uma montanha dur\u00edssima. Mas quando voc\u00ea v\u00ea algu\u00e9m dar um passinho, por menor que seja, sente que ganhou algo grande. Em meus anos como fonoaudi\u00f3loga, vi algu\u00e9m chorar de emo\u00e7\u00e3o ao conseguir dizer seu nome, o de sua fam\u00edlia e amigos depois de meses sem poder falar, ou o rosto se iluminar ao lembrar de repente o anivers\u00e1rio do filho. E sabe de uma coisa? O NeuronUP n\u00e3o veio tirar a magia desses momentos, pelo contr\u00e1rio: tornou-os maiores, como quando voc\u00ea p\u00f5e um amplificador em uma can\u00e7\u00e3o de que j\u00e1 gostava.<\/p>\n\n\n\n<p class=\"wp-block-paragraph\">\u00c0s vezes <strong>me perguntam se a tecnologia nos afasta da ess\u00eancia da terapia<\/strong>. Minha resposta \u00e9 clara: <strong>depende de como voc\u00ea a usa<\/strong>. Uma ferramenta \u00e9 fria apenas se voc\u00ea esquecer que por tr\u00e1s de cada exerc\u00edcio h\u00e1 uma pessoa que perdeu a vida que tinha antes e luta para construir uma nova. No Centro Lescer, jamais perdemos isso de vista.<\/p>\n\n\n\n<p class=\"wp-block-paragraph\">Para terminar, compartilho uma anedota que resume minha vis\u00e3o. Em 2023, um paciente com afasia me disse ap\u00f3s uma sess\u00e3o com o NeuronUP: <em>\u201cPatri, hoje senti que meu c\u00e9rebro\u2026 se acende outra vez\u201d<\/em>. Essa frase, hesitante mas cheia de esperan\u00e7a, \u00e9 o motivo pelo qual continuaremos inovando. Porque cada \u201cacender\u201d cerebral \u00e9 <strong>um passo rumo \u00e0 reconquista da autonomia, da identidade e da dignidade.<\/strong><\/p>\n\n\n\n<p class=\"wp-block-paragraph\">E nesse caminho, <strong>ferramentas como o NeuronUP n\u00e3o s\u00e3o um luxo: s\u00e3o uma ponte para a vida que merecem voltar a viver.<\/strong><\/p>\n\n\n\n<div style=\"height:50px\" aria-hidden=\"true\" class=\"wp-block-spacer\"><\/div>\n\n\n\n<h3 class=\"wp-block-heading\">Se voc\u00ea gostou desta entrada do blog sobre <strong>como a NeuronUP mudou o enfoque terap\u00eautico no Centro Lescer<\/strong>, certamente v\u00e3o lhe interessar estes artigos da NeuronUP:<\/h3>\n\n<div class=\"mai-grid entries entries-grid has-boxed has-image-full\" style=\"--entry-title-font-size:var(--font-size-lg);--align-text:start;--entry-meta-text-align:start;\"><div class=\"entries-wrap has-columns\" style=\"--columns-xs:1 \/ 1;--columns-sm:1 \/ 1;--columns-md:1 \/ 3;--columns-lg:1 \/ 3;--flex-xs:0 0 var(--flex-basis);--flex-sm:0 0 var(--flex-basis);--flex-md:0 0 var(--flex-basis);--flex-lg:0 0 var(--flex-basis);--column-gap:var(--spacing-lg);--row-gap:var(--spacing-lg);--align-columns:start;\"><article class=\"entry entry-grid is-column has-entry-link has-image has-image-first type-post category-transtorno-de-linguagem tag-linguagem tag-ninos tag-trastornos-del-neurodesarrollo\" style=\"--entry-index:1;\" aria-label=\"A dislexia como barreira na inf\u00e2ncia\" itemscope itemtype=\"https:\/\/schema.org\/CreativeWork\"><a class=\"entry-image-link\" href=\"https:\/\/neuronup.com\/br\/noticias-de-estimulacao-cognitiva\/transtorno-de-linguagem\/a-dislexia-na-infancia\/\" tabindex=\"-1\" aria-hidden=\"true\"><img decoding=\"async\" width=\"400\" height=\"300\" src=\"https:\/\/neuronup.com\/br\/wp-content\/uploads\/2024\/09\/dislexia-infancia-400x300.webp\" class=\"entry-image size-landscape-sm\" alt=\"Livro aberto sustentado por duas m\u00e3os, letras e s\u00edmbolos saem do interior em um design gr\u00e1fico que ilustra a dislexia.\" srcset=\"https:\/\/neuronup.com\/br\/wp-content\/uploads\/2024\/09\/dislexia-infancia-400x300.webp 400w, https:\/\/neuronup.com\/br\/wp-content\/uploads\/2024\/09\/dislexia-infancia-800x600.webp 800w\" sizes=\"(max-width:599px) 599px, (min-width:600px) and (max-width: 799px) 799px, (min-width:800px) and (max-width: 999px) 333px, (min-width:1000px) 400px\" \/><\/a><div class=\"entry-wrap entry-wrap-grid\"><h3 class=\"entry-title\" itemprop=\"headline\"><a class=\"entry-title-link\" href=\"https:\/\/neuronup.com\/br\/noticias-de-estimulacao-cognitiva\/transtorno-de-linguagem\/a-dislexia-na-infancia\/\" rel=\"bookmark\">A dislexia como barreira na inf\u00e2ncia<\/a><\/h3>\n<\/div><\/article><article class=\"entry entry-grid is-column has-entry-link has-image has-image-first type-post category-de-atencao tag-actividades-de-estimulacion-cognitiva tag-actividades-de-estimulacion-cognitiva-para-adultos tag-actividades-de-estimulacion-cognitiva-para-ninos tag-atencion tag-estimulacion-cognitiva\" style=\"--entry-index:2;\" aria-label=\"Atividades de aten\u00e7\u00e3o sustentada para adultos e crian\u00e7as\" itemscope itemtype=\"https:\/\/schema.org\/CreativeWork\"><a class=\"entry-image-link\" href=\"https:\/\/neuronup.com\/br\/atividades-de-neurorreabilitacao\/para-funcoes-cognitivas\/de-atencao\/atividades-de-atencao-sustentada-para-adultos-e-criancas\/\" tabindex=\"-1\" aria-hidden=\"true\"><img decoding=\"async\" width=\"400\" height=\"300\" src=\"https:\/\/neuronup.com\/br\/wp-content\/uploads\/2024\/11\/Encontrar-los-numeros-que-faltan-NeuronUP-400x300.webp\" class=\"entry-image size-landscape-sm\" alt=\"Ficha de aten\u00e7\u00e3o sustentada: duas tabelas com sequ\u00eancias de 1 a 25, com n\u00fameros ausentes para completar.\" srcset=\"https:\/\/neuronup.com\/br\/wp-content\/uploads\/2024\/11\/Encontrar-los-numeros-que-faltan-NeuronUP-400x300.webp 400w, https:\/\/neuronup.com\/br\/wp-content\/uploads\/2024\/11\/Encontrar-los-numeros-que-faltan-NeuronUP-800x600.webp 800w\" sizes=\"(max-width:599px) 599px, (min-width:600px) and (max-width: 799px) 799px, (min-width:800px) and (max-width: 999px) 333px, (min-width:1000px) 400px\" \/><\/a><div class=\"entry-wrap entry-wrap-grid\"><h3 class=\"entry-title\" itemprop=\"headline\"><a class=\"entry-title-link\" href=\"https:\/\/neuronup.com\/br\/atividades-de-neurorreabilitacao\/para-funcoes-cognitivas\/de-atencao\/atividades-de-atencao-sustentada-para-adultos-e-criancas\/\" rel=\"bookmark\">Atividades de aten\u00e7\u00e3o sustentada para adultos e crian\u00e7as<\/a><\/h3>\n<\/div><\/article><article class=\"entry entry-grid is-column has-entry-link has-image has-image-first type-post category-atividades-de-neurorreabilitacao tag-actividades-de-estimulacion-cognitiva tag-actividades-de-estimulacion-cognitiva-para-adultos tag-actividades-de-estimulacion-cognitiva-para-ninos tag-adultos tag-ninos\" style=\"--entry-index:3;\" aria-label=\"Novas atividades de estimula\u00e7\u00e3o cognitiva de 2025\" itemscope itemtype=\"https:\/\/schema.org\/CreativeWork\"><a class=\"entry-image-link\" href=\"https:\/\/neuronup.com\/br\/atividades-de-neurorreabilitacao\/novas-atividades-de-estimulacao-cognitiva-de-2025\/\" tabindex=\"-1\" aria-hidden=\"true\"><img decoding=\"async\" width=\"400\" height=\"300\" src=\"https:\/\/neuronup.com\/br\/wp-content\/uploads\/2025\/06\/NeuronUP-Actividad-Formas-gemelas-400x300.webp\" class=\"entry-image size-landscape-sm\" alt=\"Conjunto de formas roxas sobre fundo cinza, com caixas de sele\u00e7\u00e3o verdes e um bot\u00e3o Finalizar; jogo cognitivo.\" srcset=\"https:\/\/neuronup.com\/br\/wp-content\/uploads\/2025\/06\/NeuronUP-Actividad-Formas-gemelas-400x300.webp 400w, https:\/\/neuronup.com\/br\/wp-content\/uploads\/2025\/06\/NeuronUP-Actividad-Formas-gemelas-800x600.webp 800w, https:\/\/neuronup.com\/br\/wp-content\/uploads\/2025\/06\/NeuronUP-Actividad-Formas-gemelas-1200x900.webp 1200w\" sizes=\"(max-width:599px) 599px, (min-width:600px) and (max-width: 799px) 799px, (min-width:800px) and (max-width: 999px) 333px, (min-width:1000px) 400px\" \/><\/a><div class=\"entry-wrap entry-wrap-grid\"><h3 class=\"entry-title\" itemprop=\"headline\"><a class=\"entry-title-link\" href=\"https:\/\/neuronup.com\/br\/atividades-de-neurorreabilitacao\/novas-atividades-de-estimulacao-cognitiva-de-2025\/\" rel=\"bookmark\">Novas atividades de estimula\u00e7\u00e3o cognitiva de 2025<\/a><\/h3>\n<\/div><\/article><article class=\"entry entry-grid is-column has-entry-link has-image has-image-first type-post category-linhas-de-investigacao tag-investigacion tag-noticias-de-neuronup\" style=\"--entry-index:4;\" aria-label=\"A doen\u00e7a de Alzheimer como constructo cl\u00ednico-biol\u00f3gico: recomenda\u00e7\u00e3o de um grupo de trabalho internacional\" itemscope itemtype=\"https:\/\/schema.org\/CreativeWork\"><a class=\"entry-image-link\" href=\"https:\/\/neuronup.com\/br\/investigacao\/linhas-de-investigacao\/a-doenca-de-alzheimer-como-construto-clinico-biologico-recomendacao-de-um-grupo-de-trabalho-internacional\/\" tabindex=\"-1\" aria-hidden=\"true\"><img decoding=\"async\" width=\"400\" height=\"300\" src=\"https:\/\/neuronup.com\/br\/wp-content\/uploads\/2024\/11\/La-enfermedad-de-alzheimer-como-constructo-clinico-biologico-recomendacion-de-un-grupo-de-trabajo-internacional-NeuronUP-1-400x300.webp\" class=\"entry-image size-landscape-sm\" alt=\"Homem idoso concentrado resolvendo um quebra-cabe\u00e7a em um espa\u00e7o interno, com apoio pr\u00f3ximo de outra pessoa.\" srcset=\"https:\/\/neuronup.com\/br\/wp-content\/uploads\/2024\/11\/La-enfermedad-de-alzheimer-como-constructo-clinico-biologico-recomendacion-de-un-grupo-de-trabajo-internacional-NeuronUP-1-400x300.webp 400w, https:\/\/neuronup.com\/br\/wp-content\/uploads\/2024\/11\/La-enfermedad-de-alzheimer-como-constructo-clinico-biologico-recomendacion-de-un-grupo-de-trabajo-internacional-NeuronUP-1-800x600.webp 800w\" sizes=\"(max-width:599px) 599px, (min-width:600px) and (max-width: 799px) 799px, (min-width:800px) and (max-width: 999px) 333px, (min-width:1000px) 400px\" \/><\/a><div class=\"entry-wrap entry-wrap-grid\"><h3 class=\"entry-title\" itemprop=\"headline\"><a class=\"entry-title-link\" href=\"https:\/\/neuronup.com\/br\/investigacao\/linhas-de-investigacao\/a-doenca-de-alzheimer-como-construto-clinico-biologico-recomendacao-de-um-grupo-de-trabalho-internacional\/\" rel=\"bookmark\">A doen\u00e7a de Alzheimer como constructo cl\u00ednico-biol\u00f3gico: recomenda\u00e7\u00e3o de um grupo de trabalho internacional<\/a><\/h3>\n<\/div><\/article><article class=\"entry entry-grid is-column has-entry-link has-image has-image-first type-post category-novas-atividades tag-noticias-de-neuronup\" style=\"--entry-index:5;\" aria-label=\"NOVIDADE Melhoramos a se\u00e7\u00e3o de Gest\u00e3o de usu\u00e1rios e inclu\u00edmos novos m\u00e9todos de pagamento!\" itemscope itemtype=\"https:\/\/schema.org\/CreativeWork\"><a class=\"entry-image-link\" href=\"https:\/\/neuronup.com\/br\/novidades-neuronup\/novas-atividades\/novidade-melhoramos-a-secao-de-gestao-de-usuarios-e-incluimos-novos-metodos-de-pagamento\/\" tabindex=\"-1\" aria-hidden=\"true\"><img decoding=\"async\" width=\"400\" height=\"300\" src=\"https:\/\/neuronup.com\/br\/wp-content\/uploads\/2023\/11\/Hemos-mejorado-la-seccion-de-Gestion-de-usuarios-e-incluido-nuevos-metodos-de-pago-400x300.webp\" class=\"entry-image size-landscape-sm\" alt=\"Captura de tela da Gest\u00e3o de usu\u00e1rios no NeuronUP: formul\u00e1rio de pagamento e resumo de compra online.\" srcset=\"https:\/\/neuronup.com\/br\/wp-content\/uploads\/2023\/11\/Hemos-mejorado-la-seccion-de-Gestion-de-usuarios-e-incluido-nuevos-metodos-de-pago-400x300.webp 400w, https:\/\/neuronup.com\/br\/wp-content\/uploads\/2023\/11\/Hemos-mejorado-la-seccion-de-Gestion-de-usuarios-e-incluido-nuevos-metodos-de-pago-800x600.webp 800w\" sizes=\"(max-width:599px) 599px, (min-width:600px) and (max-width: 799px) 799px, (min-width:800px) and (max-width: 999px) 333px, (min-width:1000px) 400px\" \/><\/a><div class=\"entry-wrap entry-wrap-grid\"><h3 class=\"entry-title\" itemprop=\"headline\"><a class=\"entry-title-link\" href=\"https:\/\/neuronup.com\/br\/novidades-neuronup\/novas-atividades\/novidade-melhoramos-a-secao-de-gestao-de-usuarios-e-incluimos-novos-metodos-de-pagamento\/\" rel=\"bookmark\">[NOVIDADE] Melhoramos a se\u00e7\u00e3o de Gest\u00e3o de usu\u00e1rios e inclu\u00edmos novos m\u00e9todos de pagamento!<\/a><\/h3>\n<\/div><\/article><article class=\"entry entry-grid is-column has-entry-link has-image has-image-first type-post category-novidades-neuronup tag-juegos-paralimpicos tag-noticias-de-neuronup tag-salud-mental\" style=\"--entry-index:6;\" aria-label=\"As provas dos Jogos Paral\u00edmpicos de 2024 e a import\u00e2ncia da sa\u00fade mental\" itemscope itemtype=\"https:\/\/schema.org\/CreativeWork\"><a class=\"entry-image-link\" href=\"https:\/\/neuronup.com\/br\/novidades-neuronup\/as-provas-dos-jogos-paralimpicos-de-2024-e-a-importancia-da-saude-mental\/\" tabindex=\"-1\" aria-hidden=\"true\"><img decoding=\"async\" width=\"400\" height=\"300\" src=\"https:\/\/neuronup.com\/br\/wp-content\/uploads\/2024\/08\/Juegos-Paralimpicos-2024-y-la-salud-mental-NeuronUP-400x300.webp\" class=\"entry-image size-landscape-sm\" alt=\"Cinco an\u00e9is ol\u00edmpicos em primeiro plano diante da Torre Eiffel, com pessoas ao redor em um ambiente esportivo festivo.\" srcset=\"https:\/\/neuronup.com\/br\/wp-content\/uploads\/2024\/08\/Juegos-Paralimpicos-2024-y-la-salud-mental-NeuronUP-400x300.webp 400w, https:\/\/neuronup.com\/br\/wp-content\/uploads\/2024\/08\/Juegos-Paralimpicos-2024-y-la-salud-mental-NeuronUP-800x600.webp 800w\" sizes=\"(max-width:599px) 599px, (min-width:600px) and (max-width: 799px) 799px, (min-width:800px) and (max-width: 999px) 333px, (min-width:1000px) 400px\" \/><\/a><div class=\"entry-wrap entry-wrap-grid\"><h3 class=\"entry-title\" itemprop=\"headline\"><a class=\"entry-title-link\" href=\"https:\/\/neuronup.com\/br\/novidades-neuronup\/as-provas-dos-jogos-paralimpicos-de-2024-e-a-importancia-da-saude-mental\/\" rel=\"bookmark\">As provas dos Jogos Paral\u00edmpicos de 2024 e a import\u00e2ncia da sa\u00fade mental<\/a><\/h3>\n<\/div><\/article><\/div><\/div>","protected":false},"excerpt":{"rendered":"<p>Patricia Mart\u00edn Guti\u00e9rrez, Supervisora de Fonoaudiologia no Centro Lescer, apresenta neste artigo como otimizaram o enfoque terap\u00eautico do centro com a ajuda da NeuronUP e alguns exemplos de terapias individuais e grupais. Introdu\u00e7\u00e3o Como fonoaudi\u00f3loga no Centro Lescer, tive o privil\u00e9gio de acompanhar numerosos pacientes em seu processo de recupera\u00e7\u00e3o e melhoria de suas capacidades &hellip;<\/p>\n","protected":false},"author":323,"featured_media":40409,"comment_status":"open","ping_status":"open","sticky":false,"template":"","format":"standard","meta":{"_acf_changed":false,"_genesis_hide_title":false,"_genesis_hide_breadcrumbs":false,"_genesis_hide_singular_image":false,"_genesis_hide_footer_widgets":false,"_genesis_custom_body_class":"","_genesis_custom_post_class":"","_genesis_layout":"","footnotes":""},"categories":[572],"tags":[756,716],"class_list":["type-post","category-depoimentos","tag-rehabilitacion-cognitiva","tag-testemunhos","entry"],"acf":[],"_links":{"self":[{"href":"https:\/\/neuronup.com\/br\/wp-json\/wp\/v2\/posts\/40397","targetHints":{"allow":["GET"]}}],"collection":[{"href":"https:\/\/neuronup.com\/br\/wp-json\/wp\/v2\/posts"}],"about":[{"href":"https:\/\/neuronup.com\/br\/wp-json\/wp\/v2\/types\/post"}],"author":[{"embeddable":true,"href":"https:\/\/neuronup.com\/br\/wp-json\/wp\/v2\/users\/323"}],"replies":[{"embeddable":true,"href":"https:\/\/neuronup.com\/br\/wp-json\/wp\/v2\/comments?post=40397"}],"version-history":[{"count":0,"href":"https:\/\/neuronup.com\/br\/wp-json\/wp\/v2\/posts\/40397\/revisions"}],"wp:featuredmedia":[{"embeddable":true,"href":"https:\/\/neuronup.com\/br\/wp-json\/wp\/v2\/media\/40409"}],"wp:attachment":[{"href":"https:\/\/neuronup.com\/br\/wp-json\/wp\/v2\/media?parent=40397"}],"wp:term":[{"taxonomy":"category","embeddable":true,"href":"https:\/\/neuronup.com\/br\/wp-json\/wp\/v2\/categories?post=40397"},{"taxonomy":"post_tag","embeddable":true,"href":"https:\/\/neuronup.com\/br\/wp-json\/wp\/v2\/tags?post=40397"}],"curies":[{"name":"wp","href":"https:\/\/api.w.org\/{rel}","templated":true}]}}