{"id":37095,"date":"2025-05-09T15:17:19","date_gmt":"2025-05-09T13:17:19","guid":{"rendered":"https:\/\/neuronup.com\/br\/?p=37095"},"modified":"2026-01-26T18:21:19","modified_gmt":"2026-01-26T16:21:19","slug":"neuronup-no-cbgg-2025-tecnologia-e-reabilitacao-cognitiva-para-o-envelhecimento-saudavel","status":"publish","type":"post","link":"https:\/\/neuronup.com\/br\/novidades-neuronup\/neuronup-no-cbgg-2025-tecnologia-e-reabilitacao-cognitiva-para-o-envelhecimento-saudavel\/","title":{"rendered":"NeuronUP no CBGG 2025: tecnologia e reabilita\u00e7\u00e3o cognitiva para o envelhecimento saud\u00e1vel"},"content":{"rendered":"\n<p>O<a href=\"https:\/\/www.cbgg2025.com.br\"> XXIV Congresso Brasileiro de Geriatria e Gerontologia (CBGG 2025)<\/a>, realizado de 3 a 5 de abril no Minascentro, em Belo Horizonte (MG), teve como tema central <strong>\u201cEnvelhecimento e Tecnologia: uma parceria entre gera\u00e7\u00f5es\u201d<\/strong>. A NeuronUP marcou presen\u00e7a com um stand interativo, apresentando sua plataforma de <strong>estimula\u00e7\u00e3o cognitiva online voltada \u00e0 neurorreabilita\u00e7\u00e3o<\/strong>.<\/p>\n\n\n\n<p>Nossa equipe teve a oportunidade de demonstrar, na pr\u00e1tica, como a tecnologia pode ser uma aliada poderosa no cuidado cognitivo ao <a href=\"https:\/\/neuronup.com\/br\/neurorreabilitacao\/envelhecimento-normal\/\">envelhecimento natural<\/a> . Realizamos apresenta\u00e7\u00f5es ao vivo, compartilhamos casos de sucesso e tiramos d\u00favidas de geriatras, geront\u00f3logos, psic\u00f3logos e outros profissionais da sa\u00fade interessados em interven\u00e7\u00f5es cognitivas.<\/p>\n\n\n\n<div style=\"height:50px\" aria-hidden=\"true\" class=\"wp-block-spacer\"><\/div>\n\n\n\n<div class=\"wp-block-group\"><div class=\"wp-block-group__inner-container is-layout-constrained wp-block-group-is-layout-constrained\">\n<div class=\"wp-block-columns is-layout-flex wp-container-core-columns-is-layout-9d6595d7 wp-block-columns-is-layout-flex\">\n<div class=\"wp-block-column br-0111 p-5 particle-bg anims-fadein-up has-primary-background-color has-background is-layout-flow wp-block-column-is-layout-flow\">\n<h2 class=\"wp-block-heading has-white-color has-text-color\">Saiba mais sobre <br><strong>NeuronUP<\/strong><\/h2>\n\n\n\n<div class=\"wp-block-buttons is-layout-flex wp-block-buttons-is-layout-flex\">\n<div class=\"wp-block-button--1\" style=\"--button-outline-color:var(--color-white);--button-outline-color-hover:rgba(0,0,0,0.8);\"><a class=\"wp-block-button__link button button-outline   wp-element-button\" href=\"https:\/\/neuronup.com\/br\/solicitacao-informacao\/\">Solicitar Informa\u00e7\u00f5es<\/a><\/div>\n\n<\/div>\n<\/div>\n\n\n\n<div class=\"wp-block-column br-0111 p-5 particle-bg anims-fadein-up has-primary-background-color has-background is-layout-flow wp-block-column-is-layout-flow\">\n<h2 class=\"wp-block-heading has-white-color has-text-color\">Experimente Gratuitamente<\/h2>\n\n\n\n<p class=\"has-white-color has-text-color\">A plataforma que mais de <strong>4.500 profissionais<\/strong> utilizam todos os dias<\/p>\n\n\n\n<div class=\"wp-block-buttons is-layout-flex wp-block-buttons-is-layout-flex\">\n<div class=\"wp-block-button orange-button\" style=\"--button-background:var(--color-custom-1);--button-background-hover:#cc7e00;\"><a class=\"wp-block-button__link button   wp-element-button\" href=\"https:\/\/neuronup.com\/br\/landing-store-user\/\">Solicitar Teste<img decoding=\"async\" class=\"wp-image-18719\" style=\"width: 8px;\" src=\"\/wp-content\/uploads\/2022\/v3\/icon_rightArrow-white.svg\"><\/a><\/div>\n\n<\/div>\n<\/div>\n<\/div>\n<\/div><\/div>\n\n\n\n<div style=\"height:50px\" aria-hidden=\"true\" class=\"wp-block-spacer\"><\/div>\n\n\n\n<h2 class=\"wp-block-heading\">Sobre o CBGG<\/h2>\n\n\n\n<p>Em sua 24\u00aa edi\u00e7\u00e3o, o CBGG \u00e9 um dos maiores e mais importantes eventos da \u00e1rea no mundo. Organizado pela <strong><a href=\"https:\/\/sbgg.org.br\/\">Sociedade Brasileira de Geriatria e Gerontologia (SBGG)<\/a><\/strong>, o congresso reuniu milhares de participantes em torno de temas como <strong>envelhecimento saud\u00e1vel, pol\u00edticas p\u00fablicas e inova\u00e7\u00f5es tecnol\u00f3gicas aplicadas \u00e0 sa\u00fade da popula\u00e7\u00e3o idosa<\/strong>.<\/p>\n\n\n\n<p>No Brasil, onde o n\u00famero de pessoas com mais de 60 anos continua a crescer,&nbsp; compreender e integrar tecnologias no cuidado ao envelhecimento n\u00e3o \u00e9 apenas uma tend\u00eancia, mas uma necessidade urgente.<\/p>\n\n\n\n<h2 class=\"wp-block-heading\">NeuronUP no CBGG<\/h2>\n\n\n\n<p>Durante os tr\u00eas dias de evento, buscamos apresentar a <strong>NeuronUP como uma parceira estrat\u00e9gica para equipes multidisciplinares<\/strong> que atuam com a terceira idade. Nossas principais a\u00e7\u00f5es inclu\u00edram:<\/p>\n\n\n\n<ul class=\"wp-block-list\">\n<li><strong>Demonstra\u00e7\u00f5es pr\u00e1ticas<\/strong><strong><br><\/strong>Profissionais testaram exerc\u00edcios e conheceram de perto a interface intuitiva da plataforma, com alto n\u00edvel de personaliza\u00e7\u00e3o.<br><\/li>\n\n\n\n<li><strong>Atendimento t\u00e9cnico e cl\u00ednico<\/strong><strong><br><\/strong>Esclarecemos d\u00favidas sobre a aplica\u00e7\u00e3o da plataforma em contextos geri\u00e1tricos, com foco em reabilita\u00e7\u00e3o cognitiva.<br><\/li>\n\n\n\n<li><strong>Materiais educacionais<br><\/strong>Compartilhamos gratuitamente atividades espec\u00edficas para o cuidado cognitivo de idosos.<\/li>\n<\/ul>\n\n\n\n<div style=\"height:15px\" aria-hidden=\"true\" class=\"wp-block-spacer\"><\/div>\n\n\n\n<figure class=\"wp-block-image size-large\"><img decoding=\"async\" width=\"1024\" height=\"566\" src=\"https:\/\/neuronup.com\/br\/wp-content\/uploads\/2025\/05\/NeuronUP-no-CBGG-1024x566.webp\" alt=\"Apresentador em p\u00e9, de costas, mostra tela durante confer\u00eancia CBGG 2025; plateia observa, ambiente moderno e iluminado.\" class=\"wp-image-37099\" srcset=\"https:\/\/neuronup.com\/br\/wp-content\/uploads\/2025\/05\/NeuronUP-no-CBGG-300x166.webp 300w, https:\/\/neuronup.com\/br\/wp-content\/uploads\/2025\/05\/NeuronUP-no-CBGG-768x424.webp 768w, https:\/\/neuronup.com\/br\/wp-content\/uploads\/2025\/05\/NeuronUP-no-CBGG-1024x566.webp 1024w, https:\/\/neuronup.com\/br\/wp-content\/uploads\/2025\/05\/NeuronUP-no-CBGG-1536x849.webp 1536w, https:\/\/neuronup.com\/br\/wp-content\/uploads\/2025\/05\/NeuronUP-no-CBGG-2048x1131.webp 2048w\" sizes=\"(max-width: 1024px) 100vw, 1024px\" \/><figcaption class=\"wp-element-caption\">Apresenta\u00e7\u00e3o da plataforma NeuronUP no CBGG<\/figcaption><\/figure>\n\n\n\n<div style=\"height:15px\" aria-hidden=\"true\" class=\"wp-block-spacer\"><\/div>\n\n\n\n<h3 class=\"wp-block-heading\">Benef\u00edcios da NeuronUP para Profissionais de Geriatria e Gerontologia<\/h3>\n\n\n\n<ul class=\"wp-block-list\">\n<li><strong>Exerc\u00edcios 100% customiz\u00e1veis<\/strong><strong><br><\/strong>Adapt\u00e1veis \u00e0s necessidades de cada paciente, com possibilidade de inserir nomes de familiares, hobbies e refer\u00eancias pessoais, como times de futebol ou eventos marcantes.<\/li>\n\n\n\n<li><strong>Monitoramento em tempo real<br><\/strong>Relat\u00f3rios autom\u00e1ticos e personalizados que apoiam o acompanhamento cl\u00ednico cont\u00ednuo e a tomada de decis\u00f5es mais precisas.<\/li>\n\n\n\n<li><strong>Acesso remoto 24\/7<\/strong><br>Atendimento \u00e0 dist\u00e2ncia facilitado, ideal para pacientes com mobilidade reduzida ou que vivem em regi\u00f5es remotas.<\/li>\n<\/ul>\n\n\n\n<h2 class=\"wp-block-heading\">Agradecimentos<\/h2>\n\n\n\n<p>Agradecemos \u00e0 SBGG e a toda equipe organizadora do CBGG 2025 pela oportunidade de participar deste evento t\u00e3o relevante. Foi um prazer compartilhar nossas solu\u00e7\u00f5es e aprender ainda mais com especialistas da \u00e1rea.<\/p>\n\n\n\n<p><br>Se voc\u00ea \u00e9 geriatra, geront\u00f3logo, psic\u00f3logo ou outro profissional de sa\u00fade e ainda n\u00e3o conhece a NeuronUP, solicite seu teste gratuito agora mesmo e veja como nossa plataforma pode transformar suas interven\u00e7\u00f5es em reabilita\u00e7\u00e3o cognitiva.<\/p>\n\n\n\n<div style=\"height:50px\" aria-hidden=\"true\" class=\"wp-block-spacer\"><\/div>\n\n\n\n<div class=\"wp-block-cover br-1010 has-sm-padding-top has-sm-padding-bottom has-sm-padding-left has-sm-padding-right\"><img decoding=\"async\" width=\"1280\" height=\"768\" sizes=\"(max-width: 600px) 100vw, 50vw\" class=\"wp-block-cover__image-background wp-image-31661 size-large\" alt=\"neuronup illustration background\" src=\"https:\/\/neuronup.com\/br\/wp-content\/uploads\/2024\/10\/neuronup-illustration-background.svg\" data-object-fit=\"cover\"\/><span aria-hidden=\"true\" class=\"wp-block-cover__background has-background-dim\" style=\"background-color:#005767\"><\/span><div class=\"wp-block-cover__inner-container is-layout-constrained wp-block-cover-is-layout-constrained\">\n<p class=\"has-xl-font-size\" style=\"letter-spacing:0.07rem\"><strong>Lan\u00e7amos NeuronUP Assessment!<\/strong><\/p>\n\n\n\n<div class=\"wp-block-columns are-vertically-aligned-center is-layout-flex wp-container-core-columns-is-layout-9d6595d7 wp-block-columns-is-layout-flex\">\n<div class=\"wp-block-column is-vertically-aligned-center has-white-color has-text-color has-link-color wp-elements-bd68cc8433c056f7c59b955812e8ea6c is-layout-flow wp-block-column-is-layout-flow\" style=\"flex-basis:70%\">\n<p class=\"has-no-margin-top has-no-margin-bottom\" style=\"letter-spacing:0.05rem\">O novo produto de Avalia\u00e7\u00e3o da NeuronUP.<\/p>\n\n\n\n<p class=\"has-text-align-left has-no-margin-top has-no-margin-bottom\" style=\"font-size:18px\">Solicite acesso para testar gratuitamente por tempo limitado.<\/p>\n<\/div>\n\n\n\n<div class=\"wp-block-column is-vertically-aligned-center is-layout-flow wp-block-column-is-layout-flow\" style=\"flex-basis:30%\">\n<div class=\"wp-block-buttons is-content-justification-center is-layout-flex wp-container-core-buttons-is-layout-16018d1d wp-block-buttons-is-layout-flex\">\n<div class=\"wp-block-button has-custom-width wp-block-button__width-100\" style=\"--button-color:#01606f;--button-background:var(--color-white);--button-background-hover:#e6e6e6;\"><a class=\"wp-block-button__link button    has-link-color wp-element-button\" href=\"https:\/\/neuronup.com\/br\/neuronup-assessment\/solicitar-acesso\/\" style=\"color:#01606f\"><strong>Solicite acceso<\/strong><\/a><\/div>\n\n<\/div>\n<\/div>\n<\/div>\n<\/div><\/div>\n\n\n\n<div style=\"height:50px\" aria-hidden=\"true\" class=\"wp-block-spacer\"><\/div>\n\n\n\n<p>Se voc\u00ea gostou deste artigo sobre Congressos de Neuropsicologia, <strong>provavelmente se interessar\u00e1 por estes artigos da NeuronUP:<\/strong><\/p>\n\n\n\n<div class=\"wp-block-columns is-layout-flex wp-container-core-columns-is-layout-9d6595d7 wp-block-columns-is-layout-flex\">\n<div class=\"wp-block-column is-layout-flow wp-block-column-is-layout-flow\" style=\"flex-basis:100%\"><div class=\"mai-grid entries entries-grid has-boxed has-image-full\" style=\"--entry-title-font-size:var(--font-size-lg);--align-text:start;--entry-meta-text-align:start;\"><div class=\"entries-wrap has-columns\" style=\"--columns-xs:1\/1;--columns-sm:1\/1;--columns-md:1\/3;--columns-lg:1\/3;--flex-xs:0 0 var(--flex-basis);--flex-sm:0 0 var(--flex-basis);--flex-md:0 0 var(--flex-basis);--flex-lg:0 0 var(--flex-basis);--column-gap:var(--spacing-lg);--row-gap:var(--spacing-lg);--align-columns:start;\"><article class=\"entry entry-grid is-column has-entry-link has-image has-image-first type-post category-doencas-neurodegenerativas tag-alzheimer tag-demencia tag-doencas-neurodegenerativas\" style=\"--entry-index:1;\" aria-label=\"Altera\u00e7\u00f5es em pacientes com dem\u00eancia por corpos de Lewy\" itemscope itemtype=\"https:\/\/schema.org\/CreativeWork\"><a class=\"entry-image-link\" href=\"https:\/\/neuronup.com\/br\/noticias-de-estimulacao-cognitiva\/doencas-neurodegenerativas\/alteracoes-visuoperceptivas-e-visuoespaciais-em-pacientes-com-demencia-por-corpos-de-lewy\/\" tabindex=\"-1\" aria-hidden=\"true\"><img decoding=\"async\" width=\"400\" height=\"278\" src=\"https:\/\/neuronup.com\/br\/wp-content\/uploads\/2024\/10\/paciente-con-demencia.webp\" class=\"entry-image size-landscape-sm\" alt=\"Casal idoso \u00e0 mesa, o homem concentra-se montando quebra-cabe\u00e7a; a mulher observa e incentiva; ambiente claro com luz natural.\" srcset=\"https:\/\/neuronup.com\/br\/wp-content\/uploads\/2024\/10\/paciente-con-demencia-300x208.webp 300w, https:\/\/neuronup.com\/br\/wp-content\/uploads\/2024\/10\/paciente-con-demencia-768x533.webp 768w, https:\/\/neuronup.com\/br\/wp-content\/uploads\/2024\/10\/paciente-con-demencia-1024x711.webp 1024w, https:\/\/neuronup.com\/br\/wp-content\/uploads\/2024\/10\/paciente-con-demencia.webp 1200w\" sizes=\"(max-width:599px) 599px, (min-width:600px) and (max-width: 799px) 799px, (min-width:800px) and (max-width: 999px) 333px, (min-width:1000px) 400px\" \/><\/a><div class=\"entry-wrap entry-wrap-grid\"><h3 class=\"entry-title\" itemprop=\"headline\"><a class=\"entry-title-link\" href=\"https:\/\/neuronup.com\/br\/noticias-de-estimulacao-cognitiva\/doencas-neurodegenerativas\/alteracoes-visuoperceptivas-e-visuoespaciais-em-pacientes-com-demencia-por-corpos-de-lewy\/\" rel=\"bookmark\">Altera\u00e7\u00f5es em pacientes com dem\u00eancia por corpos de Lewy<\/a><\/h3>\n<\/div><\/article><article class=\"entry entry-grid is-column has-entry-link has-image has-image-first type-post category-doencas-neurodegenerativas tag-alzheimer tag-demencia tag-doencas-neurodegenerativas\" style=\"--entry-index:2;\" aria-label=\"Comunica\u00e7\u00e3o do cuidador para o paciente com dem\u00eancia\" itemscope itemtype=\"https:\/\/schema.org\/CreativeWork\"><a class=\"entry-image-link\" href=\"https:\/\/neuronup.com\/br\/noticias-de-estimulacao-cognitiva\/doencas-neurodegenerativas\/comunicacao-do-cuidador-para-o-paciente-com-demencia\/\" tabindex=\"-1\" aria-hidden=\"true\"><img decoding=\"async\" width=\"400\" height=\"267\" src=\"https:\/\/neuronup.com\/br\/wp-content\/uploads\/2024\/10\/paciente-con-demecia.webp\" class=\"entry-image size-landscape-sm\" alt=\"Mulher jovem com cabelos claros conversa com idoso de cabelos brancos; ele sorri segurando \u00f3culos, em sala acolhedora.\" srcset=\"https:\/\/neuronup.com\/br\/wp-content\/uploads\/2024\/10\/paciente-con-demecia-300x200.webp 300w, https:\/\/neuronup.com\/br\/wp-content\/uploads\/2024\/10\/paciente-con-demecia-768x512.webp 768w, https:\/\/neuronup.com\/br\/wp-content\/uploads\/2024\/10\/paciente-con-demecia-1024x683.webp 1024w, https:\/\/neuronup.com\/br\/wp-content\/uploads\/2024\/10\/paciente-con-demecia.webp 1200w\" sizes=\"(max-width:599px) 599px, (min-width:600px) and (max-width: 799px) 799px, (min-width:800px) and (max-width: 999px) 333px, (min-width:1000px) 400px\" \/><\/a><div class=\"entry-wrap entry-wrap-grid\"><h3 class=\"entry-title\" itemprop=\"headline\"><a class=\"entry-title-link\" href=\"https:\/\/neuronup.com\/br\/noticias-de-estimulacao-cognitiva\/doencas-neurodegenerativas\/comunicacao-do-cuidador-para-o-paciente-com-demencia\/\" rel=\"bookmark\">Comunica\u00e7\u00e3o do cuidador para o paciente com dem\u00eancia<\/a><\/h3>\n<\/div><\/article><article class=\"entry entry-grid is-column has-entry-link has-image has-image-first type-post category-alzheimer tag-alzheimer tag-demencia tag-memoria\" style=\"--entry-index:3;\" aria-label=\"A linguagem como fator preditor das dem\u00eancias\" itemscope itemtype=\"https:\/\/schema.org\/CreativeWork\"><a class=\"entry-image-link\" href=\"https:\/\/neuronup.com\/br\/noticias-de-estimulacao-cognitiva\/doencas-neurodegenerativas\/alzheimer\/a-linguagem-como-fator-preditor-das-demencias\/\" tabindex=\"-1\" aria-hidden=\"true\"><img decoding=\"async\" width=\"400\" height=\"267\" src=\"https:\/\/neuronup.com\/br\/wp-content\/uploads\/2023\/11\/El-lenguaje-como-factor-predictor-de-las-demencias-1-2.webp\" class=\"entry-image size-landscape-sm\" alt=\"Ilustra\u00e7\u00e3o art\u00edstica de c\u00e9rebro branco com sulcos e fissuras pretas, parte desintegrando sobre fundo neutro\" srcset=\"https:\/\/neuronup.com\/br\/wp-content\/uploads\/2023\/11\/El-lenguaje-como-factor-predictor-de-las-demencias-1-2-300x200.webp 300w, https:\/\/neuronup.com\/br\/wp-content\/uploads\/2023\/11\/El-lenguaje-como-factor-predictor-de-las-demencias-1-2-768x512.webp 768w, https:\/\/neuronup.com\/br\/wp-content\/uploads\/2023\/11\/El-lenguaje-como-factor-predictor-de-las-demencias-1-2-1024x683.webp 1024w, https:\/\/neuronup.com\/br\/wp-content\/uploads\/2023\/11\/El-lenguaje-como-factor-predictor-de-las-demencias-1-2.webp 1200w\" sizes=\"(max-width:599px) 599px, (min-width:600px) and (max-width: 799px) 799px, (min-width:800px) and (max-width: 999px) 333px, (min-width:1000px) 400px\" \/><\/a><div class=\"entry-wrap entry-wrap-grid\"><h3 class=\"entry-title\" itemprop=\"headline\"><a class=\"entry-title-link\" href=\"https:\/\/neuronup.com\/br\/noticias-de-estimulacao-cognitiva\/doencas-neurodegenerativas\/alzheimer\/a-linguagem-como-fator-preditor-das-demencias\/\" rel=\"bookmark\">A linguagem como fator preditor das dem\u00eancias<\/a><\/h3>\n<\/div><\/article><article class=\"entry entry-grid is-column has-entry-link has-image has-image-first type-post category-doenca-mental tag-acidente-vascular-cerebral tag-alzheimer tag-doenca-de-parkinson tag-doencas-neurodegenerativas tag-esclerose-multipla tag-saude-mental\" style=\"--entry-index:4;\" aria-label=\"12 Famosos com doen\u00e7as neurol\u00f3gicas e mentais\" itemscope itemtype=\"https:\/\/schema.org\/CreativeWork\"><a class=\"entry-image-link\" href=\"https:\/\/neuronup.com\/br\/noticias-de-estimulacao-cognitiva\/doenca-mental\/famosos-com-doencas-neurologicas-e-mentais\/\" tabindex=\"-1\" aria-hidden=\"true\"><img decoding=\"async\" width=\"400\" height=\"267\" src=\"https:\/\/neuronup.com\/br\/wp-content\/uploads\/2023\/10\/Famosos-con-enfermedades-mentales-1.webp\" class=\"entry-image size-landscape-sm\" alt=\"Composi\u00e7\u00e3o em preto e branco com carretel de filme e c\u00e2mera vintage, evocando cinema e a atmosfera nost\u00e1lgica do entretenimento.\" srcset=\"https:\/\/neuronup.com\/br\/wp-content\/uploads\/2023\/10\/Famosos-con-enfermedades-mentales-1-300x200.webp 300w, https:\/\/neuronup.com\/br\/wp-content\/uploads\/2023\/10\/Famosos-con-enfermedades-mentales-1-768x512.webp 768w, https:\/\/neuronup.com\/br\/wp-content\/uploads\/2023\/10\/Famosos-con-enfermedades-mentales-1-1024x683.webp 1024w, https:\/\/neuronup.com\/br\/wp-content\/uploads\/2023\/10\/Famosos-con-enfermedades-mentales-1.webp 1200w\" sizes=\"(max-width:599px) 599px, (min-width:600px) and (max-width: 799px) 799px, (min-width:800px) and (max-width: 999px) 333px, (min-width:1000px) 400px\" \/><\/a><div class=\"entry-wrap entry-wrap-grid\"><h3 class=\"entry-title\" itemprop=\"headline\"><a class=\"entry-title-link\" href=\"https:\/\/neuronup.com\/br\/noticias-de-estimulacao-cognitiva\/doenca-mental\/famosos-com-doencas-neurologicas-e-mentais\/\" rel=\"bookmark\">12 Famosos com doen\u00e7as neurol\u00f3gicas e mentais<\/a><\/h3>\n<\/div><\/article><article class=\"entry entry-grid is-column has-entry-link has-image has-image-first type-post category-dano-cerebral tag-alzheimer tag-cerebro tag-lesao-cerebral tag-lesao-cerebral-adquirida\" style=\"--entry-index:5;\" aria-label=\"Anosognosia: o que \u00e9, hist\u00f3ria e realidade neuropsicol\u00f3gica\" itemscope itemtype=\"https:\/\/schema.org\/CreativeWork\"><a class=\"entry-image-link\" href=\"https:\/\/neuronup.com\/br\/noticias-de-estimulacao-cognitiva\/dano-cerebral\/anosognosia-o-que-e-historia-e-realidade-neuropsicologica\/\" tabindex=\"-1\" aria-hidden=\"true\"><img decoding=\"async\" width=\"400\" height=\"246\" src=\"https:\/\/neuronup.com\/br\/wp-content\/uploads\/2022\/12\/Anosognosia-que-es-historia-y-realidad-neuropsicologica.webp\" class=\"entry-image size-landscape-sm\" alt=\"Palavra ANOSOGNOSIA em fonte destacada sobre fundo azul, com leve desfoque e padr\u00e3o de galhos, enfatizando tema cl\u00ednico.\" srcset=\"https:\/\/neuronup.com\/br\/wp-content\/uploads\/2022\/12\/Anosognosia-que-es-historia-y-realidad-neuropsicologica-300x185.webp 300w, https:\/\/neuronup.com\/br\/wp-content\/uploads\/2022\/12\/Anosognosia-que-es-historia-y-realidad-neuropsicologica-768x473.webp 768w, https:\/\/neuronup.com\/br\/wp-content\/uploads\/2022\/12\/Anosognosia-que-es-historia-y-realidad-neuropsicologica-1024x630.webp 1024w, https:\/\/neuronup.com\/br\/wp-content\/uploads\/2022\/12\/Anosognosia-que-es-historia-y-realidad-neuropsicologica.webp 1201w\" sizes=\"(max-width:599px) 599px, (min-width:600px) and (max-width: 799px) 799px, (min-width:800px) and (max-width: 999px) 333px, (min-width:1000px) 400px\" \/><\/a><div class=\"entry-wrap entry-wrap-grid\"><h3 class=\"entry-title\" itemprop=\"headline\"><a class=\"entry-title-link\" href=\"https:\/\/neuronup.com\/br\/noticias-de-estimulacao-cognitiva\/dano-cerebral\/anosognosia-o-que-e-historia-e-realidade-neuropsicologica\/\" rel=\"bookmark\">Anosognosia: o que \u00e9, hist\u00f3ria e realidade neuropsicol\u00f3gica<\/a><\/h3>\n<\/div><\/article><article class=\"entry entry-grid is-column has-entry-link has-image has-image-first type-post category-para-alzheimer tag-alzheimer tag-atividades-de-estimulacao-cognitiva tag-idosos tag-memoria tag-neuronup\" style=\"--entry-index:6;\" aria-label=\"Sess\u00e3o de estimula\u00e7\u00e3o cognitiva para pessoas com Alzheimer\" itemscope itemtype=\"https:\/\/schema.org\/CreativeWork\"><a class=\"entry-image-link\" href=\"https:\/\/neuronup.com\/br\/atividades-de-neurorreabilitacao\/para-alzheimer\/sessao-de-estimulacao-cognitiva-para-pessoas-com-alzheimer\/\" tabindex=\"-1\" aria-hidden=\"true\"><img decoding=\"async\" width=\"400\" height=\"276\" src=\"https:\/\/neuronup.com\/br\/wp-content\/uploads\/2023\/01\/Evita-la-multa.webp\" class=\"entry-image size-landscape-sm\" alt=\"Tabuleiro com grade de quadrados e carros coloridos; mulher \u00e0 esquerda, esquiador \u00e0 direita; centro verde-amarelo com A1 a C3\" srcset=\"https:\/\/neuronup.com\/br\/wp-content\/uploads\/2023\/01\/Evita-la-multa-300x207.webp 300w, https:\/\/neuronup.com\/br\/wp-content\/uploads\/2023\/01\/Evita-la-multa-768x530.webp 768w, https:\/\/neuronup.com\/br\/wp-content\/uploads\/2023\/01\/Evita-la-multa-1024x707.webp 1024w, https:\/\/neuronup.com\/br\/wp-content\/uploads\/2023\/01\/Evita-la-multa.webp 1200w\" sizes=\"(max-width:599px) 599px, (min-width:600px) and (max-width: 799px) 799px, (min-width:800px) and (max-width: 999px) 333px, (min-width:1000px) 400px\" \/><\/a><div class=\"entry-wrap entry-wrap-grid\"><h3 class=\"entry-title\" itemprop=\"headline\"><a class=\"entry-title-link\" href=\"https:\/\/neuronup.com\/br\/atividades-de-neurorreabilitacao\/para-alzheimer\/sessao-de-estimulacao-cognitiva-para-pessoas-com-alzheimer\/\" rel=\"bookmark\">Sess\u00e3o de estimula\u00e7\u00e3o cognitiva para pessoas com Alzheimer<\/a><\/h3>\n<\/div><\/article><\/div><\/div><\/div>\n<\/div>\n","protected":false},"excerpt":{"rendered":"<p>O XXIV Congresso Brasileiro de Geriatria e Gerontologia (CBGG 2025), realizado de 3 a 5 de abril no Minascentro, em Belo Horizonte (MG), teve como tema central \u201cEnvelhecimento e Tecnologia: uma parceria entre gera\u00e7\u00f5es\u201d. A NeuronUP marcou presen\u00e7a com um stand interativo, apresentando sua plataforma de estimula\u00e7\u00e3o cognitiva online voltada \u00e0 neurorreabilita\u00e7\u00e3o. Nossa equipe teve &hellip;<\/p>\n","protected":false},"author":7,"featured_media":37098,"comment_status":"open","ping_status":"open","sticky":false,"template":"","format":"standard","meta":{"_acf_changed":false,"_genesis_hide_title":false,"_genesis_hide_breadcrumbs":false,"_genesis_hide_singular_image":false,"_genesis_hide_footer_widgets":false,"_genesis_custom_body_class":"","_genesis_custom_post_class":"","_genesis_layout":"","footnotes":""},"categories":[580],"tags":[537,649,613,551],"class_list":{"2":"type-post","7":"category-novidades-neuronup","8":"tag-alzheimer","9":"tag-congressos","10":"tag-envelhecimento-natural","11":"tag-estimulacao-cognitiva","12":"entry"},"acf":[],"_links":{"self":[{"href":"https:\/\/neuronup.com\/br\/wp-json\/wp\/v2\/posts\/37095","targetHints":{"allow":["GET"]}}],"collection":[{"href":"https:\/\/neuronup.com\/br\/wp-json\/wp\/v2\/posts"}],"about":[{"href":"https:\/\/neuronup.com\/br\/wp-json\/wp\/v2\/types\/post"}],"author":[{"embeddable":true,"href":"https:\/\/neuronup.com\/br\/wp-json\/wp\/v2\/users\/7"}],"replies":[{"embeddable":true,"href":"https:\/\/neuronup.com\/br\/wp-json\/wp\/v2\/comments?post=37095"}],"version-history":[{"count":0,"href":"https:\/\/neuronup.com\/br\/wp-json\/wp\/v2\/posts\/37095\/revisions"}],"wp:featuredmedia":[{"embeddable":true,"href":"https:\/\/neuronup.com\/br\/wp-json\/wp\/v2\/media\/37098"}],"wp:attachment":[{"href":"https:\/\/neuronup.com\/br\/wp-json\/wp\/v2\/media?parent=37095"}],"wp:term":[{"taxonomy":"category","embeddable":true,"href":"https:\/\/neuronup.com\/br\/wp-json\/wp\/v2\/categories?post=37095"},{"taxonomy":"post_tag","embeddable":true,"href":"https:\/\/neuronup.com\/br\/wp-json\/wp\/v2\/tags?post=37095"}],"curies":[{"name":"wp","href":"https:\/\/api.w.org\/{rel}","templated":true}]}}