{"id":37079,"date":"2025-05-07T13:25:15","date_gmt":"2025-05-07T11:25:15","guid":{"rendered":"https:\/\/neuronup.com\/br\/?p=37079"},"modified":"2026-01-26T18:21:18","modified_gmt":"2026-01-26T16:21:18","slug":"tea-tecnologia-e-intervencao-cognitiva-neuronup-no-rio-teama-2025","status":"publish","type":"post","link":"https:\/\/neuronup.com\/br\/novidades-neuronup\/tea-tecnologia-e-intervencao-cognitiva-neuronup-no-rio-teama-2025\/","title":{"rendered":"TEA, Tecnologia e Interven\u00e7\u00e3o Cognitiva: NeuronUP no Rio TEAMA 2025"},"content":{"rendered":"\n<p>Na 9\u00aa edi\u00e7\u00e3o do <a href=\"https:\/\/seminariorioteama.com.br\">Semin\u00e1rio Rio TEAMA<\/a>, realizada de 28 a 30 de mar\u00e7o de 2025 no Rio de Janeiro, reuniram-se profissionais de sa\u00fade, fam\u00edlias e estudantes para trocar experi\u00eancias e debater as melhores pr\u00e1ticas no diagn\u00f3stico, tratamento e inclus\u00e3o de pessoas com <a href=\"https:\/\/neuronup.com\/br\/neurorreabilitacao\/perturbacoes-do-neurodesenvolvimento\/transtornos-do-espectro-autista-tea\/\">Transtorno do Espectro Autista (TEA)<\/a>. A NeuronUP marcou presen\u00e7a apresentando sua plataforma de estimula\u00e7\u00e3o cognitiva online que conta com centenas de exerc\u00edcios customiz\u00e1veis para mem\u00f3ria, aten\u00e7\u00e3o e fun\u00e7\u00f5es executivas e mostrou como nossa solu\u00e7\u00e3o potencializa interven\u00e7\u00f5es eficazes em neurorreabilita\u00e7\u00e3o para psic\u00f3logos, neuropsic\u00f3logos e terapeutas ocupacionais. Neste post, voc\u00ea encontra detalhes sobre o evento, nossa contribui\u00e7\u00e3o e como voc\u00ea pode testar gratuitamente a NeuronUP.<\/p>\n\n\n\n<div class=\"wp-block-group\"><div class=\"wp-block-group__inner-container is-layout-constrained wp-block-group-is-layout-constrained\">\n<div class=\"wp-block-columns is-layout-flex wp-container-core-columns-is-layout-9d6595d7 wp-block-columns-is-layout-flex\">\n<div class=\"wp-block-column br-0111 p-5 particle-bg anims-fadein-up has-primary-background-color has-background is-layout-flow wp-block-column-is-layout-flow\">\n<h2 class=\"wp-block-heading has-white-color has-text-color\">Saiba mais sobre <br><strong>NeuronUP<\/strong><\/h2>\n\n\n\n<div class=\"wp-block-buttons is-layout-flex wp-block-buttons-is-layout-flex\">\n<div class=\"wp-block-button--1\" style=\"--button-outline-color:var(--color-white);--button-outline-color-hover:rgba(0,0,0,0.8);\"><a class=\"wp-block-button__link button button-outline   wp-element-button\" href=\"https:\/\/neuronup.com\/br\/solicitacao-informacao\/\">Solicitar Informa\u00e7\u00f5es<\/a><\/div>\n\n<\/div>\n<\/div>\n\n\n\n<div class=\"wp-block-column br-0111 p-5 particle-bg anims-fadein-up has-primary-background-color has-background is-layout-flow wp-block-column-is-layout-flow\">\n<h2 class=\"wp-block-heading has-white-color has-text-color\">Experimente Gratuitamente<\/h2>\n\n\n\n<p class=\"has-white-color has-text-color\">A plataforma que mais de <strong>4.500 profissionais<\/strong> utilizam todos os dias<\/p>\n\n\n\n<div class=\"wp-block-buttons is-layout-flex wp-block-buttons-is-layout-flex\">\n<div class=\"wp-block-button orange-button\" style=\"--button-background:var(--color-custom-1);--button-background-hover:#cc7e00;\"><a class=\"wp-block-button__link button   wp-element-button\" href=\"https:\/\/neuronup.com\/br\/landing-store-user\/\">Solicitar Teste<img decoding=\"async\" class=\"wp-image-18719\" style=\"width: 8px;\" src=\"\/wp-content\/uploads\/2022\/v3\/icon_rightArrow-white.svg\"><\/a><\/div>\n\n<\/div>\n<\/div>\n<\/div>\n<\/div><\/div>\n\n\n\n<h2 class=\"wp-block-heading\">Sobre o Rio TEAma<\/h2>\n\n\n\n<p>Primeiro, porque foi desenvolvida por neuropsic\u00f3logos para neuropsic\u00f3logos e isso \u00e9 muito importante, pois <strong>somente o profissional que trabalha com estimula\u00e7\u00e3o cognitiva e reabilita\u00e7\u00e3o neuropsicol\u00f3gica sabe o que \u00e9 necess\u00e1rio<\/strong> para trabalhar com os pacientes que s\u00e3o tratados pela neuropsicologia.<\/p>\n\n\n\n<p>Em segundo lugar, porque \u00e9 uma ferramenta que<strong> levou em conta a forma de trabalho do neuropsic\u00f3logo<\/strong>, que divide os pacientes em adultos e crian\u00e7as, por um lado, pois exigem abordagens e materiais diferentes e, por outro lado, por fun\u00e7\u00f5es a serem trabalhadas, como aten\u00e7\u00e3o, mem\u00f3ria, linguagem ou fun\u00e7\u00f5es executivas. Essas duas divis\u00f5es por idade e fun\u00e7\u00e3o s\u00e3o muito \u00fateis para o trabalho do neuropsic\u00f3logo cl\u00ednico.<\/p>\n\n\n\n<p>Desde 2018, o Rio TEAMA promove a difus\u00e3o de conhecimentos atualizados sobre TEA, reunindo pais, cuidadores, profissionais de sa\u00fade e pesquisadores. O semin\u00e1rio busca incentivar a troca de saberes, fortalecer redes de apoio e ampliar a inclus\u00e3o social de pessoas com autismo.<\/p>\n\n\n\n<p>Durante os tr\u00eas dias, o evento trouxe palestras com foco em temas como:<\/p>\n\n\n\n<ul class=\"wp-block-list\">\n<li>O Papel das Fam\u00edlias na Defesa dos Direitos dos Autistas<\/li>\n\n\n\n<li>Avan\u00e7os em pesquisas com mini-c\u00e9rebros<\/li>\n\n\n\n<li>Abordagem biopsicossocial no atendimento a pessoas com defici\u00eancia<\/li>\n\n\n\n<li>Trastornos de D\u00e9ficit de Aten\u00e7\u00e3o (TDA\/TDAH) e TEA<\/li>\n\n\n\n<li>Tecnologias assistivas e ambientes inclusivos<\/li>\n\n\n\n<li>Rela\u00e7\u00e3o entre transtornos gastrointestinais e manifesta\u00e7\u00e3o comportamental no TEA<\/li>\n<\/ul>\n\n\n\n<figure class=\"wp-block-image size-large is-resized\"><img decoding=\"async\" width=\"2304\" height=\"1297\" src=\"https:\/\/neuronup.com\/br\/wp-content\/uploads\/2025\/05\/NeuronUP-no-RioTEAma-Stand-edited.webp\" alt=\"Homem apresentando em evento com tablet, discutindo com grupo; telas ao fundo mostram gr\u00e1ficos sobre NeuronUP.\" class=\"wp-image-37090\" style=\"width:768px\" srcset=\"https:\/\/neuronup.com\/br\/wp-content\/uploads\/2025\/05\/NeuronUP-no-RioTEAma-Stand-edited-300x169.webp 300w, https:\/\/neuronup.com\/br\/wp-content\/uploads\/2025\/05\/NeuronUP-no-RioTEAma-Stand-edited-768x432.webp 768w, https:\/\/neuronup.com\/br\/wp-content\/uploads\/2025\/05\/NeuronUP-no-RioTEAma-Stand-edited-1024x576.webp 1024w, https:\/\/neuronup.com\/br\/wp-content\/uploads\/2025\/05\/NeuronUP-no-RioTEAma-Stand-edited-1536x865.webp 1536w, https:\/\/neuronup.com\/br\/wp-content\/uploads\/2025\/05\/NeuronUP-no-RioTEAma-Stand-edited-2048x1153.webp 2048w, https:\/\/neuronup.com\/br\/wp-content\/uploads\/2025\/05\/NeuronUP-no-RioTEAma-Stand-edited.webp 2304w\" sizes=\"(max-width: 2304px) 100vw, 2304px\" \/><figcaption class=\"wp-element-caption\">Stand &#8211; RioTEAma<\/figcaption><\/figure>\n\n\n\n<h2 class=\"wp-block-heading\">NeuronUP no RioTEAma<\/h2>\n\n\n\n<p>Al\u00e9m de apoiar o evento como patrocinadora, refor\u00e7ando nosso compromisso com a educa\u00e7\u00e3o, a pesquisa e o avan\u00e7o no cuidado ao TEA, a NeuronUP tamb\u00e9m contribuiu ativamente com uma palestra t\u00e9cnica. Nela, apresentamos como nossa plataforma de <a href=\"https:\/\/neuronup.com\/br\/o-que-e-neuronup\/\">estimula\u00e7\u00e3o cognitiva<\/a> online, com centenas de exerc\u00edcios personaliz\u00e1veis, pode apoiar psic\u00f3logos, neuropsic\u00f3logos e terapeutas ocupacionais na avalia\u00e7\u00e3o e reabilita\u00e7\u00e3o de fun\u00e7\u00f5es como mem\u00f3ria, aten\u00e7\u00e3o e fun\u00e7\u00f5es executivas de pessoas com Transtorno do Espectro Autista.\u00a0<\/p>\n\n\n\n<p>Durante a apresenta\u00e7\u00e3o, mostramos como nossa solu\u00e7\u00e3o permite uma abordagem altamente personalizada, oferecendo:<\/p>\n\n\n\n<ul class=\"wp-block-list\">\n<li><strong>Exerc\u00edcios 100% customiz\u00e1veis<\/strong>, ajust\u00e1veis \u00e0s necessidades espec\u00edficas de cada paciente, para a avalia\u00e7\u00e3o e reabilita\u00e7\u00e3o de fun\u00e7\u00f5es cognitivas como mem\u00f3ria, aten\u00e7\u00e3o, linguagem e fun\u00e7\u00f5es executivas;<br><\/li>\n\n\n\n<li><strong>Monitoramento cont\u00ednuo e em tempo real<\/strong>, com relat\u00f3rios automatizados que facilitam o acompanhamento do progresso terap\u00eautico e a tomada de decis\u00f5es cl\u00ednicas mais assertivas;<br><\/li>\n\n\n\n<li><strong>Biblioteca extensa de atividades<\/strong>, com novos conte\u00fados adicionados regularmente, para diversificar o atendimento e manter o engajamento do paciente;<br><\/li>\n\n\n\n<li><strong>Ferramentas de planejamento de sess\u00f5es<\/strong>, que ajudam o profissional a organizar programas terap\u00eauticos por objetivos, dura\u00e7\u00e3o e n\u00edvel de dificuldade;<br><\/li>\n\n\n\n<li><strong>Acesso remoto \u00e0 plataforma<\/strong>, permitindo interven\u00e7\u00f5es em modelo h\u00edbrido ou totalmente online, o que amplia o alcance a pacientes em diferentes regi\u00f5es ou com limita\u00e7\u00f5es de mobilidade;<br><\/li>\n<\/ul>\n\n\n\n<p>Tamb\u00e9m estivemos presentes com um stand interativo, onde profissionais da sa\u00fade, familiares e estudantes puderam explorar a plataforma na pr\u00e1tica, tirando d\u00favidas e conhecendo os benef\u00edcios da NeuronUP para interven\u00e7\u00f5es em neurorreabilita\u00e7\u00e3o baseadas em evid\u00eancias.<br><\/p>\n\n\n\n<h3 class=\"wp-block-heading\">Agradecimentos<\/h3>\n\n\n\n<p>Agradecemos \u00e0 organiza\u00e7\u00e3o do Semin\u00e1rio Rio TEAMA pelo convite e pela oportunidade de colaborar em um evento que coloca as <strong>vozes e experi\u00eancias das pessoas com TEA<\/strong> no centro das discuss\u00f5es.<\/p>\n\n\n\n<p>Se voc\u00ea \u00e9 profissional da sa\u00fade e deseja potencializar suas interven\u00e7\u00f5es em neurorreabilita\u00e7\u00e3o, <strong>solicite agora seu teste gratuito da NeuronUP<\/strong>. Descubra como nossa plataforma pode transformar sua pr\u00e1tica cl\u00ednica e melhorar os resultados dos seus pacientes com TEA.<\/p>\n\n\n\n<div class=\"wp-block-cover br-1010 has-sm-padding-top has-sm-padding-bottom has-sm-padding-left has-sm-padding-right\"><img decoding=\"async\" width=\"1280\" height=\"768\" sizes=\"(max-width: 600px) 100vw, 50vw\" class=\"wp-block-cover__image-background wp-image-31661 size-large\" alt=\"neuronup illustration background\" src=\"https:\/\/neuronup.com\/br\/wp-content\/uploads\/2024\/10\/neuronup-illustration-background.svg\" data-object-fit=\"cover\"\/><span aria-hidden=\"true\" class=\"wp-block-cover__background has-background-dim\" style=\"background-color:#005767\"><\/span><div class=\"wp-block-cover__inner-container is-layout-constrained wp-block-cover-is-layout-constrained\">\n<p class=\"has-xl-font-size\" style=\"letter-spacing:0.07rem\"><strong>Lan\u00e7amos NeuronUP Assessment!<\/strong><\/p>\n\n\n\n<div class=\"wp-block-columns are-vertically-aligned-center is-layout-flex wp-container-core-columns-is-layout-9d6595d7 wp-block-columns-is-layout-flex\">\n<div class=\"wp-block-column is-vertically-aligned-center has-white-color has-text-color has-link-color wp-elements-bd68cc8433c056f7c59b955812e8ea6c is-layout-flow wp-block-column-is-layout-flow\" style=\"flex-basis:70%\">\n<p class=\"has-no-margin-top has-no-margin-bottom\" style=\"letter-spacing:0.05rem\">O novo produto de Avalia\u00e7\u00e3o da NeuronUP.<\/p>\n\n\n\n<p class=\"has-text-align-left has-no-margin-top has-no-margin-bottom\" style=\"font-size:18px\">Solicite acesso para testar gratuitamente por tempo limitado.<\/p>\n<\/div>\n\n\n\n<div class=\"wp-block-column is-vertically-aligned-center is-layout-flow wp-block-column-is-layout-flow\" style=\"flex-basis:30%\">\n<div class=\"wp-block-buttons is-content-justification-center is-layout-flex wp-container-core-buttons-is-layout-16018d1d wp-block-buttons-is-layout-flex\">\n<div class=\"wp-block-button has-custom-width wp-block-button__width-100\" style=\"--button-color:#01606f;--button-background:var(--color-white);--button-background-hover:#e6e6e6;\"><a class=\"wp-block-button__link button    has-link-color wp-element-button\" href=\"https:\/\/neuronup.com\/br\/neuronup-assessment\/solicitar-acesso\/\" style=\"color:#01606f\"><strong>Solicite acceso<\/strong><\/a><\/div>\n\n<\/div>\n<\/div>\n<\/div>\n<\/div><\/div>\n\n\n\n<h3 class=\"wp-block-heading\">Se voc\u00ea gostou deste artigo sobre Congressos de Neuropsicologia, <strong>provavelmente se interessar\u00e1 por estes artigos da NeuronUP:<\/strong><\/h3>\n\n\n\n<div class=\"wp-block-columns is-layout-flex wp-container-core-columns-is-layout-9d6595d7 wp-block-columns-is-layout-flex\">\n<div class=\"wp-block-column is-layout-flow wp-block-column-is-layout-flow\" style=\"flex-basis:100%\"><div class=\"mai-grid entries entries-grid has-boxed has-image-full\" style=\"--entry-title-font-size:var(--font-size-lg);--align-text:start;--entry-meta-text-align:start;\"><div class=\"entries-wrap has-columns\" style=\"--columns-xs:1\/1;--columns-sm:1\/1;--columns-md:1\/3;--columns-lg:1\/3;--flex-xs:0 0 var(--flex-basis);--flex-sm:0 0 var(--flex-basis);--flex-md:0 0 var(--flex-basis);--flex-lg:0 0 var(--flex-basis);--column-gap:var(--spacing-lg);--row-gap:var(--spacing-lg);--align-columns:start;\"><article class=\"entry entry-grid is-column has-entry-link has-image has-image-first type-post category-novidades-neuronup tag-alzheimer tag-congressos tag-envelhecimento-natural tag-estimulacao-cognitiva\" style=\"--entry-index:1;\" aria-label=\"NeuronUP no BRAIN Congress\" itemscope itemtype=\"https:\/\/schema.org\/CreativeWork\"><a class=\"entry-image-link\" href=\"https:\/\/neuronup.com\/br\/novidades-neuronup\/neuronup-no-brain-congress\/\" tabindex=\"-1\" aria-hidden=\"true\"><img decoding=\"async\" width=\"400\" height=\"300\" src=\"https:\/\/neuronup.com\/br\/wp-content\/uploads\/2025\/05\/Apresentando-Tampas-para-profissionais-no-CBGG-400x300.webp\" class=\"entry-image size-landscape-sm\" alt=\"Grupo de profissionais observando painel digital com n\u00fameros durante apresenta\u00e7\u00e3o no CBGG; ambiente moderno com parede azul.\" srcset=\"https:\/\/neuronup.com\/br\/wp-content\/uploads\/2025\/05\/Apresentando-Tampas-para-profissionais-no-CBGG-400x300.webp 400w, https:\/\/neuronup.com\/br\/wp-content\/uploads\/2025\/05\/Apresentando-Tampas-para-profissionais-no-CBGG-800x600.webp 800w, https:\/\/neuronup.com\/br\/wp-content\/uploads\/2025\/05\/Apresentando-Tampas-para-profissionais-no-CBGG-1200x900.webp 1200w\" sizes=\"(max-width:599px) 599px, (min-width:600px) and (max-width: 799px) 799px, (min-width:800px) and (max-width: 999px) 333px, (min-width:1000px) 400px\" \/><\/a><div class=\"entry-wrap entry-wrap-grid\"><h3 class=\"entry-title\" itemprop=\"headline\"><a class=\"entry-title-link\" href=\"https:\/\/neuronup.com\/br\/novidades-neuronup\/neuronup-no-brain-congress\/\" rel=\"bookmark\">NeuronUP no BRAIN Congress<\/a><\/h3>\n<\/div><\/article><article class=\"entry entry-grid is-column has-entry-link has-image has-image-first type-post category-novidades-neuronup tag-congressos\" style=\"--entry-index:2;\" aria-label=\"NeuronUP no XXXVIII Congresso CONASEMS\" itemscope itemtype=\"https:\/\/schema.org\/CreativeWork\"><a class=\"entry-image-link\" href=\"https:\/\/neuronup.com\/br\/novidades-neuronup\/neuronup-no-xxxviii-congresso-conasems\/\" tabindex=\"-1\" aria-hidden=\"true\"><img decoding=\"async\" width=\"400\" height=\"300\" src=\"https:\/\/neuronup.com\/br\/wp-content\/uploads\/2025\/05\/NeuronUP-no-COSEMSSP-Capa-400x300.webp\" class=\"entry-image size-landscape-sm\" alt=\"Estande do 38\u00ba Congresso COSEMS SP com logotipo COSEMS SP, fundo azul, ilumina\u00e7\u00e3o superior e palmeiras decorativas, destacando a NeuronUP.\" srcset=\"https:\/\/neuronup.com\/br\/wp-content\/uploads\/2025\/05\/NeuronUP-no-COSEMSSP-Capa-400x300.webp 400w, https:\/\/neuronup.com\/br\/wp-content\/uploads\/2025\/05\/NeuronUP-no-COSEMSSP-Capa-800x600.webp 800w\" sizes=\"(max-width:599px) 599px, (min-width:600px) and (max-width: 799px) 799px, (min-width:800px) and (max-width: 999px) 333px, (min-width:1000px) 400px\" \/><\/a><div class=\"entry-wrap entry-wrap-grid\"><h3 class=\"entry-title\" itemprop=\"headline\"><a class=\"entry-title-link\" href=\"https:\/\/neuronup.com\/br\/novidades-neuronup\/neuronup-no-xxxviii-congresso-conasems\/\" rel=\"bookmark\">NeuronUP no XXXVIII Congresso CONASEMS<\/a><\/h3>\n<\/div><\/article><article class=\"entry entry-grid is-column has-entry-link has-image has-image-first type-post category-novidades-neuronup tag-congressos\" style=\"--entry-index:3;\" aria-label=\"Reabilita\u00e7\u00e3o Cognitiva no SUS: Destaques da Participa\u00e7\u00e3o da NeuronUP no COSEMS\/SP\" itemscope itemtype=\"https:\/\/schema.org\/CreativeWork\"><a class=\"entry-image-link\" href=\"https:\/\/neuronup.com\/br\/novidades-neuronup\/reabilitacao-cognitiva-no-sus-destaques-da-participacao-da-neuronup-no-cosems-sp\/\" tabindex=\"-1\" aria-hidden=\"true\"><img decoding=\"async\" width=\"400\" height=\"300\" src=\"https:\/\/neuronup.com\/br\/wp-content\/uploads\/2025\/05\/NeuronUP-no-COSEMSSP-Capa-400x300.webp\" class=\"entry-image size-landscape-sm\" alt=\"Estande do 38\u00ba Congresso COSEMS SP com logotipo COSEMS SP, fundo azul, ilumina\u00e7\u00e3o superior e palmeiras decorativas, destacando a NeuronUP.\" srcset=\"https:\/\/neuronup.com\/br\/wp-content\/uploads\/2025\/05\/NeuronUP-no-COSEMSSP-Capa-400x300.webp 400w, https:\/\/neuronup.com\/br\/wp-content\/uploads\/2025\/05\/NeuronUP-no-COSEMSSP-Capa-800x600.webp 800w\" sizes=\"(max-width:599px) 599px, (min-width:600px) and (max-width: 799px) 799px, (min-width:800px) and (max-width: 999px) 333px, (min-width:1000px) 400px\" \/><\/a><div class=\"entry-wrap entry-wrap-grid\"><h3 class=\"entry-title\" itemprop=\"headline\"><a class=\"entry-title-link\" href=\"https:\/\/neuronup.com\/br\/novidades-neuronup\/reabilitacao-cognitiva-no-sus-destaques-da-participacao-da-neuronup-no-cosems-sp\/\" rel=\"bookmark\">Reabilita\u00e7\u00e3o Cognitiva no SUS: Destaques da Participa\u00e7\u00e3o da NeuronUP no COSEMS\/SP<\/a><\/h3>\n<\/div><\/article><article class=\"entry entry-grid is-column has-entry-link has-image has-image-first type-post category-novidades-neuronup tag-alzheimer tag-congressos tag-envelhecimento-natural tag-estimulacao-cognitiva\" style=\"--entry-index:4;\" aria-label=\"NeuronUP no CBGG 2025: tecnologia e reabilita\u00e7\u00e3o cognitiva para o envelhecimento saud\u00e1vel\" itemscope itemtype=\"https:\/\/schema.org\/CreativeWork\"><a class=\"entry-image-link\" href=\"https:\/\/neuronup.com\/br\/novidades-neuronup\/neuronup-no-cbgg-2025-tecnologia-e-reabilitacao-cognitiva-para-o-envelhecimento-saudavel\/\" tabindex=\"-1\" aria-hidden=\"true\"><img decoding=\"async\" width=\"400\" height=\"300\" src=\"https:\/\/neuronup.com\/br\/wp-content\/uploads\/2025\/05\/Apresentando-Tampas-para-profissionais-no-CBGG-400x300.webp\" class=\"entry-image size-landscape-sm\" alt=\"Grupo de profissionais observando painel digital com n\u00fameros durante apresenta\u00e7\u00e3o no CBGG; ambiente moderno com parede azul.\" srcset=\"https:\/\/neuronup.com\/br\/wp-content\/uploads\/2025\/05\/Apresentando-Tampas-para-profissionais-no-CBGG-400x300.webp 400w, https:\/\/neuronup.com\/br\/wp-content\/uploads\/2025\/05\/Apresentando-Tampas-para-profissionais-no-CBGG-800x600.webp 800w, https:\/\/neuronup.com\/br\/wp-content\/uploads\/2025\/05\/Apresentando-Tampas-para-profissionais-no-CBGG-1200x900.webp 1200w\" sizes=\"(max-width:599px) 599px, (min-width:600px) and (max-width: 799px) 799px, (min-width:800px) and (max-width: 999px) 333px, (min-width:1000px) 400px\" \/><\/a><div class=\"entry-wrap entry-wrap-grid\"><h3 class=\"entry-title\" itemprop=\"headline\"><a class=\"entry-title-link\" href=\"https:\/\/neuronup.com\/br\/novidades-neuronup\/neuronup-no-cbgg-2025-tecnologia-e-reabilitacao-cognitiva-para-o-envelhecimento-saudavel\/\" rel=\"bookmark\">NeuronUP no CBGG 2025: tecnologia e reabilita\u00e7\u00e3o cognitiva para o envelhecimento saud\u00e1vel<\/a><\/h3>\n<\/div><\/article><article class=\"entry entry-grid is-column has-entry-link has-image has-image-first type-post category-novidades-neuronup tag-congressos tag-estimulacao-cognitiva tag-tea\" style=\"--entry-index:5;\" aria-label=\"TEA, Tecnologia e Interven\u00e7\u00e3o Cognitiva: NeuronUP no Rio TEAMA 2025\" itemscope itemtype=\"https:\/\/schema.org\/CreativeWork\"><a class=\"entry-image-link\" href=\"https:\/\/neuronup.com\/br\/novidades-neuronup\/tea-tecnologia-e-intervencao-cognitiva-neuronup-no-rio-teama-2025\/\" tabindex=\"-1\" aria-hidden=\"true\"><img decoding=\"async\" width=\"400\" height=\"300\" src=\"https:\/\/neuronup.com\/br\/wp-content\/uploads\/2025\/05\/RioTEAma-400x300.webp\" class=\"entry-image size-landscape-sm\" alt=\"Folheto sobre neuronUP para neurorehabilita\u00e7\u00e3o; ao fundo, cora\u00e7\u00e3o colorido com palavras sobre autismo, em ambiente de evento.\" srcset=\"https:\/\/neuronup.com\/br\/wp-content\/uploads\/2025\/05\/RioTEAma-400x300.webp 400w, https:\/\/neuronup.com\/br\/wp-content\/uploads\/2025\/05\/RioTEAma-800x600.webp 800w, https:\/\/neuronup.com\/br\/wp-content\/uploads\/2025\/05\/RioTEAma-1200x900.webp 1200w\" sizes=\"(max-width:599px) 599px, (min-width:600px) and (max-width: 799px) 799px, (min-width:800px) and (max-width: 999px) 333px, (min-width:1000px) 400px\" \/><\/a><div class=\"entry-wrap entry-wrap-grid\"><h3 class=\"entry-title\" itemprop=\"headline\"><a class=\"entry-title-link\" href=\"https:\/\/neuronup.com\/br\/novidades-neuronup\/tea-tecnologia-e-intervencao-cognitiva-neuronup-no-rio-teama-2025\/\" rel=\"bookmark\">TEA, Tecnologia e Interven\u00e7\u00e3o Cognitiva: NeuronUP no Rio TEAMA 2025<\/a><\/h3>\n<\/div><\/article><article class=\"entry entry-grid is-column has-entry-link has-image has-image-first type-post category-doencas-raras tag-autismo tag-criancas tag-semana-do-cerebro tag-tdah tag-transtornos-do-desenvolvimento\" style=\"--entry-index:6;\" aria-label=\"A import\u00e2ncia da interven\u00e7\u00e3o precoce nas perturba\u00e7\u00f5es do neurodesenvolvimento: ferramentas e abordagens eficazes\" itemscope itemtype=\"https:\/\/schema.org\/CreativeWork\"><a class=\"entry-image-link\" href=\"https:\/\/neuronup.com\/br\/noticias-de-estimulacao-cognitiva\/doencas-raras\/a-importancia-da-intervencao-precoce-nas-perturbacoes-do-neurodesenvolvimento-ferramentas-e-abordagens-eficazes\/\" tabindex=\"-1\" aria-hidden=\"true\"><img decoding=\"async\" width=\"400\" height=\"300\" src=\"https:\/\/neuronup.com\/br\/wp-content\/uploads\/2025\/03\/Intervencao-400x300.webp\" class=\"entry-image size-landscape-sm\" alt=\"Menina com cabelos cacheados claros sorri para a c\u00e2mera, perto de uma geladeira com letras adesivas coloridas, ilumina\u00e7\u00e3o suave.\" srcset=\"https:\/\/neuronup.com\/br\/wp-content\/uploads\/2025\/03\/Intervencao-400x300.webp 400w, https:\/\/neuronup.com\/br\/wp-content\/uploads\/2025\/03\/Intervencao-800x600.webp 800w\" sizes=\"(max-width:599px) 599px, (min-width:600px) and (max-width: 799px) 799px, (min-width:800px) and (max-width: 999px) 333px, (min-width:1000px) 400px\" \/><\/a><div class=\"entry-wrap entry-wrap-grid\"><h3 class=\"entry-title\" itemprop=\"headline\"><a class=\"entry-title-link\" href=\"https:\/\/neuronup.com\/br\/noticias-de-estimulacao-cognitiva\/doencas-raras\/a-importancia-da-intervencao-precoce-nas-perturbacoes-do-neurodesenvolvimento-ferramentas-e-abordagens-eficazes\/\" rel=\"bookmark\">A import\u00e2ncia da interven\u00e7\u00e3o precoce nas perturba\u00e7\u00f5es do neurodesenvolvimento: ferramentas e abordagens eficazes<\/a><\/h3>\n<\/div><\/article><\/div><\/div><\/div>\n<\/div>\n","protected":false},"excerpt":{"rendered":"<p>Na 9\u00aa edi\u00e7\u00e3o do Semin\u00e1rio Rio TEAMA, realizada de 28 a 30 de mar\u00e7o de 2025 no Rio de Janeiro, reuniram-se profissionais de sa\u00fade, fam\u00edlias e estudantes para trocar experi\u00eancias e debater as melhores pr\u00e1ticas no diagn\u00f3stico, tratamento e inclus\u00e3o de pessoas com Transtorno do Espectro Autista (TEA). A NeuronUP marcou presen\u00e7a apresentando sua plataforma &hellip;<\/p>\n","protected":false},"author":7,"featured_media":37085,"comment_status":"open","ping_status":"open","sticky":false,"template":"","format":"standard","meta":{"_acf_changed":false,"_genesis_hide_title":false,"_genesis_hide_breadcrumbs":false,"_genesis_hide_singular_image":false,"_genesis_hide_footer_widgets":false,"_genesis_custom_body_class":"","_genesis_custom_post_class":"","_genesis_layout":"","footnotes":""},"categories":[580],"tags":[649,551,669],"class_list":{"2":"type-post","7":"category-novidades-neuronup","8":"tag-congressos","9":"tag-estimulacao-cognitiva","10":"tag-tea","11":"entry"},"acf":[],"_links":{"self":[{"href":"https:\/\/neuronup.com\/br\/wp-json\/wp\/v2\/posts\/37079","targetHints":{"allow":["GET"]}}],"collection":[{"href":"https:\/\/neuronup.com\/br\/wp-json\/wp\/v2\/posts"}],"about":[{"href":"https:\/\/neuronup.com\/br\/wp-json\/wp\/v2\/types\/post"}],"author":[{"embeddable":true,"href":"https:\/\/neuronup.com\/br\/wp-json\/wp\/v2\/users\/7"}],"replies":[{"embeddable":true,"href":"https:\/\/neuronup.com\/br\/wp-json\/wp\/v2\/comments?post=37079"}],"version-history":[{"count":0,"href":"https:\/\/neuronup.com\/br\/wp-json\/wp\/v2\/posts\/37079\/revisions"}],"wp:featuredmedia":[{"embeddable":true,"href":"https:\/\/neuronup.com\/br\/wp-json\/wp\/v2\/media\/37085"}],"wp:attachment":[{"href":"https:\/\/neuronup.com\/br\/wp-json\/wp\/v2\/media?parent=37079"}],"wp:term":[{"taxonomy":"category","embeddable":true,"href":"https:\/\/neuronup.com\/br\/wp-json\/wp\/v2\/categories?post=37079"},{"taxonomy":"post_tag","embeddable":true,"href":"https:\/\/neuronup.com\/br\/wp-json\/wp\/v2\/tags?post=37079"}],"curies":[{"name":"wp","href":"https:\/\/api.w.org\/{rel}","templated":true}]}}