{"id":37064,"date":"2025-05-06T12:19:10","date_gmt":"2025-05-06T10:19:10","guid":{"rendered":"https:\/\/neuronup.com\/br\/?p=37064"},"modified":"2025-05-07T14:10:22","modified_gmt":"2025-05-07T12:10:22","slug":"a-luta-pela-neuroreabilitacao-infantil-em-africa-entrevista-com-mar-piquer-coordenadora-do-psiconed","status":"publish","type":"post","link":"https:\/\/neuronup.com\/br\/projetos\/zanzibar\/a-luta-pela-neuroreabilitacao-infantil-em-africa-entrevista-com-mar-piquer-coordenadora-do-psiconed\/","title":{"rendered":"A luta pela neuroreabilita\u00e7\u00e3o infantil na \u00c1frica: entrevista com Mar Piquer, coordenadora do PsicoNED"},"content":{"rendered":"\n<p>A seguir, voc\u00ea ser\u00e1 testemunha de uma conversa com Mar Piquer Mart\u00ednez, a coordenadora do projeto PsicoNED em Zanzibar. Esta iniciativa, que j\u00e1 abordamos anteriormente em outros artigos, oferece <strong>apoio psicol\u00f3gico e cognitivo a crian\u00e7as com hidrocefalia e espinha b\u00edfida, assim como \u00e0s suas fam\u00edlias<\/strong>, em um ambiente marcado pela vulnerabilidade.&nbsp;<\/p>\n\n\n\n<p>Nesta entrevista, voc\u00ea poder\u00e1 conhecer mais de perto diferentes aspectos como os in\u00edcios, o prop\u00f3sito e os desafios do projeto, as necessidades da comunidade de Zanzibar, como o PsicoNED envolve a comunidade local e como ferramentas digitais como a NeuronUP permitiram melhorar significativamente o atendimento a essas pessoas.&nbsp;&nbsp;<\/p>\n\n\n\n<div style=\"height:50px\" aria-hidden=\"true\" class=\"wp-block-spacer\"><\/div>\n\n\n\n<div class=\"wp-block-group\"><div class=\"wp-block-group__inner-container is-layout-constrained wp-block-group-is-layout-constrained\">\n<div class=\"wp-block-columns is-layout-flex wp-container-core-columns-is-layout-9d6595d7 wp-block-columns-is-layout-flex\">\n<div class=\"wp-block-column br-0111 p-5 particle-bg anims-fadein-up has-primary-background-color has-background is-layout-flow wp-block-column-is-layout-flow\">\n<h2 class=\"wp-block-heading has-white-color has-text-color\">Saiba mais sobre <br><strong>NeuronUP<\/strong><\/h2>\n\n\n\n<div class=\"wp-block-buttons is-layout-flex wp-block-buttons-is-layout-flex\">\n<div class=\"wp-block-button--1\" style=\"--button-outline-color:var(--color-white);--button-outline-color-hover:rgba(0,0,0,0.8);\"><a class=\"wp-block-button__link button button-outline   wp-element-button\" href=\"https:\/\/neuronup.com\/br\/solicitacao-informacao\/\">Solicitar Informa\u00e7\u00f5es<\/a><\/div>\n\n<\/div>\n<\/div>\n\n\n\n<div class=\"wp-block-column br-0111 p-5 particle-bg anims-fadein-up has-primary-background-color has-background is-layout-flow wp-block-column-is-layout-flow\">\n<h2 class=\"wp-block-heading has-white-color has-text-color\">Experimente Gratuitamente<\/h2>\n\n\n\n<p class=\"has-white-color has-text-color\">A plataforma que mais de <strong>4.500 profissionais<\/strong> utilizam todos os dias<\/p>\n\n\n\n<div class=\"wp-block-buttons is-layout-flex wp-block-buttons-is-layout-flex\">\n<div class=\"wp-block-button orange-button\" style=\"--button-background:var(--color-custom-1);--button-background-hover:#cc7e00;\"><a class=\"wp-block-button__link button   wp-element-button\" href=\"https:\/\/neuronup.com\/br\/landing-store-user\/\">Solicitar Teste<img decoding=\"async\" class=\"wp-image-18719\" style=\"width: 8px;\" src=\"\/wp-content\/uploads\/2022\/v3\/icon_rightArrow-white.svg\"><\/a><\/div>\n\n<\/div>\n<\/div>\n<\/div>\n<\/div><\/div>\n\n\n\n<div style=\"height:50px\" aria-hidden=\"true\" class=\"wp-block-spacer\"><\/div>\n\n\n\n<p>1. Para quem ainda n\u00e3o conhece o PsicoNED, voc\u00ea pode nos contar <strong>em que consiste o projeto e qual \u00e9 o seu prop\u00f3sito<\/strong>?<\/p>\n\n\n\n<p>O PsicoNED \u00e9 um projeto de aten\u00e7\u00e3o psicol\u00f3gica integral que nasceu em 2023 como uma iniciativa da <a href=\"https:\/\/nedfundacion.org\/\">Fundaci\u00f3n NED<\/a>. Seu objetivo \u00e9 oferecer apoio psicol\u00f3gico \u00e0s crian\u00e7as vinculadas \u00e0 House of Hope de Zanzibar, bem como \u00e0s suas fam\u00edlias.<\/p>\n\n\n\n<p>A <a href=\"https:\/\/nedfundacion.org\/que-hacemos\/apoyo-sociosanitario\/house-of-hope\/\">House of Hope<\/a> \u00e9 um centro sociossanit\u00e1rio gerenciado pela Associa\u00e7\u00e3o de Pacientes com Hidrocefalia e Espinha B\u00edfida de Zanzibar (HSBCO), cofinanciado pela Child Help e pela Fundaci\u00f3n NED, da qual fa\u00e7o parte. Este centro oferece alojamento e alimenta\u00e7\u00e3o tempor\u00e1ria a fam\u00edlias em situa\u00e7\u00e3o de especial vulnerabilidade. Tamb\u00e9m facilita o transporte e a coordena\u00e7\u00e3o com o Hospital Mnazi Mmoja, bem como com o Instituto NED Mnazi Mmoja, onde se encontra o servi\u00e7o de neurocirurgia de refer\u00eancia do arquip\u00e9lago. Al\u00e9m disso, tamb\u00e9m oferece fisioterapia e terapia ocupacional duas vezes por semana.&nbsp;<\/p>\n\n\n\n<p>Nesse contexto surgiu o PsicoNED e, desde ent\u00e3o, <strong>o projeto tem dois grandes prop\u00f3sitos<\/strong>:<\/p>\n\n\n\n<ol class=\"wp-block-list\">\n<li><strong>Avaliar psicologicamente e cognitivamente crian\u00e7as com hidrocefalia e espinha b\u00edfida<\/strong> em Zanzibar, elaborando interven\u00e7\u00f5es individualizadas que respondam \u00e0s suas necessidades espec\u00edficas.<\/li>\n\n\n\n<li><strong>Oferecer psicoeduca\u00e7\u00e3o e apoio emocional<\/strong> \u00e0s suas fam\u00edlias, comunidades e ambientes mais pr\u00f3ximos.<\/li>\n<\/ol>\n\n\n\n<h2 class=\"wp-block-heading\">2. O PsicoNED leva psicologia e neurorreabilita\u00e7\u00e3o a Zanzibar. Quais necessidades voc\u00ea detectou na comunidade que evidenciaram a <strong>import\u00e2ncia deste projeto na regi\u00e3o<\/strong>?<\/h2>\n\n\n\n<p>At\u00e9 poucos anos atr\u00e1s, as crian\u00e7as com hidrocefalia e espinha b\u00edfida <strong>mal recebiam atendimento cir\u00fargico<\/strong> em Zanzibar, devido \u00e0 aus\u00eancia de neurocirurgi\u00f5es e de recursos materiais.&nbsp;<\/p>\n\n\n\n<p>Quando a Fundaci\u00f3n NED come\u00e7ou a intervir nesses casos e as crian\u00e7as come\u00e7aram a se recuperar ap\u00f3s as cirurgias, surgiu um novo desafio: <strong>criar recursos especializados para seu atendimento e reabilita\u00e7\u00e3o posterior<\/strong>. Assim nasceu a House of Hope, cujo primeiro servi\u00e7o foi a reabilita\u00e7\u00e3o f\u00edsica por meio de fisioterapia e terapia ocupacional.<\/p>\n\n\n\n<p>Nessa mesma linha surge o PsicoNED. Muitas dessas crian\u00e7as apresentam comprometimentos cognitivos em fun\u00e7\u00f5es como mem\u00f3ria, aten\u00e7\u00e3o, linguagem ou planejamento. Al\u00e9m disso, algumas t\u00eam diagn\u00f3sticos associados como defici\u00eancia intelectual, autismo, epilepsia, etc. Em Zanzibar n\u00e3o existem servi\u00e7os especializados em psicologia, por isso <strong>nenhuma crian\u00e7a havia recebido um diagn\u00f3stico nem, muito menos, uma interven\u00e7\u00e3o especializada<\/strong>.<\/p>\n\n\n\n<p>Ter uma defici\u00eancia em Zanzibar representa uma <strong>limita\u00e7\u00e3o no acesso \u00e0 educa\u00e7\u00e3o<\/strong>, al\u00e9m de gerar estigma e rejei\u00e7\u00e3o social. Algumas crian\u00e7as nem sequer chegam a frequentar a escola, por medo de serem rejeitadas ou pela falta de recursos adequados. Outras at\u00e9 frequentam, mas n\u00e3o recebem adapta\u00e7\u00f5es e ficam completamente desorientadas.&nbsp;<\/p>\n\n\n\n<p>Por tudo isso, al\u00e9m de nos concentrarmos na neuropsicologia para favorecer seu desenvolvimento, era <strong>imprescind\u00edvel acompanhar tamb\u00e9m, do ponto de vista psicol\u00f3gico, outras dificuldades<\/strong> vividas por essas crian\u00e7as e suas fam\u00edlias.<\/p>\n\n\n\n<h2 class=\"wp-block-heading\">3. Para entender melhor o impacto do PsicoNED, voc\u00ea pode nos contar <strong>em que consiste o trabalho di\u00e1rio<\/strong> da equipe e que tipo de atividades s\u00e3o realizadas?<\/h2>\n\n\n\n<p>Atualmente, <strong>as atividades do PsicoNED incluem<\/strong>:<\/p>\n\n\n\n<ol class=\"wp-block-list\">\n<li>Sess\u00f5es individuais de neuropsicologia.<\/li>\n\n\n\n<li>Grupos de apoio para m\u00e3es e adolescentes.<\/li>\n\n\n\n<li>Reuni\u00f5es de planejamento, elabora\u00e7\u00e3o e supervis\u00e3o de interven\u00e7\u00f5es.<\/li>\n\n\n\n<li>Acompanhamento das crian\u00e7as no ambiente escolar e familiar (visitas domiciliares).<\/li>\n\n\n\n<li>Acompanhamento de volunt\u00e1rios locais.<\/li>\n\n\n\n<li>Sensibiliza\u00e7\u00e3o comunit\u00e1ria sobre hidrocefalia e espinha b\u00edfida.<\/li>\n<\/ol>\n\n\n\n<p>A rotina na House of Hope varia a cada dia, pois muitas atividades s\u00e3o organizadas semanal ou mensalmente (como os grupos de apoio). Atualmente estamos <strong>implementando um planejamento semanal estruturado<\/strong> da seguinte maneira:<\/p>\n\n\n\n<ul class=\"wp-block-list\">\n<li>Segunda-feira: planejamento da agenda, sess\u00f5es e cria\u00e7\u00e3o de material.<\/li>\n\n\n\n<li>Ter\u00e7as e quintas-feiras: sess\u00f5es de neuropsicologia.<\/li>\n\n\n\n<li>Quarta-feira: reuni\u00e3o online para planejamento de sess\u00f5es, coordena\u00e7\u00e3o escolar e familiar.<\/li>\n\n\n\n<li>Sexta-feira: reuni\u00e3o online de acompanhamento de casos, e oficinas l\u00fadicas como trabalhos manuais, leitura, pintura ou cinema.<\/li>\n<\/ul>\n\n\n\n<h2 class=\"wp-block-heading\">4. Voc\u00eas contam com um <strong>programa de voluntariado<\/strong>. Que tipo de pessoas podem se juntar ao PsicoNED e como podem contribuir?<\/h2>\n\n\n\n<p>Estamos <strong>abertas a perfis diversos<\/strong>, embora atualmente estejamos buscando especialmente pessoas da \u00e1rea de psicologia, neuropsicologia, defici\u00eancia ou educa\u00e7\u00e3o. Terapeutas ocupacionais, fonoaudi\u00f3logas e professoras tamb\u00e9m s\u00e3o muito bem-vindas.<\/p>\n\n\n\n<p>\u00c9 poss\u00edvel <strong>colaborar de muitas formas<\/strong>:&nbsp;<\/p>\n\n\n\n<ol class=\"wp-block-list\">\n<li>Intervindo diretamente com as crian\u00e7as e as fam\u00edlias durante as miss\u00f5es de coopera\u00e7\u00e3o.<\/li>\n\n\n\n<li>Oferecendo forma\u00e7\u00e3o (presencial ou online) a profissionais locais.&nbsp;<\/li>\n\n\n\n<li>Participando de discuss\u00f5es de casos ou assessorando interven\u00e7\u00f5es.<\/li>\n<\/ol>\n\n\n\n<p>Mas <strong>n\u00e3o \u00e9 necess\u00e1rio ser especialista em algo ou viajar at\u00e9 Zanzibar para contribuir<\/strong>. Se algu\u00e9m entende de redes sociais, pode nos ajudar com conte\u00fado. Se tem experi\u00eancia organizando eventos, pode colaborar em a\u00e7\u00f5es solid\u00e1rias. Existem mil formas de somar.<\/p>\n\n\n\n<div style=\"height:50px\" aria-hidden=\"true\" class=\"wp-block-spacer\"><\/div>\n\n\n\n<div class=\"wp-block-group br-0111 has-primary-background-color has-background has-dark-background has-sm-padding-top has-sm-padding-left has-sm-padding-right has-xxl-margin-top\"><div class=\"wp-block-group__inner-container is-layout-constrained wp-block-group-is-layout-constrained\">\n<div class=\"wp-block-columns is-layout-flex wp-container-core-columns-is-layout-9d6595d7 wp-block-columns-is-layout-flex\">\n<div class=\"wp-block-column is-layout-flow wp-block-column-is-layout-flow\">\n<figure class=\"wp-block-image size-full desktop-position-absolute desktop-bottom-0 mobile-width-50 mobile-m-inline-auto has-xl-margin-top\"><img decoding=\"async\" width=\"292\" height=\"338\" src=\"https:\/\/neuronup.com\/br\/wp-content\/uploads\/2024\/10\/certificado-de-produto.webp\" alt=\"\" class=\"wp-image-31568\" srcset=\"https:\/\/neuronup.com\/br\/wp-content\/uploads\/2024\/10\/certificado-de-produto-259x300.webp 259w, https:\/\/neuronup.com\/br\/wp-content\/uploads\/2024\/10\/certificado-de-produto.webp 292w\" sizes=\"(max-width: 292px) 100vw, 292px\" \/><\/figure>\n<\/div>\n\n\n\n<div class=\"wp-block-column is-layout-flow wp-block-column-is-layout-flow\">\n<h2 class=\"wp-block-heading has-white-color has-text-color\"><strong>Inscreva-se<\/strong> <br>na nossa <br>Newsletter<\/h2>\n\n\n\n<div class=\"wp-block-buttons is-layout-flex wp-block-buttons-is-layout-flex\">\n<div class=\"wp-block-button--2\" style=\"--button-outline-color:var(--color-white);--button-outline-color-hover:rgba(0,0,0,0.8);\"><a class=\"wp-block-button__link button button-outline   wp-element-button\" href=\"https:\/\/neuronup.com\/br\/newsletter\/\">Inscreva-se<\/a><\/div>\n\n<\/div>\n\n\n\n<div style=\"height:40px\" aria-hidden=\"true\" class=\"wp-block-spacer\"><\/div>\n<\/div>\n<\/div>\n<\/div><\/div>\n\n\n\n\n<div style=\"height:50px\" aria-hidden=\"true\" class=\"wp-block-spacer\"><\/div>\n\n\n\n<h2 class=\"wp-block-heading\">5. Um dos pilares da Funda\u00e7\u00e3o NED \u00e9 seu modelo de trabalho baseado em <strong>\u2018Equipar, Tratar e Educar\u2019<\/strong>. Por que voc\u00ea acha que essa metodologia \u00e9 fundamental em regi\u00f5es de baixa renda?<\/h2>\n\n\n\n<p>Esse modelo de trabalho em coopera\u00e7\u00e3o \u00e9 especialmente fundamental em regi\u00f5es de baixa renda para <strong>garantir um impacto sustent\u00e1vel a longo prazo<\/strong>.<\/p>\n\n\n\n<p>Depois de muitos anos trabalhando com esse modelo como b\u00fassola, comprovamos que ele funciona. Quando voc\u00ea garante os recursos materiais necess\u00e1rios para o trabalho, forma as pessoas locais e \u201cutiliza\u201d os conhecimentos e experi\u00eancias de especialistas para atender diretamente certos casos, supervisionar e orientar o trabalho local, pouco a pouco elas v\u00e3o dependendo menos da ajuda externa para alcan\u00e7ar os objetivos. V\u00e3o ganhando autonomia, conhecimento, experi\u00eancia, e aos poucos podem assumir seus pr\u00f3prios projetos. At\u00e9 chegar ao objetivo final: n\u00e3o sermos mais necess\u00e1rios.<\/p>\n\n\n\n<p>Isso, claro, \u00e9 um trabalho progressivo e exige anos de trabalho conjunto, de financiamento, de supervis\u00e3o, de forma\u00e7\u00e3o constante\u2026 At\u00e9 poder alcan\u00e7\u00e1-lo.&nbsp;<\/p>\n\n\n\n<p>No caso do PsicoNED, estamos fazendo assim:<\/p>\n\n\n\n<ul class=\"wp-block-list\">\n<li><strong>Equipar <\/strong>significou fornecer tablets, materiais de interven\u00e7\u00e3o, acesso a plataformas online como a NeuronUP, e criar um espa\u00e7o adaptado na House of Hope.&nbsp;<\/li>\n\n\n\n<li><strong>Educar<\/strong> \u00e9 algo que vivemos todos os dias, por meio das forma\u00e7\u00f5es que organizamos para a equipe local, da supervis\u00e3o constante, das reuni\u00f5es semanais com especialistas da Espanha e do acompanhamento a estudantes locais que tamb\u00e9m est\u00e3o em forma\u00e7\u00e3o.&nbsp;<\/li>\n\n\n\n<li><strong>Tratar<\/strong> fazemos tanto nas miss\u00f5es presenciais quanto no acompanhamento cont\u00ednuo daqui, apoiando diretamente os casos mais complexos ou sens\u00edveis.<\/li>\n<\/ul>\n\n\n\n<h2 class=\"wp-block-heading\">6. Se voc\u00ea tivesse que <strong>resumir o \u00faltimo ano<\/strong> da PsicoNED em tr\u00eas palavras, quais seriam e por qu\u00ea?<\/h2>\n\n\n\n<p><strong>Const\u00e2ncia, reflex\u00e3o, expans\u00e3o.<\/strong><\/p>\n\n\n\n<p>Const\u00e2ncia porque trabalhamos sem parar e formamos uma equipe realmente comprometida. Reflex\u00e3o, porque cada passo que damos exige avaliar cuidadosamente a ideia e considerar suas possibilidades, al\u00e9m de uma revis\u00e3o constante do processo. E expans\u00e3o, porque ampliamos os servi\u00e7os que oferecemos, o n\u00famero de fam\u00edlias beneficiadas por eles e nossa colabora\u00e7\u00e3o com mais entidades locais.<\/p>\n\n\n\n<h2 class=\"wp-block-heading\">7. Voc\u00eas trabalham com crian\u00e7as e fam\u00edlias em situa\u00e7\u00e3o de vulnerabilidade. Qual <strong>impacto direto<\/strong> voc\u00eas est\u00e3o observando nelas? Existe alguma hist\u00f3ria que represente bem essa mudan\u00e7a?<\/h2>\n\n\n\n<p><strong>O impacto<\/strong> que estamos observando nas crian\u00e7as e suas fam\u00edlias <strong>\u00e9 real e muito emocionante<\/strong>.&nbsp;<\/p>\n\n\n\n<p>Nas crian\u00e7as, percebemos como est\u00e3o ganhando confian\u00e7a em si mesmas para enfrentar algumas tarefas que trabalhamos nas sess\u00f5es. Algumas melhoraram muito em tarefas de aten\u00e7\u00e3o, por exemplo, algo que pode parecer pequeno, mas que tem um impacto enorme no dia a dia delas.<\/p>\n\n\n\n<p>E nas m\u00e3es, a mudan\u00e7a tamb\u00e9m \u00e9 muito evidente. Muitas delas, que no in\u00edcio estavam fechadas, com medo ou carregando sozinhas o peso da situa\u00e7\u00e3o, agora se permitem compartilhar o que sentem, se expressam com mais liberdade, se apoiam entre si e est\u00e3o formando uma rede muito bonita.<\/p>\n\n\n\n<p><strong>Se eu tiver que escolher uma hist\u00f3ria que represente essa mudan\u00e7a, penso na Amina.<\/strong> Ela tem 19 anos e s\u00f3 frequentou a escola por alguns anos quando era pequena, devido a problemas familiares e \u00e0 total falta de apoio do sistema educacional. Amina tem hidrocefalia, uma defici\u00eancia intelectual associada e suspeita de TEA. Um ano atr\u00e1s, ela se escondia se algu\u00e9m falasse com ela, n\u00e3o queria participar de nada, n\u00e3o mexia em nenhum aparelho tecnol\u00f3gico e seu dia a dia se limitava a fazer algumas tarefas dom\u00e9sticas.<\/p>\n\n\n\n<p>Agora, Amina faz parte do grupo de jovens, se expressa com muito mais seguran\u00e7a, trabalha conosco com exerc\u00edcios da <a href=\"https:\/\/neuronup.com\/br\/\">NeuronUP<\/a>, est\u00e1 aprendendo a escrever algumas palavras e a reconhecer letras. Sai feliz das sess\u00f5es, ri, participa, ganhou muita confian\u00e7a. Encontrou um lugar onde se sente respeitada, compreendida e integrada. Ver sua evolu\u00e7\u00e3o \u00e9 impressionante, e \u00e9 justamente por hist\u00f3rias como a dela que seguimos aqui.<\/p>\n\n\n\n<h2 class=\"wp-block-heading\">8. A colabora\u00e7\u00e3o \u00e9 fundamental nesse tipo de projeto. <strong>Como a PsicoNED envolve a comunidade local<\/strong> em sua pr\u00f3pria transforma\u00e7\u00e3o?<\/h2>\n\n\n\n<p>Na verdade, a PsicoNED n\u00e3o apenas envolve a comunidade local, como \u00e9 formada por ela. <strong>Cada a\u00e7\u00e3o \u00e9 pensada e executada em conjunto com profissionais locais<\/strong>. O trabalho direto \u00e9 feito por elas, e quando h\u00e1 miss\u00f5es, fazemos juntas.<\/p>\n\n\n\n<p>Desde o in\u00edcio, sab\u00edamos que quer\u00edamos formar uma equipe mista com profissionais locais. Elas conhecem a realidade em primeira m\u00e3o e, a longo prazo, s\u00e3o quem deve liderar o desenvolvimento de seus pr\u00f3prios programas. Nos reunimos semanalmente, elas executam as interven\u00e7\u00f5es e supervisionamos juntas. Elas s\u00e3o o rosto vis\u00edvel do projeto.&nbsp;<\/p>\n\n\n\n<p>Por exemplo, Hamissa ser\u00e1 tutora de est\u00e1gio de duas estudantes de Psicologia da Espanha e mentora de uma professora local. As decis\u00f5es n\u00e3o s\u00e3o tomadas na Espanha: s\u00e3o propostas, discutidas e avaliadas em equipe. <strong>\u00c9 assim que a Funda\u00e7\u00e3o entende a coopera\u00e7\u00e3o<\/strong>, e sinceramente, nem eu nem ningu\u00e9m da equipe entende outra forma de trabalhar.<\/p>\n\n\n\n<h2 class=\"wp-block-heading\">9. A tecnologia desempenha um papel fundamental no trabalho da PsicoNED. <strong>Como ferramentas como a NeuronUP ajudaram<\/strong> no atendimento aos pacientes?<\/h2>\n\n\n\n<p><strong>A NeuronUP facilitou enormemente o trabalho<\/strong>. \u00c9 uma ferramenta intuitiva, com atividades classificadas por fun\u00e7\u00e3o cognitiva e n\u00edvel de dificuldade. Isso \u00e9 essencial, j\u00e1 que muitas pessoas n\u00e3o t\u00eam forma\u00e7\u00e3o espec\u00edfica em neuropsicologia ou estimula\u00e7\u00e3o cognitiva. A plataforma tamb\u00e9m permite registrar atividades e resultados, o que facilita a coordena\u00e7\u00e3o e o acompanhamento entre profissionais. E o melhor \u00e9 que as crian\u00e7as gostam muito. Para muitas delas, \u00e9 a primeira experi\u00eancia com um tablet, o que adiciona um componente motivacional muito forte.<\/p>\n\n\n\n<h2 class=\"wp-block-heading\">10. Um dos desafios constantes em projetos sociais \u00e9 o financiamento. <strong>Como a PsicoNED se mant\u00e9m<\/strong> e de que maneira pessoas ou entidades podem apoiar seu crescimento?<\/h2>\n\n\n\n<p>A PsicoNED se mant\u00e9m gra\u00e7as \u00e0 Funda\u00e7\u00e3o NED, que por sua vez se sustenta por meio de <strong>doa\u00e7\u00f5es de pessoas f\u00edsicas, contribui\u00e7\u00f5es de associados ou parcerias com entidades<\/strong> p\u00fablicas ou privadas. Al\u00e9m disso, a Funda\u00e7\u00e3o conta com o selo da Fundaci\u00f3n Lealtad, que certifica sua transpar\u00eancia e o uso respons\u00e1vel dos recursos. Na Espanha, estima-se que existam entre 27.000 e 30.000 organiza\u00e7\u00f5es n\u00e3o governamentais (ONGs). Destas, apenas 293 obtiveram o Selo ONG Acreditada concedido pela Fundaci\u00f3n Lealtad, entre elas, a Fundaci\u00f3n NED.<\/p>\n\n\n\n<p>Aproveito para insistir em algo que considero fundamental: <strong>qualquer ajuda, por menor que pare\u00e7a, \u00e9 importante e necess\u00e1ria<\/strong>. 5 euros podem fazer a diferen\u00e7a para muitas fam\u00edlias. Pode ser a possibilidade de pagar o transporte p\u00fablico para levar seus filhos a sess\u00f5es de neuropsicologia e fisioterapia, que s\u00e3o fundamentais no processo de reabilita\u00e7\u00e3o. Com 5 euros, algumas fam\u00edlias podem comprar fraldas para toda a semana.<\/p>\n\n\n\n<p>Com isso quero dizer que n\u00e3o \u00e9 preciso fazer uma grande doa\u00e7\u00e3o para que fa\u00e7a sentido. De verdade, qualquer contribui\u00e7\u00e3o conta. E o fato \u00e9 que, para poder cobrir muitas dessas necessidades b\u00e1sicas, para continuar avan\u00e7ando, precisamos de financiamento. Sem ele, n\u00e3o podemos garantir a sustentabilidade dos projetos a longo prazo.<\/p>\n\n\n\n<h2 class=\"wp-block-heading\">11. Olhando para o futuro, quais s\u00e3o os <strong>sonhos e metas<\/strong> da PsicoNED para o ano de 2025?<\/h2>\n\n\n\n<p><strong>Nossos objetivos para 2025<\/strong> s\u00e3o:<\/p>\n\n\n\n<ol class=\"wp-block-list\">\n<li>Manter ou at\u00e9 aumentar a equipe atual.<\/li>\n\n\n\n<li>Ampliar as sess\u00f5es de neuropsicologia.<\/li>\n\n\n\n<li>Iniciar apoio psicol\u00f3gico individualizado para as m\u00e3es dentro de um marco terap\u00eautico.<\/li>\n\n\n\n<li>Come\u00e7ar a desenvolver servi\u00e7os em Pemba em colabora\u00e7\u00e3o com associa\u00e7\u00f5es locais.<\/li>\n\n\n\n<li>Conseguir atender a algumas necessidades b\u00e1sicas urgentes das fam\u00edlias mais vulner\u00e1veis.<\/li>\n<\/ol>\n\n\n\n<div style=\"height:50px\" aria-hidden=\"true\" class=\"wp-block-spacer\"><\/div>\n\n\n\n<div class=\"wp-block-group br-0101 anims-fadein-up has-custom-2-background-color has-background has-light-background has-xxxxl-margin-top has-xxxxl-margin-bottom\"><div class=\"wp-block-group__inner-container is-layout-constrained wp-block-group-is-layout-constrained\">\n<div class=\"wp-block-columns is-layout-flex wp-container-core-columns-is-layout-9d6595d7 wp-block-columns-is-layout-flex\">\n<div class=\"wp-block-column mobile-order-1 desktop-position-relative is-layout-flow wp-block-column-is-layout-flow\" style=\"flex-basis:25%\">\n<figure class=\"wp-block-image size-full desktop-position-absolute desktop-bottom-0 mobile-width-50 mobile-m-inline-auto has--xxxl-margin-top\"><img decoding=\"async\" width=\"885\" height=\"1024\" src=\"https:\/\/neuronup.com\/br\/wp-content\/uploads\/2024\/10\/treinamento-em-produtos-para-profissionais.webp\" alt=\"Treinamento em produtos para profissionais\" class=\"wp-image-31564\" srcset=\"https:\/\/neuronup.com\/br\/wp-content\/uploads\/2024\/10\/treinamento-em-produtos-para-profissionais-259x300.webp 259w, https:\/\/neuronup.com\/br\/wp-content\/uploads\/2024\/10\/treinamento-em-produtos-para-profissionais-768x889.webp 768w, https:\/\/neuronup.com\/br\/wp-content\/uploads\/2024\/10\/treinamento-em-produtos-para-profissionais.webp 885w\" sizes=\"(max-width: 885px) 100vw, 885px\" \/><\/figure>\n<\/div>\n\n\n\n<div class=\"wp-block-column p-5 mobile-pb-0 is-layout-flow wp-block-column-is-layout-flow\" style=\"flex-basis:50%\">\n<h2 class=\"wp-block-heading has-xl-font-size has-xl-margin-top\"><span style=\"color:white\">Solicita\u00e7\u00e3o de <strong>informa\u00e7\u00e3o<\/strong><\/span><\/h2>\n\n\n\n<p class=\"has-white-color has-text-color\">Saiba como aproveitar ao m\u00e1ximo nossa plataforma e entenda por que mais de 4.500 profissionais em todo o mundo j\u00e1 a utilizam.<\/p>\n<\/div>\n\n\n\n<div class=\"wp-block-column is-vertically-aligned-center mobile-mb-3 is-layout-flow wp-block-column-is-layout-flow\" style=\"flex-basis:25%\">\n<div class=\"wp-block-buttons is-layout-flex wp-block-buttons-is-layout-flex\">\n<div class=\"wp-block-button--3\" style=\"--button-outline-color:var(--color-white);--button-outline-color-hover:rgba(0,0,0,0.8);\"><a class=\"wp-block-button__link button button-outline   wp-element-button\" href=\"https:\/\/neuronup.com\/br\/solicitacao-informacao\/\">Solicitar<\/a><\/div>\n\n<\/div>\n<\/div>\n<\/div>\n<\/div><\/div>\n\n\n\n\n<div style=\"height:50px\" aria-hidden=\"true\" class=\"wp-block-spacer\"><\/div>\n\n\n\n<h2 class=\"wp-block-heading\">12. Por fim, <strong>o que te impulsiona todos os dias a continuar<\/strong> com a PsicoNED?<\/h2>\n\n\n\n<p>Sem d\u00favida, <strong>saber que gra\u00e7as ao projeto algumas crian\u00e7as conseguir\u00e3o ser escolarizadas<\/strong>, e outras que j\u00e1 est\u00e3o na escola poder\u00e3o faz\u00ea-lo <strong>com o apoio e o acompanhamento que precisam<\/strong>. Pensar que as escolas estar\u00e3o mais preparadas e sensibilizadas frente \u00e0 hidrocefalia, espinha b\u00edfida e outras causas de defici\u00eancia. Que haver\u00e1 psic\u00f3logos e psic\u00f3logas mais bem formados nessas \u00e1reas.&nbsp;<\/p>\n\n\n\n<p>Tamb\u00e9m me motiva <strong>saber que estamos ajudando as pessoas a entenderem a hidrocefalia e a espinha b\u00edfida<\/strong> e que, quem sabe, pouco a pouco, isso se traduza em menos abandonos familiares, especialmente por parte de homens que se afastam ap\u00f3s o nascimento de um filho com defici\u00eancia.<\/p>\n\n\n\n<p>A PsicoNED \u00e9 apenas uma pe\u00e7a de um mecanismo maior: a House of Hope, a Funda\u00e7\u00e3o NED e as associa\u00e7\u00f5es locais. E tudo faz mais sentido quando conectamos as pe\u00e7as.&nbsp;<\/p>\n\n\n\n<p>Por exemplo, por meio das visitas domiciliares identificamos situa\u00e7\u00f5es de vulnerabilidade extrema e ativamos todos os recursos poss\u00edveis: organizamos a mudan\u00e7a da fam\u00edlia para a casa, facilitamos o acesso \u00e0 aten\u00e7\u00e3o m\u00e9dica, apoio psicol\u00f3gico e nos coordenamos com outros recursos e servi\u00e7os locais. <\/p>\n\n\n\n<p>O que quero dizer com isso \u00e9 que a PsicoNED vai muito al\u00e9m de oferecer sess\u00f5es de neuropsicologia em um consult\u00f3rio. \u00c9 uma <strong>rede s\u00f3lida de apoio<\/strong>, que trabalha em coordena\u00e7\u00e3o com outras entidades e que, gra\u00e7as a essa conex\u00e3o, muitas vezes consegue prevenir situa\u00e7\u00f5es tr\u00e1gicas e melhorar a qualidade de vida de muitas fam\u00edlias. Ent\u00e3o, como voc\u00ea v\u00ea, tenho raz\u00f5es de sobra para seguir em frente todos os dias.&nbsp;<\/p>\n\n\n\n<h3 class=\"wp-block-heading\">Se voc\u00ea gostou deste artigo<strong>, <\/strong>provavelmente se interessar\u00e1 por estes artigos da NeuronUP:<\/h3>\n\n\n<div class=\"mai-grid entries entries-grid has-boxed has-image-full\" style=\"--entry-title-font-size:var(--font-size-lg);--align-text:start;--entry-meta-text-align:start;\"><div class=\"entries-wrap has-columns\" style=\"--columns-xs:1\/1;--columns-sm:1\/1;--columns-md:1\/3;--columns-lg:1\/3;--flex-xs:0 0 var(--flex-basis);--flex-sm:0 0 var(--flex-basis);--flex-md:0 0 var(--flex-basis);--flex-lg:0 0 var(--flex-basis);--column-gap:var(--spacing-lg);--row-gap:var(--spacing-lg);--align-columns:start;\"><article class=\"entry entry-grid is-column has-entry-link has-image has-image-first type-post category-depoimentos tag-adultos tag-estimulacao-cognitiva tag-lesao-cerebral-adquirida tag-testemunhos\" style=\"--entry-index:1;\" aria-label=\"Reabilita\u00e7\u00e3o cognitiva com NeuronUP no Ateneu Maestrat\" itemscope itemtype=\"https:\/\/schema.org\/CreativeWork\"><a class=\"entry-image-link\" href=\"https:\/\/neuronup.com\/br\/noticias-de-estimulacao-cognitiva\/depoimentos\/reabilitacao-cognitiva-com-neuronup-no-ateneu-maestrat\/\" tabindex=\"-1\" aria-hidden=\"true\"><img decoding=\"async\" width=\"300\" height=\"300\" src=\"https:\/\/neuronup.com\/br\/wp-content\/uploads\/2024\/12\/Usuario-de-Ateneu-Maestrat-trabajando-con-NeuronUP.webp\" class=\"entry-image size-landscape-sm\" alt=\"Homem sentado diante de um computador, apontando para a tela; monitor exibe v\u00e1rias imagens de rostos, em escrit\u00f3rio.\" srcset=\"https:\/\/neuronup.com\/br\/wp-content\/uploads\/2024\/12\/Usuario-de-Ateneu-Maestrat-trabajando-con-NeuronUP-24x24.webp 24w, https:\/\/neuronup.com\/br\/wp-content\/uploads\/2024\/12\/Usuario-de-Ateneu-Maestrat-trabajando-con-NeuronUP-48x48.webp 48w, https:\/\/neuronup.com\/br\/wp-content\/uploads\/2024\/12\/Usuario-de-Ateneu-Maestrat-trabajando-con-NeuronUP-96x96.webp 96w, https:\/\/neuronup.com\/br\/wp-content\/uploads\/2024\/12\/Usuario-de-Ateneu-Maestrat-trabajando-con-NeuronUP-150x150.webp 150w, https:\/\/neuronup.com\/br\/wp-content\/uploads\/2024\/12\/Usuario-de-Ateneu-Maestrat-trabajando-con-NeuronUP-300x300.webp 300w, https:\/\/neuronup.com\/br\/wp-content\/uploads\/2024\/12\/Usuario-de-Ateneu-Maestrat-trabajando-con-NeuronUP-768x769.webp 768w, https:\/\/neuronup.com\/br\/wp-content\/uploads\/2024\/12\/Usuario-de-Ateneu-Maestrat-trabajando-con-NeuronUP-1022x1024.webp 1022w, https:\/\/neuronup.com\/br\/wp-content\/uploads\/2024\/12\/Usuario-de-Ateneu-Maestrat-trabajando-con-NeuronUP.webp 1200w\" sizes=\"(max-width:599px) 599px, (min-width:600px) and (max-width: 799px) 799px, (min-width:800px) and (max-width: 999px) 333px, (min-width:1000px) 400px\" \/><\/a><div class=\"entry-wrap entry-wrap-grid\"><h3 class=\"entry-title\" itemprop=\"headline\"><a class=\"entry-title-link\" href=\"https:\/\/neuronup.com\/br\/noticias-de-estimulacao-cognitiva\/depoimentos\/reabilitacao-cognitiva-com-neuronup-no-ateneu-maestrat\/\" rel=\"bookmark\">Reabilita\u00e7\u00e3o cognitiva com NeuronUP no Ateneu Maestrat<\/a><\/h3>\n<\/div><\/article><article class=\"entry entry-grid is-column has-entry-link has-image has-image-first type-post category-depoimentos tag-testemunhos\" style=\"--entry-index:2;\" aria-label=\"Superar os desafios cognitivos: a abordagem \u00fanica da BIQAF Psychology\" itemscope itemtype=\"https:\/\/schema.org\/CreativeWork\"><a class=\"entry-image-link\" href=\"https:\/\/neuronup.com\/br\/noticias-de-estimulacao-cognitiva\/depoimentos\/superar-os-retos-cognitivos-o-enfoque-unico-de-biqaf-psychology\/\" tabindex=\"-1\" aria-hidden=\"true\"><img decoding=\"async\" width=\"400\" height=\"300\" src=\"https:\/\/neuronup.com\/br\/wp-content\/uploads\/2024\/11\/BIQAF-usuario.webp\" class=\"entry-image size-landscape-sm\" alt=\"Pessoa sentada em cadeira, fones de ouvido, diante de laptop e tela com gr\u00e1ficos; ambiente claro e tranquilo.\" srcset=\"https:\/\/neuronup.com\/br\/wp-content\/uploads\/2024\/11\/BIQAF-usuario-300x225.webp 300w, https:\/\/neuronup.com\/br\/wp-content\/uploads\/2024\/11\/BIQAF-usuario-768x576.webp 768w, https:\/\/neuronup.com\/br\/wp-content\/uploads\/2024\/11\/BIQAF-usuario-1024x768.webp 1024w, https:\/\/neuronup.com\/br\/wp-content\/uploads\/2024\/11\/BIQAF-usuario.webp 1200w\" sizes=\"(max-width:599px) 599px, (min-width:600px) and (max-width: 799px) 799px, (min-width:800px) and (max-width: 999px) 333px, (min-width:1000px) 400px\" \/><\/a><div class=\"entry-wrap entry-wrap-grid\"><h3 class=\"entry-title\" itemprop=\"headline\"><a class=\"entry-title-link\" href=\"https:\/\/neuronup.com\/br\/noticias-de-estimulacao-cognitiva\/depoimentos\/superar-os-retos-cognitivos-o-enfoque-unico-de-biqaf-psychology\/\" rel=\"bookmark\">Superar os desafios cognitivos: a abordagem \u00fanica da BIQAF Psychology<\/a><\/h3>\n<\/div><\/article><article class=\"entry entry-grid is-column has-entry-link has-image has-image-first type-post category-doencas-raras tag-doencas-raras\" style=\"--entry-index:3;\" aria-label=\"Compreendendo a S\u00edndrome de Gerstmann\" itemscope itemtype=\"https:\/\/schema.org\/CreativeWork\"><a class=\"entry-image-link\" href=\"https:\/\/neuronup.com\/br\/noticias-de-estimulacao-cognitiva\/doencas-raras\/compreendendo-o-sindrome-de-gerstmann\/\" tabindex=\"-1\" aria-hidden=\"true\"><img decoding=\"async\" width=\"400\" height=\"267\" src=\"https:\/\/neuronup.com\/br\/wp-content\/uploads\/2024\/11\/Comprendiendo-el-Sindrome-de-Gerstmann-NeuronUP.webp\" class=\"entry-image size-landscape-sm\" alt=\"Mulher sentada em cadeira, cabelos longos escuros, camisa azul; express\u00e3o s\u00e9ria e pensativa com a m\u00e3o no queixo, fundo neutro.\" srcset=\"https:\/\/neuronup.com\/br\/wp-content\/uploads\/2024\/11\/Comprendiendo-el-Sindrome-de-Gerstmann-NeuronUP-300x200.webp 300w, https:\/\/neuronup.com\/br\/wp-content\/uploads\/2024\/11\/Comprendiendo-el-Sindrome-de-Gerstmann-NeuronUP-768x512.webp 768w, https:\/\/neuronup.com\/br\/wp-content\/uploads\/2024\/11\/Comprendiendo-el-Sindrome-de-Gerstmann-NeuronUP-1024x683.webp 1024w, https:\/\/neuronup.com\/br\/wp-content\/uploads\/2024\/11\/Comprendiendo-el-Sindrome-de-Gerstmann-NeuronUP.webp 1200w\" sizes=\"(max-width:599px) 599px, (min-width:600px) and (max-width: 799px) 799px, (min-width:800px) and (max-width: 999px) 333px, (min-width:1000px) 400px\" \/><\/a><div class=\"entry-wrap entry-wrap-grid\"><h3 class=\"entry-title\" itemprop=\"headline\"><a class=\"entry-title-link\" href=\"https:\/\/neuronup.com\/br\/noticias-de-estimulacao-cognitiva\/doencas-raras\/compreendendo-o-sindrome-de-gerstmann\/\" rel=\"bookmark\">Compreendendo a S\u00edndrome de Gerstmann<\/a><\/h3>\n<\/div><\/article><article class=\"entry entry-grid is-column has-entry-link has-image has-image-first type-post category-linhas-de-investigacao tag-noticias-da-neuronup tag-pesquisa\" style=\"--entry-index:4;\" aria-label=\"A doen\u00e7a de Alzheimer como construto cl\u00ednico-biol\u00f3gico: recomenda\u00e7\u00e3o de um grupo de trabalho internacional\" itemscope itemtype=\"https:\/\/schema.org\/CreativeWork\"><a class=\"entry-image-link\" href=\"https:\/\/neuronup.com\/br\/investigacao\/linhas-de-investigacao\/a-doenca-de-alzheimer-como-construto-clinico-biologico-recomendacao-de-um-grupo-de-trabalho-internacional\/\" tabindex=\"-1\" aria-hidden=\"true\"><img decoding=\"async\" width=\"400\" height=\"225\" src=\"https:\/\/neuronup.com\/br\/wp-content\/uploads\/2024\/11\/La-enfermedad-de-alzheimer-como-constructo-clinico-biologico-recomendacion-de-un-grupo-de-trabajo-internacional-NeuronUP.webp\" class=\"entry-image size-landscape-sm\" alt=\"Homem idoso de cabelo branco concentra-se em montar um quebra-cabe\u00e7a, com outra pessoa oferecendo apoio no ombro, em ambiente claro.\" srcset=\"https:\/\/neuronup.com\/br\/wp-content\/uploads\/2024\/11\/La-enfermedad-de-alzheimer-como-constructo-clinico-biologico-recomendacion-de-un-grupo-de-trabajo-internacional-NeuronUP-300x169.webp 300w, https:\/\/neuronup.com\/br\/wp-content\/uploads\/2024\/11\/La-enfermedad-de-alzheimer-como-constructo-clinico-biologico-recomendacion-de-un-grupo-de-trabajo-internacional-NeuronUP-768x432.webp 768w, https:\/\/neuronup.com\/br\/wp-content\/uploads\/2024\/11\/La-enfermedad-de-alzheimer-como-constructo-clinico-biologico-recomendacion-de-un-grupo-de-trabajo-internacional-NeuronUP-1024x576.webp 1024w, https:\/\/neuronup.com\/br\/wp-content\/uploads\/2024\/11\/La-enfermedad-de-alzheimer-como-constructo-clinico-biologico-recomendacion-de-un-grupo-de-trabajo-internacional-NeuronUP.webp 1200w\" sizes=\"(max-width:599px) 599px, (min-width:600px) and (max-width: 799px) 799px, (min-width:800px) and (max-width: 999px) 333px, (min-width:1000px) 400px\" \/><\/a><div class=\"entry-wrap entry-wrap-grid\"><h3 class=\"entry-title\" itemprop=\"headline\"><a class=\"entry-title-link\" href=\"https:\/\/neuronup.com\/br\/investigacao\/linhas-de-investigacao\/a-doenca-de-alzheimer-como-construto-clinico-biologico-recomendacao-de-um-grupo-de-trabalho-internacional\/\" rel=\"bookmark\">A doen\u00e7a de Alzheimer como construto cl\u00ednico-biol\u00f3gico: recomenda\u00e7\u00e3o de um grupo de trabalho internacional<\/a><\/h3>\n<\/div><\/article><article class=\"entry entry-grid is-column has-entry-link has-image has-image-first type-post category-atividades-para-transtornos-do-desenvolvimento tag-atividades-de-estimulacao-cognitiva tag-atividades-de-estimulacao-cognitiva-para-criancas tag-criancas tag-dislexia tag-estimulacao-cognitiva tag-transtornos-do-neurodesenvolvimento\" style=\"--entry-index:5;\" aria-label=\"Atividades para pessoas com dislexia\" itemscope itemtype=\"https:\/\/schema.org\/CreativeWork\"><a class=\"entry-image-link\" href=\"https:\/\/neuronup.com\/br\/atividades-de-neurorreabilitacao\/atividades-para-transtornos-do-desenvolvimento\/atividades-para-pessoas-com-dislexia\/\" tabindex=\"-1\" aria-hidden=\"true\"><img decoding=\"async\" width=\"400\" height=\"225\" src=\"https:\/\/neuronup.com\/br\/wp-content\/uploads\/2024\/10\/Detective-de-letras-NeuronUP.webp\" class=\"entry-image size-landscape-sm\" alt=\"Interface educativa do NeuronUP com fogueira; palavra &#039;fuego&#039; tem a letra &#039;e&#039; destacada em verde.\" srcset=\"https:\/\/neuronup.com\/br\/wp-content\/uploads\/2024\/10\/Detective-de-letras-NeuronUP-300x169.webp 300w, https:\/\/neuronup.com\/br\/wp-content\/uploads\/2024\/10\/Detective-de-letras-NeuronUP-768x432.webp 768w, https:\/\/neuronup.com\/br\/wp-content\/uploads\/2024\/10\/Detective-de-letras-NeuronUP-1024x576.webp 1024w, https:\/\/neuronup.com\/br\/wp-content\/uploads\/2024\/10\/Detective-de-letras-NeuronUP.webp 1200w\" sizes=\"(max-width:599px) 599px, (min-width:600px) and (max-width: 799px) 799px, (min-width:800px) and (max-width: 999px) 333px, (min-width:1000px) 400px\" \/><\/a><div class=\"entry-wrap entry-wrap-grid\"><h3 class=\"entry-title\" itemprop=\"headline\"><a class=\"entry-title-link\" href=\"https:\/\/neuronup.com\/br\/atividades-de-neurorreabilitacao\/atividades-para-transtornos-do-desenvolvimento\/atividades-para-pessoas-com-dislexia\/\" rel=\"bookmark\">Atividades para pessoas com dislexia<\/a><\/h3>\n<\/div><\/article><article class=\"entry entry-grid is-column has-entry-link has-image has-image-first type-post category-doenca-mental tag-esquizofrenia tag-saude-mental\" style=\"--entry-index:6;\" aria-label=\"Tend\u00eancias atuais no tratamento de doen\u00e7as mentais\" itemscope itemtype=\"https:\/\/schema.org\/CreativeWork\"><a class=\"entry-image-link\" href=\"https:\/\/neuronup.com\/br\/noticias-de-estimulacao-cognitiva\/doenca-mental\/tendencias-atuais-no-tratamento-de-doencas-mentais\/\" tabindex=\"-1\" aria-hidden=\"true\"><img decoding=\"async\" width=\"400\" height=\"257\" src=\"https:\/\/neuronup.com\/br\/wp-content\/uploads\/2024\/12\/Tendencias-actuales-en-el-tratamiento-de-enfermedades-mentales-NeuronUP.webp\" class=\"entry-image size-landscape-sm\" alt=\"Homem de cabelo castanho ondulado cobre o rosto com as m\u00e3os, express\u00e3o introspectiva, fundo cinza s\u00f3lido.\" srcset=\"https:\/\/neuronup.com\/br\/wp-content\/uploads\/2024\/12\/Tendencias-actuales-en-el-tratamiento-de-enfermedades-mentales-NeuronUP-300x193.webp 300w, https:\/\/neuronup.com\/br\/wp-content\/uploads\/2024\/12\/Tendencias-actuales-en-el-tratamiento-de-enfermedades-mentales-NeuronUP-768x493.webp 768w, https:\/\/neuronup.com\/br\/wp-content\/uploads\/2024\/12\/Tendencias-actuales-en-el-tratamiento-de-enfermedades-mentales-NeuronUP-1024x657.webp 1024w, https:\/\/neuronup.com\/br\/wp-content\/uploads\/2024\/12\/Tendencias-actuales-en-el-tratamiento-de-enfermedades-mentales-NeuronUP.webp 1200w\" sizes=\"(max-width:599px) 599px, (min-width:600px) and (max-width: 799px) 799px, (min-width:800px) and (max-width: 999px) 333px, (min-width:1000px) 400px\" \/><\/a><div class=\"entry-wrap entry-wrap-grid\"><h3 class=\"entry-title\" itemprop=\"headline\"><a class=\"entry-title-link\" href=\"https:\/\/neuronup.com\/br\/noticias-de-estimulacao-cognitiva\/doenca-mental\/tendencias-atuais-no-tratamento-de-doencas-mentais\/\" rel=\"bookmark\">Tend\u00eancias atuais no tratamento de doen\u00e7as mentais<\/a><\/h3>\n<\/div><\/article><article class=\"entry entry-grid is-column has-entry-link has-image has-image-first type-post category-neuronup-academy tag-academia-neuronup tag-lesao-cerebral-adquirida tag-palestra-da-academia-neuronup\" style=\"--entry-index:7;\" aria-label=\"A neuropsic\u00f3loga Ainhoa Espinosa de Luzarraga responde \u00e0s d\u00favidas sobre sua palestra de les\u00e3o cerebral adquirida\" itemscope itemtype=\"https:\/\/schema.org\/CreativeWork\"><a class=\"entry-image-link\" href=\"https:\/\/neuronup.com\/br\/formacao\/neuronup-academy\/a-neuropsicologa-ainhoa-espinosa-de-luzarraga-responde-as-duvidas-sobre-sua-palestra-de-dano-cerebral-adquirido\/\" tabindex=\"-1\" aria-hidden=\"true\"><img decoding=\"async\" width=\"400\" height=\"225\" src=\"https:\/\/neuronup.com\/br\/wp-content\/uploads\/2024\/11\/ACADEMY-Ainhoa.webp\" class=\"entry-image size-landscape-sm\" alt=\"Mulher sorridente ao lado de tela\/slide; fundo azul\/preto; destaque para Ainhoa em afeto e sexualidade ap\u00f3s dano cerebral.\" srcset=\"https:\/\/neuronup.com\/br\/wp-content\/uploads\/2024\/11\/ACADEMY-Ainhoa-300x169.webp 300w, https:\/\/neuronup.com\/br\/wp-content\/uploads\/2024\/11\/ACADEMY-Ainhoa-768x432.webp 768w, https:\/\/neuronup.com\/br\/wp-content\/uploads\/2024\/11\/ACADEMY-Ainhoa-1024x576.webp 1024w, https:\/\/neuronup.com\/br\/wp-content\/uploads\/2024\/11\/ACADEMY-Ainhoa.webp 1280w\" sizes=\"(max-width:599px) 599px, (min-width:600px) and (max-width: 799px) 799px, (min-width:800px) and (max-width: 999px) 333px, (min-width:1000px) 400px\" \/><\/a><div class=\"entry-wrap entry-wrap-grid\"><h3 class=\"entry-title\" itemprop=\"headline\"><a class=\"entry-title-link\" href=\"https:\/\/neuronup.com\/br\/formacao\/neuronup-academy\/a-neuropsicologa-ainhoa-espinosa-de-luzarraga-responde-as-duvidas-sobre-sua-palestra-de-dano-cerebral-adquirido\/\" rel=\"bookmark\">A neuropsic\u00f3loga Ainhoa Espinosa de Luzarraga responde \u00e0s d\u00favidas sobre sua palestra de les\u00e3o cerebral adquirida<\/a><\/h3>\n<\/div><\/article><article class=\"entry entry-grid is-column has-entry-link has-image has-image-first type-post category-novidades-neuronup tag-neuronup2go\" style=\"--entry-index:8;\" aria-label=\"Por que utilizar o NeuronUP2GO?\" itemscope itemtype=\"https:\/\/schema.org\/CreativeWork\"><a class=\"entry-image-link\" href=\"https:\/\/neuronup.com\/br\/novidades-neuronup\/por-que-utilizar-neuronup2go\/\" tabindex=\"-1\" aria-hidden=\"true\"><img decoding=\"async\" width=\"400\" height=\"267\" src=\"https:\/\/neuronup.com\/br\/wp-content\/uploads\/2024\/12\/neuronup2go-article.webp\" class=\"entry-image size-landscape-sm\" alt=\"Pessoa usando notebook em mesa de madeira, planta ao fundo, tela exibe NeuronUP 2GO, ambiente com parede de tijolos.\" srcset=\"https:\/\/neuronup.com\/br\/wp-content\/uploads\/2024\/12\/neuronup2go-article-300x200.webp 300w, https:\/\/neuronup.com\/br\/wp-content\/uploads\/2024\/12\/neuronup2go-article-768x512.webp 768w, https:\/\/neuronup.com\/br\/wp-content\/uploads\/2024\/12\/neuronup2go-article-1024x683.webp 1024w, https:\/\/neuronup.com\/br\/wp-content\/uploads\/2024\/12\/neuronup2go-article.webp 1200w\" sizes=\"(max-width:599px) 599px, (min-width:600px) and (max-width: 799px) 799px, (min-width:800px) and (max-width: 999px) 333px, (min-width:1000px) 400px\" \/><\/a><div class=\"entry-wrap entry-wrap-grid\"><h3 class=\"entry-title\" itemprop=\"headline\"><a class=\"entry-title-link\" href=\"https:\/\/neuronup.com\/br\/novidades-neuronup\/por-que-utilizar-neuronup2go\/\" rel=\"bookmark\">Por que utilizar o NeuronUP2GO?<\/a><\/h3>\n<\/div><\/article><article class=\"entry entry-grid is-column has-entry-link has-image has-image-first type-post category-atividades-de-neurorreabilitacao tag-atividades-de-estimulacao-cognitiva tag-atividades-de-estimulacao-cognitiva-para-adultos tag-atividades-de-estimulacao-cognitiva-para-criancas\" style=\"--entry-index:9;\" aria-label=\"Nova atividade de Natal! Experimente gr\u00e1tis\" itemscope itemtype=\"https:\/\/schema.org\/CreativeWork\"><a class=\"entry-image-link\" href=\"https:\/\/neuronup.com\/br\/atividades-de-neurorreabilitacao\/nova-atividade-natalina-experimente-gratis\/\" tabindex=\"-1\" aria-hidden=\"true\"><img decoding=\"async\" width=\"400\" height=\"202\" src=\"https:\/\/neuronup.com\/br\/wp-content\/uploads\/2024\/12\/Captura-de-pantalla-2024-12-12-104525.webp\" class=\"entry-image size-landscape-sm\" alt=\"Personagem azul sorridente com chap\u00e9u de Natal segura presente verde com la\u00e7o amarelo, cen\u00e1rio invernal com neve e doces.\" srcset=\"https:\/\/neuronup.com\/br\/wp-content\/uploads\/2024\/12\/Captura-de-pantalla-2024-12-12-104525-300x152.webp 300w, https:\/\/neuronup.com\/br\/wp-content\/uploads\/2024\/12\/Captura-de-pantalla-2024-12-12-104525-768x388.webp 768w, https:\/\/neuronup.com\/br\/wp-content\/uploads\/2024\/12\/Captura-de-pantalla-2024-12-12-104525-1024x517.webp 1024w, https:\/\/neuronup.com\/br\/wp-content\/uploads\/2024\/12\/Captura-de-pantalla-2024-12-12-104525-1536x776.webp 1536w, https:\/\/neuronup.com\/br\/wp-content\/uploads\/2024\/12\/Captura-de-pantalla-2024-12-12-104525.webp 1621w\" sizes=\"(max-width:599px) 599px, (min-width:600px) and (max-width: 799px) 799px, (min-width:800px) and (max-width: 999px) 333px, (min-width:1000px) 400px\" \/><\/a><div class=\"entry-wrap entry-wrap-grid\"><h3 class=\"entry-title\" itemprop=\"headline\"><a class=\"entry-title-link\" href=\"https:\/\/neuronup.com\/br\/atividades-de-neurorreabilitacao\/nova-atividade-natalina-experimente-gratis\/\" rel=\"bookmark\">Nova atividade de Natal! Experimente gr\u00e1tis<\/a><\/h3>\n<\/div><\/article><article class=\"entry entry-grid is-column has-entry-link has-image has-image-first type-post category-novidades-neuronup tag-personalizacao tag-valor-ecologico\" style=\"--entry-index:10;\" aria-label=\"O que \u00e9 o valor ecol\u00f3gico do NeuronUP?\" itemscope itemtype=\"https:\/\/schema.org\/CreativeWork\"><a class=\"entry-image-link\" href=\"https:\/\/neuronup.com\/br\/novidades-neuronup\/qual-e-o-valor-ecologico-do-neuronup\/\" tabindex=\"-1\" aria-hidden=\"true\"><img decoding=\"async\" width=\"400\" height=\"267\" src=\"https:\/\/neuronup.com\/br\/wp-content\/uploads\/2024\/12\/freepik__upload__67275.webp\" class=\"entry-image size-landscape-sm\" alt=\"Idoso sorridente preparando salada em cozinha moderna, veste camisa clara e \u00f3culos, com tigela e bancada de m\u00e1rmore.\" srcset=\"https:\/\/neuronup.com\/br\/wp-content\/uploads\/2024\/12\/freepik__upload__67275-300x200.webp 300w, https:\/\/neuronup.com\/br\/wp-content\/uploads\/2024\/12\/freepik__upload__67275-768x512.webp 768w, https:\/\/neuronup.com\/br\/wp-content\/uploads\/2024\/12\/freepik__upload__67275-1024x682.webp 1024w, https:\/\/neuronup.com\/br\/wp-content\/uploads\/2024\/12\/freepik__upload__67275-1536x1024.webp 1536w, https:\/\/neuronup.com\/br\/wp-content\/uploads\/2024\/12\/freepik__upload__67275.webp 2000w\" sizes=\"(max-width:599px) 599px, (min-width:600px) and (max-width: 799px) 799px, (min-width:800px) and (max-width: 999px) 333px, (min-width:1000px) 400px\" \/><\/a><div class=\"entry-wrap entry-wrap-grid\"><h3 class=\"entry-title\" itemprop=\"headline\"><a class=\"entry-title-link\" href=\"https:\/\/neuronup.com\/br\/novidades-neuronup\/qual-e-o-valor-ecologico-do-neuronup\/\" rel=\"bookmark\">O que \u00e9 o valor ecol\u00f3gico do NeuronUP?<\/a><\/h3>\n<\/div><\/article><article class=\"entry entry-grid is-column has-entry-link has-image has-image-first type-post category-formacao tag-atividades-de-estimulacao-cognitiva tag-atividades-digitais tag-exercicios-digitais\" style=\"--entry-index:11;\" aria-label=\"Forma\u00e7\u00e3o em atividades digitais do NeuronUP\" itemscope itemtype=\"https:\/\/schema.org\/CreativeWork\"><a class=\"entry-image-link\" href=\"https:\/\/neuronup.com\/br\/formacao\/formacao-em-atividades-digitais-do-neuronup\/\" tabindex=\"-1\" aria-hidden=\"true\"><img decoding=\"async\" width=\"400\" height=\"225\" src=\"https:\/\/neuronup.com\/br\/wp-content\/uploads\/2024\/12\/Portada-1_Youtube-1.webp\" class=\"entry-image size-landscape-sm\" alt=\"Mulher sorridente com cabelo castanho claro; fundo claro, ao lado texto em espanhol sobre forma\u00e7\u00e3o NeuronUP com Mar\u00eda Paula.\" srcset=\"https:\/\/neuronup.com\/br\/wp-content\/uploads\/2024\/12\/Portada-1_Youtube-1-300x169.webp 300w, https:\/\/neuronup.com\/br\/wp-content\/uploads\/2024\/12\/Portada-1_Youtube-1-768x432.webp 768w, https:\/\/neuronup.com\/br\/wp-content\/uploads\/2024\/12\/Portada-1_Youtube-1-1024x576.webp 1024w, https:\/\/neuronup.com\/br\/wp-content\/uploads\/2024\/12\/Portada-1_Youtube-1.webp 1280w\" sizes=\"(max-width:599px) 599px, (min-width:600px) and (max-width: 799px) 799px, (min-width:800px) and (max-width: 999px) 333px, (min-width:1000px) 400px\" \/><\/a><div class=\"entry-wrap entry-wrap-grid\"><h3 class=\"entry-title\" itemprop=\"headline\"><a class=\"entry-title-link\" href=\"https:\/\/neuronup.com\/br\/formacao\/formacao-em-atividades-digitais-do-neuronup\/\" rel=\"bookmark\">Forma\u00e7\u00e3o em atividades digitais do NeuronUP<\/a><\/h3>\n<\/div><\/article><article class=\"entry entry-grid is-column has-entry-link has-image has-image-first type-post category-de-memoria tag-atividades-de-estimulacao-cognitiva tag-atividades-de-estimulacao-cognitiva-para-criancas tag-criancas tag-memoria tag-memoria-episodica tag-noticias-da-neuronup\" style=\"--entry-index:12;\" aria-label=\"Jogo de mem\u00f3ria epis\u00f3dica para crian\u00e7as: Sons escondidos\" itemscope itemtype=\"https:\/\/schema.org\/CreativeWork\"><a class=\"entry-image-link\" href=\"https:\/\/neuronup.com\/br\/atividades-de-neurorreabilitacao\/para-funcoes-cognitivas\/de-memoria\/jogo-de-memoria-episodica-para-criancas-sons-escondidos\/\" tabindex=\"-1\" aria-hidden=\"true\"><img decoding=\"async\" width=\"400\" height=\"225\" src=\"https:\/\/neuronup.com\/br\/wp-content\/uploads\/2024\/06\/Juego-Sonidos-escondidos.webp\" class=\"entry-image size-landscape-sm\" alt=\"Interface de jogo de sons em fundo claro de madeira, com grade de nove \u00edcones sonoros, controles superiores e contador de cora\u00e7\u00f5es.\" srcset=\"https:\/\/neuronup.com\/br\/wp-content\/uploads\/2024\/06\/Juego-Sonidos-escondidos-300x169.webp 300w, https:\/\/neuronup.com\/br\/wp-content\/uploads\/2024\/06\/Juego-Sonidos-escondidos-768x432.webp 768w, https:\/\/neuronup.com\/br\/wp-content\/uploads\/2024\/06\/Juego-Sonidos-escondidos-1024x576.webp 1024w, https:\/\/neuronup.com\/br\/wp-content\/uploads\/2024\/06\/Juego-Sonidos-escondidos.webp 1200w\" sizes=\"(max-width:599px) 599px, (min-width:600px) and (max-width: 799px) 799px, (min-width:800px) and (max-width: 999px) 333px, (min-width:1000px) 400px\" \/><\/a><div class=\"entry-wrap entry-wrap-grid\"><h3 class=\"entry-title\" itemprop=\"headline\"><a class=\"entry-title-link\" href=\"https:\/\/neuronup.com\/br\/atividades-de-neurorreabilitacao\/para-funcoes-cognitivas\/de-memoria\/jogo-de-memoria-episodica-para-criancas-sons-escondidos\/\" rel=\"bookmark\">Jogo de mem\u00f3ria epis\u00f3dica para crian\u00e7as: Sons escondidos<\/a><\/h3>\n<\/div><\/article><\/div><\/div>","protected":false},"excerpt":{"rendered":"<p>A seguir, voc\u00ea ser\u00e1 testemunha de uma conversa com Mar Piquer Mart\u00ednez, a coordenadora do projeto PsicoNED em Zanzibar. Esta iniciativa, que j\u00e1 abordamos anteriormente em outros artigos, oferece apoio psicol\u00f3gico e cognitivo a crian\u00e7as com hidrocefalia e espinha b\u00edfida, assim como \u00e0s suas fam\u00edlias, em um ambiente marcado pela vulnerabilidade.&nbsp; Nesta entrevista, voc\u00ea poder\u00e1 &hellip;<\/p>\n","protected":false},"author":7,"featured_media":37075,"comment_status":"open","ping_status":"open","sticky":false,"template":"","format":"standard","meta":{"_acf_changed":false,"_genesis_hide_title":false,"_genesis_hide_breadcrumbs":false,"_genesis_hide_singular_image":false,"_genesis_hide_footer_widgets":false,"_genesis_custom_body_class":"","_genesis_custom_post_class":"","_genesis_layout":"","footnotes":""},"categories":[666],"tags":[551,668,667],"class_list":{"2":"type-post","7":"category-zanzibar","8":"tag-estimulacao-cognitiva","9":"tag-projetos","10":"tag-zanzibar","11":"entry"},"acf":[],"_links":{"self":[{"href":"https:\/\/neuronup.com\/br\/wp-json\/wp\/v2\/posts\/37064","targetHints":{"allow":["GET"]}}],"collection":[{"href":"https:\/\/neuronup.com\/br\/wp-json\/wp\/v2\/posts"}],"about":[{"href":"https:\/\/neuronup.com\/br\/wp-json\/wp\/v2\/types\/post"}],"author":[{"embeddable":true,"href":"https:\/\/neuronup.com\/br\/wp-json\/wp\/v2\/users\/7"}],"replies":[{"embeddable":true,"href":"https:\/\/neuronup.com\/br\/wp-json\/wp\/v2\/comments?post=37064"}],"version-history":[{"count":0,"href":"https:\/\/neuronup.com\/br\/wp-json\/wp\/v2\/posts\/37064\/revisions"}],"wp:featuredmedia":[{"embeddable":true,"href":"https:\/\/neuronup.com\/br\/wp-json\/wp\/v2\/media\/37075"}],"wp:attachment":[{"href":"https:\/\/neuronup.com\/br\/wp-json\/wp\/v2\/media?parent=37064"}],"wp:term":[{"taxonomy":"category","embeddable":true,"href":"https:\/\/neuronup.com\/br\/wp-json\/wp\/v2\/categories?post=37064"},{"taxonomy":"post_tag","embeddable":true,"href":"https:\/\/neuronup.com\/br\/wp-json\/wp\/v2\/tags?post=37064"}],"curies":[{"name":"wp","href":"https:\/\/api.w.org\/{rel}","templated":true}]}}