{"id":35256,"date":"2026-04-28T08:08:00","date_gmt":"2026-04-28T08:08:00","guid":{"rendered":"https:\/\/neuronup.com\/?p=35256"},"modified":"2026-04-28T08:08:00","modified_gmt":"2026-04-28T08:08:00","slug":"compreendendo-o-sindrome-de-gerstmann","status":"publish","type":"post","link":"https:\/\/neuronup.com\/br\/noticias-de-estimulacao-cognitiva\/doencas-raras\/compreendendo-o-sindrome-de-gerstmann\/","title":{"rendered":"Compreendendo a S\u00edndrome de Gerstmann"},"content":{"rendered":"\n<p class=\"has-xl-font-size\">Neste artigo, a neuropsic\u00f3loga Diana Carolina G\u00f3mez Blanco explora em profundidade uma <strong>doen\u00e7a neuropsicol\u00f3gica rara chamada S\u00edndrome de Gerstmann<\/strong>.<\/p>\n\n\n\n<h2 class=\"wp-block-heading\">O que \u00e9 a S\u00edndrome de Gerstmann<\/h2>\n\n\n\n<p>A s\u00edndrome de Gerstmann \u00e9 um<strong> transtorno neurol\u00f3gico e neuropsicol\u00f3gico raro<\/strong>, que consiste em uma t\u00e9trade de sintomas que incluem:<\/p>\n\n\n\n<ul class=\"wp-block-list\">\n<li>Altera\u00e7\u00e3o na realiza\u00e7\u00e3o de c\u00e1lculos (acalculia), <\/li>\n\n\n\n<li>a discrimina\u00e7\u00e3o dos pr\u00f3prios dedos (agnosia dos dedos), <\/li>\n\n\n\n<li>escrita manual (agrafia) <\/li>\n\n\n\n<li>e altera\u00e7\u00e3o na distin\u00e7\u00e3o entre esquerda e direita (desorienta\u00e7\u00e3o esquerda-direita).<\/li>\n<\/ul>\n\n\n\n<p>\u00c9 um transtorno neurol\u00f3gico raro que foi identificado pelo neurologista austr\u00edaco Kurt Gerstmann em 1940, e seu estudo forneceu conhecimentos valiosos sobre a localiza\u00e7\u00e3o cerebral e as <a href=\"https:\/\/neuronup.com\/br\/areas-de-intervencao\/funcoes-cognitivas\/\">fun\u00e7\u00f5es cognitivas<\/a>. Esta s\u00edndrome <strong>associa-se tipicamente a les\u00f5es na regi\u00e3o parietal posterior do c\u00e9rebro<\/strong>, particularmente no lobo parietal esquerdo.&nbsp;<\/p>\n\n\n\n<h2 class=\"wp-block-heading\">Sintomas da S\u00edndrome de Gerstmann<\/h2>\n\n\n\n<p>A s\u00edndrome de Gerstmann \u00e9 um<strong> transtorno que afeta v\u00e1rias capacidades cognitivas essenciais para a vida di\u00e1ria<\/strong>, e comp\u00f5e-se especificamente de uma t\u00e9trade de sintomas, que incluem:<\/p>\n\n\n\n<ol class=\"wp-block-list\">\n<li><strong>Agnosia digital<\/strong>: Dificuldade para identificar ou reconhecer os dedos da m\u00e3o. As pessoas com agnosia digital n\u00e3o conseguem dizer qual dedo est\u00e1 sendo apontado, apesar de n\u00e3o apresentarem problemas para v\u00ea-los ou toc\u00e1-los.<\/li>\n\n\n\n<li><strong>Acalculia<\/strong>: Dificuldade para realizar c\u00e1lculos matem\u00e1ticos, que pode incluir tanto opera\u00e7\u00f5es simples quanto complexas. As pessoas afetadas podem ser incapazes de somar, subtrair, multiplicar ou dividir, embora anteriormente tenham conseguido realizar essas tarefas sem problemas.<\/li>\n\n\n\n<li><strong>Agrafia<\/strong>: Perda da habilidade para escrever, embora n\u00e3o haja problemas motores. As pessoas com agrafia podem ser incapazes de formar palavras corretamente, apesar de manterem o conhecimento da linguagem.<\/li>\n\n\n\n<li><strong>Desorienta\u00e7\u00e3o direita-esquerda<\/strong>: Incapacidade de distinguir entre direita e esquerda, mesmo em situa\u00e7\u00f5es simples. Isso pode levar a dificuldades para se orientar no espa\u00e7o e realizar atividades cotidianas.<\/li>\n<\/ol>\n\n\n\n<p>Ocasionalmente tamb\u00e9m pode incluir a presen\u00e7a de:<\/p>\n\n\n\n<ul class=\"wp-block-list\">\n<li><strong>Disfun\u00e7\u00e3o visuoespacial<\/strong>: Altera\u00e7\u00f5es na percep\u00e7\u00e3o espacial e na organiza\u00e7\u00e3o visual. Frequentemente, as pessoas que a apresentam t\u00eam dificuldade em compreender a rela\u00e7\u00e3o entre os objetos no espa\u00e7o.&nbsp;<\/li>\n<\/ul>\n\n\n\n<div style=\"height:50px\" aria-hidden=\"true\" class=\"wp-block-spacer\"><\/div>\n\n\n\n<div class=\"wp-block-group br-0111 has-primary-background-color has-background has-dark-background has-sm-padding-top has-sm-padding-left has-sm-padding-right has-xxl-margin-top\"><div class=\"wp-block-group__inner-container is-layout-constrained wp-block-group-is-layout-constrained\">\n<div class=\"wp-block-columns is-layout-flex wp-container-core-columns-is-layout-9d6595d7 wp-block-columns-is-layout-flex\">\n<div class=\"wp-block-column is-layout-flow wp-block-column-is-layout-flow\">\n<figure class=\"wp-block-image size-full desktop-position-absolute desktop-bottom-0 mobile-width-50 mobile-m-inline-auto has-xl-margin-top\"><img decoding=\"async\" width=\"292\" height=\"338\" src=\"https:\/\/neuronup.com\/br\/wp-content\/uploads\/2024\/10\/certificado-de-produto.webp\" alt=\"\" class=\"wp-image-31568\" srcset=\"https:\/\/neuronup.com\/br\/wp-content\/uploads\/2024\/10\/certificado-de-produto-259x300.webp 259w, https:\/\/neuronup.com\/br\/wp-content\/uploads\/2024\/10\/certificado-de-produto.webp 292w\" sizes=\"(max-width: 292px) 100vw, 292px\" \/><\/figure>\n<\/div>\n\n\n\n<div class=\"wp-block-column is-layout-flow wp-block-column-is-layout-flow\">\n<h2 class=\"wp-block-heading has-white-color has-text-color\"><strong>Inscreva-se<\/strong> <br>na nossa <br>Newsletter<\/h2>\n\n\n\n<div class=\"wp-block-buttons is-layout-flex wp-block-buttons-is-layout-flex\">\n<div class=\"wp-block-button--1\" style=\"--button-outline-color:var(--color-white);--button-outline-color-hover:rgba(0,0,0,0.8);\"><a class=\"wp-block-button__link button button-outline   wp-element-button\" href=\"https:\/\/neuronup.com\/br\/newsletter\/\">Inscreva-se<\/a><\/div>\n\n<\/div>\n\n\n\n<div style=\"height:40px\" aria-hidden=\"true\" class=\"wp-block-spacer\"><\/div>\n<\/div>\n<\/div>\n<\/div><\/div>\n\n\n\n\n<div style=\"height:50px\" aria-hidden=\"true\" class=\"wp-block-spacer\"><\/div>\n\n\n\n<h2 class=\"wp-block-heading\">Causas e localiza\u00e7\u00e3o cerebral da S\u00edndrome de Gerstmann<\/h2>\n\n\n\n<p>A s\u00edndrome de Gerstmann <strong>geralmente associa-se a les\u00e3o no lobo parietal esquerdo, especialmente no giro angular<\/strong>. Esse lobo \u00e9 fundamental para a integra\u00e7\u00e3o sensorial e a representa\u00e7\u00e3o do corpo, e qualquer les\u00e3o nessa regi\u00e3o pode levar aos d\u00e9ficits caracter\u00edsticos da s\u00edndrome.<\/p>\n\n\n\n<p>As causas dessa s\u00edndrome podem estar relacionadas tanto a fatores estruturais quanto a processos neurobiol\u00f3gicos. Embora em suas primeiras descri\u00e7\u00f5es a s\u00edndrome de Gerstmann fosse associada principalmente a les\u00f5es localizadas no giro angular do lobo parietal esquerdo, as <strong>pesquisas recentes demonstraram que esse transtorno pode ser causado por uma variedade de fatores<\/strong>, incluindo les\u00f5es cerebrais adquiridas e transtornos neurodegenerativos.<\/p>\n\n\n\n<h3 class=\"wp-block-heading\">1. Les\u00f5es cerebrais adquiridas<\/h3>\n\n\n\n<p>As les\u00f5es cerebrais adquiridas s\u00e3o <strong>uma das principais causas<\/strong> da s\u00edndrome de Gerstmann. Estas<strong> incluem uma variedade de eventos patol\u00f3gicos<\/strong> que podem danificar as estruturas cerebrais envolvidas nas fun\u00e7\u00f5es cognitivas espec\u00edficas da s\u00edndrome. A seguir, alguns dos eventos patol\u00f3gicos que podem causar a s\u00edndrome:<\/p>\n\n\n\n<h4 class=\"wp-block-heading\">Acidentes cerebrovasculares (ACV)<\/h4>\n\n\n\n<p>Os <a href=\"https:\/\/neuronup.com\/estimulacion-y-rehabilitacion-cognitiva\/dano-cerebral-adquirido\/ictus-o-accidentes-cerebrovasculares-acv\/accidente-cerebrovascular-o-acv-que-es-tipos-y-posibles-secuelas\/\">acidentes cerebrovasculares, AVC ou ictus<\/a>, s\u00e3o uma das causas mais comuns da s\u00edndrome de Gerstmann. Um AVC no lobo parietal esquerdo, particularmente na regi\u00e3o do giro angular ou no c\u00f3rtex associado \u00e0 percep\u00e7\u00e3o e ao c\u00e1lculo, pode danificar as estruturas respons\u00e1veis pelas fun\u00e7\u00f5es cognitivas envolvidas na s\u00edndrome, como c\u00e1lculo, escrita e reconhecimento dos dedos. Os AVCs podem resultar de obstru\u00e7\u00f5es (acidente vascular cerebral isqu\u00eamico) ou hemorragias (acidente vascular cerebral hemorr\u00e1gico), e a gravidade do dano depende da extens\u00e3o e localiza\u00e7\u00e3o da \u00e1rea cerebral afetada.<\/p>\n\n\n\n<h4 class=\"wp-block-heading\">Traumatismos cranioencef\u00e1licos<\/h4>\n\n\n\n<p>As les\u00f5es traum\u00e1ticas na cabe\u00e7a podem afetar as \u00e1reas do c\u00e9rebro respons\u00e1veis pelas fun\u00e7\u00f5es cognitivas e motoras envolvid### truncated due to length&#8230;\n<div class=\"mai-grid entries entries-grid has-boxed has-image-full\" style=\"--entry-title-font-size:var(--font-size-lg);--align-text:start;--entry-meta-text-align:start;\"><div class=\"entries-wrap has-columns\" style=\"--columns-xs:1\/1;--columns-sm:1\/1;--columns-md:1\/3;--columns-lg:1\/3;--flex-xs:0 0 var(--flex-basis);--flex-sm:0 0 var(--flex-basis);--flex-md:0 0 var(--flex-basis);--flex-lg:0 0 var(--flex-basis);--column-gap:var(--spacing-lg);--row-gap:var(--spacing-lg);--align-columns:start;\"><article class=\"entry entry-grid is-column has-entry-link has-image has-image-first type-post category-de-linguagem tag-atividades-de-estimulacao-cognitiva tag-atividades-de-estimulacao-cognitiva-para-criancas tag-criancas tag-linguagem tag-noticias-da-neuronup\" style=\"--entry-index:1;\" aria-label=\"Novo exerc\u00edcio de discrimina\u00e7\u00e3o auditiva para crian\u00e7as\" itemscope itemtype=\"https:\/\/schema.org\/CreativeWork\"><a class=\"entry-image-link\" href=\"https:\/\/neuronup.com\/br\/atividades-de-neurorreabilitacao\/para-funcoes-cognitivas\/de-linguagem\/novo-exercicio-de-discriminacao-auditiva-para-criancas\/\" tabindex=\"-1\" aria-hidden=\"true\"><img decoding=\"async\" width=\"400\" height=\"257\" src=\"https:\/\/neuronup.com\/br\/wp-content\/uploads\/2022\/02\/Ejercicio-de-discriminacion-auditiva-para-ninos-1-1-1.webp\" class=\"entry-image size-landscape-sm\" alt=\"Sequ\u00eancia de \u00edcones de objetos: caixa, elefante, caixa de papel\u00e3o, regador e televis\u00e3o, com marca de check ao lado de itens relevantes.\" srcset=\"https:\/\/neuronup.com\/br\/wp-content\/uploads\/2022\/02\/Ejercicio-de-discriminacion-auditiva-para-ninos-1-1-1-300x193.webp 300w, https:\/\/neuronup.com\/br\/wp-content\/uploads\/2022\/02\/Ejercicio-de-discriminacion-auditiva-para-ninos-1-1-1-768x494.webp 768w, https:\/\/neuronup.com\/br\/wp-content\/uploads\/2022\/02\/Ejercicio-de-discriminacion-auditiva-para-ninos-1-1-1-1024x659.webp 1024w, https:\/\/neuronup.com\/br\/wp-content\/uploads\/2022\/02\/Ejercicio-de-discriminacion-auditiva-para-ninos-1-1-1.webp 1200w\" sizes=\"(max-width:599px) 599px, (min-width:600px) and (max-width: 799px) 799px, (min-width:800px) and (max-width: 999px) 333px, (min-width:1000px) 400px\" \/><\/a><div class=\"entry-wrap entry-wrap-grid\"><h3 class=\"entry-title\" itemprop=\"headline\"><a class=\"entry-title-link\" href=\"https:\/\/neuronup.com\/br\/atividades-de-neurorreabilitacao\/para-funcoes-cognitivas\/de-linguagem\/novo-exercicio-de-discriminacao-auditiva-para-criancas\/\" rel=\"bookmark\">Novo exerc\u00edcio de discrimina\u00e7\u00e3o auditiva para crian\u00e7as<\/a><\/h3>\n<\/div><\/article><article class=\"entry entry-grid is-column has-entry-link has-image has-image-first type-post category-depoimentos tag-criancas tag-depoimentos tag-disturbios-do-desenvolvimento-neurologico\" style=\"--entry-index:2;\" aria-label=\"S\u00edndrome alco\u00f3lica fetal\" itemscope itemtype=\"https:\/\/schema.org\/CreativeWork\"><a class=\"entry-image-link\" href=\"https:\/\/neuronup.com\/br\/noticias-de-estimulacao-cognitiva\/depoimentos\/sindrome-alcoolica-fetal\/\" tabindex=\"-1\" aria-hidden=\"true\"><img decoding=\"async\" width=\"400\" height=\"300\" src=\"https:\/\/neuronup.com\/br\/wp-content\/uploads\/2024\/12\/sindrome-alcoolica-fetal-1-400x300.webp\" class=\"entry-image size-landscape-sm\" alt=\"Gestante com a m\u00e3o levantada em recusa, tocando a barriga; algu\u00e9m oferece vinho, em ambiente dom\u00e9stico.\" srcset=\"https:\/\/neuronup.com\/br\/wp-content\/uploads\/2024\/12\/sindrome-alcoolica-fetal-1-300x225.webp 300w, https:\/\/neuronup.com\/br\/wp-content\/uploads\/2024\/12\/sindrome-alcoolica-fetal-1-400x300.webp 400w, https:\/\/neuronup.com\/br\/wp-content\/uploads\/2024\/12\/sindrome-alcoolica-fetal-1-768x576.webp 768w, https:\/\/neuronup.com\/br\/wp-content\/uploads\/2024\/12\/sindrome-alcoolica-fetal-1-800x600.webp 800w, https:\/\/neuronup.com\/br\/wp-content\/uploads\/2024\/12\/sindrome-alcoolica-fetal-1-1024x768.webp 1024w, https:\/\/neuronup.com\/br\/wp-content\/uploads\/2024\/12\/sindrome-alcoolica-fetal-1.webp 1200w\" sizes=\"(max-width:599px) 599px, (min-width:600px) and (max-width: 799px) 799px, (min-width:800px) and (max-width: 999px) 333px, (min-width:1000px) 400px\" \/><\/a><div class=\"entry-wrap entry-wrap-grid\"><h3 class=\"entry-title\" itemprop=\"headline\"><a class=\"entry-title-link\" href=\"https:\/\/neuronup.com\/br\/noticias-de-estimulacao-cognitiva\/depoimentos\/sindrome-alcoolica-fetal\/\" rel=\"bookmark\">S\u00edndrome alco\u00f3lica fetal<\/a><\/h3>\n<\/div><\/article><article class=\"entry entry-grid is-column has-entry-link has-image has-image-first type-post category-transtornos-do-desenvolvimento tag-autismo tag-estimulacao-cognitiva tag-neuropsicologia tag-tdah\" style=\"--entry-index:3;\" aria-label=\"O maravilhoso mundo da neurodiversidade\" itemscope itemtype=\"https:\/\/schema.org\/CreativeWork\"><a class=\"entry-image-link\" href=\"https:\/\/neuronup.com\/br\/noticias-de-estimulacao-cognitiva\/transtornos-do-desenvolvimento\/o-maravilhoso-mundo-da-neurodiversidade\/\" tabindex=\"-1\" aria-hidden=\"true\"><img decoding=\"async\" width=\"400\" height=\"300\" src=\"https:\/\/neuronup.com\/br\/wp-content\/uploads\/2024\/12\/o-maravilhoso-mundo-da-neurodiversidade-400x300.webp\" class=\"entry-image size-landscape-sm\" alt=\"Silhueta de perfil humano com explos\u00e3o de cores acima da cabe\u00e7a; fundo laranja e azul com formas abstratas.\" srcset=\"https:\/\/neuronup.com\/br\/wp-content\/uploads\/2024\/12\/o-maravilhoso-mundo-da-neurodiversidade-400x300.webp 400w, https:\/\/neuronup.com\/br\/wp-content\/uploads\/2024\/12\/o-maravilhoso-mundo-da-neurodiversidade-800x600.webp 800w\" sizes=\"(max-width:599px) 599px, (min-width:600px) and (max-width: 799px) 799px, (min-width:800px) and (max-width: 999px) 333px, (min-width:1000px) 400px\" \/><\/a><div class=\"entry-wrap entry-wrap-grid\"><h3 class=\"entry-title\" itemprop=\"headline\"><a class=\"entry-title-link\" href=\"https:\/\/neuronup.com\/br\/noticias-de-estimulacao-cognitiva\/transtornos-do-desenvolvimento\/o-maravilhoso-mundo-da-neurodiversidade\/\" rel=\"bookmark\">O maravilhoso mundo da neurodiversidade<\/a><\/h3>\n<\/div><\/article><article class=\"entry entry-grid is-column has-entry-link has-image has-image-first type-post category-tea-transtorno-do-espectro-do-autismo tag-autismo tag-criancas tag-transtorno-do-espectro-autista\" style=\"--entry-index:4;\" aria-label=\"O autismo e a realidade das pessoas com transtorno do espectro autista\" itemscope itemtype=\"https:\/\/schema.org\/CreativeWork\"><a class=\"entry-image-link\" href=\"https:\/\/neuronup.com\/br\/noticias-de-estimulacao-cognitiva\/transtornos-do-desenvolvimento\/tea-transtorno-do-espectro-do-autismo\/cha\/\" tabindex=\"-1\" aria-hidden=\"true\"><img decoding=\"async\" width=\"400\" height=\"300\" src=\"https:\/\/neuronup.com\/br\/wp-content\/uploads\/2024\/09\/dia-mundial-sobre-el-autismo.webp\" class=\"entry-image size-landscape-sm\" alt=\"V\u00e1rias m\u00e3os de diferentes idades erguidas diante de um fundo colorido com pe\u00e7as de quebra-cabe\u00e7a, simbolizando diversidade e inclus\u00e3o.\" srcset=\"https:\/\/neuronup.com\/br\/wp-content\/uploads\/2024\/09\/dia-mundial-sobre-el-autismo-300x225.webp 300w, https:\/\/neuronup.com\/br\/wp-content\/uploads\/2024\/09\/dia-mundial-sobre-el-autismo-768x576.webp 768w, https:\/\/neuronup.com\/br\/wp-content\/uploads\/2024\/09\/dia-mundial-sobre-el-autismo-1024x768.webp 1024w, https:\/\/neuronup.com\/br\/wp-content\/uploads\/2024\/09\/dia-mundial-sobre-el-autismo.webp 1200w\" sizes=\"(max-width:599px) 599px, (min-width:600px) and (max-width: 799px) 799px, (min-width:800px) and (max-width: 999px) 333px, (min-width:1000px) 400px\" \/><\/a><div class=\"entry-wrap entry-wrap-grid\"><h3 class=\"entry-title\" itemprop=\"headline\"><a class=\"entry-title-link\" href=\"https:\/\/neuronup.com\/br\/noticias-de-estimulacao-cognitiva\/transtornos-do-desenvolvimento\/tea-transtorno-do-espectro-do-autismo\/cha\/\" rel=\"bookmark\">O autismo e a realidade das pessoas com transtorno do espectro autista<\/a><\/h3>\n<\/div><\/article><article class=\"entry entry-grid is-column has-entry-link has-image has-image-first type-post category-sindrome-de-down tag-deficiencia-intelectual tag-depoimentos tag-sindrome-de-down\" style=\"--entry-index:5;\" aria-label=\"Qual \u00e9 o trabalho de uma Associa\u00e7\u00e3o de S\u00edndrome de Down? O caso da Down Navarra\" itemscope itemtype=\"https:\/\/schema.org\/CreativeWork\"><a class=\"entry-image-link\" href=\"https:\/\/neuronup.com\/br\/noticias-de-estimulacao-cognitiva\/deficiencia-intelectual\/sindrome-de-down\/qual-e-o-trabalho-de-uma-associacao-de-sindrome-de-down-o-caso-da-down-navarra\/\" tabindex=\"-1\" aria-hidden=\"true\"><img decoding=\"async\" width=\"400\" height=\"300\" src=\"https:\/\/neuronup.com\/br\/wp-content\/uploads\/2024\/12\/tratamentos-para-sindrome-de-down-com-a-NeuronUP-400x300.webp\" class=\"entry-image size-landscape-sm\" alt=\"V\u00e1rias pessoas sentadas em mesas brancas com computadores, cadeiras vermelhas, em sala bem iluminada, concentradas em suas telas.\" srcset=\"https:\/\/neuronup.com\/br\/wp-content\/uploads\/2024\/12\/tratamentos-para-sindrome-de-down-com-a-NeuronUP-300x225.webp 300w, https:\/\/neuronup.com\/br\/wp-content\/uploads\/2024\/12\/tratamentos-para-sindrome-de-down-com-a-NeuronUP-400x300.webp 400w, https:\/\/neuronup.com\/br\/wp-content\/uploads\/2024\/12\/tratamentos-para-sindrome-de-down-com-a-NeuronUP-768x576.webp 768w, https:\/\/neuronup.com\/br\/wp-content\/uploads\/2024\/12\/tratamentos-para-sindrome-de-down-com-a-NeuronUP-800x600.webp 800w, https:\/\/neuronup.com\/br\/wp-content\/uploads\/2024\/12\/tratamentos-para-sindrome-de-down-com-a-NeuronUP-1024x768.webp 1024w, https:\/\/neuronup.com\/br\/wp-content\/uploads\/2024\/12\/tratamentos-para-sindrome-de-down-com-a-NeuronUP-1200x900.webp 1200w, https:\/\/neuronup.com\/br\/wp-content\/uploads\/2024\/12\/tratamentos-para-sindrome-de-down-com-a-NeuronUP.webp 1440w\" sizes=\"(max-width:599px) 599px, (min-width:600px) and (max-width: 799px) 799px, (min-width:800px) and (max-width: 999px) 333px, (min-width:1000px) 400px\" \/><\/a><div class=\"entry-wrap entry-wrap-grid\"><h3 class=\"entry-title\" itemprop=\"headline\"><a class=\"entry-title-link\" href=\"https:\/\/neuronup.com\/br\/noticias-de-estimulacao-cognitiva\/deficiencia-intelectual\/sindrome-de-down\/qual-e-o-trabalho-de-uma-associacao-de-sindrome-de-down-o-caso-da-down-navarra\/\" rel=\"bookmark\">Qual \u00e9 o trabalho de uma Associa\u00e7\u00e3o de S\u00edndrome de Down? O caso da Down Navarra<\/a><\/h3>\n<\/div><\/article><article class=\"entry entry-grid is-column has-entry-link has-image has-image-first type-post category-tea-transtorno-do-espectro-do-autismo tag-autismo tag-criancas tag-habilidades-sociais tag-psicologia tag-transtorno-do-espectro-autista tag-transtornos-do-neurodesenvolvimento\" style=\"--entry-index:6;\" aria-label=\"As pessoas que vivem com Asperger do ponto de vista social\" itemscope itemtype=\"https:\/\/schema.org\/CreativeWork\"><a class=\"entry-image-link\" href=\"https:\/\/neuronup.com\/br\/noticias-de-estimulacao-cognitiva\/transtornos-do-desenvolvimento\/tea-transtorno-do-espectro-do-autismo\/as-pessoas-que-vivem-com-asperger-do-ponto-de-vista-social\/\" tabindex=\"-1\" aria-hidden=\"true\"><img decoding=\"async\" width=\"400\" height=\"267\" src=\"https:\/\/neuronup.com\/br\/wp-content\/uploads\/2024\/09\/Terapia-de-juego-para-el-trastorno-de-autismo.webp\" class=\"entry-image size-landscape-sm\" alt=\"Mulher observando menina loira interagindo com quadro na sala, usando marcadores coloridos, em terapia de jogo para autismo.\" srcset=\"https:\/\/neuronup.com\/br\/wp-content\/uploads\/2024\/09\/Terapia-de-juego-para-el-trastorno-de-autismo-300x200.webp 300w, https:\/\/neuronup.com\/br\/wp-content\/uploads\/2024\/09\/Terapia-de-juego-para-el-trastorno-de-autismo-768x512.webp 768w, https:\/\/neuronup.com\/br\/wp-content\/uploads\/2024\/09\/Terapia-de-juego-para-el-trastorno-de-autismo-1024x683.webp 1024w, https:\/\/neuronup.com\/br\/wp-content\/uploads\/2024\/09\/Terapia-de-juego-para-el-trastorno-de-autismo.webp 1202w\" sizes=\"(max-width:599px) 599px, (min-width:600px) and (max-width: 799px) 799px, (min-width:800px) and (max-width: 999px) 333px, (min-width:1000px) 400px\" \/><\/a><div class=\"entry-wrap entry-wrap-grid\"><h3 class=\"entry-title\" itemprop=\"headline\"><a class=\"entry-title-link\" href=\"https:\/\/neuronup.com\/br\/noticias-de-estimulacao-cognitiva\/transtornos-do-desenvolvimento\/tea-transtorno-do-espectro-do-autismo\/as-pessoas-que-vivem-com-asperger-do-ponto-de-vista-social\/\" rel=\"bookmark\">As pessoas que vivem com Asperger do ponto de vista social<\/a><\/h3>\n<\/div><\/article><\/div><\/div>","protected":false},"excerpt":{"rendered":"<p>Neste artigo, a neuropsic\u00f3loga Diana Carolina G\u00f3mez Blanco explora em profundidade uma doen\u00e7a neuropsicol\u00f3gica rara chamada S\u00edndrome de Gerstmann. O que \u00e9 a S\u00edndrome de Gerstmann A s\u00edndrome de Gerstmann \u00e9 um transtorno neurol\u00f3gico e neuropsicol\u00f3gico raro, que consiste em uma t\u00e9trade de sintomas que incluem: \u00c9 um transtorno neurol\u00f3gico raro que foi identificado pelo &hellip;<\/p>\n","protected":false},"author":188,"featured_media":35433,"comment_status":"open","ping_status":"open","sticky":false,"template":"","format":"standard","meta":{"_acf_changed":false,"_genesis_hide_title":false,"_genesis_hide_breadcrumbs":false,"_genesis_hide_singular_image":false,"_genesis_hide_footer_widgets":false,"_genesis_custom_body_class":"","_genesis_custom_post_class":"","_genesis_layout":"","footnotes":""},"categories":[579],"tags":[578],"class_list":{"2":"type-post","7":"category-doencas-raras","8":"tag-doencas-raras","9":"entry"},"acf":[],"_links":{"self":[{"href":"https:\/\/neuronup.com\/br\/wp-json\/wp\/v2\/posts\/35256","targetHints":{"allow":["GET"]}}],"collection":[{"href":"https:\/\/neuronup.com\/br\/wp-json\/wp\/v2\/posts"}],"about":[{"href":"https:\/\/neuronup.com\/br\/wp-json\/wp\/v2\/types\/post"}],"author":[{"embeddable":true,"href":"https:\/\/neuronup.com\/br\/wp-json\/wp\/v2\/users\/188"}],"replies":[{"embeddable":true,"href":"https:\/\/neuronup.com\/br\/wp-json\/wp\/v2\/comments?post=35256"}],"version-history":[{"count":0,"href":"https:\/\/neuronup.com\/br\/wp-json\/wp\/v2\/posts\/35256\/revisions"}],"wp:featuredmedia":[{"embeddable":true,"href":"https:\/\/neuronup.com\/br\/wp-json\/wp\/v2\/media\/35433"}],"wp:attachment":[{"href":"https:\/\/neuronup.com\/br\/wp-json\/wp\/v2\/media?parent=35256"}],"wp:term":[{"taxonomy":"category","embeddable":true,"href":"https:\/\/neuronup.com\/br\/wp-json\/wp\/v2\/categories?post=35256"},{"taxonomy":"post_tag","embeddable":true,"href":"https:\/\/neuronup.com\/br\/wp-json\/wp\/v2\/tags?post=35256"}],"curies":[{"name":"wp","href":"https:\/\/api.w.org\/{rel}","templated":true}]}}