{"id":34950,"date":"2026-04-27T08:08:00","date_gmt":"2026-04-27T08:08:00","guid":{"rendered":"https:\/\/neuronup.com\/?p=34950"},"modified":"2026-04-27T08:08:00","modified_gmt":"2026-04-27T08:08:00","slug":"a-doenca-de-alzheimer-como-construto-clinico-biologico-recomendacao-de-um-grupo-de-trabalho-internacional","status":"publish","type":"post","link":"https:\/\/neuronup.com\/br\/investigacao\/linhas-de-investigacao\/a-doenca-de-alzheimer-como-construto-clinico-biologico-recomendacao-de-um-grupo-de-trabalho-internacional\/","title":{"rendered":"A doen\u00e7a de Alzheimer como construto cl\u00ednico-biol\u00f3gico: recomenda\u00e7\u00e3o de um grupo de trabalho internacional"},"content":{"rendered":"\n<p class=\"has-xl-font-size\">Antonio Javier Sutil mostra neste artigo os dados mais relevantes do estudo <em>\u201cA doen\u00e7a de Alzheimer como constructo cl\u00ednico-biol\u00f3gico: recomenda\u00e7\u00e3o de um grupo de trabalho internacional\u201d<\/em>.<\/p>\n\n\n\n<h2 class=\"wp-block-heading\">Modifica\u00e7\u00e3o dos crit\u00e9rios diagn\u00f3sticos de Alzheimer<\/h2>\n\n\n\n<p>Recentemente, da <a href=\"https:\/\/neuronup.com\/br\/\">Associa\u00e7\u00e3o de Alzheimer<\/a>, foi proposta a <strong>modifica\u00e7\u00e3o dos crit\u00e9rios diagn\u00f3sticos de <a href=\"https:\/\/neuronup.com\/br\/neurorreabilitacao\/doencas-neurodegenerativas\/doenca-de-alzheimer\/\">Alzheimer<\/a> para que se baseiem exclusivamente em evid\u00eancias biol\u00f3gicas<\/strong>. Isso implicaria a possibilidade de realizar diagn\u00f3sticos de doen\u00e7a de Alzheimer (DA) em pessoas cognitivamente saud\u00e1veis que apresentem biomarcadores. Isso poderia ter um grande impacto na sociedade, pois, ao mesmo tempo, esses novos crit\u00e9rios propostos n\u00e3o s\u00e3o recomendados para pessoas cognitivamente saud\u00e1veis, o que levanta novas e importantes quest\u00f5es a serem resolvidas.<\/p>\n\n\n\n<p>Por sua vez, isso teria um <strong>grande impacto nos ambientes de pesquisa<\/strong>. As evid\u00eancias sobre biomarcadores associados v\u00eam aumentando nas \u00faltimas d\u00e9cadas, o que permitiu uma mudan\u00e7a de paradigma da pesquisa p\u00f3s-morte para a possibilidade de estudar a evolu\u00e7\u00e3o da doen\u00e7a desde est\u00e1gios mais iniciais. Essa mudan\u00e7a n\u00e3o s\u00f3 favoreceu o aumento da pesquisa observacional, mas tamb\u00e9m dos ensaios cl\u00ednicos, permitindo um monitoramento din\u00e2mico in vivo.<\/p>\n\n\n\n<p>No entanto, isso tamb\u00e9m teria um <strong>impacto nos ambientes cl\u00ednicos<\/strong>, onde o uso de biomarcadores \u00e9 considerado especialmente relevante, pois espera-se que eles forne\u00e7am informa\u00e7\u00f5es sobre a les\u00e3o patol\u00f3gica ou o processo neurodegenerativo.&nbsp;<\/p>\n\n\n\n<h3 class=\"wp-block-heading\">Biomarcadores na doen\u00e7a de Alzheimer<\/h3>\n\n\n\n<p>No obstante, os chamados <strong>biomarcadores principais n\u00e3o seriam suficientes por si s\u00f3s para explicar todos os mecanismos subjacentes da doen\u00e7a<\/strong>. Em particular, em ambientes cl\u00ednicos, biomarcadores como a tau ou o amiloide serviriam como apoio ou refuta\u00e7\u00e3o de uma suspeita cl\u00ednica de diagn\u00f3stico. Isso se deve \u00e0 grande heterogeneidade dos casos.<\/p>\n\n\n\n<p>Por exemplo, foram documentados estudos p\u00f3s-morte nos quais o c\u00e9rebro do indiv\u00edduo apresenta les\u00f5es, mas este n\u00e3o havia sofrido <a href=\"https:\/\/neuronup.com\/noticias-de-neuronup\/modelo-de-aprendizaje-profundo-para-la-deteccion-temprana-del-deterioro-cognitivo-a-partir-de-notas-clinicas-en-historias-clinicas-electronicas\/\">deteriora\u00e7\u00e3o cognitiva<\/a> ou funcional em vida. Al\u00e9m disso, devido \u00e0 preval\u00eancia de comorbidades entre patologias neurodegenerativas, a detec\u00e7\u00e3o de novos biomarcadores poderia acabar confundindo em vez de esclarecer. Isso ocorre porque, segundo a l\u00f3gica dos novos crit\u00e9rios estabelecidos, \u00e9 prov\u00e1vel que esses biomarcadores conduzam ao <strong>diagn\u00f3stico de m\u00faltiplas doen\u00e7as neurodegenerativas de forma simult\u00e2nea<\/strong> em uma pessoa cognitivamente normal.<\/p>\n\n\n\n<p>Desde este trabalho defende-se que <strong>a influ\u00eancia dos biomarcadores dependeria do contexto<\/strong>, j\u00e1 que estes, por si s\u00f3s, n\u00e3o podem determinar a doen\u00e7a. Sugere-se que a contribui\u00e7\u00e3o dos biomarcadores seja integrada \u00e0 perspectiva cl\u00ednica, especialmente para avaliar se os indiv\u00edduos apresentam ou n\u00e3o deteriora\u00e7\u00e3o cognitiva.<\/p>\n\n\n\n<p>Em consequ\u00eancia, o que se prop\u00f5e neste trabalho revisado \u00e9 reconsiderar a defini\u00e7\u00e3o sugerida pela Associa\u00e7\u00e3o de Alzheimer. Al\u00e9m disso, \u00e9 oferecida uma defini\u00e7\u00e3o alternativa baseada em um constructo cl\u00ednico-biol\u00f3gico que busca ajustar de maneira mais precisa as evid\u00eancias existentes sobre biomarcadores.<\/p>\n\n\n\n<h2 class=\"wp-block-heading\">Os casos poss\u00edveis<\/h2>\n\n\n\n<p>Para abordar de forma mais precisa a perspectiva aqui defendida, partir-se-\u00e1 dos tr\u00eas poss\u00edveis casos em que foram obtidos biomarcadores positivos, e como se recomenda interpretar cada uma das situa\u00e7\u00f5es.<\/p>\n\n\n\n<h3 class=\"wp-block-heading\">Assintom\u00e1tico em risco de doen\u00e7a de Alzheimer (RDA)<\/h3>\n\n\n\n<p>Refere-se a <strong>indiv\u00edduos cognitivamente normais que apresentam risco de desenvolver deteriora\u00e7\u00e3o cognitiva devido a um perfil espec\u00edfico de biomarcadores<\/strong>. Esse risco de progress\u00e3o \u00e9 maior em compara\u00e7\u00e3o com indiv\u00edduos sem biomarcadores. Este caso n\u00e3o seria considerado Alzheimer, pois n\u00e3o \u00e9 um \u00edndice que determine uma futura progress\u00e3o.&nbsp;<\/p>\n\n\n\n<p>Perfil de biomarcadores associados: amiloidose cerebral, seja isolada ou associada a tauopatia limitada \u00e0s regi\u00f5es temporais mediais, ou a um biomarcador positivo de tau fosforilada (p-tau) em fluidos.<\/p>\n\n\n\n<h3 class=\"wp-block-heading\">Alzheimer presintom\u00e1tico (AP)<\/h3>\n\n\n\n<p>Refere-se a <strong>indiv\u00edduos cognitivamente normais que apresentam um padr\u00e3o espec\u00edfico de biomarcadores associado a um risco de progress\u00e3o muito elevado<\/strong>, quase determinista. Esse subgrupo poderia ser redefinido por causa de futuros estudos que identifiquem diferentes biomarcadores.<\/p>\n\n\n\n<p>Os exemplos de perfis de biomarcadores associados a este caso s\u00e3o:<\/p>\n\n\n\n<ul class=\"wp-block-list\">\n<li>Variantes gen\u00e9ticas autoss\u00f4micas dominantes altamente penetrantes, com risco pr\u00f3ximo a 100% de desenvolver doen\u00e7a de Alzheimer cl\u00ednica ao longo da vida: APP, PSEN1, PSEN2.<\/li>\n<li>Pessoas com s\u00edndrome de Down.<\/li>\n<li>Indiv\u00edduos homozigotos para o alelo APOE \u03b54 juntamente com perda de fun\u00e7\u00e3o de SORL1. Nesses perfis, a idade e a idade parental s\u00e3o fatores adicionais a considerar para determinar a idade de in\u00edcio da express\u00e3o cl\u00ednica de Alzheimer.<\/li>\n<li>Mudan\u00e7as nos biomarcadores de Alzheimer espor\u00e1dico (\u00b1 antecedentes gen\u00e9ticos) associados a um risco vital\u00edcio muito alto de Alzheimer cl\u00ednico, como a combina\u00e7\u00e3o de PET amiloide positivo e PET tau positivo em regi\u00f5es neocorticais.<\/li>\n<\/ul>\n\n\n\n<h3 class=\"wp-block-heading\">Doen\u00e7a de Alzheimer (DA)<\/h3>\n\n\n\n<p>Refere-se a <strong>indiv\u00edduos com deteriora\u00e7\u00e3o cognitiva e que seguem crit\u00e9rios estabelecidos<\/strong>, podendo estar em uma fase com perda de funcionalidade (dem\u00eancia) ou em fase prodr\u00f4mica onde n\u00e3o houve perda da funcionalidade.<\/p>\n\n\n\n<p>Os crit\u00e9rios estabelecidos s\u00e3o:<\/p>\n\n\n\n<ul class=\"wp-block-list\">\n<li>Fen\u00f3tipos cl\u00ednicos espec\u00edficos: comuns (s\u00edndrome amn\u00e9sico de tipo hipocampal, afasia logop\u00eanica, atrofia cortical posterior) ou pouco comuns (s\u00edndrome corticobasal, variantes comportamentais e disexecutivas).<\/li>\n<li>Biomarcadores patofisiol\u00f3gicos positivos de Alzheimer em l\u00edquido cefalorraquidiano ou PET. Os biomarcadores plasm\u00e1ticos, como o p-tau 217, poder\u00e3o em breve fazer parte da avalia\u00e7\u00e3o cl\u00ednica de rotina.<\/li>\n<\/ul>\n\n\n\n<div style=\"height:50px\" aria-hidden=\"true\" class=\"wp-block-spacer\"><\/div>\n\n\n\n<div class=\"wp-block-group br-0111 has-primary-background-color has-background has-dark-background has-sm-padding-top has-sm-padding-left has-sm-padding-right has-xxl-margin-top\"><div class=\"wp-block-group__inner-container is-layout-constrained wp-block-group-is-layout-constrained\">\n<div class=\"wp-block-columns is-layout-flex wp-container-core-columns-is-layout-9d6595d7 wp-block-columns-is-layout-flex\">\n<div class=\"wp-block-column is-layout-flow wp-block-column-is-layout-flow\">\n<figure class=\"wp-block-image size-full desktop-position-absolute desktop-bottom-0 mobile-width-50 mobile-m-inline-auto has-xl-margin-top\"><img decoding=\"async\" width=\"292\" height=\"338\" src=\"https:\/\/neuronup.com\/br\/wp-content\/uploads\/2024\/10\/certificado-de-produto.webp\" alt=\"\" class=\"wp-image-31568\" srcset=\"https:\/\/neuronup.com\/br\/wp-content\/uploads\/2024\/10\/certificado-de-produto-259x300.webp 259w, https:\/\/neuronup.com\/br\/wp-content\/uploads\/2024\/10\/certificado-de-produto.webp 292w\" sizes=\"(max-width: 292px) 100vw, 292px\" \/><\/figure>\n<\/div>\n\n\n\n<div class=\"wp-block-column is-layout-flow wp-block-column-is-layout-flow\">\n<h2 class=\"wp-block-heading has-white-color has-text-color\"><strong>Inscreva-se<\/strong> <br>na nossa <br>Newsletter<\/h2>\n\n\n\n<div class=\"wp-block-buttons is-layout-flex wp-block-buttons-is-layout-flex\">\n<div class=\"wp-block-button--1\" style=\"--button-outline-color:var(--color-white);--button-outline-color-hover:rgba(0,0,0,0.8);\"><a class=\"wp-block-button__link button button-outline   wp-element-button\" href=\"https:\/\/neuronup.com\/br\/newsletter\/\">Inscreva-se<\/a><\/div>\n\n<\/div>\n\n\n\n<div style=\"height:40px\" aria-hidden=\"true\" class=\"wp-block-spacer\"><\/div>\n<\/div>\n<\/div>\n<\/div><\/div>\n\n\n\n\n<div style=\"height:50px\" aria-hidden=\"true\" class=\"wp-block-spacer\"><\/div>\n\n\n\n<h2 class=\"wp-block-heading\">Tabela resumida de diferen\u00e7as entre as duas propostas<\/h2>\n\n\n\n<figure class=\"wp-block-table\"><table class=\"has-fixed-layout\"><tbody>\n<tr><td><\/td><td><strong>Associa\u00e7\u00e3o de Alzheimer<\/strong><\/td><td><strong>International Working Group<\/strong><\/td><\/tr>\n<tr><td><strong>Defini\u00e7\u00e3o de doen\u00e7a de Alzheimer<\/strong><\/td><td>Baseado em biologia.<\/td><td>Baseado em crit\u00e9rios cl\u00ednicos e biologia.<\/td><\/tr>\n<tr><td><strong>Diagn\u00f3stico cl\u00ednico<\/strong><\/td><td>Exige a presen\u00e7a de um biomarcador fundamental.<\/td><td>Exige biomarcador e presen\u00e7a objetiva de d\u00e9ficit cognitivo.<\/td><\/tr>\n<tr><td><strong>Exemplo<\/strong><\/td><td>Uma pessoa com cogni\u00e7\u00e3o normal e biomarcador fundamental ser\u00e1 diagnosticada com DA.<\/td><td>Uma pessoa com cogni\u00e7\u00e3o normal e biomarcador fundamental ser\u00e1 considerada em risco de desenvolver DA.<\/td><\/tr>\n<\/tbody><\/table><figcaption class=\"wp-element-caption\">Diferen\u00e7as nos crit\u00e9rios da Associa\u00e7\u00e3o de Alzheimer.<\/figcaption><\/figure>\n\n\n\n<p>A explica\u00e7\u00e3o para essa classifica\u00e7\u00e3o mencionada baseia-se na fisiopatologia da cascata amiloide. Este \u00e9 um <strong>modelo probabil\u00edstico que postula diferentes n\u00edveis de influ\u00eancia em fun\u00e7\u00e3o do gene APOE\u03b54 juntamente com outros fatores ambientais e patologias<\/strong>.<\/p>\n\n\n\n<p>Neste modelo, os portadores desse gene seriam identificados como indiv\u00edduos em risco e sugere-se que a progress\u00e3o para o deterioro cognitivo se relacione com os outros fatores mencionados. Esses indiv\u00edduos em risco deveriam ser acompanhados em coortes longitudinais para identificar fatores que possam modular a progress\u00e3o para a dem\u00eancia. Por outro lado, poderiam ser identificados indiv\u00edduos j\u00e1 encaminhados para a dem\u00eancia.<\/p>\n\n\n\n<h2 class=\"wp-block-heading\">Efeito na sociedade<\/h2>\n\n\n\n<p>Os crit\u00e9rios de diagn\u00f3stico de Alzheimer baseados em biomarcadores poderiam ter um <strong>grande impacto a n\u00edvel social, pol\u00edtico e econ\u00f4mico<\/strong>. Neste trabalho defende-se a vis\u00e3o cl\u00ednico-biol\u00f3gica, pois a considera\u00e7\u00e3o de rotular os biomarcadores positivos como doen\u00e7a de Alzheimer ou assintom\u00e1ticos em risco influenciar\u00e1 as estrat\u00e9gias de enfrentamento adotadas pelas institui\u00e7\u00f5es e pelos indiv\u00edduos. A narrativa que for gerada em torno da comunica\u00e7\u00e3o desses resultados ser\u00e1 fundamental para a experi\u00eancia do paciente.<\/p>\n\n\n\n<p><strong>Uma pessoa cognitivamente normal com biomarcadores positivos de amiloide poderia ser interpretada como doente, enquanto esses indiv\u00edduos em situa\u00e7\u00e3o de risco podem nunca desenvolver deteriora\u00e7\u00e3o cognitiva.<\/strong><\/p>\n\n\n\n<p>Um<strong> claro exemplo<\/strong> \u00e9 vis\u00edvel na administra\u00e7\u00e3o de f\u00e1rmacos. Por exemplo, um indiv\u00edduo que come\u00e7a a tomar gantenerumab, um medicamento projetado para a elimina\u00e7\u00e3o de amiloide, mas cuja efic\u00e1cia cl\u00ednica n\u00e3o foi comprovada.<\/p>\n\n\n\n<p>Seria ben\u00e9fico para esse indiv\u00edduo receber medica\u00e7\u00e3o durante anos sem ter certeza de que haver\u00e1 progress\u00e3o, ou sem a garantia de que essa medica\u00e7\u00e3o tenha efeitos sobre os aspectos cognitivos e comportamentais?<\/p>\n\n\n\n<p>Al\u00e9m disso, seria necess\u00e1rio considerar o potencial erro diagn\u00f3stico, pois os biomarcadores proteicos, como neste caso, n\u00e3o oferecem uma distin\u00e7\u00e3o determinista como os gen\u00e9ticos, mas sim probabil\u00edstica. Isso \u00e9 ainda mais relevante se considerarmos que poderia ocasionar diferen\u00e7as significativas entre regi\u00f5es como a Am\u00e9rica do Norte e a Europa.<\/p>\n\n\n\n<p>Um <strong>exemplo do impacto<\/strong> seria o diagn\u00f3stico de um paciente que procura seu m\u00e9dico com queixas benignas de mem\u00f3ria devido a outros dist\u00farbios ou \u00e0 idade e que, com biomarcadores positivos, representaria um falso positivo. Esse risco aumentaria se os testes fossem comercializados diretamente ao consumidor sem a interven\u00e7\u00e3o de um m\u00e9dico, o que poderia resultar em um prov\u00e1vel aumento da incid\u00eancia de diagn\u00f3sticos em pessoas cognitivamente normais e, por conseguinte, em um maior consumo de medicamentos para prevenir a deteriora\u00e7\u00e3o cognitiva.<\/p>\n\n\n\n<p>Os crit\u00e9rios da Associa\u00e7\u00e3o de Alzheimer n\u00e3o avalizam o uso de biomarcadores em pessoas cognitivamente normais, mas \u00e9 pouco realista controlar o acesso ao diagn\u00f3stico de doen\u00e7a de Alzheimer e ao tratamento se este se basear exclusivamente em biomarcadores segundo esses crit\u00e9rios. Por isso, <strong>seria necess\u00e1rio fornecer uma mensagem mais clara sobre esse tema<\/strong>.<\/p>\n\n\n\n<h2 class=\"wp-block-heading\">Conclus\u00f5es e relev\u00e2ncia<\/h2>\n\n\n\n<p>O <a href=\"https:\/\/www.iwgplc.com\/en-gb\">International Working Group<\/a> defende a defini\u00e7\u00e3o de doen\u00e7a de Alzheimer como uma <strong>entidade cl\u00ednico-biol\u00f3gica<\/strong>. O diagn\u00f3stico cl\u00ednico de Alzheimer \u00e9 feito diante de um fen\u00f3tipo cl\u00ednico estabelecido e biomarcadores fisiopatol\u00f3gicos que indiquem patologia de doen\u00e7a de Alzheimer (DA), abrangendo tanto as fases prodr\u00f4micas (anteriores \u00e0 dem\u00eancia) quanto as etapas de dem\u00eancia, pois essas fases fariam parte do continuum da mesma doen\u00e7a.<\/p>\n\n\n\n<p>O International Working Group <strong>desaconselha usar biomarcadores para diagnosticar Alzheimer em pessoas cognitivamente normais<\/strong>, mesmo com queixas subjetivas. Em vez disso, <strong>sugere que esses biomarcadores sejam utilizados em pesquisas para avaliar riscos futuros<\/strong>, comunicar esses riscos e implementar estrat\u00e9gias preventivas.<\/p>\n\n\n\n<p>O estudo de pessoas cognitivamente normais com biomarcadores positivos \u00e9 fundamental para desenvolver algoritmos preditivos e determinar riscos de progress\u00e3o. Sob essa perspectiva, apenas um grupo reduzido seria considerado presintom\u00e1tico por variantes gen\u00e9ticas ou perfis de biomarcadores de alto risco, enquanto o restante deve ser classificado como assintom\u00e1ticos em risco.<\/p>\n\n\n\n<p><strong>As pesquisas futuras devem se concentrar em pessoas cognitivamente normais<\/strong>:<\/p>\n\n\n\n<ol class=\"wp-block-list\">\n<li>Por um lado, realizando estudos observacionais longitudinais para analisar simultaneamente biomarcadores e fatores de risco associados ao estilo de vida.<\/li>\n<li>E, por outro lado, a realiza\u00e7\u00e3o de ensaios cl\u00ednicos de interven\u00e7\u00e3o que avaliem a efic\u00e1cia de tratamentos farmacol\u00f3gicos e outras estrat\u00e9gias direcionadas \u00e0 doen\u00e7a de Alzheimer.<\/li>\n<\/ol>\n\n\n\n<h2 class=\"wp-block-heading\">Autores<\/h2>\n\n\n\n<p>Este trabalho \u00e9 fruto de um esfor\u00e7o colaborativo internacional de mais de 40 autores. Entre eles, destaca-se o primeiro autor, Bruno Dubois, professor do departamento de Neurologia do Hospital&nbsp;Salp\u00eatri\u00e8re e da Universidade Sorbonne de Paris. Atualmente, \u00e9 pesquisador associado do grupo FrontLab do Paris Brain Institut, no qual atuou anteriormente como pesquisador principal. O grupo FrontLab dedica-se a estudar o c\u00f3rtex pr\u00e9-frontal como uma regi\u00e3o cr\u00edtica para as fun\u00e7\u00f5es cognitivas superiores em estado de sa\u00fade e de doen\u00e7a. Al\u00e9m disso, o professor Dubois publicou numerosos estudos sobre doen\u00e7as subcorticais e dem\u00eancia, e \u00e9 um dos organizadores do consenso de especialistas que trabalha nos novos crit\u00e9rios diagn\u00f3sticos da doen\u00e7a de Alzheimer.<\/p>\n\n\n\n<h2 class=\"wp-block-heading\">Bibliografia<\/h2>\n\n\n\n<ul class=\"wp-block-list\">\n<li class=\"has-sm-font-size\">Dubois B, Villain N, Schneider L, et al. Alzheimer Disease as a Clinical-Biological Construct\u2014An International Working Group Recommendation. <em>JAMA Neurol.<\/em> Publicado online em 01 de novembro de 2024. doi:10.1001\/jamaneurol.2024.3770<\/li>\n<\/ul>\n\n\n\n<h3 class=\"wp-block-heading\">Se voc\u00ea gostou desta postagem do blog sobre <strong>a doen\u00e7a de Alzheimer como constructo cl\u00ednico-biol\u00f3gico: recomenda\u00e7\u00e3o de um grupo de trabalho internacional<\/strong>, certamente se interessar\u00e1 por estes artigos da NeuronUP:<\/h3>\n\n<div class=\"mai-grid entries entries-grid has-boxed has-image-full\" style=\"--entry-title-font-size:var(--font-size-lg);--align-text:start;--entry-meta-text-align:start;\"><div class=\"entries-wrap has-columns\" style=\"--columns-xs:1\/1;--columns-sm:1\/1;--columns-md:1\/3;--columns-lg:1\/3;--flex-xs:0 0 var(--flex-basis);--flex-sm:0 0 var(--flex-basis);--flex-md:0 0 var(--flex-basis);--flex-lg:0 0 var(--flex-basis);--column-gap:var(--spacing-lg);--row-gap:var(--spacing-lg);--align-columns:start;\"><article class=\"entry entry-grid is-column has-entry-link has-image has-image-first type-post category-tdah-transtorno-deficit-atencao-hiperatividade tag-criancas tag-tdah tag-transtornos-do-neurodesenvolvimento\" style=\"--entry-index:1;\" aria-label=\"TDAH em crian\u00e7as: sintomas, tipos e tratamento multidisciplinar\" itemscope itemtype=\"https:\/\/schema.org\/CreativeWork\"><a class=\"entry-image-link\" href=\"https:\/\/neuronup.com\/br\/noticias-de-estimulacao-cognitiva\/transtornos-do-desenvolvimento\/tdah-transtorno-deficit-atencao-hiperatividade\/tdah-na-infancia-sintomas-diagnostico-e-tratamento\/\" tabindex=\"-1\" aria-hidden=\"true\"><img decoding=\"async\" width=\"400\" height=\"245\" src=\"https:\/\/neuronup.com\/br\/wp-content\/uploads\/2021\/09\/TDAH-sintomas-diagnostico-tratamiento.webp\" class=\"entry-image size-landscape-sm\" alt=\"Garoto sentado diante de monitor com fones de ouvido, interagindo com tela de personagens animados em ambiente de estudo simples.\" srcset=\"https:\/\/neuronup.com\/br\/wp-content\/uploads\/2021\/09\/TDAH-sintomas-diagnostico-tratamiento-300x184.webp 300w, https:\/\/neuronup.com\/br\/wp-content\/uploads\/2021\/09\/TDAH-sintomas-diagnostico-tratamiento-768x470.webp 768w, https:\/\/neuronup.com\/br\/wp-content\/uploads\/2021\/09\/TDAH-sintomas-diagnostico-tratamiento-1024x627.webp 1024w, https:\/\/neuronup.com\/br\/wp-content\/uploads\/2021\/09\/TDAH-sintomas-diagnostico-tratamiento.webp 1200w\" sizes=\"(max-width:599px) 599px, (min-width:600px) and (max-width: 799px) 799px, (min-width:800px) and (max-width: 999px) 333px, (min-width:1000px) 400px\" \/><\/a><div class=\"entry-wrap entry-wrap-grid\"><h3 class=\"entry-title\" itemprop=\"headline\"><a class=\"entry-title-link\" href=\"https:\/\/neuronup.com\/br\/noticias-de-estimulacao-cognitiva\/transtornos-do-desenvolvimento\/tdah-transtorno-deficit-atencao-hiperatividade\/tdah-na-infancia-sintomas-diagnostico-e-tratamento\/\" rel=\"bookmark\">TDAH em crian\u00e7as: sintomas, tipos e tratamento multidisciplinar<\/a><\/h3>\n<\/div><\/article><article class=\"entry entry-grid is-column has-entry-link has-image has-image-first type-post\" style=\"--entry-index:2;\" aria-label=\"Evid\u00eancia cient\u00edfica do impacto do \u00f4mega-3 na aten\u00e7\u00e3o e no desempenho cognitivo\" itemscope itemtype=\"https:\/\/schema.org\/CreativeWork\"><a class=\"entry-image-link\" href=\"https:\/\/neuronup.com\/br\/uncategorized\/evidencia-cientifica-do-impacto-do-omega-3-na-atencao-e-no-rendimento-cognitivo\/\" tabindex=\"-1\" aria-hidden=\"true\"><img decoding=\"async\" width=\"400\" height=\"267\" src=\"https:\/\/neuronup.com\/br\/wp-content\/uploads\/2025\/05\/Evidencia-cientifica-del-impacto-del-omega-3-en-la-atencion-y-el-rendimiento-cognitivo.webp\" class=\"entry-image size-landscape-sm\" alt=\"Composi\u00e7\u00e3o de alimentos saud\u00e1veis: salm\u00e3o, abacate e nozes, com azeite, destacando fontes de \u00f4mega-3.\" srcset=\"https:\/\/neuronup.com\/br\/wp-content\/uploads\/2025\/05\/Evidencia-cientifica-del-impacto-del-omega-3-en-la-atencion-y-el-rendimiento-cognitivo-300x200.webp 300w, https:\/\/neuronup.com\/br\/wp-content\/uploads\/2025\/05\/Evidencia-cientifica-del-impacto-del-omega-3-en-la-atencion-y-el-rendimiento-cognitivo-768x512.webp 768w, https:\/\/neuronup.com\/br\/wp-content\/uploads\/2025\/05\/Evidencia-cientifica-del-impacto-del-omega-3-en-la-atencion-y-el-rendimiento-cognitivo-1024x683.webp 1024w, https:\/\/neuronup.com\/br\/wp-content\/uploads\/2025\/05\/Evidencia-cientifica-del-impacto-del-omega-3-en-la-atencion-y-el-rendimiento-cognitivo.webp 1200w\" sizes=\"(max-width:599px) 599px, (min-width:600px) and (max-width: 799px) 799px, (min-width:800px) and (max-width: 999px) 333px, (min-width:1000px) 400px\" \/><\/a><div class=\"entry-wrap entry-wrap-grid\"><h3 class=\"entry-title\" itemprop=\"headline\"><a class=\"entry-title-link\" href=\"https:\/\/neuronup.com\/br\/uncategorized\/evidencia-cientifica-do-impacto-do-omega-3-na-atencao-e-no-rendimento-cognitivo\/\" rel=\"bookmark\">Evid\u00eancia cient\u00edfica do impacto do \u00f4mega-3 na aten\u00e7\u00e3o e no desempenho cognitivo<\/a><\/h3>\n<\/div><\/article><article class=\"entry entry-grid is-column has-entry-link has-image has-image-first type-post category-linhas-de-investigacao tag-noticias-da-neuronup tag-pesquisa\" style=\"--entry-index:3;\" aria-label=\"Avalia\u00e7\u00e3o intensiva das fun\u00e7\u00f5es executivas derivada do desempenho em jogos de treinamento cognitivo\" itemscope itemtype=\"https:\/\/schema.org\/CreativeWork\"><a class=\"entry-image-link\" href=\"https:\/\/neuronup.com\/br\/investigacao\/linhas-de-investigacao\/avaliacao-intensiva-das-funcoes-executivas-derivada-do-desempenho-em-jogos-de-treinamento-cognitivo\/\" tabindex=\"-1\" aria-hidden=\"true\"><img decoding=\"async\" width=\"400\" height=\"267\" src=\"https:\/\/neuronup.com\/br\/wp-content\/uploads\/2024\/11\/Evaluacion-intensiva-de-las-funciones-ejecutivas-derivada-del-rendimiento-en-juegos-de-entrenamiento-cognitivo-NeuronUP.webp\" class=\"entry-image size-landscape-sm\" alt=\"Homem idoso com \u00f3culos em interior, camisa estampada com motivos tropicais, em hall interno; express\u00e3o s\u00e9ria.\" srcset=\"https:\/\/neuronup.com\/br\/wp-content\/uploads\/2024\/11\/Evaluacion-intensiva-de-las-funciones-ejecutivas-derivada-del-rendimiento-en-juegos-de-entrenamiento-cognitivo-NeuronUP-300x200.webp 300w, https:\/\/neuronup.com\/br\/wp-content\/uploads\/2024\/11\/Evaluacion-intensiva-de-las-funciones-ejecutivas-derivada-del-rendimiento-en-juegos-de-entrenamiento-cognitivo-NeuronUP-768x512.webp 768w, https:\/\/neuronup.com\/br\/wp-content\/uploads\/2024\/11\/Evaluacion-intensiva-de-las-funciones-ejecutivas-derivada-del-rendimiento-en-juegos-de-entrenamiento-cognitivo-NeuronUP-1024x683.webp 1024w, https:\/\/neuronup.com\/br\/wp-content\/uploads\/2024\/11\/Evaluacion-intensiva-de-las-funciones-ejecutivas-derivada-del-rendimiento-en-juegos-de-entrenamiento-cognitivo-NeuronUP.webp 1200w\" sizes=\"(max-width:599px) 599px, (min-width:600px) and (max-width: 799px) 799px, (min-width:800px) and (max-width: 999px) 333px, (min-width:1000px) 400px\" \/><\/a><div class=\"entry-wrap entry-wrap-grid\"><h3 class=\"entry-title\" itemprop=\"headline\"><a class=\"entry-title-link\" href=\"https:\/\/neuronup.com\/br\/investigacao\/linhas-de-investigacao\/avaliacao-intensiva-das-funcoes-executivas-derivada-do-desempenho-em-jogos-de-treinamento-cognitivo\/\" rel=\"bookmark\">Avalia\u00e7\u00e3o intensiva das fun\u00e7\u00f5es executivas derivada do desempenho em jogos de treinamento cognitivo<\/a><\/h3>\n<\/div><\/article><article class=\"entry entry-grid is-column has-entry-link has-image has-image-first type-post category-linhas-de-investigacao tag-noticias-da-neuronup tag-pesquisa\" style=\"--entry-index:4;\" aria-label=\"Predi\u00e7\u00e3o da incid\u00eancia da doen\u00e7a de Alzheimer por meio de aprendizado de m\u00e1quina utilizando dados administrativos de sa\u00fade em grande escala\" itemscope itemtype=\"https:\/\/schema.org\/CreativeWork\"><a class=\"entry-image-link\" href=\"https:\/\/neuronup.com\/br\/investigacao\/linhas-de-investigacao\/previsao-da-incidencia-da-doenca-de-alzheimer-por-meio-de-machine-learning-utilizando-dados-de-saude-administrativos-em-grande-escala\/\" tabindex=\"-1\" aria-hidden=\"true\"><img decoding=\"async\" width=\"400\" height=\"267\" src=\"https:\/\/neuronup.com\/br\/wp-content\/uploads\/2024\/10\/Prediccion-de-la-incidencia-de-la-enfermedad-de-alzheimer-mediante-machine-learning-utilizando-datos-sanitarios-administrativos-a-gran-escala-NeuronUP.webp\" class=\"entry-image size-landscape-sm\" alt=\"Retrato de um homem idoso com sardas e rugas, express\u00e3o pensativa, olhos claros, olhando pela janela, ilumina\u00e7\u00e3o dram\u00e1tica.\" srcset=\"https:\/\/neuronup.com\/br\/wp-content\/uploads\/2024\/10\/Prediccion-de-la-incidencia-de-la-enfermedad-de-alzheimer-mediante-machine-learning-utilizando-datos-sanitarios-administrativos-a-gran-escala-NeuronUP-300x200.webp 300w, https:\/\/neuronup.com\/br\/wp-content\/uploads\/2024\/10\/Prediccion-de-la-incidencia-de-la-enfermedad-de-alzheimer-mediante-machine-learning-utilizando-datos-sanitarios-administrativos-a-gran-escala-NeuronUP-768x512.webp 768w, https:\/\/neuronup.com\/br\/wp-content\/uploads\/2024\/10\/Prediccion-de-la-incidencia-de-la-enfermedad-de-alzheimer-mediante-machine-learning-utilizando-datos-sanitarios-administrativos-a-gran-escala-NeuronUP-1024x683.webp 1024w, https:\/\/neuronup.com\/br\/wp-content\/uploads\/2024\/10\/Prediccion-de-la-incidencia-de-la-enfermedad-de-alzheimer-mediante-machine-learning-utilizando-datos-sanitarios-administrativos-a-gran-escala-NeuronUP.webp 1200w\" sizes=\"(max-width:599px) 599px, (min-width:600px) and (max-width: 799px) 799px, (min-width:800px) and (max-width: 999px) 333px, (min-width:1000px) 400px\" \/><\/a><div class=\"entry-wrap entry-wrap-grid\"><h3 class=\"entry-title\" itemprop=\"headline\"><a class=\"entry-title-link\" href=\"https:\/\/neuronup.com\/br\/investigacao\/linhas-de-investigacao\/previsao-da-incidencia-da-doenca-de-alzheimer-por-meio-de-machine-learning-utilizando-dados-de-saude-administrativos-em-grande-escala\/\" rel=\"bookmark\">Predi\u00e7\u00e3o da incid\u00eancia da doen\u00e7a de Alzheimer por meio de aprendizado de m\u00e1quina utilizando dados administrativos de sa\u00fade em grande escala<\/a><\/h3>\n<\/div><\/article><article class=\"entry entry-grid is-column has-entry-link has-image has-image-first type-post category-tdah-transtorno-deficit-atencao-hiperatividade tag-atencao tag-problema-de-conduta tag-tdah\" style=\"--entry-index:5;\" aria-label=\"O TDAH aumenta o risco de desenvolver problemas de conduta?\" itemscope itemtype=\"https:\/\/schema.org\/CreativeWork\"><a class=\"entry-image-link\" href=\"https:\/\/neuronup.com\/br\/noticias-de-estimulacao-cognitiva\/transtornos-do-desenvolvimento\/tdah-transtorno-deficit-atencao-hiperatividade\/o-tdah-aumenta-o-risco-de-desenvolver-problemas-de-conduta\/\" tabindex=\"-1\" aria-hidden=\"true\"><img decoding=\"async\" width=\"400\" height=\"300\" src=\"https:\/\/neuronup.com\/br\/wp-content\/uploads\/2025\/03\/TDAH-400x300.webp\" class=\"entry-image size-landscape-sm\" alt=\"Menino de camisa amarela, com as m\u00e3os na cabe\u00e7a, express\u00e3o preocupada, caderno aberto com letras coloridas e canetas, planta ao fundo.\" srcset=\"https:\/\/neuronup.com\/br\/wp-content\/uploads\/2025\/03\/TDAH-400x300.webp 400w, https:\/\/neuronup.com\/br\/wp-content\/uploads\/2025\/03\/TDAH-800x600.webp 800w\" sizes=\"(max-width:599px) 599px, (min-width:600px) and (max-width: 799px) 799px, (min-width:800px) and (max-width: 999px) 333px, (min-width:1000px) 400px\" \/><\/a><div class=\"entry-wrap entry-wrap-grid\"><h3 class=\"entry-title\" itemprop=\"headline\"><a class=\"entry-title-link\" href=\"https:\/\/neuronup.com\/br\/noticias-de-estimulacao-cognitiva\/transtornos-do-desenvolvimento\/tdah-transtorno-deficit-atencao-hiperatividade\/o-tdah-aumenta-o-risco-de-desenvolver-problemas-de-conduta\/\" rel=\"bookmark\">O TDAH aumenta o risco de desenvolver problemas de conduta?<\/a><\/h3>\n<\/div><\/article><article class=\"entry entry-grid is-column has-entry-link has-image has-image-first type-post category-cerebro tag-cerebro tag-neuropsicologia\" style=\"--entry-index:6;\" aria-label=\"O C\u00e9rebro Sexual: Neuroci\u00eancia e diferen\u00e7as ligadas ao sexo\" itemscope itemtype=\"https:\/\/schema.org\/CreativeWork\"><a class=\"entry-image-link\" href=\"https:\/\/neuronup.com\/br\/neurociencia\/cerebro\/o-cerebro-sexual-neurociencia-e-diferencas-ligadas-ao-sexo\/\" tabindex=\"-1\" aria-hidden=\"true\"><img decoding=\"async\" width=\"400\" height=\"200\" src=\"https:\/\/neuronup.com\/br\/wp-content\/uploads\/2022\/09\/girl_29.webp\" class=\"entry-image size-landscape-sm\" alt=\"Ilustra\u00e7\u00e3o com silhuetas de cabe\u00e7a masculina e feminina em perfil oposto; cabe\u00e7a masculina com padr\u00f5es geom\u00e9tricos coloridos e feminina com c\u00edrculos, sugerindo diversidade entre g\u00eaneros.\" srcset=\"https:\/\/neuronup.com\/br\/wp-content\/uploads\/2022\/09\/girl_29-300x150.webp 300w, https:\/\/neuronup.com\/br\/wp-content\/uploads\/2022\/09\/girl_29-768x384.webp 768w, https:\/\/neuronup.com\/br\/wp-content\/uploads\/2022\/09\/girl_29.webp 1024w\" sizes=\"(max-width:599px) 599px, (min-width:600px) and (max-width: 799px) 799px, (min-width:800px) and (max-width: 999px) 333px, (min-width:1000px) 400px\" \/><\/a><div class=\"entry-wrap entry-wrap-grid\"><h3 class=\"entry-title\" itemprop=\"headline\"><a class=\"entry-title-link\" href=\"https:\/\/neuronup.com\/br\/neurociencia\/cerebro\/o-cerebro-sexual-neurociencia-e-diferencas-ligadas-ao-sexo\/\" rel=\"bookmark\">O C\u00e9rebro Sexual: Neuroci\u00eancia e diferen\u00e7as ligadas ao sexo<\/a><\/h3>\n<\/div><\/article><\/div><\/div>","protected":false},"excerpt":{"rendered":"<p>Antonio Javier Sutil mostra neste artigo os dados mais relevantes do estudo \u201cA doen\u00e7a de Alzheimer como constructo cl\u00ednico-biol\u00f3gico: recomenda\u00e7\u00e3o de um grupo de trabalho internacional\u201d. Modifica\u00e7\u00e3o dos crit\u00e9rios diagn\u00f3sticos de Alzheimer Recentemente, da Associa\u00e7\u00e3o de Alzheimer, foi proposta a modifica\u00e7\u00e3o dos crit\u00e9rios diagn\u00f3sticos de Alzheimer para que se baseiem exclusivamente em evid\u00eancias biol\u00f3gicas. Isso &hellip;<\/p>\n","protected":false},"author":252,"featured_media":34959,"comment_status":"open","ping_status":"open","sticky":false,"template":"","format":"standard","meta":{"_acf_changed":false,"_genesis_hide_title":false,"_genesis_hide_breadcrumbs":false,"_genesis_hide_singular_image":false,"_genesis_hide_footer_widgets":false,"_genesis_custom_body_class":"","_genesis_custom_post_class":"","_genesis_layout":"","footnotes":""},"categories":[684],"tags":[622,705],"class_list":{"2":"type-post","7":"category-linhas-de-investigacao","8":"tag-noticias-da-neuronup","9":"tag-pesquisa","10":"entry"},"acf":[],"_links":{"self":[{"href":"https:\/\/neuronup.com\/br\/wp-json\/wp\/v2\/posts\/34950","targetHints":{"allow":["GET"]}}],"collection":[{"href":"https:\/\/neuronup.com\/br\/wp-json\/wp\/v2\/posts"}],"about":[{"href":"https:\/\/neuronup.com\/br\/wp-json\/wp\/v2\/types\/post"}],"author":[{"embeddable":true,"href":"https:\/\/neuronup.com\/br\/wp-json\/wp\/v2\/users\/252"}],"replies":[{"embeddable":true,"href":"https:\/\/neuronup.com\/br\/wp-json\/wp\/v2\/comments?post=34950"}],"version-history":[{"count":0,"href":"https:\/\/neuronup.com\/br\/wp-json\/wp\/v2\/posts\/34950\/revisions"}],"wp:featuredmedia":[{"embeddable":true,"href":"https:\/\/neuronup.com\/br\/wp-json\/wp\/v2\/media\/34959"}],"wp:attachment":[{"href":"https:\/\/neuronup.com\/br\/wp-json\/wp\/v2\/media?parent=34950"}],"wp:term":[{"taxonomy":"category","embeddable":true,"href":"https:\/\/neuronup.com\/br\/wp-json\/wp\/v2\/categories?post=34950"},{"taxonomy":"post_tag","embeddable":true,"href":"https:\/\/neuronup.com\/br\/wp-json\/wp\/v2\/tags?post=34950"}],"curies":[{"name":"wp","href":"https:\/\/api.w.org\/{rel}","templated":true}]}}