{"id":34925,"date":"2024-12-09T01:00:00","date_gmt":"2024-12-08T23:00:00","guid":{"rendered":"https:\/\/neuronup.com\/?p=34925"},"modified":"2026-08-11T15:29:31","modified_gmt":"2026-08-11T13:29:31","slug":"tendencias-atuais-no-tratamento-de-doencas-neurodegenerativas","status":"publish","type":"post","link":"https:\/\/neuronup.com\/br\/noticias-de-estimulacao-cognitiva\/doencas-neurodegenerativas\/tendencias-atuais-no-tratamento-de-doencas-neurodegenerativas\/","title":{"rendered":"Tend\u00eancias atuais no tratamento de doen\u00e7as neurodegenerativas"},"content":{"rendered":"\n<p class=\"has-xl-font-size wp-block-paragraph\">As doen\u00e7as neurodegenerativas, como o alzheimer, o parkinson e a esclerose m\u00faltipla, s\u00e3o condi\u00e7\u00f5es que afetam o sistema nervoso central e acarretam a perda progressiva de neur\u00f4nios. Nos \u00faltimos anos, as inova\u00e7\u00f5es em neurorreabilita\u00e7\u00e3o avan\u00e7ada est\u00e3o revolucionando o tratamento, desde o uso de intelig\u00eancia artificial at\u00e9 tecnologias assistivas. Este artigo explora as<strong> \u00faltimas tend\u00eancias na neurorreabilita\u00e7\u00e3o<\/strong>, desde o uso de intelig\u00eancia artificial at\u00e9 as terapias digitais, <strong>e como essas inova\u00e7\u00f5es est\u00e3o revolucionando o tratamento de doen\u00e7as neurodegenerativas<\/strong>.<\/p>\n\n\n\n<h2 class=\"wp-block-heading\">A import\u00e2ncia de avan\u00e7ar na pesquisa e no tratamento de doen\u00e7as neurodegenerativas<\/h2>\n\n\n\n<p class=\"wp-block-paragraph\">Nos \u00faltimos anos, o tratamento de <a href=\"https:\/\/neuronup.com\/br\/neurorreabilitacao\/doencas-neurodegenerativas\/\">doen\u00e7as neurodegenerativas<\/a> tem experimentado avan\u00e7os significativos. Gra\u00e7as \u00e0 combina\u00e7\u00e3o de tecnologia inovadora e abordagens terap\u00eauticas modernas, as pessoas com essas patologias t\u00eam acesso a interven\u00e7\u00f5es personalizadas em neurorreabilita\u00e7\u00e3o que melhoram sua qualidade de vida.&nbsp;<\/p>\n\n\n\n<p class=\"wp-block-paragraph\">Esse <strong>progresso nos tratamentos de doen\u00e7as neurodegenerativas<\/strong>, como o <a href=\"https:\/\/neuronup.com\/br\/noticias-de-estimulacao-cognitiva\/doencas-neurodegenerativas\/alzheimer\/deteccao-de-alzheimer-em-adultos-maiores\/\">alzheimer<\/a> ou o <a href=\"https:\/\/neuronup.com\/br\/neurorreabilitacao\/doencas-neurodegenerativas\/doenca-de-parkinson\/\">parkinson<\/a>, <strong>\u00e9 crucial em m\u00faltiplos n\u00edveis<\/strong>. N\u00e3o apenas para melhorar a qualidade de vida de quem as sofre, mas tamb\u00e9m para aliviar o fardo emocional e financeiro que essas condi\u00e7\u00f5es representam para as fam\u00edlias, cuidadores e os sistemas de sa\u00fade em todo o mundo.&nbsp;<\/p>\n\n\n\n<p class=\"wp-block-paragraph\">\u00c0 medida que a pesquisa avan\u00e7a, novas terapias e tecnologias est\u00e3o surgindo, oferecendo esperan\u00e7a a milh\u00f5es de pessoas afetadas.&nbsp;<\/p>\n\n\n\n<div style=\"height:50px\" aria-hidden=\"true\" class=\"wp-block-spacer\"><\/div>\n\n\n\n<div class=\"wp-block-group br-0111 has-primary-background-color has-background has-dark-background has-sm-padding-top has-sm-padding-left has-sm-padding-right has-xxl-margin-top\"><div class=\"wp-block-group__inner-container is-layout-constrained wp-block-group-is-layout-constrained\">\n<div class=\"wp-block-columns is-layout-flex wp-container-core-columns-is-layout-8f761849 wp-block-columns-is-layout-flex\">\n<div class=\"wp-block-column is-layout-flow wp-block-column-is-layout-flow\">\n<figure class=\"wp-block-image size-full desktop-position-absolute desktop-bottom-0 mobile-width-50 mobile-m-inline-auto has-xl-margin-top\"><img decoding=\"async\" width=\"292\" height=\"338\" src=\"https:\/\/neuronup.com\/br\/wp-content\/uploads\/2024\/10\/certificado-de-produto.webp\" alt=\"\" class=\"wp-image-31568\" srcset=\"https:\/\/neuronup.com\/br\/wp-content\/uploads\/2024\/10\/certificado-de-produto-259x300.webp 259w, https:\/\/neuronup.com\/br\/wp-content\/uploads\/2024\/10\/certificado-de-produto.webp 292w\" sizes=\"(max-width: 292px) 100vw, 292px\" \/><\/figure>\n<\/div>\n\n\n\n<div class=\"wp-block-column is-layout-flow wp-block-column-is-layout-flow\">\n<h2 class=\"wp-block-heading has-white-color has-text-color\"><strong>Inscreva-se<\/strong> <br>na nossa <br>Newsletter<\/h2>\n\n\n\n<div class=\"wp-block-buttons is-layout-flex wp-block-buttons-is-layout-flex\">\n<div class=\"wp-block-button--1\" style=\"--button-outline-color:var(--color-white);--button-outline-color-hover:rgba(0,0,0,0.8);\"><a class=\"wp-block-button__link button button-outline   wp-element-button\" href=\"https:\/\/neuronup.com\/br\/newsletter\/\">Inscreva-se<\/a><\/div>\n\n<\/div>\n\n\n\n<div style=\"height:40px\" aria-hidden=\"true\" class=\"wp-block-spacer\"><\/div>\n<\/div>\n<\/div>\n<\/div><\/div>\n\n\n\n\n<div style=\"height:50px\" aria-hidden=\"true\" class=\"wp-block-spacer\"><\/div>\n\n\n\n<h2 class=\"wp-block-heading\">Principais tend\u00eancias em neurorreabilita\u00e7\u00e3o de doen\u00e7as neurodegenerativas&nbsp;<\/h2>\n\n\n\n<h3 class=\"wp-block-heading\">1. Diagn\u00f3stico precoce de doen\u00e7as neurodegenerativas atrav\u00e9s de neuromarcadores<\/h3>\n\n\n\n<p class=\"wp-block-paragraph\">O <strong>diagn\u00f3stico precoce de doen\u00e7as neurodegenerativas<\/strong> como o alzheimer, o parkinson e a <a href=\"https:\/\/neuronup.com\/br\/neurorreabilitacao\/doencas-neurodegenerativas\/esclerose-multipla\/\">esclerose m\u00faltipla<\/a> \u00e9 fundamental para melhorar a vida das pessoas que as padecem, pois <strong>oferece uma janela de oportunidade \u00fanica para intervir e retardar o processo da doen\u00e7a<\/strong>.&nbsp;<\/p>\n\n\n\n<p class=\"wp-block-paragraph\">Com o objetivo de alcan\u00e7ar esse diagn\u00f3stico precoce, <strong>uma das tend\u00eancias atuais \u00e9 o uso de neuromarcadores<\/strong> em neurorreabilita\u00e7\u00e3o para identificar os primeiros sinais dessas patologias antes que os sintomas cl\u00ednicos sejam mais evidentes.&nbsp;<\/p>\n\n\n\n<h4 class=\"wp-block-heading\">O que s\u00e3o os neuromarcadores?<\/h4>\n\n\n\n<p class=\"wp-block-paragraph\">Os neuromarcadores s\u00e3o<strong> indicadores biol\u00f3gicos que permitem detectar mudan\u00e7as estruturais e funcionais no c\u00e9rebro<\/strong> relacionadas com doen\u00e7as neurodegenerativas. Esses sinais podem ser identificados por meio de tecnologias avan\u00e7adas como a resson\u00e2ncia magn\u00e9tica funcional (fMRI) e a tomografia por emiss\u00e3o de p\u00f3sitrons (PET).<\/p>\n\n\n\n<h4 class=\"wp-block-heading\">Neuromarcadores mais utilizados no diagn\u00f3stico precoce de doen\u00e7as neurodegenerativas&nbsp;<\/h4>\n\n\n\n<h5 class=\"wp-block-heading\">1. Prote\u00ednas tau e beta-amiloide em alzheimer<\/h5>\n\n\n\n<p class=\"wp-block-paragraph\">A combina\u00e7\u00e3o desses dois biomarcadores \u00e9 <strong>um dos m\u00e9todos mais confi\u00e1veis<\/strong> para prever o desenvolvimento do alzheimer em indiv\u00edduos com comprometimento cognitivo leve antes que a doen\u00e7a avance para um est\u00e1gio mais grave.<\/p>\n\n\n\n<p class=\"wp-block-paragraph\">Os dep\u00f3sitos anormais de beta-amiloide e tau no c\u00e9rebro s\u00e3o <strong>indicadores precoces <\/strong>da doen\u00e7a de alzheimer e ajudam a prever a progress\u00e3o da doen\u00e7a. O ac\u00famulo dessas placas come\u00e7a anos antes de os sintomas cl\u00ednicos da doen\u00e7a se tornarem evidentes.&nbsp;<\/p>\n\n\n\n<h5 class=\"wp-block-heading\">2. Alfa-sinucle\u00edna em parkinson e outros transtornos relacionados como a atrofia multissist\u00eamica<\/h5>\n\n\n\n<p class=\"wp-block-paragraph\">A alfa-sinucle\u00edna \u00e9 uma prote\u00edna associada a doen\u00e7as neurodegenerativas como o parkinson, a dem\u00eancia com corpos de Lewy e a atrofia multissist\u00eamica (AMS). Nesses transtornos, a alfa-sinucle\u00edna se acumula anormalmente no c\u00e9rebro, formando agregados t\u00f3xicos que alteram a fun\u00e7\u00e3o neuronal, danificando os neur\u00f4nios dopamin\u00e9rgicos e afetando tanto as habilidades motoras quanto as cognitivas.<\/p>\n\n\n\n<p class=\"wp-block-paragraph\">Os <strong>n\u00edveis alterados de alfa-sinucle\u00edna <\/strong>no l\u00edquido cefalorraquidiano podem ajudar a distinguir entre a doen\u00e7a de parkinson e outras patologias como a atrofia multissist\u00eamica ou a dem\u00eancia com corpos de Lewy, bem como a detectar a doen\u00e7a em fases iniciais.<\/p>\n\n\n\n<div style=\"height:50px\" aria-hidden=\"true\" class=\"wp-block-spacer\"><\/div>\n\n\n\n<aside class=\"wp-block-group pb-0 br-0101 has-background has-xl-margin-top\" style=\"background:linear-gradient(135deg,rgb(0,128,150) 0%,rgb(0,171,199) 100%)\"><div class=\"wp-block-group__inner-container is-layout-constrained wp-block-group-is-layout-constrained\">\n<div class=\"wp-block-columns br-1010 is-layout-flex wp-container-core-columns-is-layout-8f761849 wp-block-columns-is-layout-flex\">\n<div class=\"wp-block-column is-vertically-aligned-center is-layout-flow wp-block-column-is-layout-flow\" style=\"flex-basis:60%\">\n<p class=\"has-text-align-center has-white-color has-text-color has-link-color has-xxl-font-size wp-elements-1 has-no-margin-top has-no-margin-bottom wp-block-paragraph\"> <strong>Trabalhe na NeuronUP<\/strong><\/p>\n\n\n\n<p class=\"has-text-align-center has-white-color has-text-color has-link-color has-sm-font-size wp-elements-2 has-no-margin-top has-no-margin-bottom wp-block-paragraph\">Desenvolva sua carreira no setor da sa\u00fade digital.<br>Junte-se \u00e0 nossa equipe.<\/p>\n\n\n\n<div style=\"height:10px\" aria-hidden=\"true\" class=\"wp-block-spacer\"><\/div>\n\n\n\n<div class=\"wp-block-buttons is-content-justification-center is-layout-flex wp-container-core-buttons-is-layout-fe48e5de wp-block-buttons-is-layout-flex\">\n<div class=\"wp-block-button has-custom-width wp-block-button__width-75\" style=\"--button-background:var(--color-custom-1);--button-background-hover:#cc7e00;\"><a class=\"wp-block-button__link button   has-sm-font-size has-custom-font-size wp-element-button\" href=\"https:\/\/neuronup.com\/br\/as-melhores-ofertas-de-emprego-para-profissionais-da-neurorreabilitacao\/\"><strong><strong>Ver vagas dispon\u00edveis<\/strong><\/strong><\/a><\/div>\n\n<\/div>\n<\/div>\n\n\n\n<div class=\"wp-block-column is-vertically-aligned-center is-layout-flow wp-block-column-is-layout-flow\" style=\"flex-basis:40%\"><div class=\"wp-block-image blog-br-0101\">\n<figure class=\"alignright size-large is-resized has--xxxl-margin-top has-no-margin-bottom\"><img decoding=\"async\" width=\"1024\" height=\"1024\" src=\"https:\/\/neuronup.com\/br\/wp-content\/uploads\/2026\/06\/Historias-exito-NeuronUP-14-2-1024x1024.webp\" alt=\"\" class=\"wp-image-51286\" style=\"width:361px;height:auto\" srcset=\"https:\/\/neuronup.com\/br\/wp-content\/uploads\/2026\/06\/Historias-exito-NeuronUP-14-2-24x24.webp 24w, https:\/\/neuronup.com\/br\/wp-content\/uploads\/2026\/06\/Historias-exito-NeuronUP-14-2-48x48.webp 48w, https:\/\/neuronup.com\/br\/wp-content\/uploads\/2026\/06\/Historias-exito-NeuronUP-14-2-80x80.webp 80w, https:\/\/neuronup.com\/br\/wp-content\/uploads\/2026\/06\/Historias-exito-NeuronUP-14-2-96x96.webp 96w, https:\/\/neuronup.com\/br\/wp-content\/uploads\/2026\/06\/Historias-exito-NeuronUP-14-2-150x150.webp 150w, https:\/\/neuronup.com\/br\/wp-content\/uploads\/2026\/06\/Historias-exito-NeuronUP-14-2-300x300.webp 300w, https:\/\/neuronup.com\/br\/wp-content\/uploads\/2026\/06\/Historias-exito-NeuronUP-14-2-768x768.webp 768w, https:\/\/neuronup.com\/br\/wp-content\/uploads\/2026\/06\/Historias-exito-NeuronUP-14-2-1024x1024.webp 1024w, https:\/\/neuronup.com\/br\/wp-content\/uploads\/2026\/06\/Historias-exito-NeuronUP-14-2.webp 1080w\" sizes=\"(max-width: 1024px) 100vw, 1024px\" \/><\/figure>\n<\/div><\/div>\n<\/div>\n<\/div><\/aside>\n\n\n\n<div style=\"height:50px\" aria-hidden=\"true\" class=\"wp-block-spacer\"><\/div>\n\n\n\n<h5 class=\"wp-block-heading\">3. Biomarcadores de neuroinflama\u00e7\u00e3o na esclerose m\u00faltipla (EM) e outras doen\u00e7as inflamat\u00f3rias do sistema nervoso central&nbsp;<\/h5>\n\n\n\n<p class=\"wp-block-paragraph\"><strong>A neuroinflama\u00e7\u00e3o desempenha um papel crucial <\/strong>no desenvolvimento de muitas doen\u00e7as neurodegenerativas, incluindo a <a href=\"https:\/\/neuronup.com\/br\/investigacao\/linhas-de-investigacao\/pesquisa-esclerose-multipla-reabilitacao-cognitiva\/\">esclerose m\u00faltipla<\/a>. Os biomarcadores inflamat\u00f3rios, como as citocinas (prote\u00ednas envolvidas na comunica\u00e7\u00e3o celular), podem ser medidos no l\u00edquido cefalorraquidiano ou no sangue para detectar a inflama\u00e7\u00e3o no c\u00e9rebro e na medula espinhal.<\/p>\n\n\n\n<p class=\"wp-block-paragraph\">Um exemplo desses marcadores inflamat\u00f3rios \u00e9 a <strong>prote\u00edna de dano axonal chamada neurofilamento de cadeia leve (NFL)<\/strong>, utilizada para medir dano e degenera\u00e7\u00e3o neuronal na esclerose m\u00faltipla. Esse marcador se encontra elevado quando h\u00e1 uma inflama\u00e7\u00e3o ativa ou dano neuronal, e permite aos cl\u00ednicos avaliar o risco de surtos ou a progress\u00e3o da doen\u00e7a.<\/p>\n\n\n\n<p class=\"wp-block-paragraph\">A detec\u00e7\u00e3o da inflama\u00e7\u00e3o por meio desses marcadores \u00e9 \u00fatil n\u00e3o apenas para diagnosticar a esclerose m\u00faltipla em est\u00e1gios iniciais, mas tamb\u00e9m para monitorar a atividade da doen\u00e7a e ajustar os tratamentos com base na resposta de cada pessoa.<\/p>\n\n\n\n<h4 class=\"wp-block-heading\">Benef\u00edcios dos neuromarcadores na neurorreabilita\u00e7\u00e3o de doen\u00e7as neurodegenerativas&nbsp;<\/h4>\n\n\n\n<p class=\"wp-block-paragraph\">O uso de neuromarcadores na neurorreabilita\u00e7\u00e3o permite aos profissionais da neurorreabilita\u00e7\u00e3o:<\/p>\n\n\n\n<ul class=\"wp-block-list\">\n<li><strong>desenvolver interven\u00e7\u00f5es mais precisas e adaptadas<\/strong> a cada pessoa,<\/li>\n\n\n\n<li>e <strong>melhorar a capacidade de avaliar a resposta \u00e0s terapias<\/strong> de reabilita\u00e7\u00e3o cognitiva, f\u00edsica e ocupacional.&nbsp;<\/li>\n<\/ul>\n\n\n\n<div style=\"height:50px\" aria-hidden=\"true\" class=\"wp-block-spacer\"><\/div>\n\n\n\n<h3 class=\"wp-block-heading\">2. Terapias personalizadas no tratamento de doen\u00e7as neurodegenerativas&nbsp;<\/h3>\n\n\n\n<p class=\"wp-block-paragraph\">Na neurorreabilita\u00e7\u00e3o, a personaliza\u00e7\u00e3o das terapias se consolidou como <strong>uma das melhores pr\u00e1ticas para oferecer tratamentos<\/strong> de doen\u00e7as neurodegenerativas como o alzheimer, o parkinson ou a esclerose m\u00faltipla.&nbsp;<\/p>\n\n\n\n<h4 class=\"wp-block-heading\">O que \u00e9 a personaliza\u00e7\u00e3o de terapias?<\/h4>\n\n\n\n<p class=\"wp-block-paragraph\">A personaliza\u00e7\u00e3o das terapias implica <strong>desenhar interven\u00e7\u00f5es espec\u00edficas baseadas nas caracter\u00edsticas individuais de cada pessoa<\/strong>, suas necessidades e os processos particulares de cada uma delas com o objetivo de retardar o progresso dessas patologias e otimizar os resultados terap\u00eauticos.<\/p>\n\n\n\n<h4 class=\"wp-block-heading\">Ferramentas de personaliza\u00e7\u00e3o de terapias em doen\u00e7as neurodegenerativas&nbsp;<\/h4>\n\n\n\n<h5 class=\"wp-block-heading\">1. Avalia\u00e7\u00f5es neuropsicol\u00f3gicas detalhadas<\/h5>\n\n\n\n<p class=\"wp-block-paragraph\">As <strong>avalia\u00e7\u00f5es cognitivas e emocionais<\/strong> em afetados com alzheimer ou parkinson permitem identificar as \u00e1reas afetadas pela doen\u00e7a. Esses testes ajudam os terapeutas a desenhar interven\u00e7\u00f5es personalizadas que abordem d\u00e9ficits espec\u00edficos, como mem\u00f3ria, linguagem ou aten\u00e7\u00e3o.<\/p>\n\n\n\n<div style=\"height:50px\" aria-hidden=\"true\" class=\"wp-block-spacer\"><\/div>\n\n\n\n<h5 class=\"wp-block-heading\">2. Intelig\u00eancia artificial (IA)<\/h5>\n\n\n\n<p class=\"wp-block-paragraph\">A IA se tornou uma ferramenta-chave na neurorreabilita\u00e7\u00e3o. Ao <strong>analisar grandes volumes de dados cl\u00ednicos<\/strong>, os <a href=\"https:\/\/neuronup.com\/br\/investigacao\/linhas-de-investigacao\/diagnostico-diferencial-baseado-em-ia-de-etiologias-de-demencia-em-dados-multimodais\/\">algoritmos de IA<\/a> podem prever como uma pessoa responder\u00e1 a diferentes interven\u00e7\u00f5es, permitindo que os profissionais adaptem as terapias com base nos resultados esperados.<\/p>\n\n\n\n<h5 class=\"wp-block-heading\">3. Dispositivos de monitoramento em tempo real<\/h5>\n\n\n\n<p class=\"wp-block-paragraph\">Os dispositivos vest\u00edveis que medem a atividade f\u00edsica e as respostas cognitivas permitem aos terapeutas <strong>ajustar as terapias em tempo real<\/strong>. Isso \u00e9 especialmente \u00fatil em doen\u00e7as como o parkinson ou a esclerose m\u00faltipla, onde o estado de cada pessoa afetada pode mudar de maneira significativa em pouco tempo.<\/p>\n\n<h4 class=\"wp-block-heading\">Benef\u00edcios da personaliza\u00e7\u00e3o de terapias na neurorreabilita\u00e7\u00e3o de doen\u00e7as neurodegenerativas&nbsp;<\/h4>\n\n\n\n<p class=\"wp-block-paragraph\">O uso de terapias personalizadas na neurorreabilita\u00e7\u00e3o para doen\u00e7as neurodegenerativas oferece m\u00faltiplos benef\u00edcios, tanto para as pessoas que padecem essas patologias como para os profissionais de sa\u00fade:<\/p>\n\n\n\n<ul class=\"wp-block-list\">\n<li><strong>Maior efic\u00e1cia terap\u00eautica<\/strong>: Adaptar as interven\u00e7\u00f5es \u00e0s necessidades espec\u00edficas de cada pessoa permite melhorar a efetividade das terapias e otimizar os resultados a longo prazo.<\/li>\n\n\n\n<li><strong>Melhoria da qualidade de vida<\/strong>: As pessoas afetadas experimentam melhorias significativas em sua qualidade de vida ao receber terapias que se ajustam \u00e0s suas capacidades e limita\u00e7\u00f5es individuais.<\/li>\n\n\n\n<li><strong>Monitoriza\u00e7\u00e3o mais precisa<\/strong>: A personaliza\u00e7\u00e3o tamb\u00e9m implica um acompanhamento cont\u00ednuo do progresso de cada pessoa afetada, o que permite ajustar as terapias em tempo real conforme necess\u00e1rio.<\/li>\n<\/ul>\n\n\n\n<div style=\"height:50px\" aria-hidden=\"true\" class=\"wp-block-spacer\"><\/div>\n\n\n<div class=\"wp-block-image br-1111\">\n<figure class=\"aligncenter size-full\"><a href=\"https:\/\/neuronup.com\/redirect\/?target=typeform\/parkinsonguide?utm_first_source=Web&amp;utm_first_campaign_name=PDF_Parkinson_Guide\"><img decoding=\"async\" width=\"1200\" height=\"500\" src=\"https:\/\/neuronup.com\/br\/wp-content\/uploads\/2025\/08\/Banner-Sessoes-cognitivas-eficazes-para-o-Parkinson.webp\" alt=\"Banner - Sessoes cognitivas eficazes para o Parkinson\" class=\"wp-image-41515\" srcset=\"https:\/\/neuronup.com\/br\/wp-content\/uploads\/2025\/08\/Banner-Sessoes-cognitivas-eficazes-para-o-Parkinson-300x125.webp 300w, https:\/\/neuronup.com\/br\/wp-content\/uploads\/2025\/08\/Banner-Sessoes-cognitivas-eficazes-para-o-Parkinson-768x320.webp 768w, https:\/\/neuronup.com\/br\/wp-content\/uploads\/2025\/08\/Banner-Sessoes-cognitivas-eficazes-para-o-Parkinson-1024x427.webp 1024w, https:\/\/neuronup.com\/br\/wp-content\/uploads\/2025\/08\/Banner-Sessoes-cognitivas-eficazes-para-o-Parkinson.webp 1200w\" sizes=\"(max-width: 1200px) 100vw, 1200px\" \/><\/a><\/figure>\n<\/div>\n\n\n<div style=\"height:50px\" aria-hidden=\"true\" class=\"wp-block-spacer\"><\/div>\n\n\n\n<h3 class=\"wp-block-heading\">3. Uso de tecnologia assistiva em doen\u00e7as neurodegenerativas&nbsp;<\/h3>\n\n\n\n<p class=\"wp-block-paragraph\">Nos \u00faltimos anos, <strong>o uso da tecnologia assistiva transformou o campo da neurorreabilita\u00e7\u00e3o<\/strong>, especialmente no tratamento de doen\u00e7as neurodegenerativas como o Alzheimer, o Parkinson, a esclerose m\u00faltipla (EM) e a <a href=\"https:\/\/neuronup.com\/br\/noticias-de-estimulacao-cognitiva\/doencas-neurodegenerativas\/esclerose-multipla\/diferencas-entre-a-esclerose-multipla-e-a-esclerose-lateral-amiotrofica\/\">esclerose lateral amiotr\u00f3fica (ELA)<\/a>.<\/p>\n\n\n\n<h4 class=\"wp-block-heading\">O que \u00e9 a tecnologia assistiva?<\/h4>\n\n\n\n<p class=\"wp-block-paragraph\">A tecnologia assistiva<strong> engloba uma ampla gama de dispositivos, softwares e equipamentos <\/strong>desenvolvidos para apoiar pessoas com defici\u00eancias ou limita\u00e7\u00f5es f\u00edsicas e cognitivas. No contexto da neurorreabilita\u00e7\u00e3o, esses dispositivos s\u00e3o usados para compensar as fun\u00e7\u00f5es motoras e cognitivas afetadas por doen\u00e7as neurodegenerativas, facilitando a autonomia de cada pessoa e otimizando o tratamento reabilitador.<\/p>\n\n\n\n<h4 class=\"wp-block-heading\">Ferramentas de tecnologia assistiva em doen\u00e7as neurodegenerativas<\/h4>\n\n\n\n<h5 class=\"wp-block-heading\">1. Realidade virtual e aumentada&nbsp;<\/h5>\n\n\n\n<p class=\"wp-block-paragraph\">A realidade virtual (RV) demonstrou ser <strong>eficaz para a reabilita\u00e7\u00e3o cognitiva e motora <\/strong>em pessoas com Alzheimer e outras doen\u00e7as neurodegenerativas, ao melhorar sua neuroplasticidade e sua capacidade de aprendizagem.<\/p>\n\n\n\n<h5 class=\"wp-block-heading\">2. Software de reabilita\u00e7\u00e3o cognitiva&nbsp;<\/h5>\n\n\n\n<p class=\"wp-block-paragraph\"><strong>Plataformas digitais de neurorreabilita\u00e7\u00e3o<\/strong>, como <a href=\"https:\/\/neuronup.com\/br\/\">NeuronUP<\/a>, permitem que os usu\u00e1rios trabalhem com atividades desenhadas para melhorar sua melhora, linguagem e outras fun\u00e7\u00f5es cognitivas afetadas pelo decl\u00ednio neurol\u00f3gico.<\/p>\n\n\n\n<div style=\"height:50px\" aria-hidden=\"true\" class=\"wp-block-spacer\"><\/div>\n\n\n\n<h4 class=\"wp-block-heading\">Benef\u00edcios do uso de tecnologia assistiva na neurorreabilita\u00e7\u00e3o de doen\u00e7as neurodegenerativas&nbsp;<\/h4>\n\n\n\n<p class=\"wp-block-paragraph\">O uso de tecnologia assistiva na neurorreabilita\u00e7\u00e3o deste tipo de patologias permite:&nbsp;<\/p>\n\n\n\n<ul class=\"wp-block-list\">\n<li><strong>Melhoria da mobilidade e independ\u00eancia<\/strong>: Os dispositivos assistivos, como exoesqueletos e andadores inteligentes, permitem que pessoas com Parkinson ou esclerose m\u00faltipla (EM) melhorem sua mobilidade, o que reduz a depend\u00eancia de cuidadores e facilita a realiza\u00e7\u00e3o das atividades di\u00e1rias.<\/li>\n\n\n\n<li><strong>Estimula\u00e7\u00e3o cognitiva personalizada<\/strong>: Ferramentas como aplicativos m\u00f3veis e programas de realidade virtual s\u00e3o usadas para desenhar exerc\u00edcios de reabilita\u00e7\u00e3o cognitiva personalizados. Essas tecnologias s\u00e3o particularmente \u00fateis no tratamento do Alzheimer, ajudando a melhorar a mem\u00f3ria, a aten\u00e7\u00e3o e as fun\u00e7\u00f5es executivas.<\/li>\n\n\n\n<li><strong>Monitoramento da sa\u00fade em tempo real<\/strong>: Dispositivos de monitoramento e wearables permitem que os profissionais de sa\u00fade monitorem os sinais vitais, a atividade f\u00edsica e o progresso terap\u00eautico dos afetados em tempo real. Isso \u00e9 fundamental para ajustar as terapias em fun\u00e7\u00e3o da evolu\u00e7\u00e3o de doen\u00e7as como a esclerose lateral amiotr\u00f3fica (ELA).<\/li>\n\n\n\n<li><strong>Comunica\u00e7\u00e3o aumentada<\/strong>: As tecnologias de assist\u00eancia \u00e0 comunica\u00e7\u00e3o, como dispositivos geradores de voz, permitem que pessoas com ELA e outras condi\u00e7\u00f5es neurodegenerativas melhorem sua capacidade de intera\u00e7\u00e3o com o ambiente, apesar das limita\u00e7\u00f5es f\u00edsicas ou da fala.<\/li>\n<\/ul>\n\n\n\n<div style=\"height:50px\" aria-hidden=\"true\" class=\"wp-block-spacer\"><\/div>\n\n\n\n<h3 class=\"wp-block-heading\">4. Abordagens multidisciplinares na neurorreabilita\u00e7\u00e3o de doen\u00e7as neurodegenerativas&nbsp;<\/h3>\n\n\n\n<p class=\"wp-block-paragraph\">Atualmente,<strong> uma das abordagens mais inovadoras e eficazes<\/strong> na neurorreabilita\u00e7\u00e3o de doen\u00e7as neurodegenerativas \u00e9 a abordagem multidisciplinar.&nbsp;<\/p>\n\n\n\n<h4 class=\"wp-block-heading\">O que \u00e9 uma abordagem multidisciplinar?<\/h4>\n\n\n\n<p class=\"wp-block-paragraph\">A abordagem multidisciplinar na neurorreabilita\u00e7\u00e3o <strong>combina a experi\u00eancia e os conhecimentos de neuropsic\u00f3logos, terapeutas f\u00edsicos e outros especialistas<\/strong> da reabilita\u00e7\u00e3o cognitiva, <strong>permitindo uma interven\u00e7\u00e3o integral <\/strong>que otimiza o tratamento de doen\u00e7as neurodegenerativas como o Alzheimer e o Parkinson.&nbsp;<\/p>\n\n\n\n<h4 class=\"wp-block-heading\">Benef\u00edcios da abordagem multidisciplinar na neurorreabilita\u00e7\u00e3o de doen\u00e7as neurodegenerativas&nbsp;<\/h4>\n\n\n\n<p class=\"wp-block-paragraph\">A ado\u00e7\u00e3o de uma abordagem multidisciplinar na neurorreabilita\u00e7\u00e3o para doen\u00e7as neurodegenerativas oferece m\u00faltiplos benef\u00edcios \u00e0s pessoas afetadas por essas condi\u00e7\u00f5es e aos profissionais:&nbsp;<\/p>\n\n\n\n<ul class=\"wp-block-list\">\n<li><strong>Tratamento integral e personalizado<\/strong>: A colabora\u00e7\u00e3o de m\u00faltiplos especialistas permite abordar cada \u00e1rea afetada de maneira espec\u00edfica, garantindo um tratamento adaptado \u00e0s necessidades \u00fanicas de cada pessoa e alcan\u00e7ando melhores resultados.<\/li>\n\n\n\n<li><strong>Melhoria da neuroplasticidade<\/strong>: Ao estimular o c\u00e9rebro a partir de distintas \u00e1reas, potencializa-se a capacidade de adapta\u00e7\u00e3o e reorganiza\u00e7\u00e3o neural, o que resulta em uma melhor recupera\u00e7\u00e3o funcional e na compensa\u00e7\u00e3o do dano progressivo.<\/li>\n\n\n\n<li><strong>Atraso no avan\u00e7o dos sintomas<\/strong>: Interven\u00e7\u00f5es coordenadas podem retardar o progresso dos sintomas, especialmente nas \u00e1reas cognitiva e funcional, permitindo que as pessoas afetadas por doen\u00e7as neurodegenerativas mantenham sua autonomia por mais tempo.<\/li>\n<\/ul>\n\n\n\n<h2 class=\"wp-block-heading\">Conclus\u00f5es<\/h2>\n\n\n\n<p class=\"wp-block-paragraph\">As tend\u00eancias atuais no tratamento de doen\u00e7as neurodegenerativas mostram um compromisso \u00edntegro com a melhoria da qualidade de vida e o progn\u00f3stico para as pessoas com essas patologias.<\/p>\n\n\n\n<p class=\"wp-block-paragraph\">O diagn\u00f3stico precoce permite uma interven\u00e7\u00e3o precoce e mais eficaz, enquanto as terapias personalizadas abrem a porta para tratamentos adaptados \u00e0s caracter\u00edsticas de cada pessoa, otimizando assim os resultados. Al\u00e9m disso, o uso de tecnologia assistiva contribui para a autonomia e participa\u00e7\u00e3o ativa dos afetados em sua reabilita\u00e7\u00e3o di\u00e1ria. Sem esquecer as abordagens multidisciplinares, que asseguram uma aten\u00e7\u00e3o integral, maximizando a funcionalidade e o bem-estar geral.&nbsp;<\/p>\n\n\n\n<p class=\"wp-block-paragraph\">Esse conjunto de inova\u00e7\u00f5es oferece um futuro promissor repleto de novas possibilidades para que os profissionais da neurorreabilita\u00e7\u00e3o continuem melhorando a qualidade de vida de quem enfrenta doen\u00e7as neurodegenerativas.&nbsp;<\/p>\n\n\n\n<h3 class=\"wp-block-heading\">Se voc\u00ea gostou desta entrada do blog sobre as&nbsp;<strong>tend\u00eancias atuais no tratamento de doen\u00e7as neurodegenerativas<\/strong>, certamente se interessar\u00e1 por estes artigos da NeuronUP:<\/h3>\n\n<div class=\"mai-grid entries entries-grid has-boxed has-image-full\" style=\"--entry-title-font-size:var(--font-size-lg);--align-text:start;--entry-meta-text-align:start;\"><div class=\"entries-wrap has-columns\" style=\"--columns-xs:1 \/ 1;--columns-sm:1 \/ 1;--columns-md:1 \/ 3;--columns-lg:1 \/ 3;--flex-xs:0 0 var(--flex-basis);--flex-sm:0 0 var(--flex-basis);--flex-md:0 0 var(--flex-basis);--flex-lg:0 0 var(--flex-basis);--column-gap:var(--spacing-lg);--row-gap:var(--spacing-lg);--align-columns:start;\"><article class=\"entry entry-grid is-column has-entry-link has-image has-image-first type-post category-doencas-neurodegenerativas tag-demencia tag-enfermedades-neurodegenerativas tag-maiores\" style=\"--entry-index:1;\" aria-label=\"Decl\u00ednio cognitivo leve (DCL) ou dem\u00eancia: diferen\u00e7as cl\u00ednicas, diagn\u00f3stico e estimula\u00e7\u00e3o cognitiva\" itemscope itemtype=\"https:\/\/schema.org\/CreativeWork\"><a class=\"entry-image-link\" href=\"https:\/\/neuronup.com\/br\/noticias-de-estimulacao-cognitiva\/doencas-neurodegenerativas\/deterioro-cognitivo-leve-demencia-diferencas-clinicas-diagnostico-e-estimulacao-cognitiva\/\" tabindex=\"-1\" aria-hidden=\"true\"><img decoding=\"async\" width=\"400\" height=\"300\" src=\"https:\/\/neuronup.com\/br\/wp-content\/uploads\/2025\/05\/Deterioro-cognitivo-leve-o-demencia-diferencias-clinicas-diagnostico-y-estimulacion-cognitiva-400x300.webp\" class=\"entry-image size-landscape-sm\" alt=\"Ilustra\u00e7\u00e3o comparando deteriora\u00e7\u00e3o cognitiva leve e dem\u00eancia, com \u00eanfase em diferen\u00e7as cl\u00ednicas para a avalia\u00e7\u00e3o.\" srcset=\"https:\/\/neuronup.com\/br\/wp-content\/uploads\/2025\/05\/Deterioro-cognitivo-leve-o-demencia-diferencias-clinicas-diagnostico-y-estimulacion-cognitiva-400x300.webp 400w, https:\/\/neuronup.com\/br\/wp-content\/uploads\/2025\/05\/Deterioro-cognitivo-leve-o-demencia-diferencias-clinicas-diagnostico-y-estimulacion-cognitiva-800x600.webp 800w\" sizes=\"(max-width:599px) 599px, (min-width:600px) and (max-width: 799px) 799px, (min-width:800px) and (max-width: 999px) 333px, (min-width:1000px) 400px\" \/><\/a><div class=\"entry-wrap entry-wrap-grid\"><h3 class=\"entry-title\" itemprop=\"headline\"><a class=\"entry-title-link\" href=\"https:\/\/neuronup.com\/br\/noticias-de-estimulacao-cognitiva\/doencas-neurodegenerativas\/deterioro-cognitivo-leve-demencia-diferencas-clinicas-diagnostico-e-estimulacao-cognitiva\/\" rel=\"bookmark\">Decl\u00ednio cognitivo leve (DCL) ou dem\u00eancia: diferen\u00e7as cl\u00ednicas, diagn\u00f3stico e estimula\u00e7\u00e3o cognitiva<\/a><\/h3>\n<\/div><\/article><article class=\"entry entry-grid is-column has-entry-link has-image has-image-first type-post category-dano-cerebral tag-dano-cerebral-adquirido\" style=\"--entry-index:2;\" aria-label=\"Aprendizagem motora: o que \u00e9, fatores, metodologia e objetivo\" itemscope itemtype=\"https:\/\/schema.org\/CreativeWork\"><a class=\"entry-image-link\" href=\"https:\/\/neuronup.com\/br\/noticias-de-estimulacao-cognitiva\/dano-cerebral\/aprendizagem-motora-o-que-e-fatores-metodologia-e-objetivo\/\" tabindex=\"-1\" aria-hidden=\"true\"><img decoding=\"async\" width=\"400\" height=\"300\" src=\"https:\/\/neuronup.com\/br\/wp-content\/uploads\/2021\/10\/cross-section-of-human-brain-tissue-8ALYQ7M-655x427-1-400x300.webp\" class=\"entry-image size-landscape-sm\" alt=\"Estrutura transversal com ramifica\u00e7\u00f5es do tipo rede neural em tons de marrom e dourado, parecida com o tecido cerebral.\" \/><\/a><div class=\"entry-wrap entry-wrap-grid\"><h3 class=\"entry-title\" itemprop=\"headline\"><a class=\"entry-title-link\" href=\"https:\/\/neuronup.com\/br\/noticias-de-estimulacao-cognitiva\/dano-cerebral\/aprendizagem-motora-o-que-e-fatores-metodologia-e-objetivo\/\" rel=\"bookmark\">Aprendizagem motora: o que \u00e9, fatores, metodologia e objetivo<\/a><\/h3>\n<\/div><\/article><article class=\"entry entry-grid is-column has-entry-link has-image has-image-first type-post category-atividades-de-neurorreabilitacao tag-actividades-de-estimulacion-cognitiva tag-actividades-de-estimulacion-cognitiva-para-ninos tag-noticias-de-neuronup\" style=\"--entry-index:3;\" aria-label=\"Descubra as 10 atividades da NeuronUP mais utilizadas para trabalhar com crian\u00e7as\" itemscope itemtype=\"https:\/\/schema.org\/CreativeWork\"><a class=\"entry-image-link\" href=\"https:\/\/neuronup.com\/br\/atividades-de-neurorreabilitacao\/conheca-as-10-atividades-neuronup-mais-utilizadas-para-trabalhar-com-criancas\/\" tabindex=\"-1\" aria-hidden=\"true\"><img decoding=\"async\" width=\"400\" height=\"300\" src=\"https:\/\/neuronup.com\/br\/wp-content\/uploads\/2024\/09\/Juego-de-NeuronUP-para-trabajar-la-relacion-espacial-en-ninos-Parada-en-boxes-400x300.webp\" class=\"entry-image size-landscape-sm\" alt=\"Interface do NeuronUP para rela\u00e7\u00e3o espacial em crian\u00e7as: pista para localizar objetos, com um personagem e controles na parte inferior.\" srcset=\"https:\/\/neuronup.com\/br\/wp-content\/uploads\/2024\/09\/Juego-de-NeuronUP-para-trabajar-la-relacion-espacial-en-ninos-Parada-en-boxes-400x300.webp 400w, https:\/\/neuronup.com\/br\/wp-content\/uploads\/2024\/09\/Juego-de-NeuronUP-para-trabajar-la-relacion-espacial-en-ninos-Parada-en-boxes-800x600.webp 800w\" sizes=\"(max-width:599px) 599px, (min-width:600px) and (max-width: 799px) 799px, (min-width:800px) and (max-width: 999px) 333px, (min-width:1000px) 400px\" \/><\/a><div class=\"entry-wrap entry-wrap-grid\"><h3 class=\"entry-title\" itemprop=\"headline\"><a class=\"entry-title-link\" href=\"https:\/\/neuronup.com\/br\/atividades-de-neurorreabilitacao\/conheca-as-10-atividades-neuronup-mais-utilizadas-para-trabalhar-com-criancas\/\" rel=\"bookmark\">Descubra as 10 atividades da NeuronUP mais utilizadas para trabalhar com crian\u00e7as<\/a><\/h3>\n<\/div><\/article><article class=\"entry entry-grid is-column has-entry-link has-image has-image-first type-post category-eventos tag-congresso\" style=\"--entry-index:4;\" aria-label=\"Global Neuropsychology Congress: o congresso que reuniu o mundo no Porto\" itemscope itemtype=\"https:\/\/schema.org\/CreativeWork\"><a class=\"entry-image-link\" href=\"https:\/\/neuronup.com\/br\/eventos\/global-neuropsychology-congress-conectando-o-mundo-no-porto\/\" tabindex=\"-1\" aria-hidden=\"true\"><img decoding=\"async\" width=\"400\" height=\"300\" src=\"https:\/\/neuronup.com\/br\/wp-content\/uploads\/2024\/07\/IMG_9004-1-400x300.webp\" class=\"entry-image size-landscape-sm\" alt=\"Participantes em uma confer\u00eancia no Porto, com palestrantes e tela de proje\u00e7\u00e3o durante o Congresso Global de Neuropsicologia.\" srcset=\"https:\/\/neuronup.com\/br\/wp-content\/uploads\/2024\/07\/IMG_9004-1-400x300.webp 400w, https:\/\/neuronup.com\/br\/wp-content\/uploads\/2024\/07\/IMG_9004-1-800x600.webp 800w\" sizes=\"(max-width:599px) 599px, (min-width:600px) and (max-width: 799px) 799px, (min-width:800px) and (max-width: 999px) 333px, (min-width:1000px) 400px\" \/><\/a><div class=\"entry-wrap entry-wrap-grid\"><h3 class=\"entry-title\" itemprop=\"headline\"><a class=\"entry-title-link\" href=\"https:\/\/neuronup.com\/br\/eventos\/global-neuropsychology-congress-conectando-o-mundo-no-porto\/\" rel=\"bookmark\">Global Neuropsychology Congress: o congresso que reuniu o mundo no Porto<\/a><\/h3>\n<\/div><\/article><article class=\"entry entry-grid is-column has-entry-link has-image has-image-first type-post category-linhas-de-investigacao tag-investigacion tag-ninos\" style=\"--entry-index:5;\" aria-label=\"Ferramentas digitais na interven\u00e7\u00e3o precoce: o que a evid\u00eancia internacional nos diz\" itemscope itemtype=\"https:\/\/schema.org\/CreativeWork\"><a class=\"entry-image-link\" href=\"https:\/\/neuronup.com\/br\/investigacao\/linhas-de-investigacao\/ferramentas-digitais-na-intervencao-precoce-o-que-a-evidencia-internacional-diz\/\" tabindex=\"-1\" aria-hidden=\"true\"><img decoding=\"async\" width=\"400\" height=\"300\" src=\"https:\/\/neuronup.com\/br\/wp-content\/uploads\/2026\/04\/Evidencia-sobre-las-herramientas-digitales-en-intervencion-temprana.-Como-las-tecnologias-digitales-transforman-la-intervencion-temprana-400x300.webp\" class=\"entry-image size-landscape-sm\" alt=\"Descubra como as tecnologias digitais transformam a interven\u00e7\u00e3o precoce, gra\u00e7as a uma an\u00e1lise baseada em evid\u00eancias de Liapakis (2025) e ao impacto da NeuronUP nas fun\u00e7\u00f5es executivas e na ades\u00e3o cl\u00ednica.\" srcset=\"https:\/\/neuronup.com\/br\/wp-content\/uploads\/2026\/04\/Evidencia-sobre-las-herramientas-digitales-en-intervencion-temprana.-Como-las-tecnologias-digitales-transforman-la-intervencion-temprana-400x300.webp 400w, https:\/\/neuronup.com\/br\/wp-content\/uploads\/2026\/04\/Evidencia-sobre-las-herramientas-digitales-en-intervencion-temprana.-Como-las-tecnologias-digitales-transforman-la-intervencion-temprana-800x600.webp 800w\" sizes=\"(max-width:599px) 599px, (min-width:600px) and (max-width: 799px) 799px, (min-width:800px) and (max-width: 999px) 333px, (min-width:1000px) 400px\" \/><\/a><div class=\"entry-wrap entry-wrap-grid\"><h3 class=\"entry-title\" itemprop=\"headline\"><a class=\"entry-title-link\" href=\"https:\/\/neuronup.com\/br\/investigacao\/linhas-de-investigacao\/ferramentas-digitais-na-intervencao-precoce-o-que-a-evidencia-internacional-diz\/\" rel=\"bookmark\">Ferramentas digitais na interven\u00e7\u00e3o precoce: o que a evid\u00eancia internacional nos diz<\/a><\/h3>\n<\/div><\/article><article class=\"entry entry-grid is-column has-entry-link has-image has-image-first type-post category-doencas-neurodegenerativas tag-doenca-de-alzheimer tag-enfermedades-neurodegenerativas\" style=\"--entry-index:6;\" aria-label=\"Microbiota intestinal e Alzheimer: papel do eixo intestino-c\u00e9rebro na deteriora\u00e7\u00e3o cognitiva\" itemscope itemtype=\"https:\/\/schema.org\/CreativeWork\"><a class=\"entry-image-link\" href=\"https:\/\/neuronup.com\/br\/noticias-de-estimulacao-cognitiva\/doencas-neurodegenerativas\/microbiota-intestinal-e-alzheimer-papel-do-eixo-intestino-cerebro-no-declinio-cognitivo\/\" tabindex=\"-1\" aria-hidden=\"true\"><img decoding=\"async\" width=\"400\" height=\"300\" src=\"https:\/\/neuronup.com\/br\/wp-content\/uploads\/2026\/04\/Microbiota-intestinal-y-alzheimer-papel-del-eje-intestino-cerebro-en-el-deterioro-cognitivo.-Relacion-entre-la-microbiota-intestinal-y-el-deterioro-cognitivo-400x300.webp\" class=\"entry-image size-landscape-sm\" alt=\"Microbiota intestinal e Alzheimer: papel do eixo intestino-c\u00e9rebro no decl\u00ednio cognitivo. Rela\u00e7\u00e3o entre a microbiota intestinal e o decl\u00ednio cognitivo.\" srcset=\"https:\/\/neuronup.com\/br\/wp-content\/uploads\/2026\/04\/Microbiota-intestinal-y-alzheimer-papel-del-eje-intestino-cerebro-en-el-deterioro-cognitivo.-Relacion-entre-la-microbiota-intestinal-y-el-deterioro-cognitivo-400x300.webp 400w, https:\/\/neuronup.com\/br\/wp-content\/uploads\/2026\/04\/Microbiota-intestinal-y-alzheimer-papel-del-eje-intestino-cerebro-en-el-deterioro-cognitivo.-Relacion-entre-la-microbiota-intestinal-y-el-deterioro-cognitivo-800x600.webp 800w\" sizes=\"(max-width:599px) 599px, (min-width:600px) and (max-width: 799px) 799px, (min-width:800px) and (max-width: 999px) 333px, (min-width:1000px) 400px\" \/><\/a><div class=\"entry-wrap entry-wrap-grid\"><h3 class=\"entry-title\" itemprop=\"headline\"><a class=\"entry-title-link\" href=\"https:\/\/neuronup.com\/br\/noticias-de-estimulacao-cognitiva\/doencas-neurodegenerativas\/microbiota-intestinal-e-alzheimer-papel-do-eixo-intestino-cerebro-no-declinio-cognitivo\/\" rel=\"bookmark\">Microbiota intestinal e Alzheimer: papel do eixo intestino-c\u00e9rebro na deteriora\u00e7\u00e3o cognitiva<\/a><\/h3>\n<\/div><\/article><\/div><\/div>","protected":false},"excerpt":{"rendered":"<p>As doen\u00e7as neurodegenerativas, como o alzheimer, o parkinson e a esclerose m\u00faltipla, s\u00e3o condi\u00e7\u00f5es que afetam o sistema nervoso central e acarretam a perda progressiva de neur\u00f4nios. Nos \u00faltimos anos, as inova\u00e7\u00f5es em neurorreabilita\u00e7\u00e3o avan\u00e7ada est\u00e3o revolucionando o tratamento, desde o uso de intelig\u00eancia artificial at\u00e9 tecnologias assistivas. Este artigo explora as \u00faltimas tend\u00eancias na &hellip;<\/p>\n","protected":false},"author":7,"featured_media":34928,"comment_status":"open","ping_status":"open","sticky":false,"template":"","format":"standard","meta":{"_acf_changed":false,"_genesis_hide_title":false,"_genesis_hide_breadcrumbs":false,"_genesis_hide_singular_image":false,"_genesis_hide_footer_widgets":false,"_genesis_custom_body_class":"","_genesis_custom_post_class":"","_genesis_layout":"","footnotes":""},"categories":[576],"tags":[747],"class_list":["type-post","category-doencas-neurodegenerativas","tag-enfermedades-neurodegenerativas","entry"],"acf":[],"_links":{"self":[{"href":"https:\/\/neuronup.com\/br\/wp-json\/wp\/v2\/posts\/34925","targetHints":{"allow":["GET"]}}],"collection":[{"href":"https:\/\/neuronup.com\/br\/wp-json\/wp\/v2\/posts"}],"about":[{"href":"https:\/\/neuronup.com\/br\/wp-json\/wp\/v2\/types\/post"}],"author":[{"embeddable":true,"href":"https:\/\/neuronup.com\/br\/wp-json\/wp\/v2\/users\/7"}],"replies":[{"embeddable":true,"href":"https:\/\/neuronup.com\/br\/wp-json\/wp\/v2\/comments?post=34925"}],"version-history":[{"count":0,"href":"https:\/\/neuronup.com\/br\/wp-json\/wp\/v2\/posts\/34925\/revisions"}],"wp:featuredmedia":[{"embeddable":true,"href":"https:\/\/neuronup.com\/br\/wp-json\/wp\/v2\/media\/34928"}],"wp:attachment":[{"href":"https:\/\/neuronup.com\/br\/wp-json\/wp\/v2\/media?parent=34925"}],"wp:term":[{"taxonomy":"category","embeddable":true,"href":"https:\/\/neuronup.com\/br\/wp-json\/wp\/v2\/categories?post=34925"},{"taxonomy":"post_tag","embeddable":true,"href":"https:\/\/neuronup.com\/br\/wp-json\/wp\/v2\/tags?post=34925"}],"curies":[{"name":"wp","href":"https:\/\/api.w.org\/{rel}","templated":true}]}}