{"id":33855,"date":"2026-03-14T07:00:00","date_gmt":"2026-03-14T07:00:00","guid":{"rendered":"https:\/\/neuronup.com\/?p=33855"},"modified":"2026-03-14T07:00:00","modified_gmt":"2026-03-14T07:00:00","slug":"colecao-neurociencia-e-psicologia","status":"publish","type":"post","link":"https:\/\/neuronup.com\/br\/formacao\/colecao-neurociencia-e-psicologia\/","title":{"rendered":"Cole\u00e7\u00e3o do El Pa\u00eds: Neuroci\u00eancia e Psicologia"},"content":{"rendered":"\n<p class=\"has-xl-font-size\"><em>Compreender nossa mente ajuda a nos conhecer melhor<\/em>. Com essa premissa do jornal espanhol <em>El Pa\u00eds<\/em>, relembramos a cole\u00e7\u00e3o Neuroci\u00eancia e Psicologia, que reuniu especialistas no assunto para oferecer uma perspectiva cient\u00edfica do ser humano.<\/p>\n\n\n\n<p>Esta cole\u00e7\u00e3o, dirigida pelo catedr\u00e1tico do departamento de psiquiatria da faculdade de medicina da Universidade Complutense de Madrid, Tom\u00e1s Ortiz Alonso, buscou aprofundar o conhecimento da mente e o funcionamento do c\u00e9rebro.<\/p>\n\n\n\n<h2 class=\"wp-block-heading\">Cole\u00e7\u00e3o elaborada por especialistas em Neuroci\u00eancia e Psicologia<\/h2>\n\n\n\n<p>A cole\u00e7\u00e3o \u00e9 composta por 40 edi\u00e7\u00f5es escritas por autores de renome como Camilo Jos\u00e9 Cela Conde, professor de Antropologia e diretor do Laborat\u00f3rio de Sistem\u00e1tica Humana da Universidade das Ilhas Baleares; Francisco J. Ayala, membro da National Academy of Sciences; Alberto Ferr\u00fas, diretor do laborat\u00f3rio de Neurogen\u00e9tica no Instituto Ram\u00f3n y Cajal; ou Helena Matute, doutora em Psicologia e catedr\u00e1tica de Psicologia Experimental na Universidade de Deusto (Bilbao), entre outros.<\/p>\n\n\n\n<h2 class=\"wp-block-heading\">T\u00edtulos de cada edi\u00e7\u00e3o da cole\u00e7\u00e3o Neuroci\u00eancia e Psicologia<\/h2>\n\n\n\n<div style=\"height:25px\" aria-hidden=\"true\" class=\"wp-block-spacer\"><\/div>\n\n\n<div class=\"wp-block-image image-interface\">\n<figure class=\"aligncenter size-large\"><img decoding=\"async\" src=\"https:\/\/neuronup.com\/br\/wp-content\/uploads\/2024\/10\/Coleccion-de-El-Pais-Neurociencia-y-Psicologia-1024x552.webp\" alt=\"Cole\u00e7\u00e3o Neuroci\u00eancia e Psicologia do El Pa\u00eds\" class=\"wp-image-33940\"\/><\/figure>\n<\/div>\n\n\n<div style=\"height:25px\" aria-hidden=\"true\" class=\"wp-block-spacer\"><\/div>\n\n\n\n<figure class=\"wp-block-table aligncenter has-md-font-size\"><table><thead><tr><th><strong>T\u00edtulo<\/strong><\/th><th><strong>Autor<\/strong><\/th><\/tr><\/thead><tbody>\n<tr><td>1. Somos nossa <a href=\"https:\/\/www.neuronup.com\/es\/areas\/functions\/memory\" target=\"_blank\" rel=\"noopener noreferrer\">mem\u00f3ria<\/a>. Lembrar e esquecer<\/td><td>Emilio Garc\u00eda Garc\u00eda<\/td><\/tr>\n<tr><td>2. O c\u00e9rebro e as emo\u00e7\u00f5es. Sentir, pensar, decidir<\/td><td>Tiziana Cotrufo e Jes\u00fas Mariano Ure\u00f1a<\/td><\/tr>\n<tr><td>3. O c\u00e9rebro nasce ou se faz? Genes e ambiente<\/td><td>Jos\u00e9 Ram\u00f3n Alonso, Irene Alonso Esquis\u00e1bel<\/td><\/tr>\n<tr><td>4. O que \u00e9 a intelig\u00eancia? Do QI \u00e0s intelig\u00eancias m\u00faltiplas<\/td><td>Adri\u00e1n Triglia, Bertrand Regader, Jonathan Garc\u00eda-Allen<\/td><\/tr>\n<tr><td>5. Criando o mundo. A fascinante viagem dos sentidos ao c\u00e9rebro<\/td><td>Jos\u00e9 Viosca<\/td><\/tr>\n<tr><td>6. Os <a href=\"https:\/\/neuronup.com\/neurociencia\/cerebro-neurociencia\/sistema-de-neuronas-espejo-funcion-disfuncion-y-propuestas-de-rehabilitacion\/\" data-type=\"link\" data-id=\"https:\/\/neuronup.com\/neurociencia\/cerebro-neurociencia\/sistema-de-neuronas-espejo-funcion-disfuncion-y-propuestas-de-rehabilitacion\/\" target=\"_blank\" rel=\"noreferrer noopener\">neur\u00f4nios-espelho<\/a>. Aprendizagem, imita\u00e7\u00e3o e empatia<\/td><td>Silvina Catuara Solarz<\/td><\/tr>\n<tr><td>7. O mapa do c\u00e9rebro. Um passeio anat\u00f4mico pela m\u00e1quina de pensar<\/td><td>Inmaculada Pereda P\u00e9rez<\/td><\/tr>\n<tr><td>8. Como tomamos decis\u00f5es? Os mecanismos neurais da escolha<\/td><td>Rub\u00e9n Moreno Bote<\/td><\/tr>\n<tr><td>9. Em busca do eu. Uma filosofia do c\u00e9rebro<\/td><td>Jes\u00fas Zamora Bonilla<\/td><\/tr>\n<tr><td>10. Nossa mente nos engana. Vieses e erros cognitivos que todos cometemos<\/td><td>Helena Matute<\/td><\/tr>\n<tr><td>11. A evolu\u00e7\u00e3o do c\u00e9rebro humano. Uma viagem entre f\u00f3sseis e primatas<\/td><td>Emiliano Bruner<\/td><\/tr>\n<tr><td>12. Como aprende o c\u00e9rebro? Princ\u00edpios da neuroci\u00eancia para aplicar \u00e0 educa\u00e7\u00e3o<\/td><td>Mara Dierssen<\/td><\/tr>\n<tr><td>13. O que \u00e9 a consci\u00eancia? Uma aproxima\u00e7\u00e3o pela neuroci\u00eancia<\/td><td>Alberto Ferr\u00fas<\/td><\/tr>\n<tr><td>14. Significados pessoais e sentido de identidade<\/td><td>Guillem Feixas i Viaplana<\/td><\/tr>\n<tr><td>15. O c\u00e9rebro musical. Entre a neuroci\u00eancia, a tecnologia e a arte<\/td><td>Victor Maojo Garc\u00eda<\/td><\/tr>\n<tr><td>16. O c\u00e9rebro tem sexo? Desejo, g\u00eanero e identidade sexual<\/td><td>Ferran Burgaya-M\u00e1rquez<\/td><\/tr>\n<tr><td>17. Redes neurais e plasticidade funcional. O c\u00e9rebro que muda e se adapta<\/td><td>Jorge Sepulcre<\/td><\/tr>\n<tr><td>18. Mentes prodigiosas. Fundamentos psicol\u00f3gicos e neurais das altas capacidades<\/td><td>Jos\u00e9 Viosca<\/td><\/tr>\n<tr><td>19. O c\u00e9rebro inconsciente. Os automatismos da nossa mente<\/td><td>Marcos Quevedo D\u00edaz<\/td><\/tr>\n<tr><td>20. O c\u00e9rebro moral. As chaves cerebrais dos julgamentos \u00e9ticos<\/td><td>Camilo Jos\u00e9 Cela Conde<\/td><\/tr>\n<tr><td>21. Sono e vig\u00edlia. O c\u00e9rebro se vai<\/td><td>Dar\u00edo Acu\u00f1a Castroviejo<\/td><\/tr>\n<tr><td>22. O estresse. O que \u00e9 e como nos afeta<\/td><td>Gustavo E. Tafet<\/td><\/tr>\n<tr><td>23. O mist\u00e9rio da mente simb\u00f3lica. C\u00e9rebro, <a href=\"https:\/\/www.neuronup.com\/es\/areas\/functions\/language\" target=\"_blank\" rel=\"noreferrer noopener\">linguagem<\/a> e evolu\u00e7\u00e3o<\/td><td>Xurxo Mari\u00f1o<\/td><\/tr>\n<tr><td>24. Prazer e recompensa. Os mecanismos da motiva\u00e7\u00e3o<\/td><td>Javier Correas Lauffer<\/td><\/tr>\n<tr><td>25. Na mente da crian\u00e7a. O c\u00e9rebro nos seus primeiros anos<\/td><td>Tiziana Cotrufo<\/td><\/tr>\n<tr><td>26. Comunica\u00e7\u00e3o n\u00e3o verbal. A linguagem silenciosa al\u00e9m das palavras<\/td><td>N\u00faria Jar<\/td><\/tr>\n<tr><td>27. Da alma \u00e0 neuroci\u00eancia. Breve hist\u00f3ria do conhecimento do c\u00e9rebro<\/td><td>Jos\u00e9 Ram\u00f3n Alonso<\/td><\/tr>\n<tr><td>28. Resili\u00eancia. Entre patinhos feios e cisnes negros<\/td><td><\/td><\/tr>\n<tr><td>29. O c\u00e9rebro art\u00edstico. A criatividade pela neuroci\u00eancia<\/td><td>Mara Dierssen<\/td><\/tr>\n<tr><td>30. O c\u00e9rebro adolescente. Uma mente em constru\u00e7\u00e3o<\/td><td>Javier Quintero<\/td><\/tr>\n<tr><td>31. A qu\u00edmica do c\u00e9rebro<\/td><td>Cecilio \u00c1lamo<\/td><\/tr>\n<tr><td>32. A fus\u00e3o de mente e m\u00e1quina<\/td><td>Silvina Catuara Solarz<\/td><\/tr>\n<tr><td>33. Mentes criminosas. Fenomenologia da maldade.<\/td><td>Alfredo Calcedo Barba<\/td><\/tr>\n<tr><td>34. Quando o c\u00e9rebro envelhece. Mitos e certezas sobre um processo universal (e inevit\u00e1vel)<\/td><td>Marina Bentivoglio, Gigliola Grassi Zucconi<\/td><\/tr>\n<tr><td>35. Neuroeconomia<\/td><td>Elena Ortiz Ter\u00e1n e Joaqu\u00edn L\u00f3pez Pascual<\/td><\/tr>\n<tr><td>36. Matem\u00e1tica e neuroci\u00eancia. Uma viagem de ida e volta<\/td><td>Daniel G\u00f3mez Dom\u00ednguez<\/td><\/tr>\n<tr><td>37. Transtornos comuns. Depress\u00e3o, ansiedade e outros males do nosso tempo<\/td><td>Gustavo Tafet<\/td><\/tr>\n<tr><td>38. Comer com cabe\u00e7a<\/td><td>Javier Quintero, Miriam P. F\u00e9lix, Cristina Banzo&#8230; entre outros.<\/td><\/tr>\n<tr><td>39. O sonho da raz\u00e3o. Como funciona o c\u00e9rebro<\/td><td>Nicola Canessa<\/td><\/tr>\n<tr><td>40. Vis\u00e3o t\u00e1til<\/td><td>Tom\u00e1s Ortiz<\/td><\/tr>\n<\/tbody><\/table><\/figure>\n\n\n\n<div style=\"height:50px\" aria-hidden=\"true\" class=\"wp-block-spacer\"><\/div>\n\n\n\n<div class=\"wp-block-group br-0111 has-primary-background-color has-background has-dark-background has-sm-padding-top has-sm-padding-left has-sm-padding-right has-xxl-margin-top\"><div class=\"wp-block-group__inner-container is-layout-constrained wp-block-group-is-layout-constrained\">\n<div class=\"wp-block-columns is-layout-flex wp-container-core-columns-is-layout-9d6595d7 wp-block-columns-is-layout-flex\">\n<div class=\"wp-block-column is-layout-flow wp-block-column-is-layout-flow\">\n<figure class=\"wp-block-image size-full desktop-position-absolute desktop-bottom-0 mobile-width-50 mobile-m-inline-auto has-xl-margin-top\"><img decoding=\"async\" width=\"292\" height=\"338\" src=\"https:\/\/neuronup.com\/br\/wp-content\/uploads\/2024\/10\/certificado-de-produto.webp\" alt=\"\" class=\"wp-image-31568\" srcset=\"https:\/\/neuronup.com\/br\/wp-content\/uploads\/2024\/10\/certificado-de-produto-259x300.webp 259w, https:\/\/neuronup.com\/br\/wp-content\/uploads\/2024\/10\/certificado-de-produto.webp 292w\" sizes=\"(max-width: 292px) 100vw, 292px\" \/><\/figure>\n<\/div>\n\n\n\n<div class=\"wp-block-column is-layout-flow wp-block-column-is-layout-flow\">\n<h2 class=\"wp-block-heading has-white-color has-text-color\"><strong>Inscreva-se<\/strong> <br>na nossa <br>Newsletter<\/h2>\n\n\n\n<div class=\"wp-block-buttons is-layout-flex wp-block-buttons-is-layout-flex\">\n<div class=\"wp-block-button--1\" style=\"--button-outline-color:var(--color-white);--button-outline-color-hover:rgba(0,0,0,0.8);\"><a class=\"wp-block-button__link button button-outline   wp-element-button\" href=\"https:\/\/neuronup.com\/br\/newsletter\/\">Inscreva-se<\/a><\/div>\n\n<\/div>\n\n\n\n<div style=\"height:40px\" aria-hidden=\"true\" class=\"wp-block-spacer\"><\/div>\n<\/div>\n<\/div>\n<\/div><\/div>\n\n\n\n\n<div style=\"height:50px\" aria-hidden=\"true\" class=\"wp-block-spacer\"><\/div>\n\n\n\n<h2 class=\"wp-block-heading\">Informa\u00e7\u00f5es de interesse sobre a cole\u00e7\u00e3o Neuroci\u00eancia e Psicologia<\/h2>\n\n\n\n<h3 class=\"wp-block-heading\">Quantas edi\u00e7\u00f5es tem a cole\u00e7\u00e3o?<\/h3>\n\n\n\n<p>A cole\u00e7\u00e3o completa tem 40 edi\u00e7\u00f5es.<\/p>\n\n\n\n<h3 class=\"wp-block-heading\">Em que dias eram entregues e quanto custava?<\/h3>\n\n\n\n<p>Cada volume era entregue semanalmente, aos domingos, e custava 9,95\u20ac al\u00e9m do pre\u00e7o do jornal. Venda conjunta e insepar\u00e1vel.<\/p>\n\n\n\n<h3 class=\"wp-block-heading\">Qual \u00e9 a disponibilidade atualmente?<\/h3>\n\n\n\n<p>Atualmente, esta cole\u00e7\u00e3o j\u00e1 n\u00e3o est\u00e1 dispon\u00edvel para aquisi\u00e7\u00e3o em conjunto, mas podemos encontrar a maior parte de seus exemplares de forma individual no site oficial da <a href=\"https:\/\/www.salvat.com\/neurociencia-y-psicologia-205\" target=\"_blank\" rel=\"noopener noreferrer\">Editorial Salvat<\/a>.<\/p>\n\n\n\n<p>Para mais informa\u00e7\u00f5es sobre a cole\u00e7\u00e3o <em>Neuroci\u00eancia e Psicologia do <a href=\"https:\/\/neuronup.com\/br\/\" target=\"_blank\" rel=\"noopener noreferrer\">El Pa\u00eds<\/a><\/em>, voc\u00ea pode consultar o seguinte documento: <a href=\"https:\/\/elpais.com\/promociones\/neurociencia\/files\/neurociencia-elpais-ok.pdf\" target=\"_blank\" rel=\"noopener noreferrer\">https:\/\/elpais.com\/promociones\/neurociencia\/files\/neurociencia-elpais-ok.pdf<\/a><\/p>\n\n\n\n<h3 class=\"wp-block-heading\">Se voc\u00ea gostou deste post sobre a cole\u00e7\u00e3o do El Pa\u00eds: Neuroci\u00eancia e Psicologia, pode se interessar por estes artigos da NeuronUP.<\/h3>\n\n<div class=\"mai-grid entries entries-grid has-boxed has-image-full\" style=\"--entry-title-font-size:var(--font-size-lg);--align-text:start;--entry-meta-text-align:start;\"><div class=\"entries-wrap has-columns\" style=\"--columns-xs:1\/1;--columns-sm:1\/1;--columns-md:1\/3;--columns-lg:1\/3;--flex-xs:0 0 var(--flex-basis);--flex-sm:0 0 var(--flex-basis);--flex-md:0 0 var(--flex-basis);--flex-lg:0 0 var(--flex-basis);--column-gap:var(--spacing-lg);--row-gap:var(--spacing-lg);--align-columns:start;\"><article class=\"entry entry-grid is-column has-entry-link has-image has-image-first type-post category-avc tag-avc tag-reabilitacao-cognitiva\" style=\"--entry-index:1;\" aria-label=\"A import\u00e2ncia da fisioterapia neurol\u00f3gica para pacientes com AVC\" itemscope itemtype=\"https:\/\/schema.org\/CreativeWork\"><a class=\"entry-image-link\" href=\"https:\/\/neuronup.com\/br\/noticias-de-estimulacao-cognitiva\/dano-cerebral\/avc\/a-importancia-da-fisioterapia-neurologica-para-pacientes-com-avc\/\" tabindex=\"-1\" aria-hidden=\"true\"><img decoding=\"async\" width=\"400\" height=\"300\" src=\"https:\/\/neuronup.com\/br\/wp-content\/uploads\/2024\/12\/fisioterapia-neurologica-no-tratamento-do-AVC-400x300.webp\" class=\"entry-image size-landscape-sm\" alt=\"Duas m\u00e3os entrela\u00e7adas em ambiente suave: uma m\u00e3o de pessoa deitada \u00e9 segurada pela outra, gesto de cuidado.\" srcset=\"https:\/\/neuronup.com\/br\/wp-content\/uploads\/2024\/12\/fisioterapia-neurologica-no-tratamento-do-AVC-400x300.webp 400w, https:\/\/neuronup.com\/br\/wp-content\/uploads\/2024\/12\/fisioterapia-neurologica-no-tratamento-do-AVC-800x600.webp 800w\" sizes=\"(max-width:599px) 599px, (min-width:600px) and (max-width: 799px) 799px, (min-width:800px) and (max-width: 999px) 333px, (min-width:1000px) 400px\" \/><\/a><div class=\"entry-wrap entry-wrap-grid\"><h3 class=\"entry-title\" itemprop=\"headline\"><a class=\"entry-title-link\" href=\"https:\/\/neuronup.com\/br\/noticias-de-estimulacao-cognitiva\/dano-cerebral\/avc\/a-importancia-da-fisioterapia-neurologica-para-pacientes-com-avc\/\" rel=\"bookmark\">A import\u00e2ncia da fisioterapia neurol\u00f3gica para pacientes com AVC<\/a><\/h3>\n<\/div><\/article><article class=\"entry entry-grid is-column has-entry-link has-image has-image-first type-post category-transtorno-de-linguagem tag-criancas tag-linguagem tag-transtornos-do-neurodesenvolvimento\" style=\"--entry-index:2;\" aria-label=\"A dislexia como barreira na inf\u00e2ncia\" itemscope itemtype=\"https:\/\/schema.org\/CreativeWork\"><a class=\"entry-image-link\" href=\"https:\/\/neuronup.com\/br\/noticias-de-estimulacao-cognitiva\/transtorno-de-linguagem\/a-dislexia-na-infancia\/\" tabindex=\"-1\" aria-hidden=\"true\"><img decoding=\"async\" width=\"400\" height=\"226\" src=\"https:\/\/neuronup.com\/br\/wp-content\/uploads\/2024\/09\/dislexia-infancia.webp\" class=\"entry-image size-landscape-sm\" alt=\"Livro aberto em superf\u00edcie clara, duas m\u00e3os segurando as p\u00e1ginas; letras estilizadas parecem emergir, sugerindo leitura.\" srcset=\"https:\/\/neuronup.com\/br\/wp-content\/uploads\/2024\/09\/dislexia-infancia-300x170.webp 300w, https:\/\/neuronup.com\/br\/wp-content\/uploads\/2024\/09\/dislexia-infancia-768x434.webp 768w, https:\/\/neuronup.com\/br\/wp-content\/uploads\/2024\/09\/dislexia-infancia-1024x579.webp 1024w, https:\/\/neuronup.com\/br\/wp-content\/uploads\/2024\/09\/dislexia-infancia.webp 1200w\" sizes=\"(max-width:599px) 599px, (min-width:600px) and (max-width: 799px) 799px, (min-width:800px) and (max-width: 999px) 333px, (min-width:1000px) 400px\" \/><\/a><div class=\"entry-wrap entry-wrap-grid\"><h3 class=\"entry-title\" itemprop=\"headline\"><a class=\"entry-title-link\" href=\"https:\/\/neuronup.com\/br\/noticias-de-estimulacao-cognitiva\/transtorno-de-linguagem\/a-dislexia-na-infancia\/\" rel=\"bookmark\">A dislexia como barreira na inf\u00e2ncia<\/a><\/h3>\n<\/div><\/article><article class=\"entry entry-grid is-column has-entry-link has-image has-image-first type-post category-para-funcoes-cognitivas tag-atividades-de-estimulacao-cognitiva tag-atividades-de-estimulacao-cognitiva-para-criancas tag-funcoes-executivas tag-noticias-da-neuronup\" style=\"--entry-index:3;\" aria-label=\"Exerc\u00edcios para trabalhar o racioc\u00ednio em crian\u00e7as: atividades pr\u00e1ticas\" itemscope itemtype=\"https:\/\/schema.org\/CreativeWork\"><a class=\"entry-image-link\" href=\"https:\/\/neuronup.com\/br\/atividades-de-neurorreabilitacao\/para-funcoes-cognitivas\/exercicios-para-trabalhar-o-razionamento-em-criancas-atividades-praticas\/\" tabindex=\"-1\" aria-hidden=\"true\"><img decoding=\"async\" width=\"400\" height=\"271\" src=\"https:\/\/neuronup.com\/br\/wp-content\/uploads\/2022\/04\/Pasito-a-pasito-nivel-avanzado.webp\" class=\"entry-image size-landscape-sm\" alt=\"Sequ\u00eancia de quadrinhos mostrando Marta indo ao banheiro: preparo, vestir, sentar no vaso, higiene, descarga e sa\u00edda.\" srcset=\"https:\/\/neuronup.com\/br\/wp-content\/uploads\/2022\/04\/Pasito-a-pasito-nivel-avanzado-300x204.webp 300w, https:\/\/neuronup.com\/br\/wp-content\/uploads\/2022\/04\/Pasito-a-pasito-nivel-avanzado-768x521.webp 768w, https:\/\/neuronup.com\/br\/wp-content\/uploads\/2022\/04\/Pasito-a-pasito-nivel-avanzado-1024x695.webp 1024w, https:\/\/neuronup.com\/br\/wp-content\/uploads\/2022\/04\/Pasito-a-pasito-nivel-avanzado.webp 1248w\" sizes=\"(max-width:599px) 599px, (min-width:600px) and (max-width: 799px) 799px, (min-width:800px) and (max-width: 999px) 333px, (min-width:1000px) 400px\" \/><\/a><div class=\"entry-wrap entry-wrap-grid\"><h3 class=\"entry-title\" itemprop=\"headline\"><a class=\"entry-title-link\" href=\"https:\/\/neuronup.com\/br\/atividades-de-neurorreabilitacao\/para-funcoes-cognitivas\/exercicios-para-trabalhar-o-razionamento-em-criancas-atividades-praticas\/\" rel=\"bookmark\">Exerc\u00edcios para trabalhar o racioc\u00ednio em crian\u00e7as: atividades pr\u00e1ticas<\/a><\/h3>\n<\/div><\/article><article class=\"entry entry-grid is-column has-entry-link has-image has-image-first type-post category-de-atencao tag-atencao tag-atividades-de-estimulacao-cognitiva tag-tdah\" style=\"--entry-index:4;\" aria-label=\"O que \u00e9 aten\u00e7\u00e3o? Defini\u00e7\u00e3o, problemas e atividades para trabalh\u00e1-la.\" itemscope itemtype=\"https:\/\/schema.org\/CreativeWork\"><a class=\"entry-image-link\" href=\"https:\/\/neuronup.com\/br\/atividades-de-neurorreabilitacao\/para-funcoes-cognitivas\/de-atencao\/o-que-e-a-atencao-definicao-problemas-e-atividades-para-trabalha-la\/\" tabindex=\"-1\" aria-hidden=\"true\"><img decoding=\"async\" width=\"400\" height=\"267\" src=\"https:\/\/neuronup.com\/br\/wp-content\/uploads\/2023\/03\/Atencion-sostenida-1.webp\" class=\"entry-image size-landscape-sm\" alt=\"Silhueta de cabe\u00e7a com topo aberto, interior contendo pipoca amarela e bloco de notas amarelo, fundo escuro.\" srcset=\"https:\/\/neuronup.com\/br\/wp-content\/uploads\/2023\/03\/Atencion-sostenida-1-300x200.webp 300w, https:\/\/neuronup.com\/br\/wp-content\/uploads\/2023\/03\/Atencion-sostenida-1-768x512.webp 768w, https:\/\/neuronup.com\/br\/wp-content\/uploads\/2023\/03\/Atencion-sostenida-1-1024x683.webp 1024w, https:\/\/neuronup.com\/br\/wp-content\/uploads\/2023\/03\/Atencion-sostenida-1.webp 1200w\" sizes=\"(max-width:599px) 599px, (min-width:600px) and (max-width: 799px) 799px, (min-width:800px) and (max-width: 999px) 333px, (min-width:1000px) 400px\" \/><\/a><div class=\"entry-wrap entry-wrap-grid\"><h3 class=\"entry-title\" itemprop=\"headline\"><a class=\"entry-title-link\" href=\"https:\/\/neuronup.com\/br\/atividades-de-neurorreabilitacao\/para-funcoes-cognitivas\/de-atencao\/o-que-e-a-atencao-definicao-problemas-e-atividades-para-trabalha-la\/\" rel=\"bookmark\">O que \u00e9 aten\u00e7\u00e3o? Defini\u00e7\u00e3o, problemas e atividades para trabalh\u00e1-la.<\/a><\/h3>\n<\/div><\/article><article class=\"entry entry-grid is-column has-entry-link has-image has-image-first type-post category-novidades-neuronup tag-noticias-da-neuronup\" style=\"--entry-index:5;\" aria-label=\"Continuamos aprimorando o NeuronUP\" itemscope itemtype=\"https:\/\/schema.org\/CreativeWork\"><a class=\"entry-image-link\" href=\"https:\/\/neuronup.com\/br\/novidades-neuronup\/continuamos-melhorando-neuronup\/\" tabindex=\"-1\" aria-hidden=\"true\"><img decoding=\"async\" width=\"400\" height=\"218\" src=\"https:\/\/neuronup.com\/br\/wp-content\/uploads\/2024\/06\/VISTA-MODO-OSCURO-NEURONUP-2-1.webp\" class=\"entry-image size-landscape-sm\" alt=\"Interface NeuronUP em modo escuro com menu lateral e cart\u00f5es de atividades, destaque a indica\u00e7\u00e3o &#039;Pr\u00f3ximamente&#039;.\" srcset=\"https:\/\/neuronup.com\/br\/wp-content\/uploads\/2024\/06\/VISTA-MODO-OSCURO-NEURONUP-2-1-300x163.webp 300w, https:\/\/neuronup.com\/br\/wp-content\/uploads\/2024\/06\/VISTA-MODO-OSCURO-NEURONUP-2-1-768x418.webp 768w, https:\/\/neuronup.com\/br\/wp-content\/uploads\/2024\/06\/VISTA-MODO-OSCURO-NEURONUP-2-1-1024x557.webp 1024w, https:\/\/neuronup.com\/br\/wp-content\/uploads\/2024\/06\/VISTA-MODO-OSCURO-NEURONUP-2-1.webp 1200w\" sizes=\"(max-width:599px) 599px, (min-width:600px) and (max-width: 799px) 799px, (min-width:800px) and (max-width: 999px) 333px, (min-width:1000px) 400px\" \/><\/a><div class=\"entry-wrap entry-wrap-grid\"><h3 class=\"entry-title\" itemprop=\"headline\"><a class=\"entry-title-link\" href=\"https:\/\/neuronup.com\/br\/novidades-neuronup\/continuamos-melhorando-neuronup\/\" rel=\"bookmark\">Continuamos aprimorando o NeuronUP<\/a><\/h3>\n<\/div><\/article><article class=\"entry entry-grid is-column has-entry-link has-image has-image-first type-post category-atividades-de-neurorreabilitacao category-para-envelhecimento-natural tag-atividades-de-estimulacao-cognitiva tag-envelhecimento-normal tag-idosos\" style=\"--entry-index:6;\" aria-label=\"7 exerc\u00edcios de estimula\u00e7\u00e3o cognitiva para idosos\" itemscope itemtype=\"https:\/\/schema.org\/CreativeWork\"><a class=\"entry-image-link\" href=\"https:\/\/neuronup.com\/br\/atividades-de-neurorreabilitacao\/estimulacao-cognitiva-para-idosos-exercicios-de-estimulacao-cognitiva-para-idosos\/\" tabindex=\"-1\" aria-hidden=\"true\"><img decoding=\"async\" width=\"400\" height=\"300\" src=\"https:\/\/neuronup.com\/br\/wp-content\/uploads\/2024\/10\/Actividad-Separa-los-bichos-1.webp\" class=\"entry-image size-landscape-sm\" alt=\"Jogo com fundo de flores, joaninhas vermelhas e verdes distribu\u00eddas em grade, com bot\u00f5es na base para salto.\" srcset=\"https:\/\/neuronup.com\/br\/wp-content\/uploads\/2024\/10\/Actividad-Separa-los-bichos-1-300x226.webp 300w, https:\/\/neuronup.com\/br\/wp-content\/uploads\/2024\/10\/Actividad-Separa-los-bichos-1-768x578.webp 768w, https:\/\/neuronup.com\/br\/wp-content\/uploads\/2024\/10\/Actividad-Separa-los-bichos-1-1024x771.webp 1024w, https:\/\/neuronup.com\/br\/wp-content\/uploads\/2024\/10\/Actividad-Separa-los-bichos-1.webp 1200w\" sizes=\"(max-width:599px) 599px, (min-width:600px) and (max-width: 799px) 799px, (min-width:800px) and (max-width: 999px) 333px, (min-width:1000px) 400px\" \/><\/a><div class=\"entry-wrap entry-wrap-grid\"><h3 class=\"entry-title\" itemprop=\"headline\"><a class=\"entry-title-link\" href=\"https:\/\/neuronup.com\/br\/atividades-de-neurorreabilitacao\/estimulacao-cognitiva-para-idosos-exercicios-de-estimulacao-cognitiva-para-idosos\/\" rel=\"bookmark\">7 exerc\u00edcios de estimula\u00e7\u00e3o cognitiva para idosos<\/a><\/h3>\n<\/div><\/article><\/div><\/div>","protected":false},"excerpt":{"rendered":"<p>Compreender nossa mente ajuda a nos conhecer melhor. Com essa premissa do jornal espanhol El Pa\u00eds, relembramos a cole\u00e7\u00e3o Neuroci\u00eancia e Psicologia, que reuniu especialistas no assunto para oferecer uma perspectiva cient\u00edfica do ser humano. Esta cole\u00e7\u00e3o, dirigida pelo catedr\u00e1tico do departamento de psiquiatria da faculdade de medicina da Universidade Complutense de Madrid, Tom\u00e1s Ortiz &hellip;<\/p>\n","protected":false},"author":7,"featured_media":40959,"comment_status":"open","ping_status":"open","sticky":false,"template":"","format":"standard","meta":{"_acf_changed":false,"_genesis_hide_title":false,"_genesis_hide_breadcrumbs":false,"_genesis_hide_singular_image":false,"_genesis_hide_footer_widgets":false,"_genesis_custom_body_class":"","_genesis_custom_post_class":"","_genesis_layout":"","footnotes":""},"categories":[642],"tags":[721,698],"class_list":{"2":"type-post","7":"category-formacao","8":"tag-neurociencias","9":"tag-psicologia","10":"entry"},"acf":[],"_links":{"self":[{"href":"https:\/\/neuronup.com\/br\/wp-json\/wp\/v2\/posts\/33855","targetHints":{"allow":["GET"]}}],"collection":[{"href":"https:\/\/neuronup.com\/br\/wp-json\/wp\/v2\/posts"}],"about":[{"href":"https:\/\/neuronup.com\/br\/wp-json\/wp\/v2\/types\/post"}],"author":[{"embeddable":true,"href":"https:\/\/neuronup.com\/br\/wp-json\/wp\/v2\/users\/7"}],"replies":[{"embeddable":true,"href":"https:\/\/neuronup.com\/br\/wp-json\/wp\/v2\/comments?post=33855"}],"version-history":[{"count":0,"href":"https:\/\/neuronup.com\/br\/wp-json\/wp\/v2\/posts\/33855\/revisions"}],"wp:featuredmedia":[{"embeddable":true,"href":"https:\/\/neuronup.com\/br\/wp-json\/wp\/v2\/media\/40959"}],"wp:attachment":[{"href":"https:\/\/neuronup.com\/br\/wp-json\/wp\/v2\/media?parent=33855"}],"wp:term":[{"taxonomy":"category","embeddable":true,"href":"https:\/\/neuronup.com\/br\/wp-json\/wp\/v2\/categories?post=33855"},{"taxonomy":"post_tag","embeddable":true,"href":"https:\/\/neuronup.com\/br\/wp-json\/wp\/v2\/tags?post=33855"}],"curies":[{"name":"wp","href":"https:\/\/api.w.org\/{rel}","templated":true}]}}