{"id":33822,"date":"2026-03-12T07:00:00","date_gmt":"2026-03-12T07:00:00","guid":{"rendered":"https:\/\/neuronup.com\/?p=33822"},"modified":"2025-06-16T13:21:26","modified_gmt":"2025-06-16T11:21:26","slug":"terapia-intensiva-em-logopedia-jaime-paniagua-responde-as-duvidas","status":"publish","type":"post","link":"https:\/\/neuronup.com\/br\/formacao\/neuronup-academy\/terapia-intensiva-em-logopedia-jaime-paniagua-responde-as-duvidas\/","title":{"rendered":"Terapia Intensiva em Fonoaudiologia: Jaime Paniagua responde \u00e0s d\u00favidas"},"content":{"rendered":"\n<p class=\"has-xl-font-size\">O fonoaudi\u00f3logo espanhol Jaime Paniagua responde \u00e0s d\u00favidas sobre sua <strong>palestra de Terapia Intensiva em Fonoaudiologia<\/strong> na NeuronUP Academy.<\/p>\n\n\n\n<h2 class=\"wp-block-heading\">D\u00favidas sobre a palestra de Terapia Intensiva em Fonoaudiologia de Jaime Paniagua<\/h2>\n\n\n\n<h3 class=\"wp-block-heading\">1. Miriam Burgue\u00f1o: Muito obrigada pela sua exposi\u00e7\u00e3o. Adorei a ideia de terapia intensiva. Trabalho em um centro multidisciplinar de DCA (Les\u00e3o Cerebral Adquirida) e gostaria de saber se voc\u00ea poderia vir nos contar como realizar esse tipo de terapia intensiva em pacientes cr\u00f4nicos. N\u00f3s tamb\u00e9m trabalhamos por objetivos, mas \u00e0s vezes, nesse tipo de paciente, \u00e9 dif\u00edcil alcan\u00e7\u00e1-los. E, no fim, os objetivos n\u00e3o t\u00eam a finalidade de generaliza\u00e7\u00e3o para a vida di\u00e1ria, mas sim um objetivo que o terapeuta estabelece conforme considerar conveniente. Um abra\u00e7o e parab\u00e9ns. Deixo seu e-mail direto caso queira responder, se estiver interessada: miribf.logo@gmail.com<\/h3>\n\n\n\n<p>Prezada Miriam, fico feliz em saber que a palestra foi \u00fatil para voc\u00ea. Estou \u00e0 disposi\u00e7\u00e3o no e-mail logocerebral@gmail.com para o que precisar.<\/p>\n\n\n\n<div style=\"height:50px\" aria-hidden=\"true\" class=\"wp-block-spacer\"><\/div>\n\n\n\n<h3 class=\"wp-block-heading\">2. Beatriz L\u00f3pez: Muito obrigada pela palestra. Minha pergunta \u00e9 sobre o registro que voc\u00ea faz dos seus protocolos: \u00e9 por meio da EOI? Do Minist\u00e9rio? Voc\u00ea paga por isso, assim como faria com uma patente? Um abra\u00e7o.<\/h3>\n\n\n\n<p>O registro da documenta\u00e7\u00e3o referente ao protocolo \u00e9 realizado em uma plataforma online privada. Isso me permite obter um certificado de autoria por t\u00ea-lo criado. Algo bem diferente \u00e9 a valida\u00e7\u00e3o desse protocolo em uma popula\u00e7\u00e3o espec\u00edfica, o que exige a realiza\u00e7\u00e3o de um estudo espec\u00edfico.<\/p>\n\n\n\n<div style=\"height:50px\" aria-hidden=\"true\" class=\"wp-block-spacer\"><\/div>\n\n\n\n<h3 class=\"wp-block-heading\">3. Carmen Aranda: Ap\u00f3s avaliar e realizar o tratamento, seria conveniente fazer uma reavalia\u00e7\u00e3o? Outra quest\u00e3o \u00e9 se \u00e9 poss\u00edvel conhecer (se voc\u00ea tiver) bibliografia ou evid\u00eancia cient\u00edfica sobre telerreabilita\u00e7\u00e3o.<\/h3>\n\n\n\n<p>Do meu ponto de vista, a possibilidade de quantificar nossas interven\u00e7\u00f5es nos permite realizar uma reavalia\u00e7\u00e3o constante. Enquanto intervimos, tamb\u00e9m avaliamos o paciente. Acredito que s\u00e3o dois processos que caminham juntos. No que se refere \u00e0 telerreabilita\u00e7\u00e3o em Fonoaudiologia, incentivo voc\u00ea a consultar um documento elaborado pelo Col\u00e9gio de Fonoaudi\u00f3logos de M\u00farcia sobre esse tema, que pode ser do seu interesse.<\/p>\n\n\n\n<div style=\"height:50px\" aria-hidden=\"true\" class=\"wp-block-spacer\"><\/div>\n\n\n\n<h3 class=\"wp-block-heading\">4. Mar\u00eda Garc\u00eda: Ol\u00e1 Jaime, um prazer poder ouvi-lo. Gostaria de perguntar quais protocolos existem para popula\u00e7\u00e3o infantil sobre disfagia. Trabalho na ASPACE Guip\u00fazcoa com uma popula\u00e7\u00e3o principalmente de 0 a 6 anos e at\u00e9 21 anos. Gostaria de saber se existe algum protocolo espec\u00edfico. Muito obrigada.<\/h3>\n\n\n\n<p>Ol\u00e1 Maria. Do meu ponto de vista, os protocolos de exame da degluti\u00e7\u00e3o dependem do que queremos obter. N\u00e3o \u00e9 o mesmo se quisermos avaliar para planejar um tratamento (o melhor \u00e9 um exame cl\u00ednico completo da degluti\u00e7\u00e3o), detectar se h\u00e1 pessoas em risco de disfagia (o ideal \u00e9 usar triagens iniciais com alta sensibilidade e especificidade) ou se uma pessoa tem risco de aspira\u00e7\u00e3o (usar testes espec\u00edficos de avalia\u00e7\u00e3o cl\u00ednica ou exames instrumentais). No fim das contas, a avalia\u00e7\u00e3o \u00e9 feita para responder \u00e0 necessidade que temos.<\/p>\n\n\n\n<div style=\"height:50px\" aria-hidden=\"true\" class=\"wp-block-spacer\"><\/div>\n\n\n\n<h3 class=\"wp-block-heading\">5. Gemma C.E.: Ol\u00e1 Jaime! Primeiramente, parab\u00e9ns pela sua palestra sobre terapia intensiva em fonoaudiologia, achei-a super interessante. Gostaria de conhecer sua posi\u00e7\u00e3o em rela\u00e7\u00e3o ao uso de terapias intensivas em doen\u00e7as neurodegenerativas. Obrigada!<\/h3>\n\n\n\n<p>Como eu dizia na palestra, o termo intensivo precisa ser revisado porque implica muitas coisas. Do meu ponto de vista, qualquer pessoa \u00e9 suscet\u00edvel de receber um treinamento em larga escala, desde que haja uma necessidade. Por exemplo, h\u00e1 boas experi\u00eancias de treinamento em larga escala em EM, ELA ou Parkinson. Tudo depende de existir um objetivo de tratamento funcional e de a pessoa poder alcan\u00e7\u00e1-lo com um treinamento espec\u00edfico em larga escala.<\/p>\n\n\n\n<div style=\"height:50px\" aria-hidden=\"true\" class=\"wp-block-spacer\"><\/div>\n\n\n\n<h3 class=\"wp-block-heading\">6. Cristina Cambas: Gostaria de saber se voc\u00ea poderia me indicar alguma bibliografia para me informar mais sobre todo esse tema, acho-o super interessante e gostei muito da confer\u00eancia. Obrigada!<\/h3>\n\n\n\n<p>Existe bibliografia em ingl\u00eas espec\u00edfica e interessante. Recomendo que voc\u00ea fa\u00e7a buscas por termos como \u201cdose\u201d ou \u201cdosage\u201d. \u00c9 na afasia que voc\u00ea encontrar\u00e1 mais resultados. Voc\u00ea tamb\u00e9m poder\u00e1 encontrar protocolos adequados para interven\u00e7\u00e3o em membro superior. Em espanhol, h\u00e1 um cap\u00edtulo espec\u00edfico na segunda edi\u00e7\u00e3o do livro Terapia Aqu\u00e1tica de Javier Gueita, onde \u00e9 descrito um protocolo intensivo espec\u00edfico.<\/p>\n\n\n\n<div style=\"height:50px\" aria-hidden=\"true\" class=\"wp-block-spacer\"><\/div>\n\n\n\n<h3 class=\"wp-block-heading\">7. Isabel Villamayor: Voc\u00ea conhece algum centro pr\u00f3ximo a Huesca onde apliquem NT para afasia, como eletroestimula\u00e7\u00e3o de corrente cont\u00ednua? Por exemplo, em Zaragoza. Seria para meu pai. No Centro Guttman j\u00e1 estivemos para a magn\u00e9tica. Muito obrigada pela sua palestra; foi muito did\u00e1tica. Um cordial abra\u00e7o.<\/h3>\n\n\n\n<p>Ol\u00e1 Isabel. Talvez voc\u00ea possa consultar o INEAVA. L\u00e1 est\u00e1 Mercedes Doblado, com ampla experi\u00eancia em neurorreabilita\u00e7\u00e3o.<\/p>\n\n\n\n<div style=\"height:50px\" aria-hidden=\"true\" class=\"wp-block-spacer\"><\/div>\n\n\n\n<div class=\"wp-block-cover br-1010 has-sm-padding-top has-sm-padding-bottom has-sm-padding-left has-sm-padding-right\"><img decoding=\"async\" width=\"1280\" height=\"768\" sizes=\"(max-width: 600px) 100vw, 50vw\" class=\"wp-block-cover__image-background wp-image-31661 size-large\" alt=\"neuronup illustration background\" src=\"https:\/\/neuronup.com\/br\/wp-content\/uploads\/2024\/10\/neuronup-illustration-background.svg\" data-object-fit=\"cover\"\/><span aria-hidden=\"true\" class=\"wp-block-cover__background has-background-dim\" style=\"background-color:#005767\"><\/span><div class=\"wp-block-cover__inner-container is-layout-constrained wp-block-cover-is-layout-constrained\">\n<p class=\"has-xl-font-size\" style=\"letter-spacing:0.07rem\"><strong>Lan\u00e7amos NeuronUP Assessment!<\/strong><\/p>\n\n\n\n<div class=\"wp-block-columns are-vertically-aligned-center is-layout-flex wp-container-core-columns-is-layout-9d6595d7 wp-block-columns-is-layout-flex\">\n<div class=\"wp-block-column is-vertically-aligned-center has-white-color has-text-color has-link-color wp-elements-bd68cc8433c056f7c59b955812e8ea6c is-layout-flow wp-block-column-is-layout-flow\" style=\"flex-basis:70%\">\n<p class=\"has-no-margin-top has-no-margin-bottom\" style=\"letter-spacing:0.05rem\">O novo produto de Avalia\u00e7\u00e3o da NeuronUP.<\/p>\n\n\n\n<p class=\"has-text-align-left has-no-margin-top has-no-margin-bottom\" style=\"font-size:18px\">Solicite acesso para testar gratuitamente por tempo limitado.<\/p>\n<\/div>\n\n\n\n<div class=\"wp-block-column is-vertically-aligned-center is-layout-flow wp-block-column-is-layout-flow\" style=\"flex-basis:30%\">\n<div class=\"wp-block-buttons is-content-justification-center is-layout-flex wp-container-core-buttons-is-layout-16018d1d wp-block-buttons-is-layout-flex\">\n<div class=\"wp-block-button has-custom-width wp-block-button__width-100\" style=\"--button-color:#01606f;--button-background:var(--color-white);--button-background-hover:#e6e6e6;\"><a class=\"wp-block-button__link button    has-link-color wp-element-button\" href=\"https:\/\/neuronup.com\/br\/neuronup-assessment\/solicitar-acesso\/\" style=\"color:#01606f\"><strong>Solicite acceso<\/strong><\/a><\/div>\n\n<\/div>\n<\/div>\n<\/div>\n<\/div><\/div>\n\n\n\n<div style=\"height:50px\" aria-hidden=\"true\" class=\"wp-block-spacer\"><\/div>\n\n\n\n<h3 class=\"wp-block-heading\">Se voc\u00ea gostou desta publica\u00e7\u00e3o sobre as respostas \u00e0s d\u00favidas da palestra de Terapia Intensiva em Fonoaudiologia de Jaime Paniagua, certamente estar\u00e1 interessado em mais palestras de #NeuronUPAcademy.<\/h3>\n\n\n<div class=\"mai-grid entries entries-grid has-boxed has-image-full\" style=\"--entry-title-font-size:var(--font-size-lg);--align-text:start;--entry-meta-text-align:start;\"><div class=\"entries-wrap has-columns\" style=\"--columns-xs:1\/1;--columns-sm:1\/1;--columns-md:1\/3;--columns-lg:1\/3;--flex-xs:0 0 var(--flex-basis);--flex-sm:0 0 var(--flex-basis);--flex-md:0 0 var(--flex-basis);--flex-lg:0 0 var(--flex-basis);--column-gap:var(--spacing-lg);--row-gap:var(--spacing-lg);--align-columns:start;\"><article class=\"entry entry-grid is-column has-entry-link has-image has-image-first type-post category-dano-cerebral tag-gnosias tag-lesao-cerebral\" style=\"--entry-index:1;\" aria-label=\"Agnosia visual: tipos e como \u00e9 poss\u00edvel ver sem entender\" itemscope itemtype=\"https:\/\/schema.org\/CreativeWork\"><a class=\"entry-image-link\" href=\"https:\/\/neuronup.com\/br\/noticias-de-estimulacao-cognitiva\/dano-cerebral\/agnosia-visual-tipos-e-como-e-possivel-ver-sem-entender\/\" tabindex=\"-1\" aria-hidden=\"true\"><img decoding=\"async\" width=\"400\" height=\"300\" src=\"https:\/\/neuronup.com\/br\/wp-content\/uploads\/2024\/12\/Atividade-para-trabalhar-gnosias-400x300.webp\" class=\"entry-image size-landscape-sm\" alt=\"Padr\u00e3o geom\u00e9trico sim\u00e9trico em mandala com p\u00e9talas, cercado por pe\u00e7as coloridas em laranja, azul e verde; paleta de cores.\" srcset=\"https:\/\/neuronup.com\/br\/wp-content\/uploads\/2024\/12\/Atividade-para-trabalhar-gnosias-400x300.webp 400w, https:\/\/neuronup.com\/br\/wp-content\/uploads\/2024\/12\/Atividade-para-trabalhar-gnosias-800x600.webp 800w\" sizes=\"(max-width:599px) 599px, (min-width:600px) and (max-width: 799px) 799px, (min-width:800px) and (max-width: 999px) 333px, (min-width:1000px) 400px\" \/><\/a><div class=\"entry-wrap entry-wrap-grid\"><h3 class=\"entry-title\" itemprop=\"headline\"><a class=\"entry-title-link\" href=\"https:\/\/neuronup.com\/br\/noticias-de-estimulacao-cognitiva\/dano-cerebral\/agnosia-visual-tipos-e-como-e-possivel-ver-sem-entender\/\" rel=\"bookmark\">Agnosia visual: tipos e como \u00e9 poss\u00edvel ver sem entender<\/a><\/h3>\n<\/div><\/article><article class=\"entry entry-grid is-column has-entry-link has-image has-image-first type-post category-tdah-transtorno-deficit-atencao-hiperatividade tag-atencao tag-funcoes-executivas tag-tdah tag-transtornos-do-neurodesenvolvimento\" style=\"--entry-index:2;\" aria-label=\"Tratamento do TDAH com Neurofeedback\" itemscope itemtype=\"https:\/\/schema.org\/CreativeWork\"><a class=\"entry-image-link\" href=\"https:\/\/neuronup.com\/br\/noticias-de-estimulacao-cognitiva\/transtornos-do-desenvolvimento\/tdah-transtorno-deficit-atencao-hiperatividade\/tratamento-do-tda-h-com-neurofeedback\/\" tabindex=\"-1\" aria-hidden=\"true\"><img decoding=\"async\" width=\"400\" height=\"267\" src=\"https:\/\/neuronup.com\/br\/wp-content\/uploads\/2021\/12\/the-image-of-the-human-brain.webp\" class=\"entry-image size-landscape-sm\" alt=\"Representa\u00e7\u00e3o estilizada de um c\u00e9rebro luminoso com linhas delicadas, sobre fundo roxo, sugerindo atividade neural.\" srcset=\"https:\/\/neuronup.com\/br\/wp-content\/uploads\/2021\/12\/the-image-of-the-human-brain-300x200.webp 300w, https:\/\/neuronup.com\/br\/wp-content\/uploads\/2021\/12\/the-image-of-the-human-brain-768x512.webp 768w, https:\/\/neuronup.com\/br\/wp-content\/uploads\/2021\/12\/the-image-of-the-human-brain-1024x683.webp 1024w, https:\/\/neuronup.com\/br\/wp-content\/uploads\/2021\/12\/the-image-of-the-human-brain.webp 1200w\" sizes=\"(max-width:599px) 599px, (min-width:600px) and (max-width: 799px) 799px, (min-width:800px) and (max-width: 999px) 333px, (min-width:1000px) 400px\" \/><\/a><div class=\"entry-wrap entry-wrap-grid\"><h3 class=\"entry-title\" itemprop=\"headline\"><a class=\"entry-title-link\" href=\"https:\/\/neuronup.com\/br\/noticias-de-estimulacao-cognitiva\/transtornos-do-desenvolvimento\/tdah-transtorno-deficit-atencao-hiperatividade\/tratamento-do-tda-h-com-neurofeedback\/\" rel=\"bookmark\">Tratamento do TDAH com Neurofeedback<\/a><\/h3>\n<\/div><\/article><article class=\"entry entry-grid is-column has-entry-link has-image has-image-first type-post category-envelhecimento-natural tag-depoimentos tag-envelhecimento-natural\" style=\"--entry-index:3;\" aria-label=\"Estimula\u00e7\u00e3o cognitiva em modelo h\u00edbrido para grupos preventivos com a NeuronUP\" itemscope itemtype=\"https:\/\/schema.org\/CreativeWork\"><a class=\"entry-image-link\" href=\"https:\/\/neuronup.com\/br\/noticias-de-estimulacao-cognitiva\/envelhecimento-natural\/estimulacao-cognitiva-em-modelo-hibrido-para-grupos-preventivos-com-a-neuronup\/\" tabindex=\"-1\" aria-hidden=\"true\"><img decoding=\"async\" width=\"400\" height=\"300\" src=\"https:\/\/neuronup.com\/br\/wp-content\/uploads\/2024\/12\/Estimulacao-cognitiva-para-idosos-1-400x300.webp\" class=\"entry-image size-landscape-sm\" alt=\"Homem idoso aponta para a tela com cinco personagens estilizados, em apresenta\u00e7\u00e3o educativa sobre estimula\u00e7\u00e3o cognitiva.\" srcset=\"https:\/\/neuronup.com\/br\/wp-content\/uploads\/2024\/12\/Estimulacao-cognitiva-para-idosos-1-400x300.webp 400w, https:\/\/neuronup.com\/br\/wp-content\/uploads\/2024\/12\/Estimulacao-cognitiva-para-idosos-1-800x600.webp 800w\" sizes=\"(max-width:599px) 599px, (min-width:600px) and (max-width: 799px) 799px, (min-width:800px) and (max-width: 999px) 333px, (min-width:1000px) 400px\" \/><\/a><div class=\"entry-wrap entry-wrap-grid\"><h3 class=\"entry-title\" itemprop=\"headline\"><a class=\"entry-title-link\" href=\"https:\/\/neuronup.com\/br\/noticias-de-estimulacao-cognitiva\/envelhecimento-natural\/estimulacao-cognitiva-em-modelo-hibrido-para-grupos-preventivos-com-a-neuronup\/\" rel=\"bookmark\">Estimula\u00e7\u00e3o cognitiva em modelo h\u00edbrido para grupos preventivos com a NeuronUP<\/a><\/h3>\n<\/div><\/article><article class=\"entry entry-grid is-column has-entry-link has-image has-image-first type-post category-de-funcoes-executivas tag-atividades-de-estimulacao-cognitiva tag-atividades-de-estimulacao-cognitiva-para-criancas tag-criancas tag-noticias-da-neuronup tag-raciocinio\" style=\"--entry-index:4;\" aria-label=\"Gerador para trabalhar o racioc\u00ednio em crian\u00e7as: Pares de palavras\" itemscope itemtype=\"https:\/\/schema.org\/CreativeWork\"><a class=\"entry-image-link\" href=\"https:\/\/neuronup.com\/br\/atividades-de-neurorreabilitacao\/para-funcoes-cognitivas\/de-funcoes-executivas\/gerador-para-trabalhar-o-razionamento-em-criancas-pares-de-palavras\/\" tabindex=\"-1\" aria-hidden=\"true\"><img decoding=\"async\" width=\"400\" height=\"225\" src=\"https:\/\/neuronup.com\/br\/wp-content\/uploads\/2024\/09\/Parejas-de-palabras-Actividad-NeuronUP.webp\" class=\"entry-image size-landscape-sm\" alt=\"Interface educativa de pares de palavras no NeuronUP: modos &#039;Modo conexi\u00f3n&#039; e &#039;Modo libre&#039;, autob\u00fas, coche e gris.\" srcset=\"https:\/\/neuronup.com\/br\/wp-content\/uploads\/2024\/09\/Parejas-de-palabras-Actividad-NeuronUP-300x169.webp 300w, https:\/\/neuronup.com\/br\/wp-content\/uploads\/2024\/09\/Parejas-de-palabras-Actividad-NeuronUP-768x432.webp 768w, https:\/\/neuronup.com\/br\/wp-content\/uploads\/2024\/09\/Parejas-de-palabras-Actividad-NeuronUP-1024x576.webp 1024w, https:\/\/neuronup.com\/br\/wp-content\/uploads\/2024\/09\/Parejas-de-palabras-Actividad-NeuronUP.webp 1200w\" sizes=\"(max-width:599px) 599px, (min-width:600px) and (max-width: 799px) 799px, (min-width:800px) and (max-width: 999px) 333px, (min-width:1000px) 400px\" \/><\/a><div class=\"entry-wrap entry-wrap-grid\"><h3 class=\"entry-title\" itemprop=\"headline\"><a class=\"entry-title-link\" href=\"https:\/\/neuronup.com\/br\/atividades-de-neurorreabilitacao\/para-funcoes-cognitivas\/de-funcoes-executivas\/gerador-para-trabalhar-o-razionamento-em-criancas-pares-de-palavras\/\" rel=\"bookmark\">Gerador para trabalhar o racioc\u00ednio em crian\u00e7as: Pares de palavras<\/a><\/h3>\n<\/div><\/article><article class=\"entry entry-grid is-column has-entry-link has-image has-image-first type-post category-novidades-neuronup tag-alzheimer tag-congressos tag-envelhecimento-natural tag-estimulacao-cognitiva\" style=\"--entry-index:5;\" aria-label=\"NeuronUP no CBGG 2025: tecnologia e reabilita\u00e7\u00e3o cognitiva para o envelhecimento saud\u00e1vel\" itemscope itemtype=\"https:\/\/schema.org\/CreativeWork\"><a class=\"entry-image-link\" href=\"https:\/\/neuronup.com\/br\/novidades-neuronup\/neuronup-no-cbgg-2025-tecnologia-e-reabilitacao-cognitiva-para-o-envelhecimento-saudavel\/\" tabindex=\"-1\" aria-hidden=\"true\"><img decoding=\"async\" width=\"400\" height=\"300\" src=\"https:\/\/neuronup.com\/br\/wp-content\/uploads\/2025\/05\/Apresentando-Tampas-para-profissionais-no-CBGG-400x300.webp\" class=\"entry-image size-landscape-sm\" alt=\"Grupo de profissionais observando painel digital com n\u00fameros durante apresenta\u00e7\u00e3o no CBGG; ambiente moderno com parede azul.\" srcset=\"https:\/\/neuronup.com\/br\/wp-content\/uploads\/2025\/05\/Apresentando-Tampas-para-profissionais-no-CBGG-400x300.webp 400w, https:\/\/neuronup.com\/br\/wp-content\/uploads\/2025\/05\/Apresentando-Tampas-para-profissionais-no-CBGG-800x600.webp 800w, https:\/\/neuronup.com\/br\/wp-content\/uploads\/2025\/05\/Apresentando-Tampas-para-profissionais-no-CBGG-1200x900.webp 1200w\" sizes=\"(max-width:599px) 599px, (min-width:600px) and (max-width: 799px) 799px, (min-width:800px) and (max-width: 999px) 333px, (min-width:1000px) 400px\" \/><\/a><div class=\"entry-wrap entry-wrap-grid\"><h3 class=\"entry-title\" itemprop=\"headline\"><a class=\"entry-title-link\" href=\"https:\/\/neuronup.com\/br\/novidades-neuronup\/neuronup-no-cbgg-2025-tecnologia-e-reabilitacao-cognitiva-para-o-envelhecimento-saudavel\/\" rel=\"bookmark\">NeuronUP no CBGG 2025: tecnologia e reabilita\u00e7\u00e3o cognitiva para o envelhecimento saud\u00e1vel<\/a><\/h3>\n<\/div><\/article><article class=\"entry entry-grid is-column has-entry-link has-image has-image-first type-post category-psicologia tag-saude-mental\" style=\"--entry-index:6;\" aria-label=\"Os sintomas da depress\u00e3o sob uma perspectiva cognitiva\" itemscope itemtype=\"https:\/\/schema.org\/CreativeWork\"><a class=\"entry-image-link\" href=\"https:\/\/neuronup.com\/br\/psicologia\/os-sintomas-da-depressao-sob-uma-perspectiva-cognitiva\/\" tabindex=\"-1\" aria-hidden=\"true\"><img decoding=\"async\" width=\"400\" height=\"267\" src=\"https:\/\/neuronup.com\/br\/wp-content\/uploads\/2022\/06\/close-up-of-sad-young-woman-holding-her-head-1-1.webp\" class=\"entry-image size-landscape-sm\" alt=\"Mulher jovem de cabelo longo e liso sentada, com as m\u00e3os na cabe\u00e7a, express\u00e3o de ang\u00fastia em ambiente interno com ilumina\u00e7\u00e3o suave.\" srcset=\"https:\/\/neuronup.com\/br\/wp-content\/uploads\/2022\/06\/close-up-of-sad-young-woman-holding-her-head-1-1-300x200.webp 300w, https:\/\/neuronup.com\/br\/wp-content\/uploads\/2022\/06\/close-up-of-sad-young-woman-holding-her-head-1-1-768x512.webp 768w, https:\/\/neuronup.com\/br\/wp-content\/uploads\/2022\/06\/close-up-of-sad-young-woman-holding-her-head-1-1.webp 1000w\" sizes=\"(max-width:599px) 599px, (min-width:600px) and (max-width: 799px) 799px, (min-width:800px) and (max-width: 999px) 333px, (min-width:1000px) 400px\" \/><\/a><div class=\"entry-wrap entry-wrap-grid\"><h3 class=\"entry-title\" itemprop=\"headline\"><a class=\"entry-title-link\" href=\"https:\/\/neuronup.com\/br\/psicologia\/os-sintomas-da-depressao-sob-uma-perspectiva-cognitiva\/\" rel=\"bookmark\">Os sintomas da depress\u00e3o sob uma perspectiva cognitiva<\/a><\/h3>\n<\/div><\/article><\/div><\/div>","protected":false},"excerpt":{"rendered":"<p>O fonoaudi\u00f3logo espanhol Jaime Paniagua responde \u00e0s d\u00favidas sobre sua palestra de Terapia Intensiva em Fonoaudiologia na NeuronUP Academy. D\u00favidas sobre a palestra de Terapia Intensiva em Fonoaudiologia de Jaime Paniagua 1. Miriam Burgue\u00f1o: Muito obrigada pela sua exposi\u00e7\u00e3o. Adorei a ideia de terapia intensiva. Trabalho em um centro multidisciplinar de DCA (Les\u00e3o Cerebral Adquirida) &hellip;<\/p>\n","protected":false},"author":7,"featured_media":33824,"comment_status":"open","ping_status":"open","sticky":false,"template":"","format":"standard","meta":{"_acf_changed":false,"_genesis_hide_title":false,"_genesis_hide_breadcrumbs":false,"_genesis_hide_singular_image":false,"_genesis_hide_footer_widgets":false,"_genesis_custom_body_class":"","_genesis_custom_post_class":"","_genesis_layout":"","footnotes":""},"categories":[517],"tags":[701],"class_list":{"2":"type-post","7":"category-neuronup-academy","8":"tag-academia-neuronup","9":"entry"},"acf":[],"_links":{"self":[{"href":"https:\/\/neuronup.com\/br\/wp-json\/wp\/v2\/posts\/33822","targetHints":{"allow":["GET"]}}],"collection":[{"href":"https:\/\/neuronup.com\/br\/wp-json\/wp\/v2\/posts"}],"about":[{"href":"https:\/\/neuronup.com\/br\/wp-json\/wp\/v2\/types\/post"}],"author":[{"embeddable":true,"href":"https:\/\/neuronup.com\/br\/wp-json\/wp\/v2\/users\/7"}],"replies":[{"embeddable":true,"href":"https:\/\/neuronup.com\/br\/wp-json\/wp\/v2\/comments?post=33822"}],"version-history":[{"count":0,"href":"https:\/\/neuronup.com\/br\/wp-json\/wp\/v2\/posts\/33822\/revisions"}],"wp:featuredmedia":[{"embeddable":true,"href":"https:\/\/neuronup.com\/br\/wp-json\/wp\/v2\/media\/33824"}],"wp:attachment":[{"href":"https:\/\/neuronup.com\/br\/wp-json\/wp\/v2\/media?parent=33822"}],"wp:term":[{"taxonomy":"category","embeddable":true,"href":"https:\/\/neuronup.com\/br\/wp-json\/wp\/v2\/categories?post=33822"},{"taxonomy":"post_tag","embeddable":true,"href":"https:\/\/neuronup.com\/br\/wp-json\/wp\/v2\/tags?post=33822"}],"curies":[{"name":"wp","href":"https:\/\/api.w.org\/{rel}","templated":true}]}}