{"id":33667,"date":"2026-02-27T07:00:00","date_gmt":"2026-02-27T07:00:00","guid":{"rendered":"https:\/\/neuronup.com\/?p=33667"},"modified":"2026-02-27T07:00:00","modified_gmt":"2026-02-27T07:00:00","slug":"terapias-intensivas-em-neurorreabilitacao","status":"publish","type":"post","link":"https:\/\/neuronup.com\/br\/noticias-de-estimulacao-cognitiva\/terapias-intensivas-em-neurorreabilitacao\/","title":{"rendered":"Terapias intensivas em neurorreabilita\u00e7\u00e3o: aplic\u00e1vel apenas \u00e0s fun\u00e7\u00f5es motoras?"},"content":{"rendered":"\n<p class=\"has-xl-font-size\">O terapeuta Jos\u00e9 L\u00f3pez explica o efeito que <strong>as terapias intensivas<\/strong> t\u00eam na <strong>recupera\u00e7\u00e3o de pessoas ap\u00f3s uma les\u00e3o cerebral<\/strong>.<\/p>\n\n\n\n<p>H\u00e1 alguns anos, come\u00e7ou a se estudar com mais frequ\u00eancia o <strong>efeito que as terapias intensivas t\u00eam na recupera\u00e7\u00e3o<\/strong> de pessoas ap\u00f3s uma les\u00e3o cerebral. Os resultados desses estudos come\u00e7am a mostrar o <strong>enorme potencial<\/strong> das terapias intensivas na recupera\u00e7\u00e3o dos pacientes, indo al\u00e9m do que at\u00e9 agora se havia alcan\u00e7ado por meio de outras formas de tratamento.<\/p>\n\n\n\n<p>Pioneiros neste campo das terapias intensivas s\u00e3o o Dr. Edward Taub e sua equipe da Universidade do Alabama em Birmingham, que desenvolveram na d\u00e9cada de 90, ap\u00f3s v\u00e1rios anos de estudos anteriores em modelos animais, uma t\u00e9cnica de tratamento denominada terapia de movimento induzido por restri\u00e7\u00e3o (TMIR): <a href=\"https:\/\/www.uab.edu\/citherapy\/images\/CIT_training\/Taub_1994_Shaping.pdf\" target=\"_blank\" rel=\"noreferrer noopener\">Taub_1994_Shaping.pdf<\/a><\/p>\n\n\n\n<p>O grupo do Dr. Taub desenhou um <strong>programa de treinamento<\/strong> que, entre muitas outras coisas, foi pioneiro pelo tempo de trabalho dedicado aos pacientes, especificamente <strong>6 horas por dia<\/strong>, durante tr\u00eas semanas seguidas, em seu primeiro protocolo.<\/p>\n\n\n\n<p>O Dr. Taub e sua equipe tiveram claro desde o in\u00edcio, e depois foram demonstrando atrav\u00e9s de estudos sucessivos, que \u00e9 \u200cnecess\u00e1rio aumentar o trabalho que os pacientes realizam para otimizar sua reabilita\u00e7\u00e3o e obter mudan\u00e7as duradouras a n\u00edvel estrutural no c\u00e9rebro. Claro que n\u00e3o apenas o n\u00famero de horas dedicadas por dia \u00e9 importante, mas tamb\u00e9m o conte\u00fado dessas horas, embora nesta publica\u00e7\u00e3o eu me concentre mais no primeiro aspecto.<\/p>\n\n\n\n<h2 class=\"wp-block-heading\">A repeti\u00e7\u00e3o como chave para o aprendizado<\/h2>\n\n\n\n<p>Outras interven\u00e7\u00f5es sob o ponto de vista da reabilita\u00e7\u00e3o f\u00edsica continuaram se desenvolvendo ao longo das duas \u00faltimas d\u00e9cadas. Hoje em dia \u00e9 cada vez mais frequente o uso de rob\u00f3tica e novas tecnologias, com uma infinidade de estudos realizados e em desenvolvimento. Neste campo espec\u00edfico, a justificativa principal de sua utilidade reside no aumento da pr\u00e1tica que proporciona, comparado a outras interven\u00e7\u00f5es. \u00c9 poss\u00edvel aumentar o tempo que o paciente passa exercitando-se e tamb\u00e9m o n\u00famero de repeti\u00e7\u00f5es obtido com seu uso. Acredita-se, portanto, que <strong>a repeti\u00e7\u00e3o \u00e9 uma das chaves para o aprendizado.<\/strong><\/p>\n\n\n\n<p>Embora \u200cseja verdade que a repeti\u00e7\u00e3o n\u00e3o \u00e9 o \u00fanico fator importante para favorecer o aprendizado, h\u00e1 consenso em aceitar que <strong>devemos praticar aquilo que queremos aprender com a maior frequ\u00eancia poss\u00edvel<\/strong>, para acelerar o processo, solidific\u00e1-lo ou adquirir maestria na tarefa que executarmos.<\/p>\n\n\n\n<p>\u00c9 por isso que, sem necessidade de recorrer a estudos ou revis\u00f5es sistem\u00e1ticas, somos capazes de encontrar centenas de exemplos em nossa vida cotidiana que nos levam \u00e0 mesma conclus\u00e3o: aprender a tocar um instrumento, aprender um idioma, aprender um esporte, ou simplesmente aprender a nos mover quando nascemos e sermos capazes de andar ou desenvolver habilidades motoras, de comunica\u00e7\u00e3o ou de planejamento e resolu\u00e7\u00e3o de problemas adequadas, para citar apenas algumas.<\/p>\n\n\n\n<p>Se compararmos o tempo que os pacientes dedicam \u00e0 sua reabilita\u00e7\u00e3o, o n\u00famero de repeti\u00e7\u00f5es de movimentos que realizam, as oportunidades comunicativas ou de aplica\u00e7\u00e3o de fun\u00e7\u00f5es cognitivas que possuem, com aquelas que seriam necess\u00e1rias ou convenientes, vemos que h\u00e1 uma lacuna enorme. Em minha experi\u00eancia, e cada vez mais os resultados dos estudos apontam nessa dire\u00e7\u00e3o, muitos pacientes n\u00e3o melhoram porque n\u00e3o se trabalha suficientemente com eles, n\u00e3o se aproveita todo o potencial que seus c\u00e9rebros t\u00eam.<\/p>\n\n\n\n<h2 class=\"wp-block-heading\">A intensidade \u00e9 importante ao trabalhar as habilidades comunicativas<\/h2>\n\n\n\n<p>Desde a reabilita\u00e7\u00e3o das fun\u00e7\u00f5es motoras, seguindo os mesmos princ\u00edpios de intensidade, repeti\u00e7\u00f5es, motiva\u00e7\u00e3o, manejo comportamental, etc., o mesmo grupo de estudo do Dr. Taub <strong>desenvolveu uma terapia intensiva para a linguagem<\/strong>, que chamaram de terapia de restri\u00e7\u00e3o induzida em afasia (TRIA): https:\/\/www.uabmedicine.org\/patient-care\/treatments\/ci-therapy<\/p>\n\n\n\n<p>Tamb\u00e9m, atrav\u00e9s de estudos e da aplica\u00e7\u00e3o pr\u00e1tica em muitos pacientes, esta t\u00e9cnica est\u00e1 oferecendo resultados muito promissores, mostrando que a intensidade tamb\u00e9m \u00e9 importante ao trabalhar as habilidades comunicativas.<\/p>\n\n\n\n<h2 class=\"wp-block-heading\">O efeito do exerc\u00edcio nas fun\u00e7\u00f5es cognitivas<\/h2>\n\n\n\n<p>Nos \u00faltimos anos tamb\u00e9m tem se estudado cada vez mais <strong>o efeito que o exerc\u00edcio tem nas fun\u00e7\u00f5es cognitivas<\/strong>. Nesta revis\u00e3o sistem\u00e1tica e meta-an\u00e1lise de 2017, fala-se do efeito do exerc\u00edcio aer\u00f3bico, do treinamento de resist\u00eancia, do treinamento multicomponente e do tai chi em diversas fun\u00e7\u00f5es cognitivas: http:\/\/bjsm.bmj.com\/content\/early\/2017\/03\/30\/bjsports-2016-096587<\/p>\n\n\n\n<p>O treinamento aer\u00f3bico e o treinamento de resist\u00eancia, por exemplo, fazem parte de muitos programas de terapias intensivas, e al\u00e9m das poss\u00edveis explica\u00e7\u00f5es de por que um treinamento f\u00edsico melhora as fun\u00e7\u00f5es cognitivas, dever\u00edamos nos fazer uma pergunta:<\/p>\n\n\n\n<h2 class=\"wp-block-heading\">Quantos treinamentos s\u00e3o puramente f\u00edsicos ou puramente cognitivos?<\/h2>\n\n\n\n<p>Nos estudos sobre terapias intensivas, como os do Dr. Taub, n\u00e3o s\u00e3o medidos aspectos cognitivos pr\u00e9 e p\u00f3s, mas tenho certeza de que em muitos pacientes tamb\u00e9m poder\u00edamos ver mudan\u00e7as nesse sentido, porque o objetivo final da terapia do Dr. Taub, e o que foi demonstrado nos resultados das pesquisas, \u00e9 que <strong>o paciente participa mais de suas atividades da vida di\u00e1ria<\/strong>, e afinal, o que s\u00e3o as atividades da vida di\u00e1ria sen\u00e3o uma integra\u00e7\u00e3o das habilidades motoras e cognitivas da pessoa?<\/p>\n\n\n\n<h2 class=\"wp-block-heading\">O uso de terapia intensiva na reabilita\u00e7\u00e3o de fun\u00e7\u00f5es cognitivas em neurorreabilita\u00e7\u00e3o<\/h2>\n\n\n\n<p>Existem estudos sobre terapia intensiva cognitiva (cognitive behaviour therapy CBT) em fobias, transtornos obsessivo-compulsivos e transtornos de ansiedade: https:\/\/www.ncbi.nlm.nih.gov\/pubmed\/20573292, mas pouco encontrei sobre o uso de terapia intensiva na reabilita\u00e7\u00e3o de fun\u00e7\u00f5es cognitivas em neurorreabilita\u00e7\u00e3o.<\/p>\n\n\n\n<p>Falo de fun\u00e7\u00f5es cognitivas em neurorreabilita\u00e7\u00e3o e n\u00e3o de neuropsicologia porque acredito que tais fun\u00e7\u00f5es n\u00e3o s\u00e3o exclusivas da neuropsicologia, embora seja a disciplina que mais as estudou e trabalha sobre elas. Prefiro a denomina\u00e7\u00e3o de Ian H. Robertson e Susan M. Fitzpatrick em sua publica\u00e7\u00e3o \u201cThe future of cognitive rehabilitation\u201d: https:\/\/www.jsmf.org\/about\/s\/The%20future%20of%20cognitive%20neurorehabilitation.pdf, onde a reabilita\u00e7\u00e3o cognitiva \u00e9 definida como \u201cuma experi\u00eancia estruturada e planejada, oriunda do entendimento da fun\u00e7\u00e3o cerebral, que melhora as disfun\u00e7\u00f5es cognitivas e os processos cerebrais provocados por uma doen\u00e7a ou les\u00e3o, e que aperfei\u00e7oa a fun\u00e7\u00e3o na vida di\u00e1ria\u201d.<\/p>\n\n\n\n<p>Por isso, com base nessa defini\u00e7\u00e3o, entenderemos que podemos estar trabalhando as <a href=\"https:\/\/www.neuronup.com\/es\/areas\/functions\" target=\"_blank\" rel=\"noopener noreferrer\">fun\u00e7\u00f5es cognitivas<\/a> em qualquer uma das atividades de reabilita\u00e7\u00e3o que realizarmos, sem precisar fazer a distin\u00e7\u00e3o entre terapias f\u00edsicas e cognitivas, entre movimento e cogni\u00e7\u00e3o. \u00c9 por isso que todas as terapias intensivas surgidas a partir do \u201ccampo do motor\u201d t\u00eam sua influ\u00eancia no cognitivo, e poder direcionar essa influ\u00eancia de forma mais espec\u00edfica dependeria apenas do nosso conhecimento sobre como a cogni\u00e7\u00e3o funciona.<\/p>\n\n\n\n<div style=\"height:50px\" aria-hidden=\"true\" class=\"wp-block-spacer\"><\/div>\n\n\n\n<div class=\"wp-block-group br-0111 has-primary-background-color has-background has-dark-background has-sm-padding-top has-sm-padding-left has-sm-padding-right has-xxl-margin-top\"><div class=\"wp-block-group__inner-container is-layout-constrained wp-block-group-is-layout-constrained\">\n<div class=\"wp-block-columns is-layout-flex wp-container-core-columns-is-layout-9d6595d7 wp-block-columns-is-layout-flex\">\n<div class=\"wp-block-column is-layout-flow wp-block-column-is-layout-flow\">\n<figure class=\"wp-block-image size-full desktop-position-absolute desktop-bottom-0 mobile-width-50 mobile-m-inline-auto has-xl-margin-top\"><img decoding=\"async\" width=\"292\" height=\"338\" src=\"https:\/\/neuronup.com\/br\/wp-content\/uploads\/2024\/10\/certificado-de-produto.webp\" alt=\"\" class=\"wp-image-31568\" srcset=\"https:\/\/neuronup.com\/br\/wp-content\/uploads\/2024\/10\/certificado-de-produto-259x300.webp 259w, https:\/\/neuronup.com\/br\/wp-content\/uploads\/2024\/10\/certificado-de-produto.webp 292w\" sizes=\"(max-width: 292px) 100vw, 292px\" \/><\/figure>\n<\/div>\n\n\n\n<div class=\"wp-block-column is-layout-flow wp-block-column-is-layout-flow\">\n<h2 class=\"wp-block-heading has-white-color has-text-color\"><strong>Inscreva-se<\/strong> <br>na nossa <br>Newsletter<\/h2>\n\n\n\n<div class=\"wp-block-buttons is-layout-flex wp-block-buttons-is-layout-flex\">\n<div class=\"wp-block-button--1\" style=\"--button-outline-color:var(--color-white);--button-outline-color-hover:rgba(0,0,0,0.8);\"><a class=\"wp-block-button__link button button-outline   wp-element-button\" href=\"https:\/\/neuronup.com\/br\/newsletter\/\">Inscreva-se<\/a><\/div>\n\n<\/div>\n\n\n\n<div style=\"height:40px\" aria-hidden=\"true\" class=\"wp-block-spacer\"><\/div>\n<\/div>\n<\/div>\n<\/div><\/div>\n\n\n\n\n<div style=\"height:50px\" aria-hidden=\"true\" class=\"wp-block-spacer\"><\/div>\n\n\n\n<h2 class=\"wp-block-heading\">A t\u00e9cnica da \u201cconstraint induced movement therapy\u201d<\/h2>\n\n\n\n<p>Na publica\u00e7\u00e3o citada anteriormente \u201cThe future of cognitive rehabilitation\u201d, os autores citam a t\u00e9cnica da \u201cconstraint induced movement therapy\u201d do Dr. Taub como exemplo de \u201cabordagem em neuroci\u00eancia cognitiva\u201d que cumpre os principais crit\u00e9rios da neurorreabilita\u00e7\u00e3o cognitiva:<\/p>\n\n\n\n<ul class=\"wp-block-list\">\n<li>Os m\u00e9todos de neurorreabilita\u00e7\u00e3o cognitiva devem estar representados em protocolos detalhados, com ou sem tecnologias de apoio, que permitam sua repeti\u00e7\u00e3o em outros estudos.<\/li>\n\n\n\n<li>Deveria existir pelo menos um modelo te\u00f3rico e emp\u00edrico articulado que apoie a aplica\u00e7\u00e3o desse m\u00e9todo ou t\u00e9cnica.<\/li>\n\n\n\n<li>A neurorreabilita\u00e7\u00e3o cognitiva eficaz deveria ser capaz de demonstrar mudan\u00e7as na fun\u00e7\u00e3o cognitiva e na fun\u00e7\u00e3o cerebral, medidas com um ou mais m\u00e9todos de imagem ou associados.<\/li>\n\n\n\n<li>A neurorreabilita\u00e7\u00e3o cognitiva deveria ser capaz de demonstrar seu efeito nas atividades da vida di\u00e1ria da pessoa.<\/li>\n<\/ul>\n\n\n\n<p>Acredito que \u00e9 o momento apropriado para come\u00e7armos a pensar qual contribui\u00e7\u00e3o a neurorreabilita\u00e7\u00e3o cognitiva pode ter no campo das terapias intensivas em neurorreabilita\u00e7\u00e3o, um campo cada vez mais em ascens\u00e3o e com resultados iniciais muito promissores.<\/p>\n\n\n\n<p>Essa contribui\u00e7\u00e3o, do meu ponto de vista e da minha experi\u00eancia, basear-se-ia em integrar mais e melhor as terapias, come\u00e7ando a questionar a dicotomia motor-cognitiva, para tratar a pessoa como um todo, e o c\u00e9rebro como um sistema complexo que trabalha integrando diversas informa\u00e7\u00f5es e respondendo tamb\u00e9m por meio do trabalho conjunto e coordenado de diferentes sistemas. Se o c\u00e9rebro age assim, n\u00f3s terapeutas tamb\u00e9m dever\u00edamos nos aproximar ao m\u00e1ximo disso.<\/p>\n\n\n\n<h3 class=\"wp-block-heading\">Se voc\u00ea gostou deste post sobre terapias intensivas em neurorreabilita\u00e7\u00e3o, talvez se interesse por estes artigos da NeuronUP.<\/h3>\n\n<div class=\"mai-grid entries entries-grid has-boxed has-image-full\" style=\"--entry-title-font-size:var(--font-size-lg);--align-text:start;--entry-meta-text-align:start;\"><div class=\"entries-wrap has-columns\" style=\"--columns-xs:1\/1;--columns-sm:1\/1;--columns-md:1\/3;--columns-lg:1\/3;--flex-xs:0 0 var(--flex-basis);--flex-sm:0 0 var(--flex-basis);--flex-md:0 0 var(--flex-basis);--flex-lg:0 0 var(--flex-basis);--column-gap:var(--spacing-lg);--row-gap:var(--spacing-lg);--align-columns:start;\"><article class=\"entry entry-grid is-column has-entry-link has-image has-image-first type-post category-de-funcoes-executivas tag-atividades-de-estimulacao-cognitiva tag-atividades-de-estimulacao-cognitiva-para-criancas tag-criancas tag-funcoes-executivas\" style=\"--entry-index:1;\" aria-label=\"5 Atividades para melhorar as fun\u00e7\u00f5es executivas\" itemscope itemtype=\"https:\/\/schema.org\/CreativeWork\"><a class=\"entry-image-link\" href=\"https:\/\/neuronup.com\/br\/atividades-de-neurorreabilitacao\/para-funcoes-cognitivas\/de-funcoes-executivas\/5-atividades-para-melhorar-as-funcoes-executivas\/\" tabindex=\"-1\" aria-hidden=\"true\"><img decoding=\"async\" width=\"400\" height=\"300\" src=\"https:\/\/neuronup.com\/br\/wp-content\/uploads\/2024\/09\/Actividad-para-mejorar-las-funciones-ejecutivas-Chapas-1.webp\" class=\"entry-image size-landscape-sm\" alt=\"Campo de futebol estilizado com letras em c\u00edrculos coloridos dispostos em grade; painel ao fundo com bot\u00f5es de saltar.\" srcset=\"https:\/\/neuronup.com\/br\/wp-content\/uploads\/2024\/09\/Actividad-para-mejorar-las-funciones-ejecutivas-Chapas-1-300x225.webp 300w, https:\/\/neuronup.com\/br\/wp-content\/uploads\/2024\/09\/Actividad-para-mejorar-las-funciones-ejecutivas-Chapas-1-768x576.webp 768w, https:\/\/neuronup.com\/br\/wp-content\/uploads\/2024\/09\/Actividad-para-mejorar-las-funciones-ejecutivas-Chapas-1-1024x768.webp 1024w, https:\/\/neuronup.com\/br\/wp-content\/uploads\/2024\/09\/Actividad-para-mejorar-las-funciones-ejecutivas-Chapas-1.webp 1200w\" sizes=\"(max-width:599px) 599px, (min-width:600px) and (max-width: 799px) 799px, (min-width:800px) and (max-width: 999px) 333px, (min-width:1000px) 400px\" \/><\/a><div class=\"entry-wrap entry-wrap-grid\"><h3 class=\"entry-title\" itemprop=\"headline\"><a class=\"entry-title-link\" href=\"https:\/\/neuronup.com\/br\/atividades-de-neurorreabilitacao\/para-funcoes-cognitivas\/de-funcoes-executivas\/5-atividades-para-melhorar-as-funcoes-executivas\/\" rel=\"bookmark\">5 Atividades para melhorar as fun\u00e7\u00f5es executivas<\/a><\/h3>\n<\/div><\/article><article class=\"entry entry-grid is-column has-entry-link has-image has-image-first type-post category-de-atencao\" style=\"--entry-index:2;\" aria-label=\"Novas atividades de alto valor ecol\u00f3gico!\" itemscope itemtype=\"https:\/\/schema.org\/CreativeWork\"><a class=\"entry-image-link\" href=\"https:\/\/neuronup.com\/br\/atividades-de-neurorreabilitacao\/para-funcoes-cognitivas\/de-atencao\/novas-atividades-de-alto-valor-ecologico\/\" tabindex=\"-1\" aria-hidden=\"true\"><img decoding=\"async\" width=\"400\" height=\"300\" src=\"https:\/\/neuronup.com\/br\/wp-content\/uploads\/2026\/04\/Encontrar-los-numeros-que-faltan-NeuronUP-400x300.webp\" class=\"entry-image size-landscape-sm\" alt=\"Ficha de aten\u00e7\u00e3o sustentada: duas tabelas com sequ\u00eancias de 1 a 25, com n\u00fameros ausentes para completar.\" srcset=\"https:\/\/neuronup.com\/br\/wp-content\/uploads\/2026\/04\/Encontrar-los-numeros-que-faltan-NeuronUP-400x300.webp 400w, https:\/\/neuronup.com\/br\/wp-content\/uploads\/2026\/04\/Encontrar-los-numeros-que-faltan-NeuronUP-800x600.webp 800w\" sizes=\"(max-width:599px) 599px, (min-width:600px) and (max-width: 799px) 799px, (min-width:800px) and (max-width: 999px) 333px, (min-width:1000px) 400px\" \/><\/a><div class=\"entry-wrap entry-wrap-grid\"><h3 class=\"entry-title\" itemprop=\"headline\"><a class=\"entry-title-link\" href=\"https:\/\/neuronup.com\/br\/atividades-de-neurorreabilitacao\/para-funcoes-cognitivas\/de-atencao\/novas-atividades-de-alto-valor-ecologico\/\" rel=\"bookmark\">Novas atividades de alto valor ecol\u00f3gico!<\/a><\/h3>\n<\/div><\/article><article class=\"entry entry-grid is-column has-entry-link has-image has-image-first type-post category-atividades-de-neurorreabilitacao tag-atividades-de-estimulacao-cognitiva tag-atividades-de-estimulacao-cognitiva-para-criancas\" style=\"--entry-index:3;\" aria-label=\"Conhe\u00e7a as 10 atividades NeuronUP mais utilizadas para trabalhar com crian\u00e7as\" itemscope itemtype=\"https:\/\/schema.org\/CreativeWork\"><a class=\"entry-image-link\" href=\"https:\/\/neuronup.com\/br\/atividades-de-neurorreabilitacao\/conheca-as-10-atividades-neuronup-mais-utilizadas-para-trabalhar-com-criancas\/\" tabindex=\"-1\" aria-hidden=\"true\"><img decoding=\"async\" width=\"400\" height=\"300\" src=\"https:\/\/neuronup.com\/br\/wp-content\/uploads\/2024\/11\/Jogo-NeuronUP-para-trabalhar-as-relacoes-espaciais-em-criancas-Parada-na-Oficina-400x300.webp\" class=\"entry-image size-landscape-sm\" alt=\"Tela de jogo educativo do NeuronUP com pista circular, lago central, borda pontilhada vermelha, bot\u00f5es Passar e Play\" srcset=\"https:\/\/neuronup.com\/br\/wp-content\/uploads\/2024\/11\/Jogo-NeuronUP-para-trabalhar-as-relacoes-espaciais-em-criancas-Parada-na-Oficina-400x300.webp 400w, https:\/\/neuronup.com\/br\/wp-content\/uploads\/2024\/11\/Jogo-NeuronUP-para-trabalhar-as-relacoes-espaciais-em-criancas-Parada-na-Oficina-800x600.webp 800w\" sizes=\"(max-width:599px) 599px, (min-width:600px) and (max-width: 799px) 799px, (min-width:800px) and (max-width: 999px) 333px, (min-width:1000px) 400px\" \/><\/a><div class=\"entry-wrap entry-wrap-grid\"><h3 class=\"entry-title\" itemprop=\"headline\"><a class=\"entry-title-link\" href=\"https:\/\/neuronup.com\/br\/atividades-de-neurorreabilitacao\/conheca-as-10-atividades-neuronup-mais-utilizadas-para-trabalhar-com-criancas\/\" rel=\"bookmark\">Conhe\u00e7a as 10 atividades NeuronUP mais utilizadas para trabalhar com crian\u00e7as<\/a><\/h3>\n<\/div><\/article><article class=\"entry entry-grid is-column has-entry-link has-image has-image-first type-post category-de-memoria tag-atividades-de-estimulacao-cognitiva tag-atividades-de-estimulacao-cognitiva-para-adultos tag-atividades-de-estimulacao-cognitiva-para-criancas tag-memoria\" style=\"--entry-index:4;\" aria-label=\"5 Exerc\u00edcios de mem\u00f3ria para imprimir que voc\u00ea n\u00e3o pode perder\" itemscope itemtype=\"https:\/\/schema.org\/CreativeWork\"><a class=\"entry-image-link\" href=\"https:\/\/neuronup.com\/br\/atividades-de-neurorreabilitacao\/para-funcoes-cognitivas\/de-memoria\/exercicios-de-memoria-para-imprimir\/\" tabindex=\"-1\" aria-hidden=\"true\"><img decoding=\"async\" width=\"400\" height=\"267\" src=\"https:\/\/neuronup.com\/br\/wp-content\/uploads\/2023\/02\/actividades-memoria.webp\" class=\"entry-image size-landscape-sm\" alt=\"Duplas cient\u00edficas em jaleco branco: homem com tablet e mulher com tubo de ensaio, fundo com c\u00e9rebro vermelho e mol\u00e9culas.\" srcset=\"https:\/\/neuronup.com\/br\/wp-content\/uploads\/2023\/02\/actividades-memoria-300x200.webp 300w, https:\/\/neuronup.com\/br\/wp-content\/uploads\/2023\/02\/actividades-memoria-768x512.webp 768w, https:\/\/neuronup.com\/br\/wp-content\/uploads\/2023\/02\/actividades-memoria-1024x683.webp 1024w, https:\/\/neuronup.com\/br\/wp-content\/uploads\/2023\/02\/actividades-memoria.webp 1200w\" sizes=\"(max-width:599px) 599px, (min-width:600px) and (max-width: 799px) 799px, (min-width:800px) and (max-width: 999px) 333px, (min-width:1000px) 400px\" \/><\/a><div class=\"entry-wrap entry-wrap-grid\"><h3 class=\"entry-title\" itemprop=\"headline\"><a class=\"entry-title-link\" href=\"https:\/\/neuronup.com\/br\/atividades-de-neurorreabilitacao\/para-funcoes-cognitivas\/de-memoria\/exercicios-de-memoria-para-imprimir\/\" rel=\"bookmark\">5 Exerc\u00edcios de mem\u00f3ria para imprimir que voc\u00ea n\u00e3o pode perder<\/a><\/h3>\n<\/div><\/article><article class=\"entry entry-grid is-column has-entry-link has-image has-image-first type-post category-dano-cerebral tag-avc tag-depoimentos tag-lesao-cerebral-adquirida tag-reabilitacao-cognitiva\" style=\"--entry-index:5;\" aria-label=\"Les\u00e3o cerebral adquirida (LCA): reabilita\u00e7\u00e3o e estimula\u00e7\u00e3o cognitiva\" itemscope itemtype=\"https:\/\/schema.org\/CreativeWork\"><a class=\"entry-image-link\" href=\"https:\/\/neuronup.com\/br\/noticias-de-estimulacao-cognitiva\/dano-cerebral\/lesao-cerebral-adquirida-lca-reabilitacao-e-estimulacao-cognitiva\/\" tabindex=\"-1\" aria-hidden=\"true\"><img decoding=\"async\" width=\"400\" height=\"300\" src=\"https:\/\/neuronup.com\/br\/wp-content\/uploads\/2024\/12\/trabalho-em-grupo-lesao-cerebral-traumatica-tratamento-2-400x300.webp\" class=\"entry-image size-landscape-sm\" alt=\"Grupo de cinco idosos visto de costas em sala, assistindo a proje\u00e7\u00e3o com grade azul; apresentador de roupa laranja em frente, ambiente educativo.\" srcset=\"https:\/\/neuronup.com\/br\/wp-content\/uploads\/2024\/12\/trabalho-em-grupo-lesao-cerebral-traumatica-tratamento-2-300x225.webp 300w, https:\/\/neuronup.com\/br\/wp-content\/uploads\/2024\/12\/trabalho-em-grupo-lesao-cerebral-traumatica-tratamento-2-400x300.webp 400w, https:\/\/neuronup.com\/br\/wp-content\/uploads\/2024\/12\/trabalho-em-grupo-lesao-cerebral-traumatica-tratamento-2-768x576.webp 768w, https:\/\/neuronup.com\/br\/wp-content\/uploads\/2024\/12\/trabalho-em-grupo-lesao-cerebral-traumatica-tratamento-2-800x600.webp 800w, https:\/\/neuronup.com\/br\/wp-content\/uploads\/2024\/12\/trabalho-em-grupo-lesao-cerebral-traumatica-tratamento-2-1024x768.webp 1024w, https:\/\/neuronup.com\/br\/wp-content\/uploads\/2024\/12\/trabalho-em-grupo-lesao-cerebral-traumatica-tratamento-2-1200x900.webp 1200w, https:\/\/neuronup.com\/br\/wp-content\/uploads\/2024\/12\/trabalho-em-grupo-lesao-cerebral-traumatica-tratamento-2-1536x1152.webp 1536w, https:\/\/neuronup.com\/br\/wp-content\/uploads\/2024\/12\/trabalho-em-grupo-lesao-cerebral-traumatica-tratamento-2.webp 1600w\" sizes=\"(max-width:599px) 599px, (min-width:600px) and (max-width: 799px) 799px, (min-width:800px) and (max-width: 999px) 333px, (min-width:1000px) 400px\" \/><\/a><div class=\"entry-wrap entry-wrap-grid\"><h3 class=\"entry-title\" itemprop=\"headline\"><a class=\"entry-title-link\" href=\"https:\/\/neuronup.com\/br\/noticias-de-estimulacao-cognitiva\/dano-cerebral\/lesao-cerebral-adquirida-lca-reabilitacao-e-estimulacao-cognitiva\/\" rel=\"bookmark\">Les\u00e3o cerebral adquirida (LCA): reabilita\u00e7\u00e3o e estimula\u00e7\u00e3o cognitiva<\/a><\/h3>\n<\/div><\/article><article class=\"entry entry-grid is-column has-entry-link has-image has-image-first type-post category-neuropsicologia tag-asperger tag-neuropsicologia\" style=\"--entry-index:6;\" aria-label=\"Sistema de Neur\u00f4nios Espelho: fun\u00e7\u00e3o, disfun\u00e7\u00e3o e propostas de reabilita\u00e7\u00e3o\" itemscope itemtype=\"https:\/\/schema.org\/CreativeWork\"><a class=\"entry-image-link\" href=\"https:\/\/neuronup.com\/br\/neurociencia\/neuropsicologia\/sistema-de-neuronios-espelho-funcao-disfuncao-e-propostas-de-reabilitacao\/\" tabindex=\"-1\" aria-hidden=\"true\"><img decoding=\"async\" width=\"400\" height=\"300\" src=\"https:\/\/neuronup.com\/br\/wp-content\/uploads\/2021\/03\/Sistema-de-Neuronios-Espelho-funcao-disfuncao-e-propostas-de-reabilitacao-400x300.webp\" class=\"entry-image size-landscape-sm\" alt=\"Dois perfis humanos frente a frente, com c\u00e9rebros iluminados em azul e feixes laranja conectando-se, em fundo escuro.\" srcset=\"https:\/\/neuronup.com\/br\/wp-content\/uploads\/2021\/03\/Sistema-de-Neuronios-Espelho-funcao-disfuncao-e-propostas-de-reabilitacao-400x300.webp 400w, https:\/\/neuronup.com\/br\/wp-content\/uploads\/2021\/03\/Sistema-de-Neuronios-Espelho-funcao-disfuncao-e-propostas-de-reabilitacao-800x600.webp 800w\" sizes=\"(max-width:599px) 599px, (min-width:600px) and (max-width: 799px) 799px, (min-width:800px) and (max-width: 999px) 333px, (min-width:1000px) 400px\" \/><\/a><div class=\"entry-wrap entry-wrap-grid\"><h3 class=\"entry-title\" itemprop=\"headline\"><a class=\"entry-title-link\" href=\"https:\/\/neuronup.com\/br\/neurociencia\/neuropsicologia\/sistema-de-neuronios-espelho-funcao-disfuncao-e-propostas-de-reabilitacao\/\" rel=\"bookmark\">Sistema de Neur\u00f4nios Espelho: fun\u00e7\u00e3o, disfun\u00e7\u00e3o e propostas de reabilita\u00e7\u00e3o<\/a><\/h3>\n<\/div><\/article><\/div><\/div>","protected":false},"excerpt":{"rendered":"<p>O terapeuta Jos\u00e9 L\u00f3pez explica o efeito que as terapias intensivas t\u00eam na recupera\u00e7\u00e3o de pessoas ap\u00f3s uma les\u00e3o cerebral. H\u00e1 alguns anos, come\u00e7ou a se estudar com mais frequ\u00eancia o efeito que as terapias intensivas t\u00eam na recupera\u00e7\u00e3o de pessoas ap\u00f3s uma les\u00e3o cerebral. Os resultados desses estudos come\u00e7am a mostrar o enorme potencial &hellip;<\/p>\n","protected":false},"author":298,"featured_media":40882,"comment_status":"open","ping_status":"open","sticky":false,"template":"","format":"standard","meta":{"_acf_changed":false,"_genesis_hide_title":false,"_genesis_hide_breadcrumbs":false,"_genesis_hide_singular_image":false,"_genesis_hide_footer_widgets":false,"_genesis_custom_body_class":"","_genesis_custom_post_class":"","_genesis_layout":"","footnotes":""},"categories":[559],"tags":[597,565],"class_list":{"2":"type-post","7":"category-noticias-de-estimulacao-cognitiva","8":"tag-neuropsicologia","9":"tag-reabilitacao-cognitiva","10":"entry"},"acf":[],"_links":{"self":[{"href":"https:\/\/neuronup.com\/br\/wp-json\/wp\/v2\/posts\/33667","targetHints":{"allow":["GET"]}}],"collection":[{"href":"https:\/\/neuronup.com\/br\/wp-json\/wp\/v2\/posts"}],"about":[{"href":"https:\/\/neuronup.com\/br\/wp-json\/wp\/v2\/types\/post"}],"author":[{"embeddable":true,"href":"https:\/\/neuronup.com\/br\/wp-json\/wp\/v2\/users\/298"}],"replies":[{"embeddable":true,"href":"https:\/\/neuronup.com\/br\/wp-json\/wp\/v2\/comments?post=33667"}],"version-history":[{"count":0,"href":"https:\/\/neuronup.com\/br\/wp-json\/wp\/v2\/posts\/33667\/revisions"}],"wp:featuredmedia":[{"embeddable":true,"href":"https:\/\/neuronup.com\/br\/wp-json\/wp\/v2\/media\/40882"}],"wp:attachment":[{"href":"https:\/\/neuronup.com\/br\/wp-json\/wp\/v2\/media?parent=33667"}],"wp:term":[{"taxonomy":"category","embeddable":true,"href":"https:\/\/neuronup.com\/br\/wp-json\/wp\/v2\/categories?post=33667"},{"taxonomy":"post_tag","embeddable":true,"href":"https:\/\/neuronup.com\/br\/wp-json\/wp\/v2\/tags?post=33667"}],"curies":[{"name":"wp","href":"https:\/\/api.w.org\/{rel}","templated":true}]}}