{"id":33437,"date":"2024-10-09T15:08:47","date_gmt":"2024-10-09T13:08:47","guid":{"rendered":"https:\/\/neuronup.com\/?p=33437"},"modified":"2024-10-09T15:08:47","modified_gmt":"2024-10-09T13:08:47","slug":"percepcao-social-e-esquizofrenia","status":"publish","type":"post","link":"https:\/\/neuronup.com\/br\/noticias-de-estimulacao-cognitiva\/doenca-mental\/esquizofrenia\/percepcao-social-e-esquizofrenia\/","title":{"rendered":"Percep\u00e7\u00e3o social na esquizofrenia"},"content":{"rendered":"\n<p class=\"has-xl-font-size wp-block-paragraph\">O doutor em psicologia Carlos Rebolleda apresenta a avalia\u00e7\u00e3o da <strong>percep\u00e7\u00e3o social<\/strong> e do <strong>conhecimento social<\/strong> na <strong>esquizofrenia<\/strong>.<\/p>\n\n\n\n<h2 class=\"wp-block-heading\">Defini\u00e7\u00e3o de percep\u00e7\u00e3o social na esquizofrenia<\/h2>\n\n\n\n<p class=\"wp-block-paragraph\">O termo <em><strong>percep\u00e7\u00e3o social<\/strong><\/em> refere-se \u00e0 <strong>capacidade do indiv\u00edduo de identificar pap\u00e9is sociais, regras sociais e contextos sociais<\/strong> (Green e Horan, 2010). Refere-se a processos perceptivos relacionados com a capacidade do sujeito de dirigir sua aten\u00e7\u00e3o para aqueles sinais-chave que podem ajud\u00e1-lo a interpretar adequadamente as diferentes situa\u00e7\u00f5es sociais em que esteja envolvido.<\/p>\n\n\n\n<h3 class=\"wp-block-heading\">Fases<\/h3>\n\n\n\n<p class=\"wp-block-paragraph\">Implica duas fases, a primeira delas baseia-se na <strong>categoriza\u00e7\u00e3o do comportamento percebido<\/strong>; a segunda est\u00e1 relacionada com l<strong>a avalia\u00e7\u00e3o&nbsp; de se tal comportamento se deve a estados est\u00e1veis ou fatores contextuais,<\/strong> sendo essa fase a que imp\u00f5e ao sujeito maior custo, uma vez que requer uma avalia\u00e7\u00e3o atribucional (Bellack, Blanchard e Mueser, 1996; Newman e Uleman, 1993).<\/p>\n\n\n\n<h3 class=\"wp-block-heading\">Conhecimento social<\/h3>\n\n\n\n<p class=\"wp-block-paragraph\">A percep\u00e7\u00e3o social geralmente est\u00e1 associada a outro dom\u00ednio da <a href=\"https:\/\/neuronup.com\/br\/areas-de-intervencao\/funcoes-cognitivas\/cognicao-social\/\" target=\"_blank\" rel=\"noopener\">cogni\u00e7\u00e3o social<\/a> denominado <em>conhecimento social ou esquema social<\/em>, considerado como a capacidade de identificar os diversos componentes que podem constituir uma situa\u00e7\u00e3o social (Corrigan e Green, 1993; Green e cols, 2005).<\/p>\n\n\n\n<p class=\"wp-block-paragraph\">Para que o sujeito possa <strong>identificar corretamente os sinais<\/strong> sociais de um determinado contexto, <strong>\u00e9 imprescind\u00edvel que ele possua conhecimento sobre o que \u00e9 habitual nessa situa\u00e7\u00e3o.<\/strong> Portanto, o conhecimento social \u00e9 a capacidade que permite ao indiv\u00edduo orientar-se numa situa\u00e7\u00e3o social, guiando-o quanto ao papel que ocupa, \u00e0s regras que deve seguir, \u00e0s raz\u00f5es pelas quais se encontra nessa situa\u00e7\u00e3o e ao comportamento que deve mostrar nela.<\/p>\n\n\n\n<h2 class=\"wp-block-heading\">Avalia\u00e7\u00e3o da percep\u00e7\u00e3o social na esquizofrenia<\/h2>\n\n\n\n<p class=\"wp-block-paragraph\">Alguns testes t\u00eam como finalidade medir a percep\u00e7\u00e3o social e outros o conhecimento social. Os testes que t\u00eam sido habitualmente empregados para medir esses componentes foram os seguintes:<\/p>\n\n\n\n<h3 class=\"wp-block-heading\">Test de Reconhecimento de Indica\u00e7\u00e3o Social (Social Cues Recognition Test, SCRT) (Corrigan e Green, 1993)<\/h3>\n\n\n\n<p class=\"wp-block-paragraph\">Projetado para medir a percep\u00e7\u00e3o social. Consiste em oito situa\u00e7\u00f5es de dois a tr\u00eas minutos, apresentadas ao sujeito em v\u00eddeo, nas quais aparecem duas ou tr\u00eas pessoas conversando entre si. Ap\u00f3s a visualiza\u00e7\u00e3o de cada situa\u00e7\u00e3o deve-se responder a um question\u00e1rio composto por 36 perguntas de verdadeiro ou falso sobre a presen\u00e7a de indica\u00e7\u00f5es sociais concretas e abstratas.<\/p>\n\n\n\n<h3 class=\"wp-block-heading\">Videotape Affect Perception Test (VAPT) (Bellack e cols, 1996)<\/h3>\n\n\n\n<p class=\"wp-block-paragraph\">Mede percep\u00e7\u00e3o social. Nele s\u00e3o apresentadas aos sujeitos 30 cenas de filmes e programas de televis\u00e3o nas quais surge uma intera\u00e7\u00e3o breve entre duas pessoas, uma das quais apresenta respostas afetivas que podem variar de muito agrad\u00e1veis a muito desagrad\u00e1veis. Ap\u00f3s cada uma dessas cenas deve-se avaliar a agradabilidade-desagradabilidade e ativa\u00e7\u00e3o-adiormecimento das mesmas numa escala de nove pontos. Finalmente, pede-se avaliar a cena escolhendo qual seria a emo\u00e7\u00e3o b\u00e1sica que mais se adequa a ela.<\/p>\n\n\n\n<h3 class=\"wp-block-heading\">The Half-Profile of Nonverbal Sensivity (PONS) (Ambady, Hallahan e Rosenthal, 1995; Rosenthal e cols, 1979):<\/h3>\n\n\n\n<p class=\"wp-block-paragraph\">Instrumento projetado para medir a percep\u00e7\u00e3o social. \u00c9 composto por 110 cenas gravadas em v\u00eddeo que cont\u00eam express\u00f5es faciais, entona\u00e7\u00f5es e gestos realizados por uma mulher. Ap\u00f3s a visualiza\u00e7\u00e3o de cada cena s\u00e3o dadas duas poss\u00edveis op\u00e7\u00f5es de resposta ao sujeito e este deve escolher qual das duas descreve melhor a situa\u00e7\u00e3o exposta.<\/p>\n\n\n\n<h3 class=\"wp-block-heading\">Relationships Across Domains (RAD) (Sergi e cols, 2009):<\/h3>\n\n\n\n<p class=\"wp-block-paragraph\">Avalia percep\u00e7\u00e3o social. Trata-se de um teste de 75 itens concebido para medir a compet\u00eancia do sujeito para perceber sinais sociais discretos, como a postura ou os gestos das m\u00e3os. S\u00e3o apresentadas, em forma de vinhetas, 25 intera\u00e7\u00f5es sociais realizadas entre um homem e uma mulher. Ap\u00f3s a apresenta\u00e7\u00e3o de cada vinheta, s\u00e3o feitas tr\u00eas perguntas sobre poss\u00edveis comportamentos que os integrantes do par poderiam realizar, e deve inferir-se se os personagens chegariam a executar essas condutas.<\/p>\n\n\n\n<h3 class=\"wp-block-heading\">Schema Comprension Sequencing Test-Revised (SCRT-R) (Corrigan e Addis, 1995): Creada para medir el conocimiento social.<\/h3>\n\n\n\n<p class=\"wp-block-paragraph\">Constitui-se por 12 cart\u00f5es que, por sua vez, descrevem diferentes situa\u00e7\u00f5es sociais (por exemplo: ir ao cinema, ir \u00e0s compras). Na aplica\u00e7\u00e3o desse teste manipulam-se duas vari\u00e1veis: a primeira \u00e9 a extens\u00e3o da sequ\u00eancia apresentada, podendo ser sequ\u00eancias curtas ou longas. A segunda \u00e9 a informa\u00e7\u00e3o contextual fornecida previamente ao sujeito, j\u00e1 que alguns cart\u00f5es est\u00e3o titulados e outros n\u00e3o. O tempo empregado pelo sujeito para completar a tarefa e o n\u00famero de a\u00e7\u00f5es corretas consecutivas s\u00e3o os fatores considerados para avaliar seu desempenho.<\/p>\n\n\n\n<h3 class=\"wp-block-heading\">Test de Reconhecimento de caracter\u00edsticas situacionais (Situational Features Recognition Test, SFRT) (Corrigan e Green, 1993; Corrigan, Buicam e Toomey, 1996):<\/h3>\n\n\n\n<p class=\"wp-block-paragraph\">Mede conhecimento social. \u00c9 um teste de papel e l\u00e1pis no qual se pede aos participantes que identifiquem caracter\u00edsticas de uma lista composta por cinco situa\u00e7\u00f5es que podem ser familiares ao sujeito (por exemplo, ler numa biblioteca), e outras quatro que dificilmente lhe seriam conhecidas (por exemplo, construir um iglu). A lista a ser completada inclui seis caracter\u00edsticas e oito elementos distratores que, por sua vez, correspondem a a\u00e7\u00f5es, pap\u00e9is, regras e objetivos relacionados com cada uma das situa\u00e7\u00f5es expostas.<\/p>\n\n\n\n<div style=\"height:50px\" aria-hidden=\"true\" class=\"wp-block-spacer\"><\/div>\n\n\n\n<div class=\"wp-block-group br-0111 has-primary-background-color has-background has-dark-background has-sm-padding-top has-sm-padding-left has-sm-padding-right has-xxl-margin-top\"><div class=\"wp-block-group__inner-container is-layout-constrained wp-block-group-is-layout-constrained\">\n<div class=\"wp-block-columns is-layout-flex wp-container-core-columns-is-layout-8f761849 wp-block-columns-is-layout-flex\">\n<div class=\"wp-block-column is-layout-flow wp-block-column-is-layout-flow\">\n<figure class=\"wp-block-image size-full desktop-position-absolute desktop-bottom-0 mobile-width-50 mobile-m-inline-auto has-xl-margin-top\"><img decoding=\"async\" width=\"292\" height=\"338\" src=\"https:\/\/neuronup.com\/br\/wp-content\/uploads\/2024\/10\/certificado-de-produto.webp\" alt=\"\" class=\"wp-image-31568\" srcset=\"https:\/\/neuronup.com\/br\/wp-content\/uploads\/2024\/10\/certificado-de-produto-259x300.webp 259w, https:\/\/neuronup.com\/br\/wp-content\/uploads\/2024\/10\/certificado-de-produto.webp 292w\" sizes=\"(max-width: 292px) 100vw, 292px\" \/><\/figure>\n<\/div>\n\n\n\n<div class=\"wp-block-column is-layout-flow wp-block-column-is-layout-flow\">\n<h2 class=\"wp-block-heading has-white-color has-text-color\"><strong>Inscreva-se<\/strong> <br>na nossa <br>Newsletter<\/h2>\n\n\n\n<div class=\"wp-block-buttons is-layout-flex wp-block-buttons-is-layout-flex\">\n<div class=\"wp-block-button--1\" style=\"--button-outline-color:var(--color-white);--button-outline-color-hover:rgba(0,0,0,0.8);\"><a class=\"wp-block-button__link button button-outline   wp-element-button\" href=\"https:\/\/neuronup.com\/br\/newsletter\/\">Inscreva-se<\/a><\/div>\n\n<\/div>\n\n\n\n<div style=\"height:40px\" aria-hidden=\"true\" class=\"wp-block-spacer\"><\/div>\n<\/div>\n<\/div>\n<\/div><\/div>\n\n\n\n\n<div style=\"height:50px\" aria-hidden=\"true\" class=\"wp-block-spacer\"><\/div>\n\n\n\n<h2 class=\"wp-block-heading\">D\u00e9ficits em esquizofrenia<\/h2>\n\n\n\n<p class=\"wp-block-paragraph\">Ruiz e cols (2006) referem que, dentro das duas <strong>fase<\/strong>s que integram a percep\u00e7\u00e3o social, os pacientes diagnosticados com esquizofrenia apresentam os maiores d\u00e9ficits na <strong>fase que se encarrega de decidir se o comportamento se deve a estados est\u00e1veis ou fatores situacionais<\/strong>, devido \u00e0 sua dificuldade em modificar as primeiras impress\u00f5es.<\/p>\n\n\n\n<p class=\"wp-block-paragraph\">Diversas investiga\u00e7\u00f5es colocaram em evid\u00eancia que a capacidade desses pacientes de usar informa\u00e7\u00e3o contextual \u00e9 deficiente (Penn e cols, 2002), chegando a investir mais tempo nas caracter\u00edsticas menos relevantes (Phillips e David, 1998) e mostrando d\u00e9ficits importantes na captura de informa\u00e7\u00e3o abstrata ou que lhes seja desconhecida (Nuechterlein e Dawson, 1984). Todos esses aspetos contribuem para criar uma percep\u00e7\u00e3o deficiente de est\u00edmulos sociais relevantes.<\/p>\n\n\n\n<h2 class=\"wp-block-heading\">Bibliografia<\/h2>\n\n\n\n<ul class=\"wp-block-list has-sm-font-size\">\n<li>Ambady, N., Hallahan, M., e Rosenthal, R. (1995). On judging and being judged accurately in zero-acquaintance situations. <em>Journal of Personality and Social Psychology<\/em>, <em>69<\/em>(3), 518-529.<\/li>\n\n\n\n<li>Bellack, A. S., Blanchard, J. J., e Mueser, K. T. (1996). Cue availability and affect perception in schizophrenia. <em>Schizophrenia Bulletin, 22<\/em>(3), 535-544.<\/li>\n\n\n\n<li>Corrigan, P. W., e Addis, I. B. (1995). The effects of cognitive complexity on a social sequencing task in schizophrenia. <em>Schizophrenia Research, 16<\/em>(2), 137-144<\/li>\n\n\n\n<li>Corrigan, P. W., Buicam, B., e Toomey, R. (1996). Construct validity of two test of social cognition in schizophrenia. <em>Psychiatry Research, 63<\/em>(1), 77-82<\/li>\n\n\n\n<li>Corrigan, P. W., e Green, M. F. (1993). Schizophrenic patient\u2019s sensivity to social cues: the role of abstraction. <em>American Journal of Psychiatry, 150<\/em>(4), 589-594<\/li>\n\n\n\n<li>Green, M. F., e Horan, W. P. (2010). Social cognition in schizophrenia. <em>Current Directions in Psychological Science, 19<\/em>(4), 243-248.<\/li>\n\n\n\n<li>Green, M. F., Olivier, B., Crawley, J. N., Penn, D. L., e Silverstein, S. (2005). Social cognition in schizophrenia: recommendations from the measurement and treatment research to improve cognition in schizophrenia new approaches conference. <em>Schizophrenia Bulletin, 31<\/em>(4), 882-887.<\/li>\n\n\n\n<li>Newman, L. S., e Uleman, J. S. (1993). When are you what you did? Behavior identification and dispositional inference in person memory, attribution, and social judgment. <em>Personality and Social Psychology Bulletin, 19<\/em>(5), 513-525.<\/li>\n\n\n\n<li>Nuechterlein, K. H., e Dawson, M. E. (1984). Information processing and attentional functioning in the developmental course of schizophrenics disorders. <em>Schizophrenia Bulletin, 10<\/em>(2), 160-203.<\/li>\n\n\n\n<li>Penn, D. L., Ritchie, M., Francis, J., Combs, D., e Martin, J. (2002). Social perception in schizophrenia: the role of the context. <em>Psychiatry Research, 109<\/em>(2), 149-159<\/li>\n\n\n\n<li>Phillips, M. L., e David, A. S. (1998). Abnormal visual scan paths: a psychological marker of delusions in schizophrenia. <em>Schizophrenia Research, 29<\/em>(3), 235-245.<\/li>\n\n\n\n<li>Rosenthal, R., Hall, J. A., DiMatteo, M. R., Rogers, P. L., e Archer, D. (1979). <em>Sensitivity to nonverbal communication: the PONS test<\/em>. Baltimore, MD: Johns Hopkins University Press.<\/li>\n\n\n\n<li>Ruiz, J. C., Garc\u00eda, S., e Fuentes, I. (2006). La relevancia de la cognici\u00f3n social en la esquizofrenia. <em>Apuntes de Psicolog\u00eda, 24<\/em>(1-3), 137-155<\/li>\n\n\n\n<li>Sergi, M. J., Fiske, A. P., Horan, W. P., Kern, R. S., Kee, K. S., Subotnik, K. L., e Green, M. F. (2009). Development of a measure of relationship perception in schizophrenia. <em>Psychiatry Research<\/em>, <em>166<\/em>(1), 54-62.<\/li>\n<\/ul>\n\n<h3 class=\"wp-block-heading\">Se voc\u00ea gostou deste post sobre percep\u00e7\u00e3o social e cogni\u00e7\u00e3o social na esquizofrenia, talvez se interesse por estes artigos da NeuronUP.<\/h3>\n\n<div class=\"mai-grid entries entries-grid has-boxed has-image-full\" style=\"--entry-title-font-size:var(--font-size-lg);--align-text:start;--entry-meta-text-align:start;\"><div class=\"entries-wrap has-columns\" style=\"--columns-xs:1 \/ 1;--columns-sm:1 \/ 1;--columns-md:1 \/ 3;--columns-lg:1 \/ 3;--flex-xs:0 0 var(--flex-basis);--flex-sm:0 0 var(--flex-basis);--flex-md:0 0 var(--flex-basis);--flex-lg:0 0 var(--flex-basis);--column-gap:var(--spacing-lg);--row-gap:var(--spacing-lg);--align-columns:start;\"><article class=\"entry entry-grid is-column has-entry-link has-image has-image-first type-post category-linhas-de-investigacao tag-investigacion tag-noticias-de-neuronup\" style=\"--entry-index:1;\" aria-label=\"O estudo da NeuronUP que antecipa a deteriora\u00e7\u00e3o cognitiva recebe um prestigioso reconhecimento internacional\" itemscope itemtype=\"https:\/\/schema.org\/CreativeWork\"><a class=\"entry-image-link\" href=\"https:\/\/neuronup.com\/br\/investigacao\/linhas-de-investigacao\/o-estudo-de-neuronup-que-antecipa-o-deterioro-cognitivo-recebe-um-prestigioso-reconhecimento-internacional\/\" tabindex=\"-1\" aria-hidden=\"true\"><img decoding=\"async\" width=\"400\" height=\"300\" src=\"https:\/\/neuronup.com\/br\/wp-content\/uploads\/2025\/04\/Wiley-Top-Viewed-Article-Jesus-Cortes-El-estudio-de-NeuronUP-que-anticipa-el-deterioro-cognitivo-recibe-un-prestigioso-reconocimiento-internacional-400x300.webp\" class=\"entry-image size-landscape-sm\" alt=\"Captura de tela de um artigo da Wiley com Jes\u00fas Cort\u00e9s e o estudo da NeuronUP sobre a previs\u00e3o do decl\u00ednio cognitivo.\" srcset=\"https:\/\/neuronup.com\/br\/wp-content\/uploads\/2025\/04\/Wiley-Top-Viewed-Article-Jesus-Cortes-El-estudio-de-NeuronUP-que-anticipa-el-deterioro-cognitivo-recibe-un-prestigioso-reconocimiento-internacional-400x300.webp 400w, https:\/\/neuronup.com\/br\/wp-content\/uploads\/2025\/04\/Wiley-Top-Viewed-Article-Jesus-Cortes-El-estudio-de-NeuronUP-que-anticipa-el-deterioro-cognitivo-recibe-un-prestigioso-reconocimiento-internacional-800x600.webp 800w, https:\/\/neuronup.com\/br\/wp-content\/uploads\/2025\/04\/Wiley-Top-Viewed-Article-Jesus-Cortes-El-estudio-de-NeuronUP-que-anticipa-el-deterioro-cognitivo-recibe-un-prestigioso-reconocimiento-internacional-1200x900.webp 1200w\" sizes=\"(max-width:599px) 599px, (min-width:600px) and (max-width: 799px) 799px, (min-width:800px) and (max-width: 999px) 333px, (min-width:1000px) 400px\" \/><\/a><div class=\"entry-wrap entry-wrap-grid\"><h3 class=\"entry-title\" itemprop=\"headline\"><a class=\"entry-title-link\" href=\"https:\/\/neuronup.com\/br\/investigacao\/linhas-de-investigacao\/o-estudo-de-neuronup-que-antecipa-o-deterioro-cognitivo-recebe-um-prestigioso-reconhecimento-internacional\/\" rel=\"bookmark\">O estudo da NeuronUP que antecipa a deteriora\u00e7\u00e3o cognitiva recebe um prestigioso reconhecimento internacional<\/a><\/h3>\n<\/div><\/article><article class=\"entry entry-grid is-column has-entry-link has-image has-image-first type-post category-para-avc tag-actividades-de-estimulacion-cognitiva tag-dano-cerebral-adquirido tag-ictus tag-rehabilitacion-cognitiva\" style=\"--entry-index:2;\" aria-label=\"14 exerc\u00edcios de reabilita\u00e7\u00e3o ap\u00f3s um AVC\" itemscope itemtype=\"https:\/\/schema.org\/CreativeWork\"><a class=\"entry-image-link\" href=\"https:\/\/neuronup.com\/br\/atividades-de-neurorreabilitacao\/para-avc\/14-exercicios-de-reabilitacao-depois-de-um-ictus\/\" tabindex=\"-1\" aria-hidden=\"true\"><img decoding=\"async\" width=\"400\" height=\"300\" src=\"https:\/\/neuronup.com\/br\/wp-content\/uploads\/2022\/04\/Ordena-la-estanteria-400x300.webp\" class=\"entry-image size-landscape-sm\" alt=\"Estante de madeira em design de grade com vasos roxos, livros verdes e laranjas e um espelho \u00e0 direita.\" srcset=\"https:\/\/neuronup.com\/br\/wp-content\/uploads\/2022\/04\/Ordena-la-estanteria-400x300.webp 400w, https:\/\/neuronup.com\/br\/wp-content\/uploads\/2022\/04\/Ordena-la-estanteria-800x600.webp 800w, https:\/\/neuronup.com\/br\/wp-content\/uploads\/2022\/04\/Ordena-la-estanteria-1200x900.webp 1200w\" sizes=\"(max-width:599px) 599px, (min-width:600px) and (max-width: 799px) 799px, (min-width:800px) and (max-width: 999px) 333px, (min-width:1000px) 400px\" \/><\/a><div class=\"entry-wrap entry-wrap-grid\"><h3 class=\"entry-title\" itemprop=\"headline\"><a class=\"entry-title-link\" href=\"https:\/\/neuronup.com\/br\/atividades-de-neurorreabilitacao\/para-avc\/14-exercicios-de-reabilitacao-depois-de-um-ictus\/\" rel=\"bookmark\">14 exerc\u00edcios de reabilita\u00e7\u00e3o ap\u00f3s um AVC<\/a><\/h3>\n<\/div><\/article><article class=\"entry entry-grid is-column has-entry-link has-image has-image-first type-post category-doencas-neurodegenerativas tag-demencia tag-enfermedades-neurodegenerativas tag-maiores\" style=\"--entry-index:3;\" aria-label=\"Decl\u00ednio cognitivo leve (DCL) ou dem\u00eancia: diferen\u00e7as cl\u00ednicas, diagn\u00f3stico e estimula\u00e7\u00e3o cognitiva\" itemscope itemtype=\"https:\/\/schema.org\/CreativeWork\"><a class=\"entry-image-link\" href=\"https:\/\/neuronup.com\/br\/noticias-de-estimulacao-cognitiva\/doencas-neurodegenerativas\/deterioro-cognitivo-leve-demencia-diferencas-clinicas-diagnostico-e-estimulacao-cognitiva\/\" tabindex=\"-1\" aria-hidden=\"true\"><img decoding=\"async\" width=\"400\" height=\"300\" src=\"https:\/\/neuronup.com\/br\/wp-content\/uploads\/2025\/05\/Deterioro-cognitivo-leve-o-demencia-diferencias-clinicas-diagnostico-y-estimulacion-cognitiva-400x300.webp\" class=\"entry-image size-landscape-sm\" alt=\"Ilustra\u00e7\u00e3o comparando deteriora\u00e7\u00e3o cognitiva leve e dem\u00eancia, com \u00eanfase em diferen\u00e7as cl\u00ednicas para a avalia\u00e7\u00e3o.\" srcset=\"https:\/\/neuronup.com\/br\/wp-content\/uploads\/2025\/05\/Deterioro-cognitivo-leve-o-demencia-diferencias-clinicas-diagnostico-y-estimulacion-cognitiva-400x300.webp 400w, https:\/\/neuronup.com\/br\/wp-content\/uploads\/2025\/05\/Deterioro-cognitivo-leve-o-demencia-diferencias-clinicas-diagnostico-y-estimulacion-cognitiva-800x600.webp 800w\" sizes=\"(max-width:599px) 599px, (min-width:600px) and (max-width: 799px) 799px, (min-width:800px) and (max-width: 999px) 333px, (min-width:1000px) 400px\" \/><\/a><div class=\"entry-wrap entry-wrap-grid\"><h3 class=\"entry-title\" itemprop=\"headline\"><a class=\"entry-title-link\" href=\"https:\/\/neuronup.com\/br\/noticias-de-estimulacao-cognitiva\/doencas-neurodegenerativas\/deterioro-cognitivo-leve-demencia-diferencas-clinicas-diagnostico-e-estimulacao-cognitiva\/\" rel=\"bookmark\">Decl\u00ednio cognitivo leve (DCL) ou dem\u00eancia: diferen\u00e7as cl\u00ednicas, diagn\u00f3stico e estimula\u00e7\u00e3o cognitiva<\/a><\/h3>\n<\/div><\/article><article class=\"entry entry-grid is-column has-entry-link has-image has-image-first type-post category-linhas-de-investigacao tag-doenca-de-alzheimer tag-enfermedades-neurodegenerativas tag-investigacion tag-maiores\" style=\"--entry-index:4;\" aria-label=\"Atividade f\u00edsica e Alzheimer pr\u00e9-cl\u00ednico: evid\u00eancia cient\u00edfica sobre quantos passos protegem o c\u00e9rebro\" itemscope itemtype=\"https:\/\/schema.org\/CreativeWork\"><a class=\"entry-image-link\" href=\"https:\/\/neuronup.com\/br\/investigacao\/linhas-de-investigacao\/atividade-fisica-e-alzheimer-preclinico-evidencia-cientifica-sobre-quantos-passos-protegem-o-cerebro\/\" tabindex=\"-1\" aria-hidden=\"true\"><img decoding=\"async\" width=\"400\" height=\"300\" src=\"https:\/\/neuronup.com\/br\/wp-content\/uploads\/2026\/01\/Actividad-fisica-y-alzheimer-preclinico-evidencia-cientifica-sobre-cuantos-pasos-protegen-el-cerebro.-Actividad-fisica-y-alzheimer.-NeuronUP-400x300.webp\" class=\"entry-image size-landscape-sm\" alt=\"Ilustra\u00e7\u00e3o: homem idoso correndo ao ar livre ao lado de um c\u00e9rebro, evidenciando atividade f\u00edsica e Alzheimer pr\u00e9-cl\u00ednico.\" srcset=\"https:\/\/neuronup.com\/br\/wp-content\/uploads\/2026\/01\/Actividad-fisica-y-alzheimer-preclinico-evidencia-cientifica-sobre-cuantos-pasos-protegen-el-cerebro.-Actividad-fisica-y-alzheimer.-NeuronUP-400x300.webp 400w, https:\/\/neuronup.com\/br\/wp-content\/uploads\/2026\/01\/Actividad-fisica-y-alzheimer-preclinico-evidencia-cientifica-sobre-cuantos-pasos-protegen-el-cerebro.-Actividad-fisica-y-alzheimer.-NeuronUP-800x600.webp 800w\" sizes=\"(max-width:599px) 599px, (min-width:600px) and (max-width: 799px) 799px, (min-width:800px) and (max-width: 999px) 333px, (min-width:1000px) 400px\" \/><\/a><div class=\"entry-wrap entry-wrap-grid\"><h3 class=\"entry-title\" itemprop=\"headline\"><a class=\"entry-title-link\" href=\"https:\/\/neuronup.com\/br\/investigacao\/linhas-de-investigacao\/atividade-fisica-e-alzheimer-preclinico-evidencia-cientifica-sobre-quantos-passos-protegem-o-cerebro\/\" rel=\"bookmark\">Atividade f\u00edsica e Alzheimer pr\u00e9-cl\u00ednico: evid\u00eancia cient\u00edfica sobre quantos passos protegem o c\u00e9rebro<\/a><\/h3>\n<\/div><\/article><article class=\"entry entry-grid is-column has-entry-link has-image has-image-first type-post category-atividades-de-neurorreabilitacao tag-actividades-de-estimulacion-cognitiva\" style=\"--entry-index:5;\" aria-label=\"12 Atividades de neurorehabilita\u00e7\u00e3o eficazes para tratar doen\u00e7as neurol\u00f3gicas\" itemscope itemtype=\"https:\/\/schema.org\/CreativeWork\"><a class=\"entry-image-link\" href=\"https:\/\/neuronup.com\/br\/atividades-de-neurorreabilitacao\/12-atividades-de-neurorrehabilitacao-efetivas-para-tratar-doencas-neurologicas\/\" tabindex=\"-1\" aria-hidden=\"true\"><img decoding=\"async\" width=\"400\" height=\"300\" src=\"https:\/\/neuronup.com\/br\/wp-content\/uploads\/2022\/09\/Actividades-NeuronUP-Ordena-la-cocina-400x300.webp\" class=\"entry-image size-landscape-sm\" alt=\"Interface do NeuronUP com a atividade ordenar a cozinha: pe\u00e7as de utens\u00edlios alinhadas para completar a sequ\u00eancia correta.\" srcset=\"https:\/\/neuronup.com\/br\/wp-content\/uploads\/2022\/09\/Actividades-NeuronUP-Ordena-la-cocina-400x300.webp 400w, https:\/\/neuronup.com\/br\/wp-content\/uploads\/2022\/09\/Actividades-NeuronUP-Ordena-la-cocina-800x600.webp 800w\" sizes=\"(max-width:599px) 599px, (min-width:600px) and (max-width: 799px) 799px, (min-width:800px) and (max-width: 999px) 333px, (min-width:1000px) 400px\" \/><\/a><div class=\"entry-wrap entry-wrap-grid\"><h3 class=\"entry-title\" itemprop=\"headline\"><a class=\"entry-title-link\" href=\"https:\/\/neuronup.com\/br\/atividades-de-neurorreabilitacao\/12-atividades-de-neurorrehabilitacao-efetivas-para-tratar-doencas-neurologicas\/\" rel=\"bookmark\">12 Atividades de neurorehabilita\u00e7\u00e3o eficazes para tratar doen\u00e7as neurol\u00f3gicas<\/a><\/h3>\n<\/div><\/article><article class=\"entry entry-grid is-column has-entry-link has-image has-image-first type-post category-linhas-de-investigacao tag-envejecimiento-normal tag-investigacion tag-maiores\" style=\"--entry-index:6;\" aria-label=\"Exerc\u00edcio f\u00edsico e decl\u00ednio cognitivo: como prescrever atividade f\u00edsica para proteger a sa\u00fade cerebral no envelhecimento\" itemscope itemtype=\"https:\/\/schema.org\/CreativeWork\"><a class=\"entry-image-link\" href=\"https:\/\/neuronup.com\/br\/investigacao\/linhas-de-investigacao\/exercicio-fisico-e-declinio-cognitivo-como-prescrever-atividade-fisica-para-proteger-a-saude-do-cerebro-no-envelhecimento\/\" tabindex=\"-1\" aria-hidden=\"true\"><img decoding=\"async\" width=\"400\" height=\"300\" src=\"https:\/\/neuronup.com\/br\/wp-content\/uploads\/2026\/02\/Ejercicio-fisico-y-deterioro-cognitivo-como-prescribir-actividad-fisica-para-proteger-la-salud-cerebral-en-el-envejecimiento-scaled-1-400x300.webp\" class=\"entry-image size-landscape-sm\" alt=\"Exerc\u00edcio f\u00edsico e deteriora\u00e7\u00e3o cognitiva: como prescrever atividade f\u00edsica para proteger a sa\u00fade cerebral no envelhecimento\" srcset=\"https:\/\/neuronup.com\/br\/wp-content\/uploads\/2026\/02\/Ejercicio-fisico-y-deterioro-cognitivo-como-prescribir-actividad-fisica-para-proteger-la-salud-cerebral-en-el-envejecimiento-scaled-1-400x300.webp 400w, https:\/\/neuronup.com\/br\/wp-content\/uploads\/2026\/02\/Ejercicio-fisico-y-deterioro-cognitivo-como-prescribir-actividad-fisica-para-proteger-la-salud-cerebral-en-el-envejecimiento-scaled-1-800x600.webp 800w, https:\/\/neuronup.com\/br\/wp-content\/uploads\/2026\/02\/Ejercicio-fisico-y-deterioro-cognitivo-como-prescribir-actividad-fisica-para-proteger-la-salud-cerebral-en-el-envejecimiento-scaled-1-1200x900.webp 1200w\" sizes=\"(max-width:599px) 599px, (min-width:600px) and (max-width: 799px) 799px, (min-width:800px) and (max-width: 999px) 333px, (min-width:1000px) 400px\" \/><\/a><div class=\"entry-wrap entry-wrap-grid\"><h3 class=\"entry-title\" itemprop=\"headline\"><a class=\"entry-title-link\" href=\"https:\/\/neuronup.com\/br\/investigacao\/linhas-de-investigacao\/exercicio-fisico-e-declinio-cognitivo-como-prescrever-atividade-fisica-para-proteger-a-saude-do-cerebro-no-envelhecimento\/\" rel=\"bookmark\">Exerc\u00edcio f\u00edsico e decl\u00ednio cognitivo: como prescrever atividade f\u00edsica para proteger a sa\u00fade cerebral no envelhecimento<\/a><\/h3>\n<\/div><\/article><\/div><\/div>","protected":false},"excerpt":{"rendered":"<p>O doutor em psicologia Carlos Rebolleda apresenta a avalia\u00e7\u00e3o da percep\u00e7\u00e3o social e do conhecimento social na esquizofrenia. Defini\u00e7\u00e3o de percep\u00e7\u00e3o social na esquizofrenia O termo percep\u00e7\u00e3o social refere-se \u00e0 capacidade do indiv\u00edduo de identificar pap\u00e9is sociais, regras sociais e contextos sociais (Green e Horan, 2010). Refere-se a processos perceptivos relacionados com a capacidade do &hellip;<\/p>\n","protected":false},"author":268,"featured_media":33438,"comment_status":"open","ping_status":"open","sticky":false,"template":"","format":"standard","meta":{"_acf_changed":false,"_genesis_hide_title":false,"_genesis_hide_breadcrumbs":false,"_genesis_hide_singular_image":false,"_genesis_hide_footer_widgets":false,"_genesis_custom_body_class":"","_genesis_custom_post_class":"","_genesis_layout":"","footnotes":""},"categories":[626],"tags":[713,771,698],"class_list":["type-post","category-esquizofrenia","tag-esquizofrenia","tag-evaluacion-neuropsicologica","tag-psicologia","entry"],"acf":[],"_links":{"self":[{"href":"https:\/\/neuronup.com\/br\/wp-json\/wp\/v2\/posts\/33437","targetHints":{"allow":["GET"]}}],"collection":[{"href":"https:\/\/neuronup.com\/br\/wp-json\/wp\/v2\/posts"}],"about":[{"href":"https:\/\/neuronup.com\/br\/wp-json\/wp\/v2\/types\/post"}],"author":[{"embeddable":true,"href":"https:\/\/neuronup.com\/br\/wp-json\/wp\/v2\/users\/268"}],"replies":[{"embeddable":true,"href":"https:\/\/neuronup.com\/br\/wp-json\/wp\/v2\/comments?post=33437"}],"version-history":[{"count":0,"href":"https:\/\/neuronup.com\/br\/wp-json\/wp\/v2\/posts\/33437\/revisions"}],"wp:featuredmedia":[{"embeddable":true,"href":"https:\/\/neuronup.com\/br\/wp-json\/wp\/v2\/media\/33438"}],"wp:attachment":[{"href":"https:\/\/neuronup.com\/br\/wp-json\/wp\/v2\/media?parent=33437"}],"wp:term":[{"taxonomy":"category","embeddable":true,"href":"https:\/\/neuronup.com\/br\/wp-json\/wp\/v2\/categories?post=33437"},{"taxonomy":"post_tag","embeddable":true,"href":"https:\/\/neuronup.com\/br\/wp-json\/wp\/v2\/tags?post=33437"}],"curies":[{"name":"wp","href":"https:\/\/api.w.org\/{rel}","templated":true}]}}