{"id":32927,"date":"2026-01-25T07:00:00","date_gmt":"2026-01-25T07:00:00","guid":{"rendered":"https:\/\/neuronup.com\/?p=32927"},"modified":"2026-01-25T07:00:00","modified_gmt":"2026-01-25T07:00:00","slug":"sindromes-do-hemisferio-direito-aaron-del-olmo-responde-as-duvidas","status":"publish","type":"post","link":"https:\/\/neuronup.com\/br\/formacao\/neuronup-academy\/sindromes-do-hemisferio-direito-aaron-del-olmo-responde-as-duvidas\/","title":{"rendered":"S\u00edndromes do hemisf\u00e9rio direito: Aar\u00f3n Del Olmo responde \u00e0s d\u00favidas"},"content":{"rendered":"\n<p class=\"has-xl-font-size\">O neuropsic\u00f3logo cl\u00ednico <strong>Aar\u00f3n F. Del Olmo<\/strong> responde \u00e0s d\u00favidas sobre sua palestra de <strong>S\u00edndromes do hemisf\u00e9rio direito<\/strong> na <strong>NeuronUP Academy<\/strong>.<\/p>\n\n\n\n<h2 class=\"wp-block-heading\">D\u00favidas sobre a palestra de S\u00edndromes do hemisf\u00e9rio direito de Aar\u00f3n Del Olmo<\/h2>\n\n\n\n<h3 class=\"wp-block-heading\">1. Gea L\u00f3pez: Voc\u00ea poderia me dar refer\u00eancias bibliogr\u00e1ficas? Embora eu saiba que voc\u00ea tenha dito que quase n\u00e3o havia nada.<\/h3>\n\n\n\n<p>Aqui v\u00e3o alguns artigos que definem muito bem o TAP e o DAMP<br \/>Crespo-Egu\u00edlaz, N., &amp; Narbona, J. (2009). Transtorno de aprendizagem procedimental: caracter\u00edsticas neuropsicol\u00f3gicas. Revista de Neurolog\u00eda, 49(8), 409-416.<\/p>\n\n\n\n<p>Crespo-Egu\u00edlaz, Nerea, Narbona, J., &amp; Magall\u00f3n, S. (2012). Disfun\u00e7\u00e3o da coer\u00eancia central em crian\u00e7as com transtorno de aprendizagem procedimental. Revista de neurolog\u00eda, 55(9), 513-Lucero, A. H. D., Melano, C. A., &amp; Simonini, M. C. E. (2011). S\u00edndrome de d\u00e9ficit de aten\u00e7\u00e3o, de controle motor e de percep\u00e7\u00e3o (DAMP):: perfil neuropsicol\u00f3gico. Revista de neurolog\u00eda, 52(1), 71-75. 519.<\/p>\n\n\n\n<div style=\"height:50px\" aria-hidden=\"true\" class=\"wp-block-spacer\"><\/div>\n\n\n\n<h3 class=\"wp-block-heading\">2. Cristina Ch\u00e9ol: Muito interessante tudo. Me deixou pensando em um paciente com sinais do hemisf\u00e9rio direito, 11 anos. Al\u00e9m da pros\u00f3dia e literalidade, soma-se dificuldade com os fonemas \/r\/ e \/g\/, trabalhados com fonoaudi\u00f3logo sem resultados significativos. Pode ser uma quest\u00e3o de automatismo pr\u00e1xico? Voc\u00ea poderia compartilhar algo mais para aprofundar o tema? Apresenta tamb\u00e9m atraso na aquisi\u00e7\u00e3o de outras habilidades motoras; as adquire, mas com efici\u00eancia deficit\u00e1ria. Obrigada.<\/h3>\n\n\n\n<p>Muitas vezes existe um atraso no desenvolvimento motor. Mas a quest\u00e3o est\u00e1 em buscar as causas. Nos perfis do hemisf\u00e9rio direito que mencionamos no curso, n\u00e3o haveria etiologia poss\u00edvel, e sim uma dificuldade acentuada para alcan\u00e7ar certos marcos motores e, sobretudo, para automatizar novas rotinas.<\/p>\n\n\n\n<div style=\"height:50px\" aria-hidden=\"true\" class=\"wp-block-spacer\"><\/div>\n\n\n\n<h3 class=\"wp-block-heading\">3. Adri\u00e1n Villalobos Olvera: Ao falar de Asperger, voc\u00ea comentou que, devido a altera\u00e7\u00f5es no ambiente, pode haver caracter\u00edsticas compat\u00edveis com Asperger sem ser Asperger. Com essa afirma\u00e7\u00e3o, seria poss\u00edvel concluir que Asperger como r\u00f3tulo se refere apenas a altera\u00e7\u00f5es do hemisf\u00e9rio direito? Muito obrigado.<\/h3>\n\n\n\n<p>H\u00e1 quem aponte que o Asperger apresenta um perfil do hemisf\u00e9rio direito. Mas, acredito que, em geral, \u00e9 precipitado supor, j\u00e1 que, a n\u00edvel comportamental, um padr\u00e3o semelhante pode ter causas diferentes. \u00c9 algo que s\u00f3 poderemos entender sob o ponto de vista do neurodesenvolvimento e dessa ideia somativa que mencionei: certos requisitos v\u00e3o sendo alcan\u00e7ados que permitem os seguintes, e, se n\u00e3o s\u00e3o atingidos, surgem problemas de adapta\u00e7\u00e3o ao ambiente.<\/p>\n\n\n\n<div style=\"height:50px\" aria-hidden=\"true\" class=\"wp-block-spacer\"><\/div>\n\n\n\n<h3 class=\"wp-block-heading\">4. Myriam Soria Tamayo: Essa s\u00edndrome pode afetar a lateralidade?<\/h3>\n\n\n\n<p>No que diz respeito \u00e0 cogni\u00e7\u00e3o egoc\u00eantrica, sim: a percep\u00e7\u00e3o corporal e de como o corpo se relaciona com o meio fica prejudicada.<\/p>\n\n\n\n<div style=\"height:50px\" aria-hidden=\"true\" class=\"wp-block-spacer\"><\/div>\n\n\n\n<h3 class=\"wp-block-heading\">5. Lorena Furi\u00f3 Zapata: Em um TANV, \u00e9 poss\u00edvel encontrar a motricidade fina afetada e n\u00e3o a grossa, ou vice-versa? Sendo assim, isso \u00e9 considerado um transtorno de coordena\u00e7\u00e3o motora? Com qual teste voc\u00ea avalia a coordena\u00e7\u00e3o motora? Muito obrigada.<\/h3>\n\n\n\n<p>Considera-se, segundo Narbona, que \u00e9 obrigat\u00f3rio ter um transtorno do desenvolvimento da coordena\u00e7\u00e3o motora para falar de TAP (equivalente ao TANV). Acredito que isso pode se apresentar de v\u00e1rias maneiras diferentes. Eu avaliaria usando a MACB-2.<\/p>\n\n\n\n<div style=\"height:50px\" aria-hidden=\"true\" class=\"wp-block-spacer\"><\/div>\n\n\n\n<h3 class=\"wp-block-heading\">6. Adriana Sierra Pacheco: Qual teste de avalia\u00e7\u00e3o neuropsicol\u00f3gica \u00e9 mais adequado para diagnosticar esse tipo de transtornos?<\/h3>\n\n\n\n<p>Acho que, por enquanto, devemos usar diferentes subtestes para observar a express\u00e3o do perfil cl\u00ednico, mas n\u00e3o h\u00e1 um teste determinante. De fato, com apenas um teste dificilmente conseguimos algo conclusivo.<\/p>\n\n\n\n<div style=\"height:50px\" aria-hidden=\"true\" class=\"wp-block-spacer\"><\/div>\n\n\n\n<h3 class=\"wp-block-heading\">7. Ma. de la Luz Garcia Juarez: A maioria dos s\u00edndromes do hemisf\u00e9rio direito \u00e9 trat\u00e1vel ou alguns s\u00e3o cur\u00e1veis?<\/h3>\n\n\n\n<p>Trat\u00e1veis. A express\u00e3o \u201ccur\u00e1vel\u201d se referiria a doen\u00e7a, e n\u00e3o se trata de doen\u00e7a, mas de formas diferentes de processar informa\u00e7\u00e3o e, com ela, se adaptar ao ambiente. Sempre \u00e9 poss\u00edvel melhorar com trabalho bem direcionado, embora existam dificuldades que possam persistir.<\/p>\n\n\n\n<div style=\"height:50px\" aria-hidden=\"true\" class=\"wp-block-spacer\"><\/div>\n\n\n\n<h3 class=\"wp-block-heading\">8. Paola Quezada Richart: Existe um instrumento para avaliar as fun\u00e7\u00f5es do hemisf\u00e9rio direito? Como avali\u00e1-lo em crian\u00e7as?<\/h3>\n\n\n\n<p>Recomendo usar v\u00e1rios subtestes que combinem coordena\u00e7\u00e3o visomotora, percep\u00e7\u00e3o visoespacial e aspectos da pragm\u00e1tica da linguagem.<\/p>\n\n\n\n<div style=\"height:50px\" aria-hidden=\"true\" class=\"wp-block-spacer\"><\/div>\n\n\n\n<h3 class=\"wp-block-heading\">9. Carolina Basurto Del Zoppo: Aar\u00f3n, estou prestes a terminar o mestrado em NPS no M\u00e9xico e, digamos, sairei como NPS geral. Que forma\u00e7\u00e3o voc\u00ea recomenda continuar para poder me direcionar especificamente \u00e0 \u00e1rea pedi\u00e1trica? Pensei em diplomados relacionados a NPS infantil ou mestrado em TCC de terceira gera\u00e7\u00e3o.<\/h3>\n\n\n\n<p>Bom, n\u00e3o sei como est\u00e3o as coisas no M\u00e9xico. Sei que aqui enfrentamos problemas no que diz respeito \u00e0 disciplina. Considero que as TCC de terceira gera\u00e7\u00e3o se afastam da NPS (s\u00e3o algo mais generalistas); buscaria algum especialista em NPS que te direcione \u00e0 \u00e1rea pedi\u00e1trica e que tenha muita pr\u00e1tica.<\/p>\n\n\n\n<div style=\"height:50px\" aria-hidden=\"true\" class=\"wp-block-spacer\"><\/div>\n\n\n\n<h3 class=\"wp-block-heading\">10. Adriana Lewtak: Quais testes neuropsicol\u00f3gicos espec\u00edficos voc\u00ea usa para discriminar o DAMP do TDAH?<\/h3>\n\n\n\n<p>Eu usaria a MACB-2 para observar os aspectos motores e a coordena\u00e7\u00e3o motora, bem como as informa\u00e7\u00f5es fornecidas pela fam\u00edlia para analisar a evolu\u00e7\u00e3o da crian\u00e7a em rela\u00e7\u00e3o ao desenvolvimento motor.<\/p>\n\n\n\n<div style=\"height:50px\" aria-hidden=\"true\" class=\"wp-block-spacer\"><\/div>\n\n\n\n<div class=\"wp-block-cover br-1010 has-sm-padding-top has-sm-padding-bottom has-sm-padding-left has-sm-padding-right\"><img decoding=\"async\" width=\"1280\" height=\"768\" sizes=\"(max-width: 600px) 100vw, 50vw\" class=\"wp-block-cover__image-background wp-image-31661 size-large\" alt=\"neuronup illustration background\" src=\"https:\/\/neuronup.com\/br\/wp-content\/uploads\/2024\/10\/neuronup-illustration-background.svg\" data-object-fit=\"cover\"\/><span aria-hidden=\"true\" class=\"wp-block-cover__background has-background-dim\" style=\"background-color:#005767\"><\/span><div class=\"wp-block-cover__inner-container is-layout-constrained wp-block-cover-is-layout-constrained\">\n<p class=\"has-xl-font-size\" style=\"letter-spacing:0.07rem\"><strong>Lan\u00e7amos NeuronUP Assessment!<\/strong><\/p>\n\n\n\n<div class=\"wp-block-columns are-vertically-aligned-center is-layout-flex wp-container-core-columns-is-layout-9d6595d7 wp-block-columns-is-layout-flex\">\n<div class=\"wp-block-column is-vertically-aligned-center has-white-color has-text-color has-link-color wp-elements-bd68cc8433c056f7c59b955812e8ea6c is-layout-flow wp-block-column-is-layout-flow\" style=\"flex-basis:70%\">\n<p class=\"has-no-margin-top has-no-margin-bottom\" style=\"letter-spacing:0.05rem\">O novo produto de Avalia\u00e7\u00e3o da NeuronUP.<\/p>\n\n\n\n<p class=\"has-text-align-left has-no-margin-top has-no-margin-bottom\" style=\"font-size:18px\">Solicite acesso para testar gratuitamente por tempo limitado.<\/p>\n<\/div>\n\n\n\n<div class=\"wp-block-column is-vertically-aligned-center is-layout-flow wp-block-column-is-layout-flow\" style=\"flex-basis:30%\">\n<div class=\"wp-block-buttons is-content-justification-center is-layout-flex wp-container-core-buttons-is-layout-16018d1d wp-block-buttons-is-layout-flex\">\n<div class=\"wp-block-button has-custom-width wp-block-button__width-100\" style=\"--button-color:#01606f;--button-background:var(--color-white);--button-background-hover:#e6e6e6;\"><a class=\"wp-block-button__link button    has-link-color wp-element-button\" href=\"https:\/\/neuronup.com\/br\/neuronup-assessment\/solicitar-acesso\/\" style=\"color:#01606f\"><strong>Solicite acceso<\/strong><\/a><\/div>\n\n<\/div>\n<\/div>\n<\/div>\n<\/div><\/div>\n\n\n\n<div style=\"height:50px\" aria-hidden=\"true\" class=\"wp-block-spacer\"><\/div>\n\n\n\n<h3 class=\"wp-block-heading\">11. Teresa Bou: Muito boa masterclass. Seria poss\u00edvel uma segunda sess\u00e3o em que falasse sobre a avalia\u00e7\u00e3o destes s\u00edndromes? Muito obrigada.<\/h3>\n\n\n\n<p>Para mim seria um prazer.<\/p>\n\n\n\n<div style=\"height:50px\" aria-hidden=\"true\" class=\"wp-block-spacer\"><\/div>\n\n\n\n<h3 class=\"wp-block-heading\">12. Mar\u00eda Teresa Espinosa: Bibliografia recomendada para o estudo do hemisf\u00e9rio direito e esquerdo, obrigada<\/h3>\n\n\n\n<p>Qualquer livro de neuropsicologia vai te fornecer informa\u00e7\u00f5es sobre essas especializa\u00e7\u00f5es. Desde o cl\u00e1ssico &#8220;Neuroci\u00eancia e comportamento&#8221; de Kandel at\u00e9 obras como &#8220;Neuroci\u00eancia cognitiva&#8221; de Redolar.<\/p>\n\n\n\n<div style=\"height:50px\" aria-hidden=\"true\" class=\"wp-block-spacer\"><\/div>\n\n\n\n<h3 class=\"wp-block-heading\">Felicitaci\u00f3n para terminar de Ana Mar\u00eda Iriberri: Um dos melhores expositores, aprendo sempre muito com Aar\u00f3n, mesmo que o tempo seja curto.<\/h3>\n\n\n\n<p>Obrigado por participar, Ana Mar\u00eda.<\/p>\n\n\n\n<div style=\"height:50px\" aria-hidden=\"true\" class=\"wp-block-spacer\"><\/div>\n\n\n\n<h3 class=\"wp-block-heading\">Se voc\u00ea gostou desta publica\u00e7\u00e3o sobre as respostas \u00e0s d\u00favidas da palestra de S\u00edndromes do hemisf\u00e9rio direito de Aar\u00f3n Del Olmo, certamente se interessar\u00e1 por mais palestras da NeuronUP Academy.<\/h3>\n\n<div class=\"mai-grid entries entries-grid has-boxed has-image-full\" style=\"--entry-title-font-size:var(--font-size-lg);--align-text:start;--entry-meta-text-align:start;\"><div class=\"entries-wrap has-columns\" style=\"--columns-xs:1\/1;--columns-sm:1\/1;--columns-md:1\/3;--columns-lg:1\/3;--flex-xs:0 0 var(--flex-basis);--flex-sm:0 0 var(--flex-basis);--flex-md:0 0 var(--flex-basis);--flex-lg:0 0 var(--flex-basis);--column-gap:var(--spacing-lg);--row-gap:var(--spacing-lg);--align-columns:start;\"><article class=\"entry entry-grid is-column has-entry-link has-image has-image-first type-post category-neuropsicologia tag-asperger tag-neuropsicologia\" style=\"--entry-index:1;\" aria-label=\"Sistema de Neur\u00f4nios Espelho: fun\u00e7\u00e3o, disfun\u00e7\u00e3o e propostas de reabilita\u00e7\u00e3o\" itemscope itemtype=\"https:\/\/schema.org\/CreativeWork\"><a class=\"entry-image-link\" href=\"https:\/\/neuronup.com\/br\/neurociencia\/neuropsicologia\/sistema-de-neuronios-espelho-funcao-disfuncao-e-propostas-de-reabilitacao\/\" tabindex=\"-1\" aria-hidden=\"true\"><img decoding=\"async\" width=\"400\" height=\"300\" src=\"https:\/\/neuronup.com\/br\/wp-content\/uploads\/2021\/03\/Sistema-de-Neuronios-Espelho-funcao-disfuncao-e-propostas-de-reabilitacao-400x300.webp\" class=\"entry-image size-landscape-sm\" alt=\"Dois perfis humanos frente a frente, com c\u00e9rebros iluminados em azul e feixes laranja conectando-se, em fundo escuro.\" srcset=\"https:\/\/neuronup.com\/br\/wp-content\/uploads\/2021\/03\/Sistema-de-Neuronios-Espelho-funcao-disfuncao-e-propostas-de-reabilitacao-400x300.webp 400w, https:\/\/neuronup.com\/br\/wp-content\/uploads\/2021\/03\/Sistema-de-Neuronios-Espelho-funcao-disfuncao-e-propostas-de-reabilitacao-800x600.webp 800w\" sizes=\"(max-width:599px) 599px, (min-width:600px) and (max-width: 799px) 799px, (min-width:800px) and (max-width: 999px) 333px, (min-width:1000px) 400px\" \/><\/a><div class=\"entry-wrap entry-wrap-grid\"><h3 class=\"entry-title\" itemprop=\"headline\"><a class=\"entry-title-link\" href=\"https:\/\/neuronup.com\/br\/neurociencia\/neuropsicologia\/sistema-de-neuronios-espelho-funcao-disfuncao-e-propostas-de-reabilitacao\/\" rel=\"bookmark\">Sistema de Neur\u00f4nios Espelho: fun\u00e7\u00e3o, disfun\u00e7\u00e3o e propostas de reabilita\u00e7\u00e3o<\/a><\/h3>\n<\/div><\/article><article class=\"entry entry-grid is-column has-entry-link has-image has-image-first type-post category-depoimentos tag-criancas tag-depoimentos tag-estimulacao-cognitiva\" style=\"--entry-index:2;\" aria-label=\"Otimizando a estimula\u00e7\u00e3o cognitiva: o papel da NeuronUP em nosso centro psicopedag\u00f3gico\" itemscope itemtype=\"https:\/\/schema.org\/CreativeWork\"><a class=\"entry-image-link\" href=\"https:\/\/neuronup.com\/br\/noticias-de-estimulacao-cognitiva\/depoimentos\/otimizando-a-estimulacao-cognitiva-o-papel-da-neuronup-em-nosso-centro-psicopedagogico\/\" tabindex=\"-1\" aria-hidden=\"true\"><img decoding=\"async\" width=\"400\" height=\"300\" src=\"https:\/\/neuronup.com\/br\/wp-content\/uploads\/2024\/12\/psicopedagogia-clinica-Brainkare-400x300.webp\" class=\"entry-image size-landscape-sm\" alt=\"Crian\u00e7a sentada \u00e0 mesa com laptop; tela mostra interface com c\u00edrculo e marcador, em ambiente de estudo com brinquedos.\" srcset=\"https:\/\/neuronup.com\/br\/wp-content\/uploads\/2024\/12\/psicopedagogia-clinica-Brainkare-400x300.webp 400w, https:\/\/neuronup.com\/br\/wp-content\/uploads\/2024\/12\/psicopedagogia-clinica-Brainkare-800x600.webp 800w, https:\/\/neuronup.com\/br\/wp-content\/uploads\/2024\/12\/psicopedagogia-clinica-Brainkare-1200x900.webp 1200w\" sizes=\"(max-width:599px) 599px, (min-width:600px) and (max-width: 799px) 799px, (min-width:800px) and (max-width: 999px) 333px, (min-width:1000px) 400px\" \/><\/a><div class=\"entry-wrap entry-wrap-grid\"><h3 class=\"entry-title\" itemprop=\"headline\"><a class=\"entry-title-link\" href=\"https:\/\/neuronup.com\/br\/noticias-de-estimulacao-cognitiva\/depoimentos\/otimizando-a-estimulacao-cognitiva-o-papel-da-neuronup-em-nosso-centro-psicopedagogico\/\" rel=\"bookmark\">Otimizando a estimula\u00e7\u00e3o cognitiva: o papel da NeuronUP em nosso centro psicopedag\u00f3gico<\/a><\/h3>\n<\/div><\/article><article class=\"entry entry-grid is-column has-entry-link has-image has-image-first type-post category-terapia-ocupacional tag-atividades-da-vida-diaria-avds tag-depoimentos tag-telerreabilitacao\" style=\"--entry-index:3;\" aria-label=\"Terapia ocupacional a domic\u00edlio: o que \u00e9 e como funciona\" itemscope itemtype=\"https:\/\/schema.org\/CreativeWork\"><a class=\"entry-image-link\" href=\"https:\/\/neuronup.com\/br\/noticias-de-estimulacao-cognitiva\/terapia-ocupacional\/terapia-ocupacional-a-domicilio-o-que-e-e-como-funciona\/\" tabindex=\"-1\" aria-hidden=\"true\"><img decoding=\"async\" width=\"400\" height=\"300\" src=\"https:\/\/neuronup.com\/br\/wp-content\/uploads\/2024\/12\/telerreabilitacao-NeuronUP-400x300.webp\" class=\"entry-image size-landscape-sm\" alt=\"Pessoa usando laptop em mesa, tela mostra interface de software; ao lado, caneca e disco externo laranja; bolsa ao fundo, foco na digita\u00e7\u00e3o.\" srcset=\"https:\/\/neuronup.com\/br\/wp-content\/uploads\/2024\/12\/telerreabilitacao-NeuronUP-400x300.webp 400w, https:\/\/neuronup.com\/br\/wp-content\/uploads\/2024\/12\/telerreabilitacao-NeuronUP-800x600.webp 800w\" sizes=\"(max-width:599px) 599px, (min-width:600px) and (max-width: 799px) 799px, (min-width:800px) and (max-width: 999px) 333px, (min-width:1000px) 400px\" \/><\/a><div class=\"entry-wrap entry-wrap-grid\"><h3 class=\"entry-title\" itemprop=\"headline\"><a class=\"entry-title-link\" href=\"https:\/\/neuronup.com\/br\/noticias-de-estimulacao-cognitiva\/terapia-ocupacional\/terapia-ocupacional-a-domicilio-o-que-e-e-como-funciona\/\" rel=\"bookmark\">Terapia ocupacional a domic\u00edlio: o que \u00e9 e como funciona<\/a><\/h3>\n<\/div><\/article><article class=\"entry entry-grid is-column has-entry-link has-image has-image-first type-post category-de-memoria tag-atividades-de-estimulacao-cognitiva tag-atividades-de-estimulacao-cognitiva-para-criancas tag-criancas tag-memoria tag-memoria-episodica tag-noticias-da-neuronup\" style=\"--entry-index:4;\" aria-label=\"Jogo de mem\u00f3ria epis\u00f3dica para crian\u00e7as: Sons escondidos\" itemscope itemtype=\"https:\/\/schema.org\/CreativeWork\"><a class=\"entry-image-link\" href=\"https:\/\/neuronup.com\/br\/atividades-de-neurorreabilitacao\/para-funcoes-cognitivas\/de-memoria\/jogo-de-memoria-episodica-para-criancas-sons-escondidos\/\" tabindex=\"-1\" aria-hidden=\"true\"><img decoding=\"async\" width=\"400\" height=\"225\" src=\"https:\/\/neuronup.com\/br\/wp-content\/uploads\/2024\/06\/Juego-Sonidos-escondidos.webp\" class=\"entry-image size-landscape-sm\" alt=\"Interface de jogo de sons em fundo claro de madeira, com grade de nove \u00edcones sonoros, controles superiores e contador de cora\u00e7\u00f5es.\" srcset=\"https:\/\/neuronup.com\/br\/wp-content\/uploads\/2024\/06\/Juego-Sonidos-escondidos-300x169.webp 300w, https:\/\/neuronup.com\/br\/wp-content\/uploads\/2024\/06\/Juego-Sonidos-escondidos-768x432.webp 768w, https:\/\/neuronup.com\/br\/wp-content\/uploads\/2024\/06\/Juego-Sonidos-escondidos-1024x576.webp 1024w, https:\/\/neuronup.com\/br\/wp-content\/uploads\/2024\/06\/Juego-Sonidos-escondidos.webp 1200w\" sizes=\"(max-width:599px) 599px, (min-width:600px) and (max-width: 799px) 799px, (min-width:800px) and (max-width: 999px) 333px, (min-width:1000px) 400px\" \/><\/a><div class=\"entry-wrap entry-wrap-grid\"><h3 class=\"entry-title\" itemprop=\"headline\"><a class=\"entry-title-link\" href=\"https:\/\/neuronup.com\/br\/atividades-de-neurorreabilitacao\/para-funcoes-cognitivas\/de-memoria\/jogo-de-memoria-episodica-para-criancas-sons-escondidos\/\" rel=\"bookmark\">Jogo de mem\u00f3ria epis\u00f3dica para crian\u00e7as: Sons escondidos<\/a><\/h3>\n<\/div><\/article><article class=\"entry entry-grid is-column has-entry-link has-image has-image-first type-post category-novidades-neuronup tag-congressos tag-estimulacao-cognitiva tag-tea\" style=\"--entry-index:5;\" aria-label=\"TEA, Tecnologia e Interven\u00e7\u00e3o Cognitiva: NeuronUP no Rio TEAMA 2025\" itemscope itemtype=\"https:\/\/schema.org\/CreativeWork\"><a class=\"entry-image-link\" href=\"https:\/\/neuronup.com\/br\/novidades-neuronup\/tea-tecnologia-e-intervencao-cognitiva-neuronup-no-rio-teama-2025\/\" tabindex=\"-1\" aria-hidden=\"true\"><img decoding=\"async\" width=\"400\" height=\"300\" src=\"https:\/\/neuronup.com\/br\/wp-content\/uploads\/2025\/05\/RioTEAma-400x300.webp\" class=\"entry-image size-landscape-sm\" alt=\"Folheto sobre neuronUP para neurorehabilita\u00e7\u00e3o; ao fundo, cora\u00e7\u00e3o colorido com palavras sobre autismo, em ambiente de evento.\" srcset=\"https:\/\/neuronup.com\/br\/wp-content\/uploads\/2025\/05\/RioTEAma-400x300.webp 400w, https:\/\/neuronup.com\/br\/wp-content\/uploads\/2025\/05\/RioTEAma-800x600.webp 800w, https:\/\/neuronup.com\/br\/wp-content\/uploads\/2025\/05\/RioTEAma-1200x900.webp 1200w\" sizes=\"(max-width:599px) 599px, (min-width:600px) and (max-width: 799px) 799px, (min-width:800px) and (max-width: 999px) 333px, (min-width:1000px) 400px\" \/><\/a><div class=\"entry-wrap entry-wrap-grid\"><h3 class=\"entry-title\" itemprop=\"headline\"><a class=\"entry-title-link\" href=\"https:\/\/neuronup.com\/br\/novidades-neuronup\/tea-tecnologia-e-intervencao-cognitiva-neuronup-no-rio-teama-2025\/\" rel=\"bookmark\">TEA, Tecnologia e Interven\u00e7\u00e3o Cognitiva: NeuronUP no Rio TEAMA 2025<\/a><\/h3>\n<\/div><\/article><article class=\"entry entry-grid is-column has-entry-link has-image has-image-first type-post\" style=\"--entry-index:6;\" aria-label=\"Leituras recomendadas sobre transtornos do neurodesenvolvimento\" itemscope itemtype=\"https:\/\/schema.org\/CreativeWork\"><div class=\"entry-wrap entry-wrap-grid\"><h3 class=\"entry-title\" itemprop=\"headline\"><a class=\"entry-title-link\" href=\"https:\/\/neuronup.com\/br\/uncategorized\/leituras-recomendadas-sobre-transtornos-do-neurodesenvolvimento\/\" rel=\"bookmark\">Leituras recomendadas sobre transtornos do neurodesenvolvimento<\/a><\/h3>\n<\/div><\/article><\/div><\/div>","protected":false},"excerpt":{"rendered":"<p>O neuropsic\u00f3logo cl\u00ednico Aar\u00f3n F. Del Olmo responde \u00e0s d\u00favidas sobre sua palestra de S\u00edndromes do hemisf\u00e9rio direito na NeuronUP Academy. D\u00favidas sobre a palestra de S\u00edndromes do hemisf\u00e9rio direito de Aar\u00f3n Del Olmo 1. Gea L\u00f3pez: Voc\u00ea poderia me dar refer\u00eancias bibliogr\u00e1ficas? Embora eu saiba que voc\u00ea tenha dito que quase n\u00e3o havia nada. &hellip;<\/p>\n","protected":false},"author":7,"featured_media":40971,"comment_status":"open","ping_status":"open","sticky":false,"template":"","format":"standard","meta":{"_acf_changed":false,"_genesis_hide_title":false,"_genesis_hide_breadcrumbs":false,"_genesis_hide_singular_image":false,"_genesis_hide_footer_widgets":false,"_genesis_custom_body_class":"","_genesis_custom_post_class":"","_genesis_layout":"","footnotes":""},"categories":[517],"tags":[701],"class_list":{"2":"type-post","7":"category-neuronup-academy","8":"tag-academia-neuronup","9":"entry"},"acf":[],"_links":{"self":[{"href":"https:\/\/neuronup.com\/br\/wp-json\/wp\/v2\/posts\/32927","targetHints":{"allow":["GET"]}}],"collection":[{"href":"https:\/\/neuronup.com\/br\/wp-json\/wp\/v2\/posts"}],"about":[{"href":"https:\/\/neuronup.com\/br\/wp-json\/wp\/v2\/types\/post"}],"author":[{"embeddable":true,"href":"https:\/\/neuronup.com\/br\/wp-json\/wp\/v2\/users\/7"}],"replies":[{"embeddable":true,"href":"https:\/\/neuronup.com\/br\/wp-json\/wp\/v2\/comments?post=32927"}],"version-history":[{"count":0,"href":"https:\/\/neuronup.com\/br\/wp-json\/wp\/v2\/posts\/32927\/revisions"}],"wp:featuredmedia":[{"embeddable":true,"href":"https:\/\/neuronup.com\/br\/wp-json\/wp\/v2\/media\/40971"}],"wp:attachment":[{"href":"https:\/\/neuronup.com\/br\/wp-json\/wp\/v2\/media?parent=32927"}],"wp:term":[{"taxonomy":"category","embeddable":true,"href":"https:\/\/neuronup.com\/br\/wp-json\/wp\/v2\/categories?post=32927"},{"taxonomy":"post_tag","embeddable":true,"href":"https:\/\/neuronup.com\/br\/wp-json\/wp\/v2\/tags?post=32927"}],"curies":[{"name":"wp","href":"https:\/\/api.w.org\/{rel}","templated":true}]}}