{"id":31012,"date":"2024-06-12T08:45:00","date_gmt":"2024-06-12T06:45:00","guid":{"rendered":"https:\/\/neuronup.com\/?p=31012"},"modified":"2024-06-12T08:45:00","modified_gmt":"2024-06-12T06:45:00","slug":"o-voluntariado-em-psiconed-transformando-vidas-atraves-da-neuropsicologia","status":"publish","type":"post","link":"https:\/\/neuronup.com\/br\/projetos\/zanzibar\/o-voluntariado-em-psiconed-transformando-vidas-atraves-da-neuropsicologia\/","title":{"rendered":"Voluntariado no PsicoNED: Transformando vidas por meio da neuropsicologia"},"content":{"rendered":"\n<p class=\"wp-block-paragraph\"><a href=\"https:\/\/neuronup.com\/br\/projetos\/zanzibar\/a-fundacao-ned-impulsiona-a-neurorrehabilitacao-em-zanzibar-um-programa-integral-para-criancas-com-hidrocefalia-e-espinha-bifida\/\">No nosso artigo anterior<\/a>, exploramos o compromisso da Funda\u00e7\u00e3o NED na coopera\u00e7\u00e3o sanit\u00e1ria na \u00c1frica Oriental, especialmente em Zanz\u00edbar. Desde os seus princ\u00edpios, o voluntariado sempre foi fundamental para o sucesso dos seus projetos, pois sem a dedica\u00e7\u00e3o e o esfor\u00e7o de muitas pessoas n\u00e3o ter\u00edamos alcan\u00e7ado o que temos hoje. Atualmente, os volunt\u00e1rios do PsicoNED est\u00e3o levando o seu compromisso a novas \u00e1reas, focando na <a href=\"https:\/\/nedfundacion.org\/psiconed-un-nuevo-programa-para-brindar-atencion-a-ninos-con-hidrocefalia-y-espina-bifida\/\">aten\u00e7\u00e3o neuropsicol\u00f3gica para crian\u00e7as com hidrocefalia e espinha b\u00edfida.<\/a> <\/p>\n\n\n\n<p class=\"wp-block-paragraph\">Desde os seus princ\u00edpios, o voluntariado sempre foi fundamental para o sucesso dos seus projetos, pois sem a dedica\u00e7\u00e3o e o esfor\u00e7o de muitas pessoas n\u00e3o ter\u00edamos alcan\u00e7ado o que temos hoje. Atualmente, os volunt\u00e1rios do PsicoNED est\u00e3o levando o seu compromisso a novas \u00e1reas, focando na aten\u00e7\u00e3o neuropsicol\u00f3gica para crian\u00e7as com hidrocefalia e espinha b\u00edfida.<\/p>\n\n\n\n<p class=\"wp-block-paragraph\">Nesta publica\u00e7\u00e3o queremos destacar o motor do nosso projeto PsicoNED: o voluntariado. Contaremos como os volunt\u00e1rios tornam poss\u00edvel este programa inovador, seus pap\u00e9is e responsabilidades, como voc\u00ea pode se juntar a n\u00f3s e o que implica uma estadia de coopera\u00e7\u00e3o com a nossa equipe.<\/p>\n\n\n\n<p class=\"wp-block-paragraph\">Continue lendo para descobrir mais sobre o nosso trabalho e como voc\u00ea pode fazer parte desta experi\u00eancia transformadora!<\/p>\n\n\n\n<h2 class=\"wp-block-heading\">O voluntariado no PsicoNED<\/h2>\n\n\n\n<p class=\"wp-block-paragraph\">O voluntariado no PsicoNED \u00e9 muito mais do que uma simples contribui\u00e7\u00e3o; \u00e9 um compromisso profundo com o bem\u2011estar e o desenvolvimento das crian\u00e7as da House of Hope. Os volunt\u00e1rios n\u00e3o s\u00f3 partilham os seus conhecimentos e experi\u00eancias, como tamb\u00e9m atuam como agentes de mudan\u00e7a e esperan\u00e7a para muitas fam\u00edlias.&nbsp;<\/p>\n\n\n\n<h3 class=\"wp-block-heading\">Como come\u00e7ou?<\/h3>\n\n\n\n<p class=\"wp-block-paragraph\">O voluntariado no PsicoNED surgiu como resposta a uma necessidade que a Funda\u00e7\u00e3o NED havia identificado desde que o projeto da House of Hope foi idealizado. Compreendemos que, para proporcionar um apoio integral \u00e0s crian\u00e7as com hidrocefalia e espinha b\u00edfida, primeiro dever\u00edamos dispor da infraestrutura e dos recursos adequados. Com essa vis\u00e3o clara, trabalh\u00e1mos incansavelmente para criar o ambiente prop\u00edcio para lan\u00e7ar esta ambiciosa iniciativa.&nbsp;<\/p>\n\n\n\n<p class=\"wp-block-paragraph\">A cria\u00e7\u00e3o da House of Hope foi um marco fundamental; este centro n\u00e3o s\u00f3 fornece alojamento e subsist\u00eancia \u00e0s fam\u00edlias mais vulner\u00e1veis, como tamb\u00e9m oferece servi\u00e7os de fisioterapia. Al\u00e9m disso, adapt\u00e1mos uma van para assegurar o transporte adequado de crian\u00e7as com mobilidade reduzida e equip\u00e1mos o centro com recursos tecnol\u00f3gicos para iniciar o programa de neurorreabilita\u00e7\u00e3o.&nbsp;<\/p>\n\n\n\n<p class=\"wp-block-paragraph\">Reconhecendo que a avalia\u00e7\u00e3o neuropsicol\u00f3gica era um passo crucial para desenhar interven\u00e7\u00f5es eficazes, lan\u00e7\u00e1mos um projeto de investiga\u00e7\u00e3o em colabora\u00e7\u00e3o com a Universidade Internacional de Val\u00eancia para desenhar um protocolo de avalia\u00e7\u00e3o espec\u00edfico para as crian\u00e7as com hidrocefalia e espinha b\u00edfida em Zanz\u00edbar. Em quatro miss\u00f5es de voluntariado, avali\u00e1mos mais de 100 crian\u00e7as e desenh\u00e1mos programas de interven\u00e7\u00e3o individualizados para 33 delas, que agora assistem a sess\u00f5es mensais de neurorreabilita\u00e7\u00e3o. Gra\u00e7as ao compromisso dos volunt\u00e1rios, cada crian\u00e7a recebe uma interven\u00e7\u00e3o adaptada \u00e0s suas necessidades espec\u00edficas.&nbsp;<\/p>\n\n\n\n<h3 class=\"wp-block-heading\">Objetivos e fun\u00e7\u00f5es do voluntariado <\/h3>\n\n\n\n<p class=\"wp-block-paragraph\">Os volunt\u00e1rios no PsicoNED t\u00eam objetivos diversos e adaptam\u2011se \u00e0s necessidades da House of Hope e \u00e0 sua pr\u00f3pria experi\u00eancia profissional. Os dois objetivos principais s\u00e3o:<\/p>\n\n\n\n<ol class=\"wp-block-list\">\n<li>Contribuir para o desenvolvimento do programa de aten\u00e7\u00e3o neuropsicol\u00f3gica na House of Hope.<\/li>\n\n\n\n<li>Fomentar a forma\u00e7\u00e3o cont\u00ednua das profissionais do centro vinculadas ao programa.<\/li>\n<\/ol>\n\n\n\n<p class=\"wp-block-paragraph\">Para atingir estes objetivos, os volunt\u00e1rios desempenham diversas fun\u00e7\u00f5es, incluindo:<\/p>\n\n\n\n<ol class=\"wp-block-list\">\n<li><strong>Interven\u00e7\u00e3o e supervis\u00e3o neuropsicol\u00f3gica: <\/strong>\n<ul class=\"wp-block-list\">\n<li>Avalia\u00e7\u00e3o neuropsicol\u00f3gica.<\/li>\n\n\n\n<li>Desenho de interven\u00e7\u00f5es personalizadas.<\/li>\n\n\n\n<li>Interven\u00e7\u00e3o neuropsicol\u00f3gica direta com pacientes usando a plataforma NeuronUP.<\/li>\n\n\n\n<li>Supervis\u00e3o das interven\u00e7\u00f5es realizadas pelo pessoal local.<\/li>\n<\/ul>\n<\/li>\n\n\n\n<li><strong>Forma\u00e7\u00e3o e desenvolvimento profissional:<\/strong>\n<ul class=\"wp-block-list\">\n<li>Capacita\u00e7\u00e3o cont\u00ednua da equipa em psicologia e no uso do NeuronUP.<\/li>\n<\/ul>\n<\/li>\n\n\n\n<li><strong>Organiza\u00e7\u00e3o e prepara\u00e7\u00e3o de material:<\/strong>\n<ul class=\"wp-block-list\">\n<li>Prepara\u00e7\u00e3o e organiza\u00e7\u00e3o do material necess\u00e1rio para as interven\u00e7\u00f5es.<\/li>\n<\/ul>\n<\/li>\n\n\n\n<li><strong>Reuni\u00f5es e coordena\u00e7\u00e3o:<\/strong>\n<ul class=\"wp-block-list\">\n<li>Reuni\u00f5es com agentes sociais e pessoal de sa\u00fade.<\/li>\n\n\n\n<li>Comunica\u00e7\u00e3o constante com a coordenadora do projeto na Espanha.<\/li>\n<\/ul>\n<\/li>\n\n\n\n<li><strong>Atividades comunit\u00e1rias:<\/strong>\n<ul class=\"wp-block-list\">\n<li>Visitas domicili\u00e1rias.<\/li>\n\n\n\n<li>Oficinas e atividades com as fam\u00edlias.<\/li>\n\n\n\n<li>Dete\u00e7\u00e3o de novas necessidades e proposta de futuras a\u00e7\u00f5es.<\/li>\n<\/ul>\n<\/li>\n<\/ol>\n\n\n\n<p class=\"wp-block-paragraph\">Cada miss\u00e3o \u00e9 \u00fanica e pode implicar a realiza\u00e7\u00e3o de quase todas estas fun\u00e7\u00f5es ou o aprofundamento em algumas conforme as necessidades do momento.&nbsp;<\/p>\n\n\n\n<div style=\"height:50px\" aria-hidden=\"true\" class=\"wp-block-spacer\"><\/div>\n\n\n\n<div class=\"wp-block-group br-0111 has-primary-background-color has-background has-dark-background has-sm-padding-top has-sm-padding-left has-sm-padding-right has-xxl-margin-top\"><div class=\"wp-block-group__inner-container is-layout-constrained wp-block-group-is-layout-constrained\">\n<div class=\"wp-block-columns is-layout-flex wp-container-core-columns-is-layout-8f761849 wp-block-columns-is-layout-flex\">\n<div class=\"wp-block-column is-layout-flow wp-block-column-is-layout-flow\">\n<figure class=\"wp-block-image size-full desktop-position-absolute desktop-bottom-0 mobile-width-50 mobile-m-inline-auto has-xl-margin-top\"><img decoding=\"async\" width=\"292\" height=\"338\" src=\"https:\/\/neuronup.com\/br\/wp-content\/uploads\/2024\/10\/certificado-de-produto.webp\" alt=\"\" class=\"wp-image-31568\" srcset=\"https:\/\/neuronup.com\/br\/wp-content\/uploads\/2024\/10\/certificado-de-produto-259x300.webp 259w, https:\/\/neuronup.com\/br\/wp-content\/uploads\/2024\/10\/certificado-de-produto.webp 292w\" sizes=\"(max-width: 292px) 100vw, 292px\" \/><\/figure>\n<\/div>\n\n\n\n<div class=\"wp-block-column is-layout-flow wp-block-column-is-layout-flow\">\n<h2 class=\"wp-block-heading has-white-color has-text-color\"><strong>Inscreva-se<\/strong> <br>na nossa <br>Newsletter<\/h2>\n\n\n\n<div class=\"wp-block-buttons is-layout-flex wp-block-buttons-is-layout-flex\">\n<div class=\"wp-block-button--1\" style=\"--button-outline-color:var(--color-white);--button-outline-color-hover:rgba(0,0,0,0.8);\"><a class=\"wp-block-button__link button button-outline   wp-element-button\" href=\"https:\/\/neuronup.com\/br\/newsletter\/\">Inscreva-se<\/a><\/div>\n\n<\/div>\n\n\n\n<div style=\"height:40px\" aria-hidden=\"true\" class=\"wp-block-spacer\"><\/div>\n<\/div>\n<\/div>\n<\/div><\/div>\n\n\n\n\n<div style=\"height:50px\" aria-hidden=\"true\" class=\"wp-block-spacer\"><\/div>\n\n\n\n<h2 class=\"wp-block-heading\">Estadias de coopera\u00e7\u00e3o<\/h2>\n\n\n\n<h3 class=\"wp-block-heading\">Como fazer parte da experi\u00eancia?<\/h3>\n\n\n\n<p class=\"wp-block-paragraph\">Participar de uma estadia de coopera\u00e7\u00e3o com o PsicoNED \u00e9 um processo simples e acess\u00edvel. Os interessados podem visitar a <a href=\"https:\/\/nedfundacion.org\/\">p\u00e1gina web da Funda\u00e7\u00e3o<\/a>, onde encontrar\u00e3o o formul\u00e1rio de inscri\u00e7\u00e3o na sec\u00e7\u00e3o de <a href=\"https:\/\/nedfundacion.org\/voluntariado\/\">&#8220;Voluntariado&#8221;<\/a>. Ap\u00f3s selecionar o projeto e preencher o formul\u00e1rio, entraremos em contato com voc\u00ea para uma Entrevista onde explicaremos o projeto em detalhe e avaliaremos se o seu perfil se adequa \u00e0s nossas necessidades.<\/p>\n\n\n\n<h3 class=\"wp-block-heading\">Como \u00e9 uma estadia habitual no PsicoNED?<\/h3>\n\n\n\n<p class=\"wp-block-paragraph\">Todas as estadias de coopera\u00e7\u00e3o realizam\u2011se em Unguja, Zanz\u00edbar, e geralmente duram aproximadamente 12 dias. Organizamos reuni\u00f5es pr\u00e9vias para orientar os volunt\u00e1rios sobre voos, alojamento e o planeamento das atividades.&nbsp;<\/p>\n\n\n\n<p class=\"wp-block-paragraph\">Durante as miss\u00f5es, os volunt\u00e1rios contam com o apoio constante da coordenadora do centro e da equipa em Espanha.<\/p>\n\n\n\n<p class=\"wp-block-paragraph\">Ao finalizar a miss\u00e3o, os volunt\u00e1rios podem continuar a colaborar no programa atrav\u00e9s de um grupo de trabalho colaborativo entre os volunt\u00e1rios e o pessoal da House of Hope. Estamos abertos a qualquer proposta que surja desta experi\u00eancia.<\/p>\n\n\n\n<h3 class=\"wp-block-heading\">Futuras linhas de a\u00e7\u00e3o do PsicoNED<\/h3>\n\n\n\n<p class=\"wp-block-paragraph\">Atualmente, concentramo\u2011nos em aperfei\u00e7oar a interven\u00e7\u00e3o neuropsicol\u00f3gica e na forma\u00e7\u00e3o do pessoal. No entanto, tamb\u00e9m estamos a desenvolver outras iniciativas, como:&nbsp;<\/p>\n\n\n\n<ul class=\"wp-block-list\">\n<li><strong>Oficina ocupacional para jovens:<\/strong> para fomentar a sua autonomia e desenvolvimento pessoal.<\/li>\n\n\n\n<li><strong>Grupo de apoio para mulheres: <\/strong>um espa\u00e7o de apoio m\u00fatuo para abordar temas relacionados com o bem\u2011estar, a parentalidade e a sa\u00fade mental.<\/li>\n\n\n\n<li><strong>Programa de coordena\u00e7\u00e3o entre fam\u00edlias e escolas: <\/strong>para garantir uma aten\u00e7\u00e3o integral e apoiar a integra\u00e7\u00e3o escolar das crian\u00e7as.<\/li>\n<\/ul>\n\n\n\n<p class=\"wp-block-paragraph\">A sua participa\u00e7\u00e3o \u00e9 crucial. Voc\u00ea pode juntar\u2011se \u00e0s nossas miss\u00f5es, apoiar atrav\u00e9s de recursos ou conhecimentos, ou simplesmente ajudar a divulgar a nossa miss\u00e3o. Cada contribui\u00e7\u00e3o tem um impacto significativo nas pessoas que apoiamos. Adorar\u00edamos responder a qualquer pergunta e dar\u2011lhe mais informa\u00e7\u00f5es sobre como pode envolver\u2011se no projeto!<\/p>\n\n\n\n<h3 class=\"wp-block-heading\">N\u00e3o perca <strong>outros conte\u00fados relacionados<\/strong> com o projeto de Zanz\u00edbar:<\/h3>\n\n<div class=\"mai-grid entries entries-grid has-boxed has-image-full\" style=\"--entry-title-font-size:var(--font-size-lg);--align-text:start;--entry-meta-text-align:start;\"><div class=\"entries-wrap has-columns\" style=\"--columns-xs:1 \/ 1;--columns-sm:1 \/ 1;--columns-md:1 \/ 3;--columns-lg:1 \/ 3;--flex-xs:0 0 var(--flex-basis);--flex-sm:0 0 var(--flex-basis);--flex-md:0 0 var(--flex-basis);--flex-lg:0 0 var(--flex-basis);--column-gap:var(--spacing-lg);--row-gap:var(--spacing-lg);--align-columns:start;\"><article class=\"entry entry-grid is-column has-entry-link has-image has-image-first type-post category-doencas-neurodegenerativas tag-demencia tag-enfermedades-neurodegenerativas tag-maiores\" style=\"--entry-index:1;\" aria-label=\"Decl\u00ednio cognitivo leve (DCL) ou dem\u00eancia: diferen\u00e7as cl\u00ednicas, diagn\u00f3stico e estimula\u00e7\u00e3o cognitiva\" itemscope itemtype=\"https:\/\/schema.org\/CreativeWork\"><a class=\"entry-image-link\" href=\"https:\/\/neuronup.com\/br\/noticias-de-estimulacao-cognitiva\/doencas-neurodegenerativas\/deterioro-cognitivo-leve-demencia-diferencas-clinicas-diagnostico-e-estimulacao-cognitiva\/\" tabindex=\"-1\" aria-hidden=\"true\"><img decoding=\"async\" width=\"400\" height=\"300\" src=\"https:\/\/neuronup.com\/br\/wp-content\/uploads\/2025\/05\/Deterioro-cognitivo-leve-o-demencia-diferencias-clinicas-diagnostico-y-estimulacion-cognitiva-400x300.webp\" class=\"entry-image size-landscape-sm\" alt=\"Ilustra\u00e7\u00e3o comparando deteriora\u00e7\u00e3o cognitiva leve e dem\u00eancia, com \u00eanfase em diferen\u00e7as cl\u00ednicas para a avalia\u00e7\u00e3o.\" srcset=\"https:\/\/neuronup.com\/br\/wp-content\/uploads\/2025\/05\/Deterioro-cognitivo-leve-o-demencia-diferencias-clinicas-diagnostico-y-estimulacion-cognitiva-400x300.webp 400w, https:\/\/neuronup.com\/br\/wp-content\/uploads\/2025\/05\/Deterioro-cognitivo-leve-o-demencia-diferencias-clinicas-diagnostico-y-estimulacion-cognitiva-800x600.webp 800w\" sizes=\"(max-width:599px) 599px, (min-width:600px) and (max-width: 799px) 799px, (min-width:800px) and (max-width: 999px) 333px, (min-width:1000px) 400px\" \/><\/a><div class=\"entry-wrap entry-wrap-grid\"><h3 class=\"entry-title\" itemprop=\"headline\"><a class=\"entry-title-link\" href=\"https:\/\/neuronup.com\/br\/noticias-de-estimulacao-cognitiva\/doencas-neurodegenerativas\/deterioro-cognitivo-leve-demencia-diferencas-clinicas-diagnostico-e-estimulacao-cognitiva\/\" rel=\"bookmark\">Decl\u00ednio cognitivo leve (DCL) ou dem\u00eancia: diferen\u00e7as cl\u00ednicas, diagn\u00f3stico e estimula\u00e7\u00e3o cognitiva<\/a><\/h3>\n<\/div><\/article><article class=\"entry entry-grid is-column has-entry-link has-image has-image-first type-post category-dano-cerebral tag-dano-cerebral-adquirido\" style=\"--entry-index:2;\" aria-label=\"Aprendizagem motora: o que \u00e9, fatores, metodologia e objetivo\" itemscope itemtype=\"https:\/\/schema.org\/CreativeWork\"><a class=\"entry-image-link\" href=\"https:\/\/neuronup.com\/br\/noticias-de-estimulacao-cognitiva\/dano-cerebral\/aprendizagem-motora-o-que-e-fatores-metodologia-e-objetivo\/\" tabindex=\"-1\" aria-hidden=\"true\"><img decoding=\"async\" width=\"400\" height=\"300\" src=\"https:\/\/neuronup.com\/br\/wp-content\/uploads\/2021\/10\/cross-section-of-human-brain-tissue-8ALYQ7M-655x427-1-400x300.webp\" class=\"entry-image size-landscape-sm\" alt=\"Estrutura transversal com ramifica\u00e7\u00f5es do tipo rede neural em tons de marrom e dourado, parecida com o tecido cerebral.\" \/><\/a><div class=\"entry-wrap entry-wrap-grid\"><h3 class=\"entry-title\" itemprop=\"headline\"><a class=\"entry-title-link\" href=\"https:\/\/neuronup.com\/br\/noticias-de-estimulacao-cognitiva\/dano-cerebral\/aprendizagem-motora-o-que-e-fatores-metodologia-e-objetivo\/\" rel=\"bookmark\">Aprendizagem motora: o que \u00e9, fatores, metodologia e objetivo<\/a><\/h3>\n<\/div><\/article><article class=\"entry entry-grid is-column has-entry-link has-image has-image-first type-post category-atividades-de-neurorreabilitacao tag-actividades-de-estimulacion-cognitiva tag-actividades-de-estimulacion-cognitiva-para-ninos tag-noticias-de-neuronup\" style=\"--entry-index:3;\" aria-label=\"Descubra as 10 atividades da NeuronUP mais utilizadas para trabalhar com crian\u00e7as\" itemscope itemtype=\"https:\/\/schema.org\/CreativeWork\"><a class=\"entry-image-link\" href=\"https:\/\/neuronup.com\/br\/atividades-de-neurorreabilitacao\/conheca-as-10-atividades-neuronup-mais-utilizadas-para-trabalhar-com-criancas\/\" tabindex=\"-1\" aria-hidden=\"true\"><img decoding=\"async\" width=\"400\" height=\"300\" src=\"https:\/\/neuronup.com\/br\/wp-content\/uploads\/2024\/09\/Juego-de-NeuronUP-para-trabajar-la-relacion-espacial-en-ninos-Parada-en-boxes-400x300.webp\" class=\"entry-image size-landscape-sm\" alt=\"Interface do NeuronUP para rela\u00e7\u00e3o espacial em crian\u00e7as: pista para localizar objetos, com um personagem e controles na parte inferior.\" srcset=\"https:\/\/neuronup.com\/br\/wp-content\/uploads\/2024\/09\/Juego-de-NeuronUP-para-trabajar-la-relacion-espacial-en-ninos-Parada-en-boxes-400x300.webp 400w, https:\/\/neuronup.com\/br\/wp-content\/uploads\/2024\/09\/Juego-de-NeuronUP-para-trabajar-la-relacion-espacial-en-ninos-Parada-en-boxes-800x600.webp 800w\" sizes=\"(max-width:599px) 599px, (min-width:600px) and (max-width: 799px) 799px, (min-width:800px) and (max-width: 999px) 333px, (min-width:1000px) 400px\" \/><\/a><div class=\"entry-wrap entry-wrap-grid\"><h3 class=\"entry-title\" itemprop=\"headline\"><a class=\"entry-title-link\" href=\"https:\/\/neuronup.com\/br\/atividades-de-neurorreabilitacao\/conheca-as-10-atividades-neuronup-mais-utilizadas-para-trabalhar-com-criancas\/\" rel=\"bookmark\">Descubra as 10 atividades da NeuronUP mais utilizadas para trabalhar com crian\u00e7as<\/a><\/h3>\n<\/div><\/article><article class=\"entry entry-grid is-column has-entry-link has-image has-image-first type-post category-eventos tag-congresso\" style=\"--entry-index:4;\" aria-label=\"Global Neuropsychology Congress: o congresso que reuniu o mundo no Porto\" itemscope itemtype=\"https:\/\/schema.org\/CreativeWork\"><a class=\"entry-image-link\" href=\"https:\/\/neuronup.com\/br\/eventos\/global-neuropsychology-congress-conectando-o-mundo-no-porto\/\" tabindex=\"-1\" aria-hidden=\"true\"><img decoding=\"async\" width=\"400\" height=\"300\" src=\"https:\/\/neuronup.com\/br\/wp-content\/uploads\/2024\/07\/IMG_9004-1-400x300.webp\" class=\"entry-image size-landscape-sm\" alt=\"Participantes em uma confer\u00eancia no Porto, com palestrantes e tela de proje\u00e7\u00e3o durante o Congresso Global de Neuropsicologia.\" srcset=\"https:\/\/neuronup.com\/br\/wp-content\/uploads\/2024\/07\/IMG_9004-1-400x300.webp 400w, https:\/\/neuronup.com\/br\/wp-content\/uploads\/2024\/07\/IMG_9004-1-800x600.webp 800w\" sizes=\"(max-width:599px) 599px, (min-width:600px) and (max-width: 799px) 799px, (min-width:800px) and (max-width: 999px) 333px, (min-width:1000px) 400px\" \/><\/a><div class=\"entry-wrap entry-wrap-grid\"><h3 class=\"entry-title\" itemprop=\"headline\"><a class=\"entry-title-link\" href=\"https:\/\/neuronup.com\/br\/eventos\/global-neuropsychology-congress-conectando-o-mundo-no-porto\/\" rel=\"bookmark\">Global Neuropsychology Congress: o congresso que reuniu o mundo no Porto<\/a><\/h3>\n<\/div><\/article><article class=\"entry entry-grid is-column has-entry-link has-image has-image-first type-post category-linhas-de-investigacao tag-investigacion tag-ninos\" style=\"--entry-index:5;\" aria-label=\"Ferramentas digitais na interven\u00e7\u00e3o precoce: o que a evid\u00eancia internacional nos diz\" itemscope itemtype=\"https:\/\/schema.org\/CreativeWork\"><a class=\"entry-image-link\" href=\"https:\/\/neuronup.com\/br\/investigacao\/linhas-de-investigacao\/ferramentas-digitais-na-intervencao-precoce-o-que-a-evidencia-internacional-diz\/\" tabindex=\"-1\" aria-hidden=\"true\"><img decoding=\"async\" width=\"400\" height=\"300\" src=\"https:\/\/neuronup.com\/br\/wp-content\/uploads\/2026\/04\/Evidencia-sobre-las-herramientas-digitales-en-intervencion-temprana.-Como-las-tecnologias-digitales-transforman-la-intervencion-temprana-400x300.webp\" class=\"entry-image size-landscape-sm\" alt=\"Descubra como as tecnologias digitais transformam a interven\u00e7\u00e3o precoce, gra\u00e7as a uma an\u00e1lise baseada em evid\u00eancias de Liapakis (2025) e ao impacto da NeuronUP nas fun\u00e7\u00f5es executivas e na ades\u00e3o cl\u00ednica.\" srcset=\"https:\/\/neuronup.com\/br\/wp-content\/uploads\/2026\/04\/Evidencia-sobre-las-herramientas-digitales-en-intervencion-temprana.-Como-las-tecnologias-digitales-transforman-la-intervencion-temprana-400x300.webp 400w, https:\/\/neuronup.com\/br\/wp-content\/uploads\/2026\/04\/Evidencia-sobre-las-herramientas-digitales-en-intervencion-temprana.-Como-las-tecnologias-digitales-transforman-la-intervencion-temprana-800x600.webp 800w\" sizes=\"(max-width:599px) 599px, (min-width:600px) and (max-width: 799px) 799px, (min-width:800px) and (max-width: 999px) 333px, (min-width:1000px) 400px\" \/><\/a><div class=\"entry-wrap entry-wrap-grid\"><h3 class=\"entry-title\" itemprop=\"headline\"><a class=\"entry-title-link\" href=\"https:\/\/neuronup.com\/br\/investigacao\/linhas-de-investigacao\/ferramentas-digitais-na-intervencao-precoce-o-que-a-evidencia-internacional-diz\/\" rel=\"bookmark\">Ferramentas digitais na interven\u00e7\u00e3o precoce: o que a evid\u00eancia internacional nos diz<\/a><\/h3>\n<\/div><\/article><article class=\"entry entry-grid is-column has-entry-link has-image has-image-first type-post category-doencas-neurodegenerativas tag-doenca-de-alzheimer tag-enfermedades-neurodegenerativas\" style=\"--entry-index:6;\" aria-label=\"Microbiota intestinal e Alzheimer: papel do eixo intestino-c\u00e9rebro na deteriora\u00e7\u00e3o cognitiva\" itemscope itemtype=\"https:\/\/schema.org\/CreativeWork\"><a class=\"entry-image-link\" href=\"https:\/\/neuronup.com\/br\/noticias-de-estimulacao-cognitiva\/doencas-neurodegenerativas\/microbiota-intestinal-e-alzheimer-papel-do-eixo-intestino-cerebro-no-declinio-cognitivo\/\" tabindex=\"-1\" aria-hidden=\"true\"><img decoding=\"async\" width=\"400\" height=\"300\" src=\"https:\/\/neuronup.com\/br\/wp-content\/uploads\/2026\/04\/Microbiota-intestinal-y-alzheimer-papel-del-eje-intestino-cerebro-en-el-deterioro-cognitivo.-Relacion-entre-la-microbiota-intestinal-y-el-deterioro-cognitivo-400x300.webp\" class=\"entry-image size-landscape-sm\" alt=\"Microbiota intestinal e Alzheimer: papel do eixo intestino-c\u00e9rebro no decl\u00ednio cognitivo. Rela\u00e7\u00e3o entre a microbiota intestinal e o decl\u00ednio cognitivo.\" srcset=\"https:\/\/neuronup.com\/br\/wp-content\/uploads\/2026\/04\/Microbiota-intestinal-y-alzheimer-papel-del-eje-intestino-cerebro-en-el-deterioro-cognitivo.-Relacion-entre-la-microbiota-intestinal-y-el-deterioro-cognitivo-400x300.webp 400w, https:\/\/neuronup.com\/br\/wp-content\/uploads\/2026\/04\/Microbiota-intestinal-y-alzheimer-papel-del-eje-intestino-cerebro-en-el-deterioro-cognitivo.-Relacion-entre-la-microbiota-intestinal-y-el-deterioro-cognitivo-800x600.webp 800w\" sizes=\"(max-width:599px) 599px, (min-width:600px) and (max-width: 799px) 799px, (min-width:800px) and (max-width: 999px) 333px, (min-width:1000px) 400px\" \/><\/a><div class=\"entry-wrap entry-wrap-grid\"><h3 class=\"entry-title\" itemprop=\"headline\"><a class=\"entry-title-link\" href=\"https:\/\/neuronup.com\/br\/noticias-de-estimulacao-cognitiva\/doencas-neurodegenerativas\/microbiota-intestinal-e-alzheimer-papel-do-eixo-intestino-cerebro-no-declinio-cognitivo\/\" rel=\"bookmark\">Microbiota intestinal e Alzheimer: papel do eixo intestino-c\u00e9rebro na deteriora\u00e7\u00e3o cognitiva<\/a><\/h3>\n<\/div><\/article><\/div><\/div>","protected":false},"excerpt":{"rendered":"<p>No nosso artigo anterior, exploramos o compromisso da Funda\u00e7\u00e3o NED na coopera\u00e7\u00e3o sanit\u00e1ria na \u00c1frica Oriental, especialmente em Zanz\u00edbar. Desde os seus princ\u00edpios, o voluntariado sempre foi fundamental para o sucesso dos seus projetos, pois sem a dedica\u00e7\u00e3o e o esfor\u00e7o de muitas pessoas n\u00e3o ter\u00edamos alcan\u00e7ado o que temos hoje. Atualmente, os volunt\u00e1rios do &hellip;<\/p>\n","protected":false},"author":306,"featured_media":31055,"comment_status":"open","ping_status":"open","sticky":false,"template":"","format":"standard","meta":{"_acf_changed":false,"_genesis_hide_title":false,"_genesis_hide_breadcrumbs":false,"_genesis_hide_singular_image":false,"_genesis_hide_footer_widgets":false,"_genesis_custom_body_class":"","_genesis_custom_post_class":"","_genesis_layout":"","footnotes":""},"categories":[666],"tags":[761,752,668,756,667],"class_list":["type-post","category-zanzibar","tag-estimulacion-cognitiva","tag-ninos","tag-projetos","tag-rehabilitacion-cognitiva","tag-zanzibar","entry"],"acf":[],"_links":{"self":[{"href":"https:\/\/neuronup.com\/br\/wp-json\/wp\/v2\/posts\/31012","targetHints":{"allow":["GET"]}}],"collection":[{"href":"https:\/\/neuronup.com\/br\/wp-json\/wp\/v2\/posts"}],"about":[{"href":"https:\/\/neuronup.com\/br\/wp-json\/wp\/v2\/types\/post"}],"author":[{"embeddable":true,"href":"https:\/\/neuronup.com\/br\/wp-json\/wp\/v2\/users\/306"}],"replies":[{"embeddable":true,"href":"https:\/\/neuronup.com\/br\/wp-json\/wp\/v2\/comments?post=31012"}],"version-history":[{"count":0,"href":"https:\/\/neuronup.com\/br\/wp-json\/wp\/v2\/posts\/31012\/revisions"}],"wp:featuredmedia":[{"embeddable":true,"href":"https:\/\/neuronup.com\/br\/wp-json\/wp\/v2\/media\/31055"}],"wp:attachment":[{"href":"https:\/\/neuronup.com\/br\/wp-json\/wp\/v2\/media?parent=31012"}],"wp:term":[{"taxonomy":"category","embeddable":true,"href":"https:\/\/neuronup.com\/br\/wp-json\/wp\/v2\/categories?post=31012"},{"taxonomy":"post_tag","embeddable":true,"href":"https:\/\/neuronup.com\/br\/wp-json\/wp\/v2\/tags?post=31012"}],"curies":[{"name":"wp","href":"https:\/\/api.w.org\/{rel}","templated":true}]}}