{"id":30955,"date":"2024-06-06T08:35:00","date_gmt":"2024-06-06T06:35:00","guid":{"rendered":"https:\/\/neuronup.com\/?p=30955"},"modified":"2024-06-06T08:35:00","modified_gmt":"2024-06-06T06:35:00","slug":"impulsionando-um-envelhecimento-ativo-o-piloto-andaluz-do-projeto-phara-on","status":"publish","type":"post","link":"https:\/\/neuronup.com\/br\/projetos\/impulsionando-um-envelhecimento-ativo-o-piloto-andaluz-do-projeto-phara-on\/","title":{"rendered":"Impulsionando um envelhecimento ativo: o piloto da Andaluzia do Projeto PHArA-ON"},"content":{"rendered":"\n<p class=\"has-xl-font-size wp-block-paragraph\">Nesta entrada, a doutora e pesquisadora Aurora Polo Rodr\u00edguez exp\u00f5e os <strong>detalhes do projeto europeu PHArA-ON (Pilots for Healthy and Active Ageing)<\/strong>, do qual a NeuronUP fez parte.<\/p>\n\n\n\n<p class=\"wp-block-paragraph\">O envelhecimento ativo e saud\u00e1vel \u00e9 uma prioridade crescente em nossa sociedade. Na sociedade em que vivemos, torna-se cada vez mais evidente a necessidade de dispor de ferramentas que impactem de forma positiva n\u00e3o apenas a qualidade de vida dos idosos, mas tamb\u00e9m sua independ\u00eancia e sa\u00fade em geral.&nbsp;<\/p>\n\n\n\n<p class=\"wp-block-paragraph\">Nesse contexto, o projeto europeu <a href=\"https:\/\/www.pharaon.eu\/about\/\">PHArA-ON<\/a> se posiciona como uma <strong>iniciativa inovadora<\/strong> para alcan\u00e7ar esse objetivo ambicioso e imperativo, mediante a cria\u00e7\u00e3o de uma s\u00e9rie de plataformas abertas integradas, com interessantes op\u00e7\u00f5es de personaliza\u00e7\u00e3o, e interoper\u00e1veis com outras solu\u00e7\u00f5es avan\u00e7adas que incluem intelig\u00eancia artificial, dispositivos vest\u00edveis inteligentes ou big data, entre outros.&nbsp;<\/p>\n\n\n\n<p class=\"wp-block-paragraph\">PHArA-ON \u00e9 financiado pelo Programa Horizonte 2020 da Uni\u00e3o Europeia, conta com um or\u00e7amento de 21 milh\u00f5es de euros e beneficia-se, ainda, da colabora\u00e7\u00e3o de 41 entidades de 12 pa\u00edses diferentes como Espanha, It\u00e1lia, Portugal, Fran\u00e7a, Alemanha, \u00c1ustria, B\u00e9lgica, Pa\u00edses Baixos, Reino Unido, Cro\u00e1cia, Eslov\u00eania e Est\u00f4nia.&nbsp;<\/p>\n\n\n\n<p class=\"wp-block-paragraph\">No caso concreto da Andaluzia, a implementa\u00e7\u00e3o deste projeto teve um impacto mais do que positivo gra\u00e7as ao seu enfoque particular em combater a solid\u00e3o n\u00e3o desejada e fomentar a coes\u00e3o social. Gra\u00e7as \u00e0 coordena\u00e7\u00e3o da Fundaci\u00f3n Ageing Lab, juntamente com a Universidad de Ja\u00e9n, a Diputaci\u00f3n Provincial de Ja\u00e9n e Minsait de Indra, foi poss\u00edvel realizar o piloto andaluz com um or\u00e7amento total de 1.200.000 euros.<\/p>\n\n\n\n<p class=\"wp-block-paragraph\">Este esteve centrado em <strong>tr\u00eas objetivos-chave focados em melhorar a vida dos participantes<\/strong>:<\/p>\n\n\n\n<ol class=\"wp-block-list\">\n<li><strong>Promo\u00e7\u00e3o da participa\u00e7\u00e3o comunit\u00e1ria:<\/strong> Utilizando a rede social Sentab, incentivou-se os participantes a interagir e participar na comunidade, promovendo a integra\u00e7\u00e3o social.<\/li>\n\n\n\n<li><strong>Apoio ao bem-estar f\u00edsico:<\/strong> Atrav\u00e9s do dispositivo MISS Activity, motivou-se os participantes a manterem-se fisicamente ativos, contribuindo para sua sa\u00fade geral.<\/li>\n\n\n\n<li><strong>Promo\u00e7\u00e3o da estimula\u00e7\u00e3o cognitiva:<\/strong> Com a plataforma NeuronUP, oferecem-se atividades que estimulam as <a href=\"https:\/\/neuronup.com\/br\/areas-de-intervencao\/funcoes-cognitivas\/\">fun\u00e7\u00f5es cognitivas<\/a>, ajudando a manter a mente ativa.<\/li>\n<\/ol>\n\n\n\n<p class=\"wp-block-paragraph\">A NeuronUP integrou-se no projeto desde a primeira convocat\u00f3ria, em outubro de 2023, com um per\u00edodo de avalia\u00e7\u00e3o de tr\u00eas meses. Desde ent\u00e3o, <strong>nossa <a href=\"https:\/\/neuronup.com\/br\/produto\/\">plataforma de reabilita\u00e7\u00e3o e estimula\u00e7\u00e3o cognitiva<\/a> conseguiu ser implementada em 9 munic\u00edpios andaluzes<\/strong>: Castillo de Locub\u00edn, Arjona, Martos, Peal de Becerro e Alcaudete (Ja\u00e9n); e Las Gabias, Atarfe, Zaid\u00edn e Albolote (Granada). No total, nada mais nada menos que 60 participantes receberam forma\u00e7\u00e3o sobre a NeuronUP, dos quais 49 s\u00e3o pessoas idosas e 11 s\u00e3o profissionais.<\/p>\n\n\n\n<p class=\"wp-block-paragraph\">A implementa\u00e7\u00e3o da NeuronUP foi realizada sob <strong>duas abordagens distintas<\/strong>:<\/p>\n\n\n\n<ol class=\"wp-block-list\">\n<li><strong>Em resid\u00eancias e centros de dia<\/strong>: Onde t\u00e9cnicos da <a href=\"https:\/\/www.ujaen.es\/\">Universidad de Ja\u00e9n<\/a> e da <a href=\"https:\/\/ageinglab.org\/\">Fundaci\u00f3n Ageing Lab<\/a> formaram os profissionais desses centros para que pudessem trabalhar com a nossa plataforma de neurorreabilita\u00e7\u00e3o de modo \u00f3timo e individualizado com os usu\u00e1rios.<\/li>\n\n\n\n<li><strong>Em centros de participa\u00e7\u00e3o ativa<\/strong>: Aqui, a dura\u00e7\u00e3o do piloto foi estendida de tr\u00eas para seis meses devido \u00e0 alta motiva\u00e7\u00e3o dos usu\u00e1rios. Neste caso, a Universidad de Ja\u00e9n forneceu forma\u00e7\u00e3o direta aos usu\u00e1rios, que puderam trabalhar depois, de forma aut\u00f4noma em casa, com as sess\u00f5es personalizadas <a href=\"https:\/\/neuronup.com\/br\/produto\/telereabilitacao-reabilitacao-cognitiva-a-distancia-com-a-neuronup\/\">NeuronUP2GO<\/a>.<\/li>\n<\/ol>\n\n\n\n<p class=\"wp-block-paragraph\">Essa abordagem dupla permitiu <strong>adaptar o uso da NeuronUP \u00e0s necessidades espec\u00edficas de diferentes contextos<\/strong>. A resposta positiva e o grande compromisso que os participantes demonstraram em cada ocasi\u00e3o s\u00e3o exemplo do valor acrescentado que a nossa plataforma traz ao projeto, oferecendo ferramentas essenciais para um envelhecimento ativo e participativo.&nbsp;<\/p>\n\n\n\n<p class=\"wp-block-paragraph\">Em todo esse processo, cabe destacar o papel crucial que desempenharam os pesquisadores da Universidad de Ja\u00e9n, Aurora Polo Rodr\u00edguez e Javier Medina Quero, para alcan\u00e7ar esse sucesso. Como l\u00edderes da forma\u00e7\u00e3o, e gra\u00e7as ao seu acompanhamento ativo, trabalharam incansavelmente para garantir a ades\u00e3o dos participantes ao programa.<\/p>\n\n<div class=\"mai-grid entries entries-grid has-boxed has-image-full\" style=\"--entry-title-font-size:var(--font-size-lg);--align-text:start;--entry-meta-text-align:start;\"><div class=\"entries-wrap has-columns\" style=\"--columns-xs:1 \/ 1;--columns-sm:1 \/ 1;--columns-md:1 \/ 3;--columns-lg:1 \/ 3;--flex-xs:0 0 var(--flex-basis);--flex-sm:0 0 var(--flex-basis);--flex-md:0 0 var(--flex-basis);--flex-lg:0 0 var(--flex-basis);--column-gap:var(--spacing-lg);--row-gap:var(--spacing-lg);--align-columns:start;\"><article class=\"entry entry-grid is-column has-entry-link has-image has-image-first type-post category-doencas-neurodegenerativas tag-demencia tag-enfermedades-neurodegenerativas tag-maiores\" style=\"--entry-index:1;\" aria-label=\"Decl\u00ednio cognitivo leve (DCL) ou dem\u00eancia: diferen\u00e7as cl\u00ednicas, diagn\u00f3stico e estimula\u00e7\u00e3o cognitiva\" itemscope itemtype=\"https:\/\/schema.org\/CreativeWork\"><a class=\"entry-image-link\" href=\"https:\/\/neuronup.com\/br\/noticias-de-estimulacao-cognitiva\/doencas-neurodegenerativas\/deterioro-cognitivo-leve-demencia-diferencas-clinicas-diagnostico-e-estimulacao-cognitiva\/\" tabindex=\"-1\" aria-hidden=\"true\"><img decoding=\"async\" width=\"400\" height=\"300\" src=\"https:\/\/neuronup.com\/br\/wp-content\/uploads\/2025\/05\/Deterioro-cognitivo-leve-o-demencia-diferencias-clinicas-diagnostico-y-estimulacion-cognitiva-400x300.webp\" class=\"entry-image size-landscape-sm\" alt=\"Ilustra\u00e7\u00e3o comparando deteriora\u00e7\u00e3o cognitiva leve e dem\u00eancia, com \u00eanfase em diferen\u00e7as cl\u00ednicas para a avalia\u00e7\u00e3o.\" srcset=\"https:\/\/neuronup.com\/br\/wp-content\/uploads\/2025\/05\/Deterioro-cognitivo-leve-o-demencia-diferencias-clinicas-diagnostico-y-estimulacion-cognitiva-400x300.webp 400w, https:\/\/neuronup.com\/br\/wp-content\/uploads\/2025\/05\/Deterioro-cognitivo-leve-o-demencia-diferencias-clinicas-diagnostico-y-estimulacion-cognitiva-800x600.webp 800w\" sizes=\"(max-width:599px) 599px, (min-width:600px) and (max-width: 799px) 799px, (min-width:800px) and (max-width: 999px) 333px, (min-width:1000px) 400px\" \/><\/a><div class=\"entry-wrap entry-wrap-grid\"><h3 class=\"entry-title\" itemprop=\"headline\"><a class=\"entry-title-link\" href=\"https:\/\/neuronup.com\/br\/noticias-de-estimulacao-cognitiva\/doencas-neurodegenerativas\/deterioro-cognitivo-leve-demencia-diferencas-clinicas-diagnostico-e-estimulacao-cognitiva\/\" rel=\"bookmark\">Decl\u00ednio cognitivo leve (DCL) ou dem\u00eancia: diferen\u00e7as cl\u00ednicas, diagn\u00f3stico e estimula\u00e7\u00e3o cognitiva<\/a><\/h3>\n<\/div><\/article><article class=\"entry entry-grid is-column has-entry-link has-image has-image-first type-post category-dano-cerebral tag-dano-cerebral-adquirido\" style=\"--entry-index:2;\" aria-label=\"Aprendizagem motora: o que \u00e9, fatores, metodologia e objetivo\" itemscope itemtype=\"https:\/\/schema.org\/CreativeWork\"><a class=\"entry-image-link\" href=\"https:\/\/neuronup.com\/br\/noticias-de-estimulacao-cognitiva\/dano-cerebral\/aprendizagem-motora-o-que-e-fatores-metodologia-e-objetivo\/\" tabindex=\"-1\" aria-hidden=\"true\"><img decoding=\"async\" width=\"400\" height=\"300\" src=\"https:\/\/neuronup.com\/br\/wp-content\/uploads\/2021\/10\/cross-section-of-human-brain-tissue-8ALYQ7M-655x427-1-400x300.webp\" class=\"entry-image size-landscape-sm\" alt=\"Estrutura transversal com ramifica\u00e7\u00f5es do tipo rede neural em tons de marrom e dourado, parecida com o tecido cerebral.\" \/><\/a><div class=\"entry-wrap entry-wrap-grid\"><h3 class=\"entry-title\" itemprop=\"headline\"><a class=\"entry-title-link\" href=\"https:\/\/neuronup.com\/br\/noticias-de-estimulacao-cognitiva\/dano-cerebral\/aprendizagem-motora-o-que-e-fatores-metodologia-e-objetivo\/\" rel=\"bookmark\">Aprendizagem motora: o que \u00e9, fatores, metodologia e objetivo<\/a><\/h3>\n<\/div><\/article><article class=\"entry entry-grid is-column has-entry-link has-image has-image-first type-post category-atividades-de-neurorreabilitacao tag-actividades-de-estimulacion-cognitiva tag-actividades-de-estimulacion-cognitiva-para-ninos tag-noticias-de-neuronup\" style=\"--entry-index:3;\" aria-label=\"Descubra as 10 atividades da NeuronUP mais utilizadas para trabalhar com crian\u00e7as\" itemscope itemtype=\"https:\/\/schema.org\/CreativeWork\"><a class=\"entry-image-link\" href=\"https:\/\/neuronup.com\/br\/atividades-de-neurorreabilitacao\/conheca-as-10-atividades-neuronup-mais-utilizadas-para-trabalhar-com-criancas\/\" tabindex=\"-1\" aria-hidden=\"true\"><img decoding=\"async\" width=\"400\" height=\"300\" src=\"https:\/\/neuronup.com\/br\/wp-content\/uploads\/2024\/09\/Juego-de-NeuronUP-para-trabajar-la-relacion-espacial-en-ninos-Parada-en-boxes-400x300.webp\" class=\"entry-image size-landscape-sm\" alt=\"Interface do NeuronUP para rela\u00e7\u00e3o espacial em crian\u00e7as: pista para localizar objetos, com um personagem e controles na parte inferior.\" srcset=\"https:\/\/neuronup.com\/br\/wp-content\/uploads\/2024\/09\/Juego-de-NeuronUP-para-trabajar-la-relacion-espacial-en-ninos-Parada-en-boxes-400x300.webp 400w, https:\/\/neuronup.com\/br\/wp-content\/uploads\/2024\/09\/Juego-de-NeuronUP-para-trabajar-la-relacion-espacial-en-ninos-Parada-en-boxes-800x600.webp 800w\" sizes=\"(max-width:599px) 599px, (min-width:600px) and (max-width: 799px) 799px, (min-width:800px) and (max-width: 999px) 333px, (min-width:1000px) 400px\" \/><\/a><div class=\"entry-wrap entry-wrap-grid\"><h3 class=\"entry-title\" itemprop=\"headline\"><a class=\"entry-title-link\" href=\"https:\/\/neuronup.com\/br\/atividades-de-neurorreabilitacao\/conheca-as-10-atividades-neuronup-mais-utilizadas-para-trabalhar-com-criancas\/\" rel=\"bookmark\">Descubra as 10 atividades da NeuronUP mais utilizadas para trabalhar com crian\u00e7as<\/a><\/h3>\n<\/div><\/article><article class=\"entry entry-grid is-column has-entry-link has-image has-image-first type-post category-eventos tag-congresso\" style=\"--entry-index:4;\" aria-label=\"Global Neuropsychology Congress: o congresso que reuniu o mundo no Porto\" itemscope itemtype=\"https:\/\/schema.org\/CreativeWork\"><a class=\"entry-image-link\" href=\"https:\/\/neuronup.com\/br\/eventos\/global-neuropsychology-congress-conectando-o-mundo-no-porto\/\" tabindex=\"-1\" aria-hidden=\"true\"><img decoding=\"async\" width=\"400\" height=\"300\" src=\"https:\/\/neuronup.com\/br\/wp-content\/uploads\/2024\/07\/IMG_9004-1-400x300.webp\" class=\"entry-image size-landscape-sm\" alt=\"Participantes em uma confer\u00eancia no Porto, com palestrantes e tela de proje\u00e7\u00e3o durante o Congresso Global de Neuropsicologia.\" srcset=\"https:\/\/neuronup.com\/br\/wp-content\/uploads\/2024\/07\/IMG_9004-1-400x300.webp 400w, https:\/\/neuronup.com\/br\/wp-content\/uploads\/2024\/07\/IMG_9004-1-800x600.webp 800w\" sizes=\"(max-width:599px) 599px, (min-width:600px) and (max-width: 799px) 799px, (min-width:800px) and (max-width: 999px) 333px, (min-width:1000px) 400px\" \/><\/a><div class=\"entry-wrap entry-wrap-grid\"><h3 class=\"entry-title\" itemprop=\"headline\"><a class=\"entry-title-link\" href=\"https:\/\/neuronup.com\/br\/eventos\/global-neuropsychology-congress-conectando-o-mundo-no-porto\/\" rel=\"bookmark\">Global Neuropsychology Congress: o congresso que reuniu o mundo no Porto<\/a><\/h3>\n<\/div><\/article><article class=\"entry entry-grid is-column has-entry-link has-image has-image-first type-post category-linhas-de-investigacao tag-investigacion tag-ninos\" style=\"--entry-index:5;\" aria-label=\"Ferramentas digitais na interven\u00e7\u00e3o precoce: o que a evid\u00eancia internacional nos diz\" itemscope itemtype=\"https:\/\/schema.org\/CreativeWork\"><a class=\"entry-image-link\" href=\"https:\/\/neuronup.com\/br\/investigacao\/linhas-de-investigacao\/ferramentas-digitais-na-intervencao-precoce-o-que-a-evidencia-internacional-diz\/\" tabindex=\"-1\" aria-hidden=\"true\"><img decoding=\"async\" width=\"400\" height=\"300\" src=\"https:\/\/neuronup.com\/br\/wp-content\/uploads\/2026\/04\/Evidencia-sobre-las-herramientas-digitales-en-intervencion-temprana.-Como-las-tecnologias-digitales-transforman-la-intervencion-temprana-400x300.webp\" class=\"entry-image size-landscape-sm\" alt=\"Descubra como as tecnologias digitais transformam a interven\u00e7\u00e3o precoce, gra\u00e7as a uma an\u00e1lise baseada em evid\u00eancias de Liapakis (2025) e ao impacto da NeuronUP nas fun\u00e7\u00f5es executivas e na ades\u00e3o cl\u00ednica.\" srcset=\"https:\/\/neuronup.com\/br\/wp-content\/uploads\/2026\/04\/Evidencia-sobre-las-herramientas-digitales-en-intervencion-temprana.-Como-las-tecnologias-digitales-transforman-la-intervencion-temprana-400x300.webp 400w, https:\/\/neuronup.com\/br\/wp-content\/uploads\/2026\/04\/Evidencia-sobre-las-herramientas-digitales-en-intervencion-temprana.-Como-las-tecnologias-digitales-transforman-la-intervencion-temprana-800x600.webp 800w\" sizes=\"(max-width:599px) 599px, (min-width:600px) and (max-width: 799px) 799px, (min-width:800px) and (max-width: 999px) 333px, (min-width:1000px) 400px\" \/><\/a><div class=\"entry-wrap entry-wrap-grid\"><h3 class=\"entry-title\" itemprop=\"headline\"><a class=\"entry-title-link\" href=\"https:\/\/neuronup.com\/br\/investigacao\/linhas-de-investigacao\/ferramentas-digitais-na-intervencao-precoce-o-que-a-evidencia-internacional-diz\/\" rel=\"bookmark\">Ferramentas digitais na interven\u00e7\u00e3o precoce: o que a evid\u00eancia internacional nos diz<\/a><\/h3>\n<\/div><\/article><article class=\"entry entry-grid is-column has-entry-link has-image has-image-first type-post category-doencas-neurodegenerativas tag-doenca-de-alzheimer tag-enfermedades-neurodegenerativas\" style=\"--entry-index:6;\" aria-label=\"Microbiota intestinal e Alzheimer: papel do eixo intestino-c\u00e9rebro na deteriora\u00e7\u00e3o cognitiva\" itemscope itemtype=\"https:\/\/schema.org\/CreativeWork\"><a class=\"entry-image-link\" href=\"https:\/\/neuronup.com\/br\/noticias-de-estimulacao-cognitiva\/doencas-neurodegenerativas\/microbiota-intestinal-e-alzheimer-papel-do-eixo-intestino-cerebro-no-declinio-cognitivo\/\" tabindex=\"-1\" aria-hidden=\"true\"><img decoding=\"async\" width=\"400\" height=\"300\" src=\"https:\/\/neuronup.com\/br\/wp-content\/uploads\/2026\/04\/Microbiota-intestinal-y-alzheimer-papel-del-eje-intestino-cerebro-en-el-deterioro-cognitivo.-Relacion-entre-la-microbiota-intestinal-y-el-deterioro-cognitivo-400x300.webp\" class=\"entry-image size-landscape-sm\" alt=\"Microbiota intestinal e Alzheimer: papel do eixo intestino-c\u00e9rebro no decl\u00ednio cognitivo. Rela\u00e7\u00e3o entre a microbiota intestinal e o decl\u00ednio cognitivo.\" srcset=\"https:\/\/neuronup.com\/br\/wp-content\/uploads\/2026\/04\/Microbiota-intestinal-y-alzheimer-papel-del-eje-intestino-cerebro-en-el-deterioro-cognitivo.-Relacion-entre-la-microbiota-intestinal-y-el-deterioro-cognitivo-400x300.webp 400w, https:\/\/neuronup.com\/br\/wp-content\/uploads\/2026\/04\/Microbiota-intestinal-y-alzheimer-papel-del-eje-intestino-cerebro-en-el-deterioro-cognitivo.-Relacion-entre-la-microbiota-intestinal-y-el-deterioro-cognitivo-800x600.webp 800w\" sizes=\"(max-width:599px) 599px, (min-width:600px) and (max-width: 799px) 799px, (min-width:800px) and (max-width: 999px) 333px, (min-width:1000px) 400px\" \/><\/a><div class=\"entry-wrap entry-wrap-grid\"><h3 class=\"entry-title\" itemprop=\"headline\"><a class=\"entry-title-link\" href=\"https:\/\/neuronup.com\/br\/noticias-de-estimulacao-cognitiva\/doencas-neurodegenerativas\/microbiota-intestinal-e-alzheimer-papel-do-eixo-intestino-cerebro-no-declinio-cognitivo\/\" rel=\"bookmark\">Microbiota intestinal e Alzheimer: papel do eixo intestino-c\u00e9rebro na deteriora\u00e7\u00e3o cognitiva<\/a><\/h3>\n<\/div><\/article><\/div><\/div>","protected":false},"excerpt":{"rendered":"<p>Nesta entrada, a doutora e pesquisadora Aurora Polo Rodr\u00edguez exp\u00f5e os detalhes do projeto europeu PHArA-ON (Pilots for Healthy and Active Ageing), do qual a NeuronUP fez parte. O envelhecimento ativo e saud\u00e1vel \u00e9 uma prioridade crescente em nossa sociedade. Na sociedade em que vivemos, torna-se cada vez mais evidente a necessidade de dispor de &hellip;<\/p>\n","protected":false},"author":266,"featured_media":30958,"comment_status":"open","ping_status":"open","sticky":false,"template":"","format":"standard","meta":{"_acf_changed":false,"_genesis_hide_title":false,"_genesis_hide_breadcrumbs":false,"_genesis_hide_singular_image":false,"_genesis_hide_footer_widgets":false,"_genesis_custom_body_class":"","_genesis_custom_post_class":"","_genesis_layout":"","footnotes":""},"categories":[665],"tags":[757],"class_list":["type-post","category-projetos","tag-noticias-de-neuronup","entry"],"acf":[],"_links":{"self":[{"href":"https:\/\/neuronup.com\/br\/wp-json\/wp\/v2\/posts\/30955","targetHints":{"allow":["GET"]}}],"collection":[{"href":"https:\/\/neuronup.com\/br\/wp-json\/wp\/v2\/posts"}],"about":[{"href":"https:\/\/neuronup.com\/br\/wp-json\/wp\/v2\/types\/post"}],"author":[{"embeddable":true,"href":"https:\/\/neuronup.com\/br\/wp-json\/wp\/v2\/users\/266"}],"replies":[{"embeddable":true,"href":"https:\/\/neuronup.com\/br\/wp-json\/wp\/v2\/comments?post=30955"}],"version-history":[{"count":0,"href":"https:\/\/neuronup.com\/br\/wp-json\/wp\/v2\/posts\/30955\/revisions"}],"wp:featuredmedia":[{"embeddable":true,"href":"https:\/\/neuronup.com\/br\/wp-json\/wp\/v2\/media\/30958"}],"wp:attachment":[{"href":"https:\/\/neuronup.com\/br\/wp-json\/wp\/v2\/media?parent=30955"}],"wp:term":[{"taxonomy":"category","embeddable":true,"href":"https:\/\/neuronup.com\/br\/wp-json\/wp\/v2\/categories?post=30955"},{"taxonomy":"post_tag","embeddable":true,"href":"https:\/\/neuronup.com\/br\/wp-json\/wp\/v2\/tags?post=30955"}],"curies":[{"name":"wp","href":"https:\/\/api.w.org\/{rel}","templated":true}]}}