{"id":30863,"date":"2024-05-29T17:18:18","date_gmt":"2024-05-29T15:18:18","guid":{"rendered":"https:\/\/neuronup.com\/?p=30863"},"modified":"2026-08-13T14:35:18","modified_gmt":"2026-08-13T12:35:18","slug":"ficha-para-melhorar-a-discriminacao-em-criancas-qual-existe","status":"publish","type":"post","link":"https:\/\/neuronup.com\/br\/atividades-de-neurorreabilitacao\/para-funcoes-cognitivas\/de-atencao\/ficha-para-melhorar-a-discriminacao-em-criancas-qual-existe\/","title":{"rendered":"Ficha para melhorar a discrimina\u00e7\u00e3o em crian\u00e7as: Qual existe?"},"content":{"rendered":"\n<p class=\"has-xl-font-size wp-block-paragraph\">Hoje apresentamos a voc\u00eas uma nova&nbsp;<strong>ficha para&nbsp;treinar a discrimina\u00e7\u00e3o <strong>em crian\u00e7as&nbsp;<\/strong><\/strong>chamada<strong>&nbsp;<\/strong><em>Qual existe?<\/em>.<\/p>\n\n\n\n<h2 class=\"wp-block-heading\">Em que consiste esta ficha para trabalhar a discrimina\u00e7\u00e3o em crian\u00e7as?<\/h2>\n\n\n\n<p class=\"wp-block-paragraph\">Esta atividade consiste em<strong> reconhecer a palavra que esteja bem escrita, diferenciando-a do resto das op\u00e7\u00f5es.<\/strong><\/p>\n\n\n\n<p class=\"wp-block-paragraph\">A seguir, mostramos a voc\u00ea um v\u00eddeo desta atividade infantil para trabalhar a discrimina\u00e7\u00e3o:<\/p>\n\n\n\n<div style=\"height:50px\" aria-hidden=\"true\" class=\"wp-block-spacer\"><\/div>\n\n\n\n<figure class=\"wp-block-embed is-type-video is-provider-youtube wp-block-embed-youtube wp-embed-aspect-16-9 wp-has-aspect-ratio\"><div class=\"wp-block-embed__wrapper\">\n<iframe title=\"Ficha para mejorar la discriminaci\u00f3n en ni\u00f1os: \u00bfCu\u00e1l existe?\" width=\"800\" height=\"450\" src=\"https:\/\/www.youtube.com\/embed\/py6EIGZ27JI?feature=oembed\" frameborder=\"0\" allow=\"accelerometer; autoplay; clipboard-write; encrypted-media; gyroscope; picture-in-picture; web-share\" referrerpolicy=\"strict-origin-when-cross-origin\" allowfullscreen><\/iframe>\n<\/div><\/figure>\n\n\n\n<div style=\"height:50px\" aria-hidden=\"true\" class=\"wp-block-spacer\"><\/div>\n\n\n\n<h2 class=\"wp-block-heading\">O que esta atividade trabalha?<\/h2>\n\n\n\n<p class=\"wp-block-paragraph\">Trabalhando esta tarefa estamos treinando a <strong>discrimina\u00e7\u00e3o<\/strong>, fazendo com que a crian\u00e7a tenha que prestar aten\u00e7\u00e3o aos detalhes de cada uma das letras e sua posi\u00e7\u00e3o, n\u00e3o valendo uma leitura global. <\/p>\n\n\n\n<p class=\"wp-block-paragraph\">Quanto mais alto for o n\u00edvel, mais as op\u00e7\u00f5es se parecem entre si, mudando simplesmente a ordem de alguma letra. Esse motivo a torna uma tarefa muito recomend\u00e1vel para trabalhar com crian\u00e7as com dislexia e problemas de aten\u00e7\u00e3o.<\/p>\n\n\n\n<div style=\"height:50px\" aria-hidden=\"true\" class=\"wp-block-spacer\"><\/div>\n\n\n\n<aside class=\"wp-block-group pb-0 br-0101 has-background has-xl-margin-top\" style=\"background:linear-gradient(135deg,rgb(0,128,150) 0%,rgb(0,171,199) 100%)\"><div class=\"wp-block-group__inner-container is-layout-constrained wp-block-group-is-layout-constrained\">\n<div class=\"wp-block-columns br-1010 is-layout-flex wp-container-core-columns-is-layout-8f761849 wp-block-columns-is-layout-flex\">\n<div class=\"wp-block-column is-vertically-aligned-center is-layout-flow wp-block-column-is-layout-flow\" style=\"flex-basis:60%\">\n<p class=\"has-text-align-center has-white-color has-text-color has-link-color has-xxl-font-size wp-elements-1 has-no-margin-top has-no-margin-bottom wp-block-paragraph\"> <strong>Trabalhe na NeuronUP<\/strong><\/p>\n\n\n\n<p class=\"has-text-align-center has-white-color has-text-color has-link-color has-sm-font-size wp-elements-2 has-no-margin-top has-no-margin-bottom wp-block-paragraph\">Desenvolva sua carreira no setor da sa\u00fade digital.<br>Junte-se \u00e0 nossa equipe.<\/p>\n\n\n\n<div style=\"height:10px\" aria-hidden=\"true\" class=\"wp-block-spacer\"><\/div>\n\n\n\n<div class=\"wp-block-buttons is-content-justification-center is-layout-flex wp-container-core-buttons-is-layout-fe48e5de wp-block-buttons-is-layout-flex\">\n<div class=\"wp-block-button has-custom-width wp-block-button__width-75\" style=\"--button-background:var(--color-custom-1);--button-background-hover:#cc7e00;\"><a class=\"wp-block-button__link button   has-sm-font-size has-custom-font-size wp-element-button\" href=\"https:\/\/neuronup.com\/br\/as-melhores-ofertas-de-emprego-para-profissionais-da-neurorreabilitacao\/\"><strong><strong>Ver vagas dispon\u00edveis<\/strong><\/strong><\/a><\/div>\n\n<\/div>\n<\/div>\n\n\n\n<div class=\"wp-block-column is-vertically-aligned-center is-layout-flow wp-block-column-is-layout-flow\" style=\"flex-basis:40%\"><div class=\"wp-block-image blog-br-0101\">\n<figure class=\"alignright size-large is-resized has--xxxl-margin-top has-no-margin-bottom\"><img decoding=\"async\" width=\"1024\" height=\"1024\" src=\"https:\/\/neuronup.com\/br\/wp-content\/uploads\/2026\/06\/Historias-exito-NeuronUP-14-2-1024x1024.webp\" alt=\"\" class=\"wp-image-51286\" style=\"width:361px;height:auto\" srcset=\"https:\/\/neuronup.com\/br\/wp-content\/uploads\/2026\/06\/Historias-exito-NeuronUP-14-2-24x24.webp 24w, https:\/\/neuronup.com\/br\/wp-content\/uploads\/2026\/06\/Historias-exito-NeuronUP-14-2-48x48.webp 48w, https:\/\/neuronup.com\/br\/wp-content\/uploads\/2026\/06\/Historias-exito-NeuronUP-14-2-80x80.webp 80w, https:\/\/neuronup.com\/br\/wp-content\/uploads\/2026\/06\/Historias-exito-NeuronUP-14-2-96x96.webp 96w, https:\/\/neuronup.com\/br\/wp-content\/uploads\/2026\/06\/Historias-exito-NeuronUP-14-2-150x150.webp 150w, https:\/\/neuronup.com\/br\/wp-content\/uploads\/2026\/06\/Historias-exito-NeuronUP-14-2-300x300.webp 300w, https:\/\/neuronup.com\/br\/wp-content\/uploads\/2026\/06\/Historias-exito-NeuronUP-14-2-768x768.webp 768w, https:\/\/neuronup.com\/br\/wp-content\/uploads\/2026\/06\/Historias-exito-NeuronUP-14-2-1024x1024.webp 1024w, https:\/\/neuronup.com\/br\/wp-content\/uploads\/2026\/06\/Historias-exito-NeuronUP-14-2.webp 1080w\" sizes=\"(max-width: 1024px) 100vw, 1024px\" \/><\/figure>\n<\/div><\/div>\n<\/div>\n<\/div><\/aside>\n\n\n\n<div style=\"height:50px\" aria-hidden=\"true\" class=\"wp-block-spacer\"><\/div>\n\n\n\n<h2 class=\"wp-block-heading\">Jogue por n\u00edveis<\/h2>\n\n\n\n<p class=\"wp-block-paragraph\">Esta atividade est\u00e1 estruturada em <strong>cinco <\/strong>n\u00edveis de dificuldade: b\u00e1sico, f\u00e1cil, m\u00e9dio, dif\u00edcil e avan\u00e7ado. \u00c0 medida que o n\u00edvel aumenta, a dificuldade se incrementa.<\/p>\n\n\n\n<h2 class=\"wp-block-heading\">Formato<\/h2>\n\n\n\n<p class=\"wp-block-paragraph\">Essas fichas para trabalhar a discrimina\u00e7\u00e3o em crian\u00e7as podem ser trabalhadas tanto no formato&nbsp;<strong>digital<\/strong> como no formato&nbsp;<strong>papel<\/strong>. Voc\u00ea poder\u00e1 personaliz\u00e1-las, imprimi-las e us\u00e1-las com cada um de seus usu\u00e1rios.<\/p>\n\n\n\n<h2 class=\"wp-block-heading\">Vers\u00e3o para adultos<\/h2>\n\n\n\n<p class=\"wp-block-paragraph\"><em>Qual existe?<\/em> \u00e9 a vers\u00e3o infantil da atividade <em>Discrimina\u00e7\u00e3o visual de uma palavra real<\/em>, na qual os usu\u00e1rios tamb\u00e9m devem discriminar dentro de um grupo de palavras qual existe realmente.<\/p>\n\n\n\n<h3 class=\"wp-block-heading\">Se voc\u00ea gostou desta ficha para trabalhar a discrimina\u00e7\u00e3o em crian\u00e7as, talvez tamb\u00e9m se interesse por estes artigos:<\/h3>\n\n<div class=\"mai-grid entries entries-grid has-boxed has-image-full\" style=\"--entry-title-font-size:var(--font-size-lg);--align-text:start;--entry-meta-text-align:start;\"><div class=\"entries-wrap has-columns\" style=\"--columns-xs:1 \/ 1;--columns-sm:1 \/ 1;--columns-md:1 \/ 3;--columns-lg:1 \/ 3;--flex-xs:0 0 var(--flex-basis);--flex-sm:0 0 var(--flex-basis);--flex-md:0 0 var(--flex-basis);--flex-lg:0 0 var(--flex-basis);--column-gap:var(--spacing-lg);--row-gap:var(--spacing-lg);--align-columns:start;\"><article class=\"entry entry-grid is-column has-entry-link has-image has-image-first type-post category-doencas-neurodegenerativas tag-demencia tag-enfermedades-neurodegenerativas tag-maiores\" style=\"--entry-index:1;\" aria-label=\"Decl\u00ednio cognitivo leve (DCL) ou dem\u00eancia: diferen\u00e7as cl\u00ednicas, diagn\u00f3stico e estimula\u00e7\u00e3o cognitiva\" itemscope itemtype=\"https:\/\/schema.org\/CreativeWork\"><a class=\"entry-image-link\" href=\"https:\/\/neuronup.com\/br\/noticias-de-estimulacao-cognitiva\/doencas-neurodegenerativas\/deterioro-cognitivo-leve-demencia-diferencas-clinicas-diagnostico-e-estimulacao-cognitiva\/\" tabindex=\"-1\" aria-hidden=\"true\"><img decoding=\"async\" width=\"400\" height=\"300\" src=\"https:\/\/neuronup.com\/br\/wp-content\/uploads\/2025\/05\/Deterioro-cognitivo-leve-o-demencia-diferencias-clinicas-diagnostico-y-estimulacion-cognitiva-400x300.webp\" class=\"entry-image size-landscape-sm\" alt=\"Ilustra\u00e7\u00e3o comparando deteriora\u00e7\u00e3o cognitiva leve e dem\u00eancia, com \u00eanfase em diferen\u00e7as cl\u00ednicas para a avalia\u00e7\u00e3o.\" srcset=\"https:\/\/neuronup.com\/br\/wp-content\/uploads\/2025\/05\/Deterioro-cognitivo-leve-o-demencia-diferencias-clinicas-diagnostico-y-estimulacion-cognitiva-400x300.webp 400w, https:\/\/neuronup.com\/br\/wp-content\/uploads\/2025\/05\/Deterioro-cognitivo-leve-o-demencia-diferencias-clinicas-diagnostico-y-estimulacion-cognitiva-800x600.webp 800w\" sizes=\"(max-width:599px) 599px, (min-width:600px) and (max-width: 799px) 799px, (min-width:800px) and (max-width: 999px) 333px, (min-width:1000px) 400px\" \/><\/a><div class=\"entry-wrap entry-wrap-grid\"><h3 class=\"entry-title\" itemprop=\"headline\"><a class=\"entry-title-link\" href=\"https:\/\/neuronup.com\/br\/noticias-de-estimulacao-cognitiva\/doencas-neurodegenerativas\/deterioro-cognitivo-leve-demencia-diferencas-clinicas-diagnostico-e-estimulacao-cognitiva\/\" rel=\"bookmark\">Decl\u00ednio cognitivo leve (DCL) ou dem\u00eancia: diferen\u00e7as cl\u00ednicas, diagn\u00f3stico e estimula\u00e7\u00e3o cognitiva<\/a><\/h3>\n<\/div><\/article><article class=\"entry entry-grid is-column has-entry-link has-image has-image-first type-post category-dano-cerebral tag-dano-cerebral-adquirido\" style=\"--entry-index:2;\" aria-label=\"Aprendizagem motora: o que \u00e9, fatores, metodologia e objetivo\" itemscope itemtype=\"https:\/\/schema.org\/CreativeWork\"><a class=\"entry-image-link\" href=\"https:\/\/neuronup.com\/br\/noticias-de-estimulacao-cognitiva\/dano-cerebral\/aprendizagem-motora-o-que-e-fatores-metodologia-e-objetivo\/\" tabindex=\"-1\" aria-hidden=\"true\"><img decoding=\"async\" width=\"400\" height=\"300\" src=\"https:\/\/neuronup.com\/br\/wp-content\/uploads\/2021\/10\/cross-section-of-human-brain-tissue-8ALYQ7M-655x427-1-400x300.webp\" class=\"entry-image size-landscape-sm\" alt=\"Estrutura transversal com ramifica\u00e7\u00f5es do tipo rede neural em tons de marrom e dourado, parecida com o tecido cerebral.\" \/><\/a><div class=\"entry-wrap entry-wrap-grid\"><h3 class=\"entry-title\" itemprop=\"headline\"><a class=\"entry-title-link\" href=\"https:\/\/neuronup.com\/br\/noticias-de-estimulacao-cognitiva\/dano-cerebral\/aprendizagem-motora-o-que-e-fatores-metodologia-e-objetivo\/\" rel=\"bookmark\">Aprendizagem motora: o que \u00e9, fatores, metodologia e objetivo<\/a><\/h3>\n<\/div><\/article><article class=\"entry entry-grid is-column has-entry-link has-image has-image-first type-post category-atividades-de-neurorreabilitacao tag-actividades-de-estimulacion-cognitiva tag-actividades-de-estimulacion-cognitiva-para-ninos tag-noticias-de-neuronup\" style=\"--entry-index:3;\" aria-label=\"Descubra as 10 atividades da NeuronUP mais utilizadas para trabalhar com crian\u00e7as\" itemscope itemtype=\"https:\/\/schema.org\/CreativeWork\"><a class=\"entry-image-link\" href=\"https:\/\/neuronup.com\/br\/atividades-de-neurorreabilitacao\/conheca-as-10-atividades-neuronup-mais-utilizadas-para-trabalhar-com-criancas\/\" tabindex=\"-1\" aria-hidden=\"true\"><img decoding=\"async\" width=\"400\" height=\"300\" src=\"https:\/\/neuronup.com\/br\/wp-content\/uploads\/2024\/09\/Juego-de-NeuronUP-para-trabajar-la-relacion-espacial-en-ninos-Parada-en-boxes-400x300.webp\" class=\"entry-image size-landscape-sm\" alt=\"Interface do NeuronUP para rela\u00e7\u00e3o espacial em crian\u00e7as: pista para localizar objetos, com um personagem e controles na parte inferior.\" srcset=\"https:\/\/neuronup.com\/br\/wp-content\/uploads\/2024\/09\/Juego-de-NeuronUP-para-trabajar-la-relacion-espacial-en-ninos-Parada-en-boxes-400x300.webp 400w, https:\/\/neuronup.com\/br\/wp-content\/uploads\/2024\/09\/Juego-de-NeuronUP-para-trabajar-la-relacion-espacial-en-ninos-Parada-en-boxes-800x600.webp 800w\" sizes=\"(max-width:599px) 599px, (min-width:600px) and (max-width: 799px) 799px, (min-width:800px) and (max-width: 999px) 333px, (min-width:1000px) 400px\" \/><\/a><div class=\"entry-wrap entry-wrap-grid\"><h3 class=\"entry-title\" itemprop=\"headline\"><a class=\"entry-title-link\" href=\"https:\/\/neuronup.com\/br\/atividades-de-neurorreabilitacao\/conheca-as-10-atividades-neuronup-mais-utilizadas-para-trabalhar-com-criancas\/\" rel=\"bookmark\">Descubra as 10 atividades da NeuronUP mais utilizadas para trabalhar com crian\u00e7as<\/a><\/h3>\n<\/div><\/article><article class=\"entry entry-grid is-column has-entry-link has-image has-image-first type-post category-eventos tag-congresso\" style=\"--entry-index:4;\" aria-label=\"Global Neuropsychology Congress: o congresso que reuniu o mundo no Porto\" itemscope itemtype=\"https:\/\/schema.org\/CreativeWork\"><a class=\"entry-image-link\" href=\"https:\/\/neuronup.com\/br\/eventos\/global-neuropsychology-congress-conectando-o-mundo-no-porto\/\" tabindex=\"-1\" aria-hidden=\"true\"><img decoding=\"async\" width=\"400\" height=\"300\" src=\"https:\/\/neuronup.com\/br\/wp-content\/uploads\/2024\/07\/IMG_9004-1-400x300.webp\" class=\"entry-image size-landscape-sm\" alt=\"Participantes em uma confer\u00eancia no Porto, com palestrantes e tela de proje\u00e7\u00e3o durante o Congresso Global de Neuropsicologia.\" srcset=\"https:\/\/neuronup.com\/br\/wp-content\/uploads\/2024\/07\/IMG_9004-1-400x300.webp 400w, https:\/\/neuronup.com\/br\/wp-content\/uploads\/2024\/07\/IMG_9004-1-800x600.webp 800w\" sizes=\"(max-width:599px) 599px, (min-width:600px) and (max-width: 799px) 799px, (min-width:800px) and (max-width: 999px) 333px, (min-width:1000px) 400px\" \/><\/a><div class=\"entry-wrap entry-wrap-grid\"><h3 class=\"entry-title\" itemprop=\"headline\"><a class=\"entry-title-link\" href=\"https:\/\/neuronup.com\/br\/eventos\/global-neuropsychology-congress-conectando-o-mundo-no-porto\/\" rel=\"bookmark\">Global Neuropsychology Congress: o congresso que reuniu o mundo no Porto<\/a><\/h3>\n<\/div><\/article><article class=\"entry entry-grid is-column has-entry-link has-image has-image-first type-post category-linhas-de-investigacao tag-investigacion tag-ninos\" style=\"--entry-index:5;\" aria-label=\"Ferramentas digitais na interven\u00e7\u00e3o precoce: o que a evid\u00eancia internacional nos diz\" itemscope itemtype=\"https:\/\/schema.org\/CreativeWork\"><a class=\"entry-image-link\" href=\"https:\/\/neuronup.com\/br\/investigacao\/linhas-de-investigacao\/ferramentas-digitais-na-intervencao-precoce-o-que-a-evidencia-internacional-diz\/\" tabindex=\"-1\" aria-hidden=\"true\"><img decoding=\"async\" width=\"400\" height=\"300\" src=\"https:\/\/neuronup.com\/br\/wp-content\/uploads\/2026\/04\/Evidencia-sobre-las-herramientas-digitales-en-intervencion-temprana.-Como-las-tecnologias-digitales-transforman-la-intervencion-temprana-400x300.webp\" class=\"entry-image size-landscape-sm\" alt=\"Descubra como as tecnologias digitais transformam a interven\u00e7\u00e3o precoce, gra\u00e7as a uma an\u00e1lise baseada em evid\u00eancias de Liapakis (2025) e ao impacto da NeuronUP nas fun\u00e7\u00f5es executivas e na ades\u00e3o cl\u00ednica.\" srcset=\"https:\/\/neuronup.com\/br\/wp-content\/uploads\/2026\/04\/Evidencia-sobre-las-herramientas-digitales-en-intervencion-temprana.-Como-las-tecnologias-digitales-transforman-la-intervencion-temprana-400x300.webp 400w, https:\/\/neuronup.com\/br\/wp-content\/uploads\/2026\/04\/Evidencia-sobre-las-herramientas-digitales-en-intervencion-temprana.-Como-las-tecnologias-digitales-transforman-la-intervencion-temprana-800x600.webp 800w\" sizes=\"(max-width:599px) 599px, (min-width:600px) and (max-width: 799px) 799px, (min-width:800px) and (max-width: 999px) 333px, (min-width:1000px) 400px\" \/><\/a><div class=\"entry-wrap entry-wrap-grid\"><h3 class=\"entry-title\" itemprop=\"headline\"><a class=\"entry-title-link\" href=\"https:\/\/neuronup.com\/br\/investigacao\/linhas-de-investigacao\/ferramentas-digitais-na-intervencao-precoce-o-que-a-evidencia-internacional-diz\/\" rel=\"bookmark\">Ferramentas digitais na interven\u00e7\u00e3o precoce: o que a evid\u00eancia internacional nos diz<\/a><\/h3>\n<\/div><\/article><article class=\"entry entry-grid is-column has-entry-link has-image has-image-first type-post category-doencas-neurodegenerativas tag-doenca-de-alzheimer tag-enfermedades-neurodegenerativas\" style=\"--entry-index:6;\" aria-label=\"Microbiota intestinal e Alzheimer: papel do eixo intestino-c\u00e9rebro na deteriora\u00e7\u00e3o cognitiva\" itemscope itemtype=\"https:\/\/schema.org\/CreativeWork\"><a class=\"entry-image-link\" href=\"https:\/\/neuronup.com\/br\/noticias-de-estimulacao-cognitiva\/doencas-neurodegenerativas\/microbiota-intestinal-e-alzheimer-papel-do-eixo-intestino-cerebro-no-declinio-cognitivo\/\" tabindex=\"-1\" aria-hidden=\"true\"><img decoding=\"async\" width=\"400\" height=\"300\" src=\"https:\/\/neuronup.com\/br\/wp-content\/uploads\/2026\/04\/Microbiota-intestinal-y-alzheimer-papel-del-eje-intestino-cerebro-en-el-deterioro-cognitivo.-Relacion-entre-la-microbiota-intestinal-y-el-deterioro-cognitivo-400x300.webp\" class=\"entry-image size-landscape-sm\" alt=\"Microbiota intestinal e Alzheimer: papel do eixo intestino-c\u00e9rebro no decl\u00ednio cognitivo. Rela\u00e7\u00e3o entre a microbiota intestinal e o decl\u00ednio cognitivo.\" srcset=\"https:\/\/neuronup.com\/br\/wp-content\/uploads\/2026\/04\/Microbiota-intestinal-y-alzheimer-papel-del-eje-intestino-cerebro-en-el-deterioro-cognitivo.-Relacion-entre-la-microbiota-intestinal-y-el-deterioro-cognitivo-400x300.webp 400w, https:\/\/neuronup.com\/br\/wp-content\/uploads\/2026\/04\/Microbiota-intestinal-y-alzheimer-papel-del-eje-intestino-cerebro-en-el-deterioro-cognitivo.-Relacion-entre-la-microbiota-intestinal-y-el-deterioro-cognitivo-800x600.webp 800w\" sizes=\"(max-width:599px) 599px, (min-width:600px) and (max-width: 799px) 799px, (min-width:800px) and (max-width: 999px) 333px, (min-width:1000px) 400px\" \/><\/a><div class=\"entry-wrap entry-wrap-grid\"><h3 class=\"entry-title\" itemprop=\"headline\"><a class=\"entry-title-link\" href=\"https:\/\/neuronup.com\/br\/noticias-de-estimulacao-cognitiva\/doencas-neurodegenerativas\/microbiota-intestinal-e-alzheimer-papel-do-eixo-intestino-cerebro-no-declinio-cognitivo\/\" rel=\"bookmark\">Microbiota intestinal e Alzheimer: papel do eixo intestino-c\u00e9rebro na deteriora\u00e7\u00e3o cognitiva<\/a><\/h3>\n<\/div><\/article><\/div><\/div>","protected":false},"excerpt":{"rendered":"<p>Hoje apresentamos a voc\u00eas uma nova&nbsp;ficha para&nbsp;treinar a discrimina\u00e7\u00e3o em crian\u00e7as&nbsp;chamada&nbsp;Qual existe?. Em que consiste esta ficha para trabalhar a discrimina\u00e7\u00e3o em crian\u00e7as? Esta atividade consiste em reconhecer a palavra que esteja bem escrita, diferenciando-a do resto das op\u00e7\u00f5es. A seguir, mostramos a voc\u00ea um v\u00eddeo desta atividade infantil para trabalhar a discrimina\u00e7\u00e3o: O que &hellip;<\/p>\n","protected":false},"author":7,"featured_media":30922,"comment_status":"open","ping_status":"open","sticky":false,"template":"","format":"standard","meta":{"_acf_changed":false,"_genesis_hide_title":false,"_genesis_hide_breadcrumbs":false,"_genesis_hide_singular_image":false,"_genesis_hide_footer_widgets":false,"_genesis_custom_body_class":"","_genesis_custom_post_class":"","_genesis_layout":"","footnotes":""},"categories":[556],"tags":[762,749,757],"class_list":["type-post","category-de-atencao","tag-actividades-de-estimulacion-cognitiva-para-ninos","tag-atencion","tag-noticias-de-neuronup","entry"],"acf":[],"_links":{"self":[{"href":"https:\/\/neuronup.com\/br\/wp-json\/wp\/v2\/posts\/30863","targetHints":{"allow":["GET"]}}],"collection":[{"href":"https:\/\/neuronup.com\/br\/wp-json\/wp\/v2\/posts"}],"about":[{"href":"https:\/\/neuronup.com\/br\/wp-json\/wp\/v2\/types\/post"}],"author":[{"embeddable":true,"href":"https:\/\/neuronup.com\/br\/wp-json\/wp\/v2\/users\/7"}],"replies":[{"embeddable":true,"href":"https:\/\/neuronup.com\/br\/wp-json\/wp\/v2\/comments?post=30863"}],"version-history":[{"count":0,"href":"https:\/\/neuronup.com\/br\/wp-json\/wp\/v2\/posts\/30863\/revisions"}],"wp:featuredmedia":[{"embeddable":true,"href":"https:\/\/neuronup.com\/br\/wp-json\/wp\/v2\/media\/30922"}],"wp:attachment":[{"href":"https:\/\/neuronup.com\/br\/wp-json\/wp\/v2\/media?parent=30863"}],"wp:term":[{"taxonomy":"category","embeddable":true,"href":"https:\/\/neuronup.com\/br\/wp-json\/wp\/v2\/categories?post=30863"},{"taxonomy":"post_tag","embeddable":true,"href":"https:\/\/neuronup.com\/br\/wp-json\/wp\/v2\/tags?post=30863"}],"curies":[{"name":"wp","href":"https:\/\/api.w.org\/{rel}","templated":true}]}}