{"id":3031,"date":"2020-02-03T13:06:22","date_gmt":"2020-02-03T12:06:22","guid":{"rendered":"https:\/\/neuronup.com\/br\/?p=3031"},"modified":"2025-05-26T19:43:54","modified_gmt":"2025-05-26T17:43:54","slug":"cognicao-social-na-esquizofrenia","status":"publish","type":"post","link":"https:\/\/neuronup.com\/br\/noticias-de-estimulacao-cognitiva\/doenca-mental\/esquizofrenia\/cognicao-social-na-esquizofrenia\/","title":{"rendered":"Cogni\u00e7\u00e3o Social na Esquizofrenia"},"content":{"rendered":"\n<h2 class=\"wp-block-heading\">O que \u00e9 a cogni\u00e7\u00e3o social?<\/h2>\n\n\n\n<p>O termo cogni\u00e7\u00e3o social foi cunhado durante a chamada &#8220;revolu\u00e7\u00e3o cognitiva&#8221; que teve lugar entre o final dos anos 60 e o in\u00edcio dos anos 70 (Sperry, 1993). Contudo, o estudo da cogni\u00e7\u00e3o social na esquizofrenia destaca-se por ter tido uma forte expans\u00e3o ao longo dos anos 90 que continua a aumentar hoje em dia.<\/p>\n\n\n\n<p>Como destacam Ruiz, Garc\u00eda e Fuentes (2006), apesar do grande n\u00famero de defini\u00e7\u00f5es que podem ser encontradas de cogni\u00e7\u00e3o social, as diferentes investiga\u00e7\u00f5es que a t\u00eam explorado no campo da esquizofrenia concordam que os processos cognitivos sociais envolvidos t\u00eam a ver, por um lado, com a elabora\u00e7\u00e3o de infer\u00eancias sobre as inten\u00e7\u00f5es e cren\u00e7as de outras pessoas e, por outro lado, com a avalia\u00e7\u00e3o da influ\u00eancia de fatores situacionais no momento de fazer tais infer\u00eancias. Esta concep\u00e7\u00e3o d\u00e1 \u00e0 cogni\u00e7\u00e3o social um papel mediador entre o neurocogni\u00e7\u00e3o e o funcionamento comunit\u00e1rio do indiv\u00edduo.<\/p>\n\n\n\n<h3 class=\"wp-block-heading\">Componentes <\/h3>\n\n\n\n<p>Embora a cogni\u00e7\u00e3o social seja entendida como uma constru\u00e7\u00e3o delimitada e diferente do neurocogni\u00e7\u00e3o e do funcionamento do indiv\u00edduo, n\u00e3o \u00e9 totalmente desligada destes, passando a incluir diferentes componentes, sendo os seguintes (Brekke et al., 2005; Green e Nuechterlerlein, 1999; Green et al:)<\/p>\n\n\n\n<ul class=\"wp-block-list\">\n<li>Processamento emocional<\/li>\n\n\n\n<li>Teoria da Mente<\/li>\n\n\n\n<li>Percep\u00e7\u00e3o\/consciencializa\u00e7\u00e3o social<\/li>\n\n\n\n<li>Estilo Atributivo<\/li>\n<\/ul>\n\n\n\n<h3 class=\"wp-block-heading\">Pesquisa sobre cogni\u00e7\u00e3o social na esquizofrenia<\/h3>\n\n\n\n<p><strong>Objetivos <br><\/strong>A pesquisa atual sobre cogni\u00e7\u00e3o social na esquizofrenia persegue diferentes objetivos, incluindo (Green e Horan, 2010):<\/p>\n\n\n\n<ul class=\"wp-block-list\">\n<li>Para compreender o papel da cogni\u00e7\u00e3o social no funcionamento dos sujeitos<\/li>\n\n\n\n<li>Para compreender o desenvolvimento de alguns sintomas de esquizofrenia, como a paran\u00f3ia.<\/li>\n\n\n\n<li>Examinar se os d\u00e9ficits de cogni\u00e7\u00e3o social s\u00e3o constitu\u00eddos como uma caracter\u00edstica ou um estado, observando a evolu\u00e7\u00e3o de tais d\u00e9ficits ao longo das diferentes fases da doen\u00e7a ou em amostras de sujeitos com alto risco de desenvolver a patologia.<\/li>\n\n\n\n<li>Aplicar diferentes m\u00e9todos para identificar os substratos neurol\u00f3gicos que influenciam diretamente o processamento da informa\u00e7\u00e3o social.<\/li>\n\n\n\n<li>Gerar e avaliar diferentes interven\u00e7\u00f5es, tanto psicofarmacol\u00f3gicas como psicossociais, que permitam melhorar os d\u00e9ficits de cogni\u00e7\u00e3o social.<\/li>\n<\/ul>\n\n\n\n<h3 class=\"wp-block-heading\"> A cogni\u00e7\u00e3o social segundo os autores: estudos de cogni\u00e7\u00e3o social<\/h3>\n\n\n\n<p>Embora a pesquisa sobre d\u00e9ficits de cogni\u00e7\u00e3o social tenha sido dirigida principalmente aos sujeitos diagnosticados com esquizofrenia de longa evolu\u00e7\u00e3o, alguns estudos t\u00eam se concentrado em explorar esses mesmos d\u00e9ficits em pacientes com evolu\u00e7\u00e3o curta, descobrindo que esses sujeitos tamb\u00e9m os apresentam.<\/p>\n\n\n\n<p>Al\u00e9m disso, nos pacientes, esses d\u00e9ficits s\u00e3o relativamente est\u00e1veis, aparecendo tanto nas fases agudas como em todas as fases da doen\u00e7a e nas fases de remiss\u00e3o. Essas descobertas levaram a pensar que os d\u00e9ficits de cogni\u00e7\u00e3o social na esquizofrenia n\u00e3o seriam simplesmente o resultado dos efeitos colaterais do tratamento medicamentoso ou de diferentes epis\u00f3dios cl\u00ednicos, mas seriam d\u00e9ficits nucleares t\u00edpicos dessa doen\u00e7a que surgem no in\u00edcio da mesma e depois se mant\u00eam est\u00e1veis (Green et al, 2012; Green e Horan, 2010; Horan et al, 2012).<\/p>\n\n\n\n<h3 class=\"wp-block-heading\">Referencias<\/h3>\n\n\n\n<ul class=\"wp-block-list has-sm-font-size\">\n<li>Brekke, J. S., Kay, D. D., Lee, K. S., y Green, M. F. (2005). Biosocial pathways to functional outcome in schizophrenia. Schizophrenia Research, 80(2), 213-235.<\/li>\n\n\n\n<li>Green, M. F., Bearden, C. E., Cannon, T. D., Fiske, A. P., Hellemann, G. S., Horan, W. P.,\u2026 y Nuechterlein, K. H. (2012). Social cognition in schizophrenia, part 1: performance across phase of illness. Schizophrenia Bulletin, 38(4), 854-864.<\/li>\n\n\n\n<li>Green, M. F., y Horan, W. P. (2010). Social cognition in schizophrenia. Current Directions in Psychological Science, 19(4), 243-248.<\/li>\n\n\n\n<li>Green, M. F., y Nuechterlein, K. H. (1999). Should schizophrenia be treated as neurocognitive disorder? Schizophrenia Bulletin, 25(2), 309-319.<\/li>\n\n\n\n<li>Green, M. F., Olivier, B., Crawley, J. N., Penn, D. L., y Silverstein, S. (2005). Social cognition in schizophrenia: recommendations from the measurement and treatment research to improve cognition in schizophrenia new approaches conference. Schizophrenia Bulletin, 31(4), 882-887.<\/li>\n\n\n\n<li>Horan, W. P., Green, M. F., DeGroot, M., Fiske, A., Hellemann, G., Kee, K.,\u2026 y Nuechterlein, K.H. (2012). Social cognition in schizophrenia, part 2: 12-month stability and prediction of functional outcome in first- episode patients. Schizophrenia Bulletin, 38(4), 865-872.<\/li>\n\n\n\n<li>Penn, D. L., Roberts, D. L., Munt, E. D., Silverstein, E., Jones, N., y Sheitman, B.  (2005). A pilot study of Social Cognition and Interaction Training (SCIT) for schizophrenia. Schizophrenia Research, 80(2-3), 357-359.<\/li>\n\n\n\n<li>Ruiz, J. C., Garc\u00eda, S., y Fuentes, I. (2006). La relevancia de la cognici\u00f3n social en la esquizofrenia. Apuntes de Psicolog\u00eda, 24(1-3), 137-155<\/li>\n\n\n\n<li>Sperry, R. W. (1993). The impact and promise of the cognitive revolution. American Psychologist, 48(8), 878-885<\/li>\n<\/ul>\n\n\n\n<h3 class=\"wp-block-heading\">Se voc\u00ea gostou desta publica\u00e7\u00e3o,&nbsp;talvez tamb\u00e9m se interesse por outras publica\u00e7\u00f5es da&nbsp;NeuronUP:<\/h3>\n\n\n<div class=\"mai-grid entries entries-grid has-boxed has-image-full\" style=\"--entry-title-font-size:var(--font-size-lg);--align-text:start;--entry-meta-text-align:start;\"><div class=\"entries-wrap has-columns\" style=\"--columns-xs:1\/1;--columns-sm:1\/1;--columns-md:1\/3;--columns-lg:1\/3;--flex-xs:0 0 var(--flex-basis);--flex-sm:0 0 var(--flex-basis);--flex-md:0 0 var(--flex-basis);--flex-lg:0 0 var(--flex-basis);--column-gap:var(--spacing-lg);--row-gap:var(--spacing-lg);--align-columns:start;\"><article class=\"entry entry-grid is-column has-entry-link has-image has-image-first type-post category-atividades-para-transtornos-do-desenvolvimento tag-atividades-de-estimulacao-cognitiva tag-atividades-de-estimulacao-cognitiva-para-criancas tag-criancas tag-dislexia tag-estimulacao-cognitiva tag-transtornos-do-neurodesenvolvimento\" style=\"--entry-index:1;\" aria-label=\"Atividades para pessoas com dislexia\" itemscope itemtype=\"https:\/\/schema.org\/CreativeWork\"><a class=\"entry-image-link\" href=\"https:\/\/neuronup.com\/br\/atividades-de-neurorreabilitacao\/atividades-para-transtornos-do-desenvolvimento\/atividades-para-pessoas-com-dislexia\/\" tabindex=\"-1\" aria-hidden=\"true\"><img decoding=\"async\" width=\"400\" height=\"225\" src=\"https:\/\/neuronup.com\/br\/wp-content\/uploads\/2024\/10\/Detective-de-letras-NeuronUP.webp\" class=\"entry-image size-landscape-sm\" alt=\"Interface educativa do NeuronUP com fogueira; palavra &#039;fuego&#039; tem a letra &#039;e&#039; destacada em verde.\" srcset=\"https:\/\/neuronup.com\/br\/wp-content\/uploads\/2024\/10\/Detective-de-letras-NeuronUP-300x169.webp 300w, https:\/\/neuronup.com\/br\/wp-content\/uploads\/2024\/10\/Detective-de-letras-NeuronUP-768x432.webp 768w, https:\/\/neuronup.com\/br\/wp-content\/uploads\/2024\/10\/Detective-de-letras-NeuronUP-1024x576.webp 1024w, https:\/\/neuronup.com\/br\/wp-content\/uploads\/2024\/10\/Detective-de-letras-NeuronUP.webp 1200w\" sizes=\"(max-width:599px) 599px, (min-width:600px) and (max-width: 799px) 799px, (min-width:800px) and (max-width: 999px) 333px, (min-width:1000px) 400px\" \/><\/a><div class=\"entry-wrap entry-wrap-grid\"><h3 class=\"entry-title\" itemprop=\"headline\"><a class=\"entry-title-link\" href=\"https:\/\/neuronup.com\/br\/atividades-de-neurorreabilitacao\/atividades-para-transtornos-do-desenvolvimento\/atividades-para-pessoas-com-dislexia\/\" rel=\"bookmark\">Atividades para pessoas com dislexia<\/a><\/h3>\n<\/div><\/article><article class=\"entry entry-grid is-column has-entry-link has-image has-image-first type-post category-doenca-mental tag-esquizofrenia tag-saude-mental\" style=\"--entry-index:2;\" aria-label=\"Tend\u00eancias atuais no tratamento de doen\u00e7as mentais\" itemscope itemtype=\"https:\/\/schema.org\/CreativeWork\"><a class=\"entry-image-link\" href=\"https:\/\/neuronup.com\/br\/noticias-de-estimulacao-cognitiva\/doenca-mental\/tendencias-atuais-no-tratamento-de-doencas-mentais\/\" tabindex=\"-1\" aria-hidden=\"true\"><img decoding=\"async\" width=\"400\" height=\"257\" src=\"https:\/\/neuronup.com\/br\/wp-content\/uploads\/2024\/12\/Tendencias-actuales-en-el-tratamiento-de-enfermedades-mentales-NeuronUP.webp\" class=\"entry-image size-landscape-sm\" alt=\"Homem de cabelo castanho ondulado cobre o rosto com as m\u00e3os, express\u00e3o introspectiva, fundo cinza s\u00f3lido.\" srcset=\"https:\/\/neuronup.com\/br\/wp-content\/uploads\/2024\/12\/Tendencias-actuales-en-el-tratamiento-de-enfermedades-mentales-NeuronUP-300x193.webp 300w, https:\/\/neuronup.com\/br\/wp-content\/uploads\/2024\/12\/Tendencias-actuales-en-el-tratamiento-de-enfermedades-mentales-NeuronUP-768x493.webp 768w, https:\/\/neuronup.com\/br\/wp-content\/uploads\/2024\/12\/Tendencias-actuales-en-el-tratamiento-de-enfermedades-mentales-NeuronUP-1024x657.webp 1024w, https:\/\/neuronup.com\/br\/wp-content\/uploads\/2024\/12\/Tendencias-actuales-en-el-tratamiento-de-enfermedades-mentales-NeuronUP.webp 1200w\" sizes=\"(max-width:599px) 599px, (min-width:600px) and (max-width: 799px) 799px, (min-width:800px) and (max-width: 999px) 333px, (min-width:1000px) 400px\" \/><\/a><div class=\"entry-wrap entry-wrap-grid\"><h3 class=\"entry-title\" itemprop=\"headline\"><a class=\"entry-title-link\" href=\"https:\/\/neuronup.com\/br\/noticias-de-estimulacao-cognitiva\/doenca-mental\/tendencias-atuais-no-tratamento-de-doencas-mentais\/\" rel=\"bookmark\">Tend\u00eancias atuais no tratamento de doen\u00e7as mentais<\/a><\/h3>\n<\/div><\/article><article class=\"entry entry-grid is-column has-entry-link has-image has-image-first type-post category-neuronup-academy tag-academia-neuronup tag-lesao-cerebral-adquirida tag-palestra-da-academia-neuronup\" style=\"--entry-index:3;\" aria-label=\"A neuropsic\u00f3loga Ainhoa Espinosa de Luzarraga responde \u00e0s d\u00favidas sobre sua palestra de les\u00e3o cerebral adquirida\" itemscope itemtype=\"https:\/\/schema.org\/CreativeWork\"><a class=\"entry-image-link\" href=\"https:\/\/neuronup.com\/br\/formacao\/neuronup-academy\/a-neuropsicologa-ainhoa-espinosa-de-luzarraga-responde-as-duvidas-sobre-sua-palestra-de-dano-cerebral-adquirido\/\" tabindex=\"-1\" aria-hidden=\"true\"><img decoding=\"async\" width=\"400\" height=\"225\" src=\"https:\/\/neuronup.com\/br\/wp-content\/uploads\/2024\/11\/ACADEMY-Ainhoa.webp\" class=\"entry-image size-landscape-sm\" alt=\"Mulher sorridente ao lado de tela\/slide; fundo azul\/preto; destaque para Ainhoa em afeto e sexualidade ap\u00f3s dano cerebral.\" srcset=\"https:\/\/neuronup.com\/br\/wp-content\/uploads\/2024\/11\/ACADEMY-Ainhoa-300x169.webp 300w, https:\/\/neuronup.com\/br\/wp-content\/uploads\/2024\/11\/ACADEMY-Ainhoa-768x432.webp 768w, https:\/\/neuronup.com\/br\/wp-content\/uploads\/2024\/11\/ACADEMY-Ainhoa-1024x576.webp 1024w, https:\/\/neuronup.com\/br\/wp-content\/uploads\/2024\/11\/ACADEMY-Ainhoa.webp 1280w\" sizes=\"(max-width:599px) 599px, (min-width:600px) and (max-width: 799px) 799px, (min-width:800px) and (max-width: 999px) 333px, (min-width:1000px) 400px\" \/><\/a><div class=\"entry-wrap entry-wrap-grid\"><h3 class=\"entry-title\" itemprop=\"headline\"><a class=\"entry-title-link\" href=\"https:\/\/neuronup.com\/br\/formacao\/neuronup-academy\/a-neuropsicologa-ainhoa-espinosa-de-luzarraga-responde-as-duvidas-sobre-sua-palestra-de-dano-cerebral-adquirido\/\" rel=\"bookmark\">A neuropsic\u00f3loga Ainhoa Espinosa de Luzarraga responde \u00e0s d\u00favidas sobre sua palestra de les\u00e3o cerebral adquirida<\/a><\/h3>\n<\/div><\/article><article class=\"entry entry-grid is-column has-entry-link has-image has-image-first type-post category-novidades-neuronup tag-neuronup2go\" style=\"--entry-index:4;\" aria-label=\"Por que utilizar o NeuronUP2GO?\" itemscope itemtype=\"https:\/\/schema.org\/CreativeWork\"><a class=\"entry-image-link\" href=\"https:\/\/neuronup.com\/br\/novidades-neuronup\/por-que-utilizar-neuronup2go\/\" tabindex=\"-1\" aria-hidden=\"true\"><img decoding=\"async\" width=\"400\" height=\"267\" src=\"https:\/\/neuronup.com\/br\/wp-content\/uploads\/2024\/12\/neuronup2go-article.webp\" class=\"entry-image size-landscape-sm\" alt=\"Pessoa usando notebook em mesa de madeira, planta ao fundo, tela exibe NeuronUP 2GO, ambiente com parede de tijolos.\" srcset=\"https:\/\/neuronup.com\/br\/wp-content\/uploads\/2024\/12\/neuronup2go-article-300x200.webp 300w, https:\/\/neuronup.com\/br\/wp-content\/uploads\/2024\/12\/neuronup2go-article-768x512.webp 768w, https:\/\/neuronup.com\/br\/wp-content\/uploads\/2024\/12\/neuronup2go-article-1024x683.webp 1024w, https:\/\/neuronup.com\/br\/wp-content\/uploads\/2024\/12\/neuronup2go-article.webp 1200w\" sizes=\"(max-width:599px) 599px, (min-width:600px) and (max-width: 799px) 799px, (min-width:800px) and (max-width: 999px) 333px, (min-width:1000px) 400px\" \/><\/a><div class=\"entry-wrap entry-wrap-grid\"><h3 class=\"entry-title\" itemprop=\"headline\"><a class=\"entry-title-link\" href=\"https:\/\/neuronup.com\/br\/novidades-neuronup\/por-que-utilizar-neuronup2go\/\" rel=\"bookmark\">Por que utilizar o NeuronUP2GO?<\/a><\/h3>\n<\/div><\/article><article class=\"entry entry-grid is-column has-entry-link has-image has-image-first type-post category-atividades-de-neurorreabilitacao tag-atividades-de-estimulacao-cognitiva tag-atividades-de-estimulacao-cognitiva-para-adultos tag-atividades-de-estimulacao-cognitiva-para-criancas\" style=\"--entry-index:5;\" aria-label=\"Nova atividade de Natal! Experimente gr\u00e1tis\" itemscope itemtype=\"https:\/\/schema.org\/CreativeWork\"><a class=\"entry-image-link\" href=\"https:\/\/neuronup.com\/br\/atividades-de-neurorreabilitacao\/nova-atividade-natalina-experimente-gratis\/\" tabindex=\"-1\" aria-hidden=\"true\"><img decoding=\"async\" width=\"400\" height=\"202\" src=\"https:\/\/neuronup.com\/br\/wp-content\/uploads\/2024\/12\/Captura-de-pantalla-2024-12-12-104525.webp\" class=\"entry-image size-landscape-sm\" alt=\"Personagem azul sorridente com chap\u00e9u de Natal segura presente verde com la\u00e7o amarelo, cen\u00e1rio invernal com neve e doces.\" srcset=\"https:\/\/neuronup.com\/br\/wp-content\/uploads\/2024\/12\/Captura-de-pantalla-2024-12-12-104525-300x152.webp 300w, https:\/\/neuronup.com\/br\/wp-content\/uploads\/2024\/12\/Captura-de-pantalla-2024-12-12-104525-768x388.webp 768w, https:\/\/neuronup.com\/br\/wp-content\/uploads\/2024\/12\/Captura-de-pantalla-2024-12-12-104525-1024x517.webp 1024w, https:\/\/neuronup.com\/br\/wp-content\/uploads\/2024\/12\/Captura-de-pantalla-2024-12-12-104525-1536x776.webp 1536w, https:\/\/neuronup.com\/br\/wp-content\/uploads\/2024\/12\/Captura-de-pantalla-2024-12-12-104525.webp 1621w\" sizes=\"(max-width:599px) 599px, (min-width:600px) and (max-width: 799px) 799px, (min-width:800px) and (max-width: 999px) 333px, (min-width:1000px) 400px\" \/><\/a><div class=\"entry-wrap entry-wrap-grid\"><h3 class=\"entry-title\" itemprop=\"headline\"><a class=\"entry-title-link\" href=\"https:\/\/neuronup.com\/br\/atividades-de-neurorreabilitacao\/nova-atividade-natalina-experimente-gratis\/\" rel=\"bookmark\">Nova atividade de Natal! Experimente gr\u00e1tis<\/a><\/h3>\n<\/div><\/article><article class=\"entry entry-grid is-column has-entry-link has-image has-image-first type-post category-novidades-neuronup tag-personalizacao tag-valor-ecologico\" style=\"--entry-index:6;\" aria-label=\"O que \u00e9 o valor ecol\u00f3gico do NeuronUP?\" itemscope itemtype=\"https:\/\/schema.org\/CreativeWork\"><a class=\"entry-image-link\" href=\"https:\/\/neuronup.com\/br\/novidades-neuronup\/qual-e-o-valor-ecologico-do-neuronup\/\" tabindex=\"-1\" aria-hidden=\"true\"><img decoding=\"async\" width=\"400\" height=\"267\" src=\"https:\/\/neuronup.com\/br\/wp-content\/uploads\/2024\/12\/freepik__upload__67275.webp\" class=\"entry-image size-landscape-sm\" alt=\"Idoso sorridente preparando salada em cozinha moderna, veste camisa clara e \u00f3culos, com tigela e bancada de m\u00e1rmore.\" srcset=\"https:\/\/neuronup.com\/br\/wp-content\/uploads\/2024\/12\/freepik__upload__67275-300x200.webp 300w, https:\/\/neuronup.com\/br\/wp-content\/uploads\/2024\/12\/freepik__upload__67275-768x512.webp 768w, https:\/\/neuronup.com\/br\/wp-content\/uploads\/2024\/12\/freepik__upload__67275-1024x682.webp 1024w, https:\/\/neuronup.com\/br\/wp-content\/uploads\/2024\/12\/freepik__upload__67275-1536x1024.webp 1536w, https:\/\/neuronup.com\/br\/wp-content\/uploads\/2024\/12\/freepik__upload__67275.webp 2000w\" sizes=\"(max-width:599px) 599px, (min-width:600px) and (max-width: 799px) 799px, (min-width:800px) and (max-width: 999px) 333px, (min-width:1000px) 400px\" \/><\/a><div class=\"entry-wrap entry-wrap-grid\"><h3 class=\"entry-title\" itemprop=\"headline\"><a class=\"entry-title-link\" href=\"https:\/\/neuronup.com\/br\/novidades-neuronup\/qual-e-o-valor-ecologico-do-neuronup\/\" rel=\"bookmark\">O que \u00e9 o valor ecol\u00f3gico do NeuronUP?<\/a><\/h3>\n<\/div><\/article><\/div><\/div>","protected":false},"excerpt":{"rendered":"<p>O que \u00e9 a cogni\u00e7\u00e3o social? O termo cogni\u00e7\u00e3o social foi cunhado durante a chamada &#8220;revolu\u00e7\u00e3o cognitiva&#8221; que teve lugar entre o final dos anos 60 e o in\u00edcio dos anos 70 (Sperry, 1993). Contudo, o estudo da cogni\u00e7\u00e3o social na esquizofrenia destaca-se por ter tido uma forte expans\u00e3o ao longo dos anos 90 que &hellip;<\/p>\n","protected":false},"author":7,"featured_media":33237,"comment_status":"open","ping_status":"open","sticky":false,"template":"","format":"standard","meta":{"_acf_changed":false,"_genesis_hide_title":false,"_genesis_hide_breadcrumbs":false,"_genesis_hide_singular_image":false,"_genesis_hide_footer_widgets":false,"_genesis_custom_body_class":"","_genesis_custom_post_class":"","_genesis_layout":"","footnotes":""},"categories":[626],"tags":[],"class_list":{"2":"type-post","7":"category-esquizofrenia","8":"entry"},"acf":[],"_links":{"self":[{"href":"https:\/\/neuronup.com\/br\/wp-json\/wp\/v2\/posts\/3031","targetHints":{"allow":["GET"]}}],"collection":[{"href":"https:\/\/neuronup.com\/br\/wp-json\/wp\/v2\/posts"}],"about":[{"href":"https:\/\/neuronup.com\/br\/wp-json\/wp\/v2\/types\/post"}],"author":[{"embeddable":true,"href":"https:\/\/neuronup.com\/br\/wp-json\/wp\/v2\/users\/7"}],"replies":[{"embeddable":true,"href":"https:\/\/neuronup.com\/br\/wp-json\/wp\/v2\/comments?post=3031"}],"version-history":[{"count":0,"href":"https:\/\/neuronup.com\/br\/wp-json\/wp\/v2\/posts\/3031\/revisions"}],"wp:featuredmedia":[{"embeddable":true,"href":"https:\/\/neuronup.com\/br\/wp-json\/wp\/v2\/media\/33237"}],"wp:attachment":[{"href":"https:\/\/neuronup.com\/br\/wp-json\/wp\/v2\/media?parent=3031"}],"wp:term":[{"taxonomy":"category","embeddable":true,"href":"https:\/\/neuronup.com\/br\/wp-json\/wp\/v2\/categories?post=3031"},{"taxonomy":"post_tag","embeddable":true,"href":"https:\/\/neuronup.com\/br\/wp-json\/wp\/v2\/tags?post=3031"}],"curies":[{"name":"wp","href":"https:\/\/api.w.org\/{rel}","templated":true}]}}