{"id":2999,"date":"2020-02-01T14:10:00","date_gmt":"2020-02-01T13:10:00","guid":{"rendered":"https:\/\/neuronup.com\/br\/?p=2999"},"modified":"2025-05-26T19:43:20","modified_gmt":"2025-05-26T17:43:20","slug":"cognicao-social-estrutura-e-avaliacao-de-um-superconstruto","status":"publish","type":"post","link":"https:\/\/neuronup.com\/br\/neurociencia\/neuropsicologia\/cognicao-social-estrutura-e-avaliacao-de-um-superconstruto\/","title":{"rendered":"Cogni\u00e7\u00e3o social: estrutura e avalia\u00e7\u00e3o de um superconstruto"},"content":{"rendered":"\n<p>Quando pensamos em cogni\u00e7\u00e3o social no campo da neuropsicologia ou psicologia, muitas vezes nos referimos a conceitos tais como empatia, reconhecimento de express\u00f5es emocionais, faciais, teoria da mente ou mentaliza\u00e7\u00e3o, etc.; no entanto, nem sempre temos uma ideia geral clara, ou um modelo sob o qual relacionar essas constru\u00e7\u00f5es, e, a partir da\u00ed, organizar nosso trabalho de avalia\u00e7\u00e3o e tratamento de pessoas com d\u00e9ficits de cogni\u00e7\u00e3o social.<\/p>\n\n\n\n<p>Embora os modelos hol\u00edsticos e detalhados de cogni\u00e7\u00e3o social sejam escassos nas pesquisas atuais [1], h\u00e1 um consenso, no qual se afirma que a cogni\u00e7\u00e3o social \u00e9 um sistema de processamento de informa\u00e7\u00e3o, no qual h\u00e1 m\u00faltiplas fun\u00e7\u00f5es b\u00e1sicas envolvidas, as quais nos permitem que tenhamos um determinado comportamento social [1].<\/p>\n\n\n\n<h5 class=\"wp-block-heading\">Quais s\u00e3o as fun\u00e7\u00f5es b\u00e1sicas inclu\u00eddas pela cogni\u00e7\u00e3o social e como elas se relacionam entre si para dar origem a um comportamento social?<\/h5>\n\n\n\n<p>A partir de uma recente revis\u00e3o de S\u00e1nchez-Cubillo, Tirapu-Ust\u00e1rroz e Adrover-Roig [1], e do modelo de fluxo do processamento socioemocional de Ochsner [2], fez-se uma publica\u00e7\u00e3o que resume o conceito, a&nbsp;<strong>estrutura<\/strong>&nbsp;e alguns testes de avalia\u00e7\u00e3o da&nbsp;<a href=\"https:\/\/neuronup.com\/br\/areas-de-intervencao\/funcoes-cognitivas\/cognicao-social\/\"><strong>cogni\u00e7\u00e3o social<\/strong>: <\/a>uma superconstru\u00e7\u00e3o.<\/p>\n\n\n\n<h2 class=\"wp-block-heading\">Conceito de cogni\u00e7\u00e3o social<\/h2>\n\n\n\n<p>A cogni\u00e7\u00e3o social \u00e9 entendida como a capacidade de formar representa\u00e7\u00f5es das rela\u00e7\u00f5es entre si e os outros, e de us\u00e1-las de forma flex\u00edvel, de orientar nosso comportamento para que geremos comportamentos apropriados de acordo com a circunst\u00e2ncia social que se apresenta [1].<\/p>\n\n\n\n<p>Este processo cognitivo, atrav\u00e9s do qual constru\u00edmos estas representa\u00e7\u00f5es, \u00e9 um processo complexo, no qual interv\u00eam mecanismos de percep\u00e7\u00e3o, processamento e avalia\u00e7\u00e3o dos est\u00edmulos, permitindo-nos formar uma representa\u00e7\u00e3o do ambiente de intera\u00e7\u00e3o social [1].<\/p>\n\n\n\n<h2 class=\"wp-block-heading\">Componentes e n\u00edveis de complexidade da cogni\u00e7\u00e3o social: o modelo de Ochsner<\/h2>\n\n\n\n<p>Ochsner (2008), conhecido como fluxo de processamento socioemocional, \u00e9 um modelo geral de cogni\u00e7\u00e3o social que inclui a maior parte dos processos cognitivos e afetivos estudados isoladamente, atrav\u00e9s da pesquisa b\u00e1sica sobre cogni\u00e7\u00e3o social [1,2].<\/p>\n\n\n\n<p>Este modelo considera que no processamento da informa\u00e7\u00e3o envolvida na cogni\u00e7\u00e3o social, interv\u00eam cinco componentes que est\u00e3o relacionados entre si e de forma hier\u00e1rquica, nos quais est\u00e3o envolvidos v\u00e1rios processos:<\/p>\n\n\n\n<h3 class=\"wp-block-heading\">1. Aquisi\u00e7\u00e3o de valores socioafetivos<\/h3>\n\n\n\n<p>Em primeiro lugar, afirma-se que \u00e9 atrav\u00e9s da aprendizagem associativa por condicionamento, que atribu\u00edmos valores afetivos aos est\u00edmulos sociais que recebemos e suas poss\u00edveis respostas.<\/p>\n\n\n\n<p>Ou seja,&nbsp;<strong>implicitamente, aprendemos a associar cada est\u00edmulo social a um determinado valor&nbsp;<\/strong>(os est\u00edmulo podem ser positivos, negativos ou neutros) e essas associa\u00e7\u00f5es, est\u00edmulo-valor, influenciam a forma subjetiva que cada indiv\u00edduo tem de interpretar o mundo, moldando seus gostos, prefer\u00eancias, atitudes, etc.<\/p>\n\n\n\n<h3 class=\"wp-block-heading\">2. Percep\u00e7\u00e3o e respostas aos est\u00edmulos socioafetivos<\/h3>\n\n\n\n<p>Em segundo lugar, percebemos e reconhecemos est\u00edmulos socioafetivos que funcionam como pe\u00e7a fundamental, cujo reconhecimento \u00e9 muito relevante para a nossa adapta\u00e7\u00e3o no meio social.<\/p>\n\n\n\n<p><strong>Os est\u00edmulos sociais&nbsp;<\/strong>que detectamos e interpretamos a este n\u00edvel s\u00e3o:<\/p>\n\n\n\n<ul class=\"wp-block-list\">\n<li><strong>Movimento biol\u00f3gico:<\/strong>&nbsp;s\u00f3 \u00e9 realiz\u00e1vel por seres vivos com articula\u00e7\u00f5es.<\/li>\n\n\n\n<li><strong>As express\u00f5es faciais das emo\u00e7\u00f5es:&nbsp;<\/strong>reconhecer uma express\u00e3o de alegria, de medo, ou de emo\u00e7\u00f5es mais complexas, como a distra\u00e7\u00e3o ou a admira\u00e7\u00e3o.<\/li>\n\n\n\n<li><strong>O olhar dos outros:<\/strong>&nbsp;o que nos permite saber o que a outra pessoa est\u00e1 sentindo.<\/li>\n\n\n\n<li><strong>Pros\u00f3dia:<\/strong>&nbsp;o tom emocional da fala.<\/li>\n<\/ul>\n\n\n\n<p>A partir da observa\u00e7\u00e3o do nosso ambiente social, detectamos estes est\u00edmulos sociais, os quais interpretamos como est\u00edmulos positivos, negativos ou neutros; e cujo reconhecimento tem a fun\u00e7\u00e3o final de nos ajudar a compreender as inten\u00e7\u00f5es e o estado mental dos outros. <\/p>\n\n\n\n<h3 class=\"wp-block-heading\">3. Infer\u00eancia de baixo n\u00edvel de complexidade: simula\u00e7\u00e3o incorporada<\/h3>\n\n\n\n<p>Infer\u00eancias de baixo n\u00edvel s\u00e3o processos de compreens\u00e3o (dos estados mentais e inten\u00e7\u00f5es dos demais) que n\u00e3o usam o racioc\u00ednio, e sim mecanismos mais b\u00e1sicos e imediatos, tais como processos de simula\u00e7\u00e3o incorporados, que envolvem a ativa\u00e7\u00e3o de neur\u00f4nios- espelho.<\/p>\n\n\n\n<p>Como j\u00e1 sabemos, os neur\u00f4nios-espelho s\u00e3o neur\u00f4nios que s\u00e3o ativados tanto pela observa\u00e7\u00e3o de um movimento biol\u00f3gico em outros seres, quanto quando n\u00f3s mesmos executamos tal movimento. Este mecanismo foi postulado como a base neural subjacente \u00e0&nbsp;<strong>empatia<\/strong>&nbsp;(especificamente seu componente mais afetivo versus cognitivo) e&nbsp;<strong>imita\u00e7\u00e3o&nbsp;<\/strong>(referindo-se ao conceito de espelhamento social).<\/p>\n\n\n\n<p>A capacidade de experimentar, imediatamente no nosso pr\u00f3prio corpo, o que a outra pessoa est\u00e1 sentindo (ter empatia), apenas olhando para ela, nos ajuda a entender rapidamente qual \u00e9 o seu estado emocional\/mental, e assim podemos compreender o que ela est\u00e1 sentindo e quais s\u00e3o suas poss\u00edveis inten\u00e7\u00f5es, mas tudo isso tem que ser automaticamente e r\u00e1pido, sem ter que passar por processos de racioc\u00ednio, os quais requerem mais tempo.&nbsp;&nbsp;&nbsp;&nbsp;&nbsp;&nbsp;&nbsp; &nbsp;<\/p>\n\n\n\n<h3 class=\"wp-block-heading\">4. Infer\u00eancia de alto n\u00edvel de complexidade: teoria da mente ou empatia cognitiva<\/h3>\n\n\n\n<p>As infer\u00eancias de alto n\u00edvel referem-se \u00e0 compreens\u00e3o simb\u00f3lica do que observamos, considerando tanto o contexto quanto a informa\u00e7\u00e3o sem\u00e2ntica e epis\u00f3dica, de modo que se possa analisar a informa\u00e7\u00e3o que processamos, o que nos permite dar respostas adaptativas aos est\u00edmulos sociais mais amb\u00edguos, os quais requerem um processamento mais complexo e simb\u00f3lico.<\/p>\n\n\n\n<p>O racioc\u00ednio desempenha um papel fundamental neste n\u00edvel, e os&nbsp;<strong>processos da teoria da mente&nbsp;<\/strong>(tamb\u00e9m chamados de mentaliza\u00e7\u00e3o ou empatia cognitiva) s\u00e3o ativados no que se refere \u00e0 capacidade de atribuir estados mentais a outros indiv\u00edduos, a fim de explicar e prever o seu comportamento.<\/p>\n\n\n\n<h3 class=\"wp-block-heading\">5. Regula\u00e7\u00e3o do comportamento em fun\u00e7\u00e3o do contexto<\/h3>\n\n\n\n<p>De acordo com este modelo, n\u00f3s regulamos o nosso comportamento social atrav\u00e9s de tr\u00eas sistemas:<\/p>\n\n\n\n<h4 class=\"wp-block-heading\">1. Regula\u00e7\u00e3o do comportamento, baseada em aspectos descritivos:<\/h4>\n\n\n\n<p>\u00c9 um sistema que utiliza o conhecimento verbal l\u00f3gico para reinterpretar e atualizar o significado do est\u00edmulo socioafetivo percebido, dependendo de uma situa\u00e7\u00e3o espec\u00edfica.<\/p>\n\n\n\n<p>Sabendo explicitamente em que estado de esp\u00edrito algu\u00e9m se encontra, podemos reinterpretar o seu comportamento como consequ\u00eancia de uma situa\u00e7\u00e3o particular, e reagir adequadamente de forma adaptativa. Por exemplo, se sabemos que um colega de trabalho est\u00e1 chateado, porque acabou de discutir com sua companheira, podemos reinterpretar uma m\u00e1 resposta dada por ele, pois isso n\u00e3o reflete uma m\u00e1 rela\u00e7\u00e3o entre n\u00f3s, e sim uma consequ\u00eancia acarretada por um problema pessoal que ele est\u00e1 vivendo no momento. <\/p>\n\n\n\n<h4 class=\"wp-block-heading\">2. Regula\u00e7\u00e3o do comportamento, baseada nos resultados das pr\u00f3prias a\u00e7\u00f5es\/est\u00edmulos<\/h4>\n\n\n\n<p>\u00c9 um sistema de regula\u00e7\u00e3o comportamental que relembra e atualiza a rela\u00e7\u00e3o entre os est\u00edmulos ou as pr\u00f3prias a\u00e7\u00f5es e seus resultados emocionais (consequ\u00eancias, positivas ou negativas, do nosso comportamento no passado). Portanto, baseia-se na mem\u00f3ria das consequ\u00eancias trazidas pelas experi\u00eancias anteriores para atribuir valores a cada comportamento vivenciado em cada situa\u00e7\u00e3o.<\/p>\n\n\n\n<h4 class=\"wp-block-heading\">3. Regula\u00e7\u00e3o do comportamento, baseada nas escolhas<\/h4>\n\n\n\n<p>Funciona como uma combina\u00e7\u00e3o entre os dois sistemas citados anteriormente, e envolve a pondera\u00e7\u00e3o do valor relativo \u00e0 escolha de v\u00e1rias op\u00e7\u00f5es comportamentais; como por exemplo, escolher entre duas op\u00e7\u00f5es, onde uma nos proporciona pequenos ganhos em curto prazo e a outra nos proporciona grandes ganhos, mas em longo prazo.&nbsp; <\/p>\n\n\n\n<p>Portanto, de acordo com o modelo de fluxo de processamento emocional de Oschner, nos<strong>&nbsp;n\u00edveis mais b\u00e1sicos<\/strong>&nbsp;de processamento de informa\u00e7\u00e3o social, h\u00e1 uma aprendizagem impl\u00edcita do valor dos est\u00edmulos sociais, e uma subsequente detec\u00e7\u00e3o e interpreta\u00e7\u00e3o desses est\u00edmulos em outras express\u00f5es faciais (como por exemplo, o reconhecimento de diferentes emo\u00e7\u00f5es, as quais associamos a certo valor). Nos<strong>&nbsp;n\u00edveis m\u00e9dios<\/strong>&nbsp;de processamento de informa\u00e7\u00e3o social, est\u00e3o envolvidos os processos de simula\u00e7\u00e3o incorporados, mediados por mecanismos de neur\u00f4nios-espelho (como a empatia afetiva ou a imita\u00e7\u00e3o). E em <strong>n\u00edveis&nbsp;mais complexos <\/strong>de processamento, est\u00e3o envolvidos os processos de infer\u00eancia cognitiva simb\u00f3lica (teoria da mente) e de regula\u00e7\u00e3o do pr\u00f3prio comportamento.<\/p>\n\n\n\n<div style=\"height:50px\" aria-hidden=\"true\" class=\"wp-block-spacer\"><\/div>\n\n\n\n<div class=\"wp-block-group br-0111 has-primary-background-color has-background has-dark-background has-sm-padding-top has-sm-padding-left has-sm-padding-right has-xxl-margin-top\"><div class=\"wp-block-group__inner-container is-layout-constrained wp-block-group-is-layout-constrained\">\n<div class=\"wp-block-columns is-layout-flex wp-container-core-columns-is-layout-9d6595d7 wp-block-columns-is-layout-flex\">\n<div class=\"wp-block-column is-layout-flow wp-block-column-is-layout-flow\">\n<figure class=\"wp-block-image size-full desktop-position-absolute desktop-bottom-0 mobile-width-50 mobile-m-inline-auto has-xl-margin-top\"><img decoding=\"async\" width=\"292\" height=\"338\" src=\"https:\/\/neuronup.com\/br\/wp-content\/uploads\/2024\/10\/certificado-de-produto.webp\" alt=\"\" class=\"wp-image-31568\" srcset=\"https:\/\/neuronup.com\/br\/wp-content\/uploads\/2024\/10\/certificado-de-produto-259x300.webp 259w, https:\/\/neuronup.com\/br\/wp-content\/uploads\/2024\/10\/certificado-de-produto.webp 292w\" sizes=\"(max-width: 292px) 100vw, 292px\" \/><\/figure>\n<\/div>\n\n\n\n<div class=\"wp-block-column is-layout-flow wp-block-column-is-layout-flow\">\n<h2 class=\"wp-block-heading has-white-color has-text-color\"><strong>Inscreva-se<\/strong> <br>na nossa <br>Newsletter<\/h2>\n\n\n\n<div class=\"wp-block-buttons is-layout-flex wp-block-buttons-is-layout-flex\">\n<div class=\"wp-block-button--1\" style=\"--button-outline-color:var(--color-white);--button-outline-color-hover:rgba(0,0,0,0.8);\"><a class=\"wp-block-button__link button button-outline   wp-element-button\" href=\"https:\/\/neuronup.com\/br\/newsletter\/\">Inscreva-se<\/a><\/div>\n\n<\/div>\n\n\n\n<div style=\"height:40px\" aria-hidden=\"true\" class=\"wp-block-spacer\"><\/div>\n<\/div>\n<\/div>\n<\/div><\/div>\n\n\n\n\n<div style=\"height:50px\" aria-hidden=\"true\" class=\"wp-block-spacer\"><\/div>\n\n\n\n<h3 class=\"wp-block-heading\">Avalia\u00e7\u00e3o da cogni\u00e7\u00e3o social<\/h3>\n\n\n\n<p>Alguns testes \u00fateis para a avalia\u00e7\u00e3o das fun\u00e7\u00f5es b\u00e1sicas inclu\u00eddas na capacidade geral de cogni\u00e7\u00e3o social s\u00e3o [1]:<\/p>\n\n\n\n<ul class=\"wp-block-list\">\n<li><strong>Teste de Baron-Cohen (oye test):&nbsp;<\/strong>para avaliar o reconhecimento das express\u00f5es emocionais atrav\u00e9s do olhar.<\/li>\n\n\n\n<li><strong>Teste de compreens\u00e3o de falsas cren\u00e7as (maxitarefa):<\/strong>&nbsp;avaliar as cren\u00e7as de primeira ordem na teoria da mente.<\/li>\n\n\n\n<li><strong>Hist\u00f3ria do Homem dos Gelados:<\/strong>&nbsp;avaliar cren\u00e7as de segunda ordem na teoria da mente.<\/li>\n\n\n\n<li><strong>Hist\u00f3rias Estranhas de Happ\u00e9\u2192<\/strong>&nbsp;para avaliar a compreens\u00e3o da ironia, da mentira e da mentira piedosa.<\/li>\n\n\n\n<li><strong>Hist\u00f3rias de falso-pas:<\/strong>&nbsp;para avaliar a  compreens\u00e3o da ambiguidade em situa\u00e7\u00f5es sociais inc\u00f4modas.<\/li>\n\n\n\n<li><strong>Dilema do Prisioneiro e Dilema do Trem:&nbsp;<\/strong>avaliar a empatia e a capacidade de julgamento moral.<\/li>\n<\/ul>\n\n\n\n<p>A NeuronUP incluiu v\u00e1rios <a href=\"https:\/\/neuronup.com\/br\/atividades-de-neurorreabilitacao\/para-funcoes-cognitivas\/de-cognicao-social\/exercicios-de-cognicao-social-ou-compreensao-das-pessoas-exercicios-de-cognicao-social\/\">exerc\u00edcios para trabalhar as habilidades de cogni\u00e7\u00e3o social,<\/a> clique aqui para v\u00ea-los.<\/p>\n\n\n\n<h2 class=\"wp-block-heading\">Bibliografia<\/h2>\n\n\n\n<ul class=\"wp-block-list has-sm-font-size\">\n<li>S\u00e1nchez-Cubillo I, Tirapu-Ust\u00e1rroz J y Adrover-Roig D (2012). Neuropsicolog\u00eda de la cognici\u00f3n social y la autoconciencia. En Tirapu-Ust\u00e1rroz J, R\u00edos-Lago M, Garc\u00eda Molina A y Ardila A (Eds.),&nbsp;<em>Neuropsicolog\u00eda del c\u00f3rtex prefrontal y las funciones ejecutivas<\/em>&nbsp;(pp. 353-390). Barcelona:Viguera.<\/li>\n\n\n\n<li>Ochsner, K. (2008) The social-emotionalprocessingstream: fivecoreconstructs and theirtranslationalpotentialforschizophrenia and beyond. BiolPsychiatry, 64: 48-61.<\/li>\n<\/ul>\n\n\n\n<h3 class=\"wp-block-heading\">Se voc\u00ea gostou desta publica\u00e7\u00e3o,&nbsp;talvez tamb\u00e9m se interesse por outras publica\u00e7\u00f5es da&nbsp;NeuronUP:<\/h3>\n\n\n<div class=\"mai-grid entries entries-grid has-boxed has-image-full\" style=\"--entry-title-font-size:var(--font-size-lg);--align-text:start;--entry-meta-text-align:start;\"><div class=\"entries-wrap has-columns\" style=\"--columns-xs:1\/1;--columns-sm:1\/1;--columns-md:1\/3;--columns-lg:1\/3;--flex-xs:0 0 var(--flex-basis);--flex-sm:0 0 var(--flex-basis);--flex-md:0 0 var(--flex-basis);--flex-lg:0 0 var(--flex-basis);--column-gap:var(--spacing-lg);--row-gap:var(--spacing-lg);--align-columns:start;\"><article class=\"entry entry-grid is-column has-entry-link has-image has-image-first type-post category-atividades-para-transtornos-do-desenvolvimento tag-atividades-de-estimulacao-cognitiva tag-atividades-de-estimulacao-cognitiva-para-criancas tag-criancas tag-dislexia tag-estimulacao-cognitiva tag-transtornos-do-neurodesenvolvimento\" style=\"--entry-index:1;\" aria-label=\"Atividades para pessoas com dislexia\" itemscope itemtype=\"https:\/\/schema.org\/CreativeWork\"><a class=\"entry-image-link\" href=\"https:\/\/neuronup.com\/br\/atividades-de-neurorreabilitacao\/atividades-para-transtornos-do-desenvolvimento\/atividades-para-pessoas-com-dislexia\/\" tabindex=\"-1\" aria-hidden=\"true\"><img decoding=\"async\" width=\"400\" height=\"225\" src=\"https:\/\/neuronup.com\/br\/wp-content\/uploads\/2024\/10\/Detective-de-letras-NeuronUP.webp\" class=\"entry-image size-landscape-sm\" alt=\"Interface educativa do NeuronUP com fogueira; palavra &#039;fuego&#039; tem a letra &#039;e&#039; destacada em verde.\" srcset=\"https:\/\/neuronup.com\/br\/wp-content\/uploads\/2024\/10\/Detective-de-letras-NeuronUP-300x169.webp 300w, https:\/\/neuronup.com\/br\/wp-content\/uploads\/2024\/10\/Detective-de-letras-NeuronUP-768x432.webp 768w, https:\/\/neuronup.com\/br\/wp-content\/uploads\/2024\/10\/Detective-de-letras-NeuronUP-1024x576.webp 1024w, https:\/\/neuronup.com\/br\/wp-content\/uploads\/2024\/10\/Detective-de-letras-NeuronUP.webp 1200w\" sizes=\"(max-width:599px) 599px, (min-width:600px) and (max-width: 799px) 799px, (min-width:800px) and (max-width: 999px) 333px, (min-width:1000px) 400px\" \/><\/a><div class=\"entry-wrap entry-wrap-grid\"><h3 class=\"entry-title\" itemprop=\"headline\"><a class=\"entry-title-link\" href=\"https:\/\/neuronup.com\/br\/atividades-de-neurorreabilitacao\/atividades-para-transtornos-do-desenvolvimento\/atividades-para-pessoas-com-dislexia\/\" rel=\"bookmark\">Atividades para pessoas com dislexia<\/a><\/h3>\n<\/div><\/article><article class=\"entry entry-grid is-column has-entry-link has-image has-image-first type-post category-doenca-mental tag-esquizofrenia tag-saude-mental\" style=\"--entry-index:2;\" aria-label=\"Tend\u00eancias atuais no tratamento de doen\u00e7as mentais\" itemscope itemtype=\"https:\/\/schema.org\/CreativeWork\"><a class=\"entry-image-link\" href=\"https:\/\/neuronup.com\/br\/noticias-de-estimulacao-cognitiva\/doenca-mental\/tendencias-atuais-no-tratamento-de-doencas-mentais\/\" tabindex=\"-1\" aria-hidden=\"true\"><img decoding=\"async\" width=\"400\" height=\"257\" src=\"https:\/\/neuronup.com\/br\/wp-content\/uploads\/2024\/12\/Tendencias-actuales-en-el-tratamiento-de-enfermedades-mentales-NeuronUP.webp\" class=\"entry-image size-landscape-sm\" alt=\"Homem de cabelo castanho ondulado cobre o rosto com as m\u00e3os, express\u00e3o introspectiva, fundo cinza s\u00f3lido.\" srcset=\"https:\/\/neuronup.com\/br\/wp-content\/uploads\/2024\/12\/Tendencias-actuales-en-el-tratamiento-de-enfermedades-mentales-NeuronUP-300x193.webp 300w, https:\/\/neuronup.com\/br\/wp-content\/uploads\/2024\/12\/Tendencias-actuales-en-el-tratamiento-de-enfermedades-mentales-NeuronUP-768x493.webp 768w, https:\/\/neuronup.com\/br\/wp-content\/uploads\/2024\/12\/Tendencias-actuales-en-el-tratamiento-de-enfermedades-mentales-NeuronUP-1024x657.webp 1024w, https:\/\/neuronup.com\/br\/wp-content\/uploads\/2024\/12\/Tendencias-actuales-en-el-tratamiento-de-enfermedades-mentales-NeuronUP.webp 1200w\" sizes=\"(max-width:599px) 599px, (min-width:600px) and (max-width: 799px) 799px, (min-width:800px) and (max-width: 999px) 333px, (min-width:1000px) 400px\" \/><\/a><div class=\"entry-wrap entry-wrap-grid\"><h3 class=\"entry-title\" itemprop=\"headline\"><a class=\"entry-title-link\" href=\"https:\/\/neuronup.com\/br\/noticias-de-estimulacao-cognitiva\/doenca-mental\/tendencias-atuais-no-tratamento-de-doencas-mentais\/\" rel=\"bookmark\">Tend\u00eancias atuais no tratamento de doen\u00e7as mentais<\/a><\/h3>\n<\/div><\/article><article class=\"entry entry-grid is-column has-entry-link has-image has-image-first type-post category-neuronup-academy tag-academia-neuronup tag-lesao-cerebral-adquirida tag-palestra-da-academia-neuronup\" style=\"--entry-index:3;\" aria-label=\"A neuropsic\u00f3loga Ainhoa Espinosa de Luzarraga responde \u00e0s d\u00favidas sobre sua palestra de les\u00e3o cerebral adquirida\" itemscope itemtype=\"https:\/\/schema.org\/CreativeWork\"><a class=\"entry-image-link\" href=\"https:\/\/neuronup.com\/br\/formacao\/neuronup-academy\/a-neuropsicologa-ainhoa-espinosa-de-luzarraga-responde-as-duvidas-sobre-sua-palestra-de-dano-cerebral-adquirido\/\" tabindex=\"-1\" aria-hidden=\"true\"><img decoding=\"async\" width=\"400\" height=\"225\" src=\"https:\/\/neuronup.com\/br\/wp-content\/uploads\/2024\/11\/ACADEMY-Ainhoa.webp\" class=\"entry-image size-landscape-sm\" alt=\"Mulher sorridente ao lado de tela\/slide; fundo azul\/preto; destaque para Ainhoa em afeto e sexualidade ap\u00f3s dano cerebral.\" srcset=\"https:\/\/neuronup.com\/br\/wp-content\/uploads\/2024\/11\/ACADEMY-Ainhoa-300x169.webp 300w, https:\/\/neuronup.com\/br\/wp-content\/uploads\/2024\/11\/ACADEMY-Ainhoa-768x432.webp 768w, https:\/\/neuronup.com\/br\/wp-content\/uploads\/2024\/11\/ACADEMY-Ainhoa-1024x576.webp 1024w, https:\/\/neuronup.com\/br\/wp-content\/uploads\/2024\/11\/ACADEMY-Ainhoa.webp 1280w\" sizes=\"(max-width:599px) 599px, (min-width:600px) and (max-width: 799px) 799px, (min-width:800px) and (max-width: 999px) 333px, (min-width:1000px) 400px\" \/><\/a><div class=\"entry-wrap entry-wrap-grid\"><h3 class=\"entry-title\" itemprop=\"headline\"><a class=\"entry-title-link\" href=\"https:\/\/neuronup.com\/br\/formacao\/neuronup-academy\/a-neuropsicologa-ainhoa-espinosa-de-luzarraga-responde-as-duvidas-sobre-sua-palestra-de-dano-cerebral-adquirido\/\" rel=\"bookmark\">A neuropsic\u00f3loga Ainhoa Espinosa de Luzarraga responde \u00e0s d\u00favidas sobre sua palestra de les\u00e3o cerebral adquirida<\/a><\/h3>\n<\/div><\/article><article class=\"entry entry-grid is-column has-entry-link has-image has-image-first type-post category-novidades-neuronup tag-neuronup2go\" style=\"--entry-index:4;\" aria-label=\"Por que utilizar o NeuronUP2GO?\" itemscope itemtype=\"https:\/\/schema.org\/CreativeWork\"><a class=\"entry-image-link\" href=\"https:\/\/neuronup.com\/br\/novidades-neuronup\/por-que-utilizar-neuronup2go\/\" tabindex=\"-1\" aria-hidden=\"true\"><img decoding=\"async\" width=\"400\" height=\"267\" src=\"https:\/\/neuronup.com\/br\/wp-content\/uploads\/2024\/12\/neuronup2go-article.webp\" class=\"entry-image size-landscape-sm\" alt=\"Pessoa usando notebook em mesa de madeira, planta ao fundo, tela exibe NeuronUP 2GO, ambiente com parede de tijolos.\" srcset=\"https:\/\/neuronup.com\/br\/wp-content\/uploads\/2024\/12\/neuronup2go-article-300x200.webp 300w, https:\/\/neuronup.com\/br\/wp-content\/uploads\/2024\/12\/neuronup2go-article-768x512.webp 768w, https:\/\/neuronup.com\/br\/wp-content\/uploads\/2024\/12\/neuronup2go-article-1024x683.webp 1024w, https:\/\/neuronup.com\/br\/wp-content\/uploads\/2024\/12\/neuronup2go-article.webp 1200w\" sizes=\"(max-width:599px) 599px, (min-width:600px) and (max-width: 799px) 799px, (min-width:800px) and (max-width: 999px) 333px, (min-width:1000px) 400px\" \/><\/a><div class=\"entry-wrap entry-wrap-grid\"><h3 class=\"entry-title\" itemprop=\"headline\"><a class=\"entry-title-link\" href=\"https:\/\/neuronup.com\/br\/novidades-neuronup\/por-que-utilizar-neuronup2go\/\" rel=\"bookmark\">Por que utilizar o NeuronUP2GO?<\/a><\/h3>\n<\/div><\/article><article class=\"entry entry-grid is-column has-entry-link has-image has-image-first type-post category-atividades-de-neurorreabilitacao tag-atividades-de-estimulacao-cognitiva tag-atividades-de-estimulacao-cognitiva-para-adultos tag-atividades-de-estimulacao-cognitiva-para-criancas\" style=\"--entry-index:5;\" aria-label=\"Nova atividade de Natal! Experimente gr\u00e1tis\" itemscope itemtype=\"https:\/\/schema.org\/CreativeWork\"><a class=\"entry-image-link\" href=\"https:\/\/neuronup.com\/br\/atividades-de-neurorreabilitacao\/nova-atividade-natalina-experimente-gratis\/\" tabindex=\"-1\" aria-hidden=\"true\"><img decoding=\"async\" width=\"400\" height=\"202\" src=\"https:\/\/neuronup.com\/br\/wp-content\/uploads\/2024\/12\/Captura-de-pantalla-2024-12-12-104525.webp\" class=\"entry-image size-landscape-sm\" alt=\"Personagem azul sorridente com chap\u00e9u de Natal segura presente verde com la\u00e7o amarelo, cen\u00e1rio invernal com neve e doces.\" srcset=\"https:\/\/neuronup.com\/br\/wp-content\/uploads\/2024\/12\/Captura-de-pantalla-2024-12-12-104525-300x152.webp 300w, https:\/\/neuronup.com\/br\/wp-content\/uploads\/2024\/12\/Captura-de-pantalla-2024-12-12-104525-768x388.webp 768w, https:\/\/neuronup.com\/br\/wp-content\/uploads\/2024\/12\/Captura-de-pantalla-2024-12-12-104525-1024x517.webp 1024w, https:\/\/neuronup.com\/br\/wp-content\/uploads\/2024\/12\/Captura-de-pantalla-2024-12-12-104525-1536x776.webp 1536w, https:\/\/neuronup.com\/br\/wp-content\/uploads\/2024\/12\/Captura-de-pantalla-2024-12-12-104525.webp 1621w\" sizes=\"(max-width:599px) 599px, (min-width:600px) and (max-width: 799px) 799px, (min-width:800px) and (max-width: 999px) 333px, (min-width:1000px) 400px\" \/><\/a><div class=\"entry-wrap entry-wrap-grid\"><h3 class=\"entry-title\" itemprop=\"headline\"><a class=\"entry-title-link\" href=\"https:\/\/neuronup.com\/br\/atividades-de-neurorreabilitacao\/nova-atividade-natalina-experimente-gratis\/\" rel=\"bookmark\">Nova atividade de Natal! Experimente gr\u00e1tis<\/a><\/h3>\n<\/div><\/article><article class=\"entry entry-grid is-column has-entry-link has-image has-image-first type-post category-novidades-neuronup tag-personalizacao tag-valor-ecologico\" style=\"--entry-index:6;\" aria-label=\"O que \u00e9 o valor ecol\u00f3gico do NeuronUP?\" itemscope itemtype=\"https:\/\/schema.org\/CreativeWork\"><a class=\"entry-image-link\" href=\"https:\/\/neuronup.com\/br\/novidades-neuronup\/qual-e-o-valor-ecologico-do-neuronup\/\" tabindex=\"-1\" aria-hidden=\"true\"><img decoding=\"async\" width=\"400\" height=\"267\" src=\"https:\/\/neuronup.com\/br\/wp-content\/uploads\/2024\/12\/freepik__upload__67275.webp\" class=\"entry-image size-landscape-sm\" alt=\"Idoso sorridente preparando salada em cozinha moderna, veste camisa clara e \u00f3culos, com tigela e bancada de m\u00e1rmore.\" srcset=\"https:\/\/neuronup.com\/br\/wp-content\/uploads\/2024\/12\/freepik__upload__67275-300x200.webp 300w, https:\/\/neuronup.com\/br\/wp-content\/uploads\/2024\/12\/freepik__upload__67275-768x512.webp 768w, https:\/\/neuronup.com\/br\/wp-content\/uploads\/2024\/12\/freepik__upload__67275-1024x682.webp 1024w, https:\/\/neuronup.com\/br\/wp-content\/uploads\/2024\/12\/freepik__upload__67275-1536x1024.webp 1536w, https:\/\/neuronup.com\/br\/wp-content\/uploads\/2024\/12\/freepik__upload__67275.webp 2000w\" sizes=\"(max-width:599px) 599px, (min-width:600px) and (max-width: 799px) 799px, (min-width:800px) and (max-width: 999px) 333px, (min-width:1000px) 400px\" \/><\/a><div class=\"entry-wrap entry-wrap-grid\"><h3 class=\"entry-title\" itemprop=\"headline\"><a class=\"entry-title-link\" href=\"https:\/\/neuronup.com\/br\/novidades-neuronup\/qual-e-o-valor-ecologico-do-neuronup\/\" rel=\"bookmark\">O que \u00e9 o valor ecol\u00f3gico do NeuronUP?<\/a><\/h3>\n<\/div><\/article><\/div><\/div>","protected":false},"excerpt":{"rendered":"<p>Quando pensamos em cogni\u00e7\u00e3o social no campo da neuropsicologia ou psicologia, muitas vezes nos referimos a conceitos tais como empatia, reconhecimento de express\u00f5es emocionais, faciais, teoria da mente ou mentaliza\u00e7\u00e3o, etc.; no entanto, nem sempre temos uma ideia geral clara, ou um modelo sob o qual relacionar essas constru\u00e7\u00f5es, e, a partir da\u00ed, organizar nosso &hellip;<\/p>\n","protected":false},"author":7,"featured_media":33235,"comment_status":"open","ping_status":"open","sticky":false,"template":"","format":"standard","meta":{"_acf_changed":false,"_genesis_hide_title":false,"_genesis_hide_breadcrumbs":false,"_genesis_hide_singular_image":false,"_genesis_hide_footer_widgets":false,"_genesis_custom_body_class":"","_genesis_custom_post_class":"","_genesis_layout":"","footnotes":""},"categories":[558],"tags":[554],"class_list":{"2":"type-post","7":"category-neuropsicologia","8":"tag-cognicao-social","9":"entry"},"acf":[],"_links":{"self":[{"href":"https:\/\/neuronup.com\/br\/wp-json\/wp\/v2\/posts\/2999","targetHints":{"allow":["GET"]}}],"collection":[{"href":"https:\/\/neuronup.com\/br\/wp-json\/wp\/v2\/posts"}],"about":[{"href":"https:\/\/neuronup.com\/br\/wp-json\/wp\/v2\/types\/post"}],"author":[{"embeddable":true,"href":"https:\/\/neuronup.com\/br\/wp-json\/wp\/v2\/users\/7"}],"replies":[{"embeddable":true,"href":"https:\/\/neuronup.com\/br\/wp-json\/wp\/v2\/comments?post=2999"}],"version-history":[{"count":0,"href":"https:\/\/neuronup.com\/br\/wp-json\/wp\/v2\/posts\/2999\/revisions"}],"wp:featuredmedia":[{"embeddable":true,"href":"https:\/\/neuronup.com\/br\/wp-json\/wp\/v2\/media\/33235"}],"wp:attachment":[{"href":"https:\/\/neuronup.com\/br\/wp-json\/wp\/v2\/media?parent=2999"}],"wp:term":[{"taxonomy":"category","embeddable":true,"href":"https:\/\/neuronup.com\/br\/wp-json\/wp\/v2\/categories?post=2999"},{"taxonomy":"post_tag","embeddable":true,"href":"https:\/\/neuronup.com\/br\/wp-json\/wp\/v2\/tags?post=2999"}],"curies":[{"name":"wp","href":"https:\/\/api.w.org\/{rel}","templated":true}]}}