{"id":28247,"date":"2026-01-29T07:00:00","date_gmt":"2026-01-29T07:00:00","guid":{"rendered":"https:\/\/neuronup.com\/?p=28247"},"modified":"2026-01-29T07:00:00","modified_gmt":"2026-01-29T07:00:00","slug":"beneficios-do-lazer-e-do-turismo-para-pessoas-com-deficiencia","status":"publish","type":"post","link":"https:\/\/neuronup.com\/br\/noticias-de-estimulacao-cognitiva\/deficiencia-intelectual\/beneficios-do-lazer-e-do-turismo-para-pessoas-com-deficiencia\/","title":{"rendered":"Benef\u00edcios do lazer e do turismo para pessoas com defici\u00eancia"},"content":{"rendered":"\n<p class=\"has-xl-font-size\">Neste artigo, Jaime Villar, funcion\u00e1rio de uma ag\u00eancia de viagens especializada em pessoas com defici\u00eancia, conta tudo sobre os <strong>benef\u00edcios do lazer e do turismo para pessoas com defici\u00eancia<\/strong>.<a href=\"https:\/\/neuronup.com\/br\/\" target=\"_blank\" rel=\"noreferrer noopener\"><\/a><\/p>\n\n\n\n<p>Todos adoramos viajar: conhecer novos destinos, novos amigos\u2026 Mas no caso das <strong>pessoas com defici\u00eancia<\/strong>, isso n\u00e3o \u00e9 apenas um prazer, mas tamb\u00e9m tem um componente terap\u00eautico. Estudos mostram que viajar <strong>aumenta as habilidades sociais<\/strong>, as capacidades <strong>comunicativas e a autoestima<\/strong>. Al\u00e9m disso, com&nbsp;ContigoMas Viajes&nbsp;(ag\u00eancia especializada em viagens para <a href=\"https:\/\/neuronup.com\/br\/neurorreabilitacao\/deficiencia-intelectual\/\">pessoas com defici\u00eancia<\/a> de qualquer tipo), quem viaja tem a oportunidade de participar de todo o processo de organiza\u00e7\u00e3o e tomada de decis\u00f5es, favorecendo a capacidade de autogest\u00e3o no dia a dia.<\/p>\n\n\n\n<p>Hoje vamos contar alguns dos benef\u00edcios de viajar, com foco em pessoas com defici\u00eancia ou qualquer tipo de necessidade especial.<\/p>\n\n\n\n<figure class=\"wp-block-image size-large\"><img decoding=\"async\" src=\"https:\/\/neuronup.com\/wp-content\/uploads\/2024\/09\/Beneficios-del-ocio-y-el-turismo-para-personas-con-discapacidad-1024x683.webp\" alt=\"Benef\u00edcios do lazer e do turismo para pessoas com defici\u00eancia\" class=\"wp-image-32861\"\/><\/figure>\n\n\n\n<h2 class=\"wp-block-heading\">Benef\u00edcios de viajar para pessoas com defici\u00eancia<\/h2>\n\n\n\n<h3 class=\"wp-block-heading\">1. Um primeiro passo para sair da zona de conforto<\/h3>\n\n\n\n<p><strong>Viajar<\/strong>, especialmente se for para longas dist\u00e2ncias, significa se preparar para <strong>novas experi\u00eancias<\/strong>. Conhecer culturas e costumes diferentes, surpreender-se com diversas formas de vestir\u2026<\/p>\n\n\n\n<p>Isso requer um exerc\u00edcio de <strong>empatia e paci\u00eancia<\/strong>, pois precisamos estar prontos para nos fazer <strong>entender<\/strong> em situa\u00e7\u00f5es cotidianas, <strong>mudando nossa perspectiva<\/strong>. Porque o que para n\u00f3s pode ser um gesto que denote tremenda falta de educa\u00e7\u00e3o, em outro lugar do mundo pode ser um s\u00edmbolo de respeito e admira\u00e7\u00e3o ao desconhecido que se apresenta a outra comunidade, disposto a compartilhar <strong>novas experi\u00eancias de vida<\/strong>.<\/p>\n\n\n\n<p>Evidentemente, isso gera uma <strong>amplitude de perspectivas<\/strong>, que nos faz conscientes de qu\u00e3o pequeno \u00e9 o <strong>ambiente prim\u00e1rio<\/strong> do ser humano.<\/p>\n\n\n\n<p>Mas novas experi\u00eancias sempre envolvem um \u201cmedo\u201d pr\u00e9vio do desconhecido. Uma sensa\u00e7\u00e3o instintiva e primitiva de perigo, que amea\u00e7a nossa estabilidade emocional. Mas, ao mesmo tempo, um sentimento de atra\u00e7\u00e3o, como quando uma crian\u00e7a sente vontade de fazer uma travessura, mesmo sabendo que corre o risco de ser punida. Por\u00e9m a \u00e2nsia por aventuras \u00e9 mais forte que qualquer outra coisa. Isso \u00e9 o que chamamos de \u201c<strong>sair da zona de conforto<\/strong>\u201d.<\/p>\n\n\n\n<p>Todos precisamos imperiosamente sair de nossa regi\u00e3o de conforto de vez em quando. Mas o que acontece com as <strong>pessoas com defici\u00eancia?<\/strong><\/p>\n\n\n\n<p>O mundo de toda pessoa com defici\u00eancia \u00e9 involuntariamente limitado por <strong>barreiras sociais invis\u00edveis<\/strong>, que tornam mais dif\u00edcil superar pequenos obst\u00e1culos que, para o restante da sociedade, s\u00e3o meras trivialidades. Ent\u00e3o, quando uma pessoa com defici\u00eancia sai de sua zona de conforto, \u00e9 como se muros invis\u00edveis t\u00e3o altos quanto arranha-c\u00e9us ca\u00edssem. Como se a Grande Muralha da China se interpusesse entre uma pessoa e seus sonhos e, de repente, fosse derrubada a marteladas.<\/p>\n\n\n\n<p>Cada pequena conquista \u00e9 maior quando \u00e9 alcan\u00e7ada com esfor\u00e7o e determina\u00e7\u00e3o. E uma <strong>autoestima refor\u00e7ada diante da adversidade<\/strong> \u00e9 a primeira e principal consequ\u00eancia que viajar traz para pessoas com qualquer tipo de defici\u00eancia. E mais ainda, se considerarmos que ampliar nossos horizontes significa sair da rotina di\u00e1ria, conhecer novos amigos e aumentar a capacidade de nos relacionarmos com os outros.<\/p>\n\n\n\n<div style=\"height:50px\" aria-hidden=\"true\" class=\"wp-block-spacer\"><\/div>\n\n\n\n<div class=\"wp-block-group br-0111 has-primary-background-color has-background has-dark-background has-sm-padding-top has-sm-padding-left has-sm-padding-right has-xxl-margin-top\"><div class=\"wp-block-group__inner-container is-layout-constrained wp-block-group-is-layout-constrained\">\n<div class=\"wp-block-columns is-layout-flex wp-container-core-columns-is-layout-9d6595d7 wp-block-columns-is-layout-flex\">\n<div class=\"wp-block-column is-layout-flow wp-block-column-is-layout-flow\">\n<figure class=\"wp-block-image size-full desktop-position-absolute desktop-bottom-0 mobile-width-50 mobile-m-inline-auto has-xl-margin-top\"><img decoding=\"async\" width=\"292\" height=\"338\" src=\"https:\/\/neuronup.com\/br\/wp-content\/uploads\/2024\/10\/certificado-de-produto.webp\" alt=\"\" class=\"wp-image-31568\" srcset=\"https:\/\/neuronup.com\/br\/wp-content\/uploads\/2024\/10\/certificado-de-produto-259x300.webp 259w, https:\/\/neuronup.com\/br\/wp-content\/uploads\/2024\/10\/certificado-de-produto.webp 292w\" sizes=\"(max-width: 292px) 100vw, 292px\" \/><\/figure>\n<\/div>\n\n\n\n<div class=\"wp-block-column is-layout-flow wp-block-column-is-layout-flow\">\n<h2 class=\"wp-block-heading has-white-color has-text-color\"><strong>Inscreva-se<\/strong> <br>na nossa <br>Newsletter<\/h2>\n\n\n\n<div class=\"wp-block-buttons is-layout-flex wp-block-buttons-is-layout-flex\">\n<div class=\"wp-block-button--1\" style=\"--button-outline-color:var(--color-white);--button-outline-color-hover:rgba(0,0,0,0.8);\"><a class=\"wp-block-button__link button button-outline   wp-element-button\" href=\"https:\/\/neuronup.com\/br\/newsletter\/\">Inscreva-se<\/a><\/div>\n\n<\/div>\n\n\n\n<div style=\"height:40px\" aria-hidden=\"true\" class=\"wp-block-spacer\"><\/div>\n<\/div>\n<\/div>\n<\/div><\/div>\n\n\n\n\n<div style=\"height:50px\" aria-hidden=\"true\" class=\"wp-block-spacer\"><\/div>\n\n\n\n<h3 class=\"wp-block-heading\">2. Viajar incrementa as habilidades sociais<\/h3>\n\n\n\n<p>Como mencionamos anteriormente, <strong>viajar aumenta a capacidade de nos colocar no lugar do outro<\/strong>, o que significa facilidade para empatizar com as situa\u00e7\u00f5es concretas de outras pessoas.<\/p>\n\n\n\n<p>Al\u00e9m disso, o fato de sair de nosso c\u00edrculo mais pr\u00f3ximo nos faz sentir na necessidade de conversar com pessoas desconhecidas e, muitas vezes, nos fazer entender. Isso, que parece algo sem import\u00e2ncia, torna-se um grande instrumento para <strong>aprimorar nossas capacidades comunicativas<\/strong>. Porque quem \u00e9 capaz de fazer um novo amigo em um ambiente diferente, e at\u00e9 mesmo, em ocasi\u00f5es, hostil, \u00e9 capaz de falar em p\u00fablico, j\u00e1 que adquire recursos e ferramentas ao se expor diante dos outros.<\/p>\n\n\n\n<p>Por outro lado, viajar nos <strong>proporciona mem\u00f3rias e conhecimentos<\/strong> que poderemos usar quando tivermos que defender uma postura, um argumento ou talvez fazer uma apresenta\u00e7\u00e3o a nossos chefes ou clientes.<\/p>\n\n\n\n<p>Viajar nos torna <strong>mais soci\u00e1veis e mais sociais<\/strong>. Ensina-nos a iniciar conversas e nos d\u00e1 aqueles \u201c\u00e1ses na manga\u201d que todos precisamos de vez em quando para vencer a timidez.<\/p>\n\n\n\n<p>Por outro lado, viajar <strong>aumenta as capacidades criativas<\/strong>. Hoje em dia, existem viagens organizadas que se concentram em obter inspira\u00e7\u00e3o para trabalhar. Chefs renomados, pintores, arquitetos, perfumistas, designers\u2026 Todos eles usam viagens como est\u00edmulo para poder conectar-se com as musas, fazendo com que as novas ideias coletadas durante a experi\u00eancia se tornem fontes de onde beber na hora de criar novos projetos.<\/p>\n\n\n\n<p>Finalmente, viajar faz com que nosso c\u00e9rebro armazene lembran\u00e7as e viv\u00eancias que aumentam nossa <strong>cultura<\/strong>. Porque se algu\u00e9m visita o Louvre, pode n\u00e3o lembrar todas as suas obras. Mas na mente ficar\u00e1 um pequeno quadro pintado em \u201csfumato\u201d chamado \u201cLa Gioconda\u201d. Ou talvez um sarc\u00f3fago eg\u00edpcio coberto de ouro\u2026 Aquelas joias antigas, ou a m\u00famia que se apresenta deitada, dentro de uma urna de vidro transparente, \u00e0 vista de cada turista \u00e1vido por saber.<\/p>\n\n\n\n<p>Portanto, viajar <strong>aumenta tamb\u00e9m as<\/strong> capacidades cognitivas de todo ser humano.<\/p>\n\n\n\n<p>Somando tudo isso e aplicando ao caso que nos interessa: as <strong>pessoas com defici\u00eancia<\/strong>, tanto <strong>f\u00edsica<\/strong> quanto <i>intelectual<\/i>, muitas vezes <strong>precisam de um est\u00edmulo externo<\/strong> que incremente as <strong>habilidades psicossociais<\/strong>, bem como a capacidade cognitiva e a gest\u00e3o da vida di\u00e1ria. Por tudo o que isso implica, viajar nos abre um imenso leque de possibilidades para exercitar cada um desses campos.<\/p>\n\n\n\n<div style=\"height:50px\" aria-hidden=\"true\" class=\"wp-block-spacer\"><\/div>\n\n\n\n<div class=\"wp-block-group br-0111 has-primary-background-color has-background has-dark-background has-sm-padding-top has-sm-padding-left has-sm-padding-right has-xxl-margin-top\"><div class=\"wp-block-group__inner-container is-layout-constrained wp-block-group-is-layout-constrained\">\n<div class=\"wp-block-columns is-layout-flex wp-container-core-columns-is-layout-9d6595d7 wp-block-columns-is-layout-flex\">\n<div class=\"wp-block-column is-layout-flow wp-block-column-is-layout-flow\">\n<figure class=\"wp-block-image size-full desktop-position-absolute desktop-bottom-0 mobile-width-50 mobile-m-inline-auto has-xl-margin-top\"><img decoding=\"async\" width=\"292\" height=\"338\" src=\"https:\/\/neuronup.com\/br\/wp-content\/uploads\/2024\/10\/certificado-de-produto.webp\" alt=\"\" class=\"wp-image-31568\" srcset=\"https:\/\/neuronup.com\/br\/wp-content\/uploads\/2024\/10\/certificado-de-produto-259x300.webp 259w, https:\/\/neuronup.com\/br\/wp-content\/uploads\/2024\/10\/certificado-de-produto.webp 292w\" sizes=\"(max-width: 292px) 100vw, 292px\" \/><\/figure>\n<\/div>\n\n\n\n<div class=\"wp-block-column is-layout-flow wp-block-column-is-layout-flow\">\n<h2 class=\"wp-block-heading has-white-color has-text-color\"><strong>Inscreva-se<\/strong> <br>na nossa <br>Newsletter<\/h2>\n\n\n\n<div class=\"wp-block-buttons is-layout-flex wp-block-buttons-is-layout-flex\">\n<div class=\"wp-block-button--2\" style=\"--button-outline-color:var(--color-white);--button-outline-color-hover:rgba(0,0,0,0.8);\"><a class=\"wp-block-button__link button button-outline   wp-element-button\" href=\"https:\/\/neuronup.com\/br\/newsletter\/\">Inscreva-se<\/a><\/div>\n\n<\/div>\n\n\n\n<div style=\"height:40px\" aria-hidden=\"true\" class=\"wp-block-spacer\"><\/div>\n<\/div>\n<\/div>\n<\/div><\/div>\n\n\n\n\n<div style=\"height:50px\" aria-hidden=\"true\" class=\"wp-block-spacer\"><\/div>\n\n\n\n<h3 class=\"wp-block-heading\">3. \u00abMens Sana\u00bb a cada viagem: benef\u00edcios para o c\u00e9rebro<\/h3>\n\n\n\n<p>Vamos agora ser um pouco mais \u201ccient\u00edficos\u201d.<\/p>\n\n\n\n<p>A <strong>ci\u00eancia<\/strong> demonstrou recentemente que o <strong>c\u00e9rebro adulto<\/strong> pode criar novas <strong>conex\u00f5es neurais<\/strong>. Mas, evidentemente, isso \u00e9 como tudo\u2026 Se algu\u00e9m quer ter b\u00edceps de a\u00e7o, a \u00fanica maneira \u00e9 se matar na academia.<\/p>\n\n\n\n<p>Hoje em dia, todos conhecem <strong>jogos dirigidos<\/strong> para treinar o c\u00e9rebro e combater os estragos da idade. Por exemplo, existem videogames <strong>orientados para exercitar a mem\u00f3ria<\/strong>. Isso se deve ao que se conhece como \u201cplasticidade cerebral\u201d, que consiste na capacidade do sistema nervoso de mudar sua estrutura e funcionamento ao longo da vida, como rea\u00e7\u00e3o \u00e0 diversidade do ambiente.<\/p>\n\n\n\n<p>Segundo Jos\u00e9 Manuel Molt\u00f3, membro da diretoria da <i>Sociedade Espanhola de Neurologia<\/i>: \u201cQuando voc\u00ea viaja para outro lugar, principalmente se ele \u00e9 desconhecido para voc\u00ea, est\u00e1 obrigando seu c\u00e9rebro a estar em um processo cont\u00ednuo de resolu\u00e7\u00e3o de problemas e supera\u00e7\u00e3o de desafios. Viajar requer, principalmente, aprender e memorizar tudo que \u00e9 estranho at\u00e9 que tudo se torne normal e familiar. Isso \u00e9 um desafio para seu c\u00e9rebro e funciona como um treinamento acelerado. \u00c9 importante treinar e estimular o c\u00e9rebro porque, com o tempo, um maior n\u00famero de conex\u00f5es implica uma maior reserva cognitiva, o que faz nosso c\u00e9rebro mais resistente ao decl\u00ednio causado pela idade ou aos sintomas das doen\u00e7as neurol\u00f3gicas.\u201d<\/p>\n\n\n\n<p>Por outro lado, viajar implica ampliar os limites do nosso universo pessoal, de forma que cresce a capacidade de relacionar conceitos abstratos, como experi\u00eancias ou situa\u00e7\u00f5es que, aplicados ao dia a dia, constituem a solu\u00e7\u00e3o para muitos dos problemas que encontramos na rotina cotidiana. Nesse sentido, na&nbsp;ContigoMas Viajes&nbsp;criamos h\u00e1 algum tempo o programa de \u201cViagens autogerenciadas\u201d, no qual <strong>o usu\u00e1rio com defici\u00eancia participa ativamente<\/strong> de todo o processo de organiza\u00e7\u00e3o e tomada de decis\u00f5es que exige o planejamento de uma viagem, seja ela de curta ou longa dist\u00e2ncia, de um m\u00eas ou de dois dias.<\/p>\n\n\n\n<p>Com esse programa busca-se melhorar a capacidade de autogest\u00e3o da vida di\u00e1ria do usu\u00e1rio com defici\u00eancia, j\u00e1 que a viagem e sua organiza\u00e7\u00e3o s\u00e3o usadas como ferramenta pelos profissionais de cada entidade em colabora\u00e7\u00e3o com a ag\u00eancia, para dar um passo adiante nesse sentido.<\/p>\n\n\n\n<figure class=\"wp-block-image size-large\"><img decoding=\"async\" width=\"1024\" height=\"683\" src=\"https:\/\/neuronup.com\/br\/wp-content\/uploads\/2023\/12\/Beneficios-del-ocio-y-el-turismo-para-personas-con-discapacidad-1024x683.webp\" alt=\"Benef\u00edcios do lazer e do turismo para pessoas com defici\u00eancia\" class=\"wp-image-28411\" srcset=\"https:\/\/neuronup.com\/br\/wp-content\/uploads\/2023\/12\/Beneficios-del-ocio-y-el-turismo-para-personas-con-discapacidad-300x200.webp 300w, https:\/\/neuronup.com\/br\/wp-content\/uploads\/2023\/12\/Beneficios-del-ocio-y-el-turismo-para-personas-con-discapacidad-768x512.webp 768w, https:\/\/neuronup.com\/br\/wp-content\/uploads\/2023\/12\/Beneficios-del-ocio-y-el-turismo-para-personas-con-discapacidad-1024x683.webp 1024w, https:\/\/neuronup.com\/br\/wp-content\/uploads\/2023\/12\/Beneficios-del-ocio-y-el-turismo-para-personas-con-discapacidad.webp 1200w\" sizes=\"(max-width: 1024px) 100vw, 1024px\" \/><\/figure>\n\n\n\n<p><br \/>Por exemplo, faz-se \u00eanfase na <strong>gest\u00e3o econ\u00f4mica<\/strong> de que o usu\u00e1rio disp\u00f5e para cada viagem, na <strong>cria\u00e7\u00e3o de mapas conceituais<\/strong> de \u201co qu\u00ea, quando e como decido fazer uma atividade de lazer na minha viagem\u201d, na <strong>cria\u00e7\u00e3o de documentos<\/strong> adaptados a pessoas com defici\u00eancia intelectual, como um guia de viagem ou um dicion\u00e1rio de ingl\u00eas\u2026<\/p>\n\n\n\n<p>Trata-se de \u201cpressionar\u201d um pouco a m\u00e1quina, dentro do poss\u00edvel, para que o usu\u00e1rio com defici\u00eancia consiga atingir seus pr\u00f3prios objetivos e chegar por conta pr\u00f3pria a conclus\u00f5es e lugares aos quais, de outra forma, seria dif\u00edcil chegar.<\/p>\n\n\n\n<p>Em resumo, o objetivo \u00e9 colocar todas as <strong>ferramentas ao nosso alcance<\/strong> (principalmente nosso capital humano) para treinar o c\u00e9rebro das pessoas com defici\u00eancia, a fim de superar qualquer obst\u00e1culo que encontremos no caminho. A viagem \u00e9 a desculpa. O processo em si \u00e9 o que realmente importa.<\/p>\n\n\n\n<p>Porque viajar tem tr\u00eas fases:<\/p>\n\n\n\n<ul class=\"wp-block-list\"><li><strong>A de antes<\/strong>: planejamento,<\/li><li><strong>a de durante:<\/strong> aproveitamento da viagem e cria\u00e7\u00e3o de lembran\u00e7as,<\/li><li><strong>a de depois<\/strong>: aproveitamento dos recursos obtidos.<\/li><\/ul>\n\n\n\n<p>Portanto, diante de todos esses argumentos, n\u00e3o resta outra op\u00e7\u00e3o a n\u00e3o ser concluir que, se viajar aumenta a <strong>autoestima<\/strong>, as <strong>habilidades sociais<\/strong> e tem benef\u00edcios diretos claros para a sa\u00fade\u2026 Viajar \u00e9 a chave que abre a porta do que todo ser humano anseia: a felicidade.<\/p>\n\n\n\n<h3 class=\"wp-block-heading\">Se voc\u00ea gostou deste artigo sobre os <strong>benef\u00edcios do lazer e do turismo para pessoas com defici\u00eancia<\/strong>, talvez tamb\u00e9m se interesse pelas seguintes postagens:<\/h3>\n\n<div class=\"mai-grid entries entries-grid has-boxed has-image-full\" style=\"--entry-title-font-size:var(--font-size-lg);--align-text:start;--entry-meta-text-align:start;\"><div class=\"entries-wrap has-columns\" style=\"--columns-xs:1\/1;--columns-sm:1\/1;--columns-md:1\/3;--columns-lg:1\/3;--flex-xs:0 0 var(--flex-basis);--flex-sm:0 0 var(--flex-basis);--flex-md:0 0 var(--flex-basis);--flex-lg:0 0 var(--flex-basis);--column-gap:var(--spacing-lg);--row-gap:var(--spacing-lg);--align-columns:start;\"><article class=\"entry entry-grid is-column has-entry-link has-image has-image-first type-post category-de-atencao tag-atencao tag-atividades-de-estimulacao-cognitiva tag-noticias-da-neuronup\" style=\"--entry-index:1;\" aria-label=\"Novo gerador para copiar o conte\u00fado de uma matriz para outra\" itemscope itemtype=\"https:\/\/schema.org\/CreativeWork\"><a class=\"entry-image-link\" href=\"https:\/\/neuronup.com\/br\/atividades-de-neurorreabilitacao\/para-funcoes-cognitivas\/de-atencao\/novo-gerador-para-copiar-o-conteudo-de-uma-matriz-para-outra\/\" tabindex=\"-1\" aria-hidden=\"true\"><img decoding=\"async\" width=\"400\" height=\"267\" src=\"https:\/\/neuronup.com\/br\/wp-content\/uploads\/2022\/09\/copiar-el-contenido-de-una-matriz-2-1.webp\" class=\"entry-image size-landscape-sm\" alt=\"Tela dividida em MODELO e C\u00d3PIA: grade de letras em cada se\u00e7\u00e3o, com check verde, X vermelho e cron\u00f4metro de 33 segundos.\" srcset=\"https:\/\/neuronup.com\/br\/wp-content\/uploads\/2022\/09\/copiar-el-contenido-de-una-matriz-2-1-300x201.webp 300w, https:\/\/neuronup.com\/br\/wp-content\/uploads\/2022\/09\/copiar-el-contenido-de-una-matriz-2-1-768x513.webp 768w, https:\/\/neuronup.com\/br\/wp-content\/uploads\/2022\/09\/copiar-el-contenido-de-una-matriz-2-1-1024x684.webp 1024w, https:\/\/neuronup.com\/br\/wp-content\/uploads\/2022\/09\/copiar-el-contenido-de-una-matriz-2-1.webp 1200w\" sizes=\"(max-width:599px) 599px, (min-width:600px) and (max-width: 799px) 799px, (min-width:800px) and (max-width: 999px) 333px, (min-width:1000px) 400px\" \/><\/a><div class=\"entry-wrap entry-wrap-grid\"><h3 class=\"entry-title\" itemprop=\"headline\"><a class=\"entry-title-link\" href=\"https:\/\/neuronup.com\/br\/atividades-de-neurorreabilitacao\/para-funcoes-cognitivas\/de-atencao\/novo-gerador-para-copiar-o-conteudo-de-uma-matriz-para-outra\/\" rel=\"bookmark\">Novo gerador para copiar o conte\u00fado de uma matriz para outra<\/a><\/h3>\n<\/div><\/article><article class=\"entry entry-grid is-column has-entry-link has-image has-image-first type-post category-transtornos-do-desenvolvimento tag-criancas tag-transtornos-do-desenvolvimento\" style=\"--entry-index:2;\" aria-label=\"Consci\u00eancia fonol\u00f3gica\" itemscope itemtype=\"https:\/\/schema.org\/CreativeWork\"><a class=\"entry-image-link\" href=\"https:\/\/neuronup.com\/br\/noticias-de-estimulacao-cognitiva\/transtornos-do-desenvolvimento\/consciencia-fonologica\/\" tabindex=\"-1\" aria-hidden=\"true\"><img decoding=\"async\" width=\"400\" height=\"300\" src=\"https:\/\/neuronup.com\/br\/wp-content\/uploads\/2024\/12\/Consciencia-fonologica-400x300.webp\" class=\"entry-image size-landscape-sm\" alt=\"Menino lendo um livro no sof\u00e1 em ambiente acolhedor, ilumina\u00e7\u00e3o suave, foco na leitura para desenvolver consci\u00eancia fonol\u00f3gica.\" srcset=\"https:\/\/neuronup.com\/br\/wp-content\/uploads\/2024\/12\/Consciencia-fonologica-400x300.webp 400w, https:\/\/neuronup.com\/br\/wp-content\/uploads\/2024\/12\/Consciencia-fonologica-800x600.webp 800w\" sizes=\"(max-width:599px) 599px, (min-width:600px) and (max-width: 799px) 799px, (min-width:800px) and (max-width: 999px) 333px, (min-width:1000px) 400px\" \/><\/a><div class=\"entry-wrap entry-wrap-grid\"><h3 class=\"entry-title\" itemprop=\"headline\"><a class=\"entry-title-link\" href=\"https:\/\/neuronup.com\/br\/noticias-de-estimulacao-cognitiva\/transtornos-do-desenvolvimento\/consciencia-fonologica\/\" rel=\"bookmark\">Consci\u00eancia fonol\u00f3gica<\/a><\/h3>\n<\/div><\/article><article class=\"entry entry-grid is-column has-entry-link has-image has-image-first type-post category-envelhecimento-natural tag-atividades-de-estimulacao-cognitiva tag-neuropsicologia tag-reabilitacao-cognitiva\" style=\"--entry-index:3;\" aria-label=\"Reabilita\u00e7\u00e3o neuropsicol\u00f3gica em idosos com dem\u00eancia: experi\u00eancia em um centro de dia com a NeuronUP\" itemscope itemtype=\"https:\/\/schema.org\/CreativeWork\"><a class=\"entry-image-link\" href=\"https:\/\/neuronup.com\/br\/noticias-de-estimulacao-cognitiva\/envelhecimento-natural\/reabilitacao-neuropsicologica-em-idosos-com-demencia-experiencia-em-um-centro-de-dia-com-a-neuronup\/\" tabindex=\"-1\" aria-hidden=\"true\"><img decoding=\"async\" width=\"400\" height=\"300\" src=\"https:\/\/neuronup.com\/br\/wp-content\/uploads\/2024\/12\/Reabilitacao-cognitiva-em-idosos-400x300.webp\" class=\"entry-image size-landscape-sm\" alt=\"Mulher idosa sentada, express\u00e3o serena, olhando para cima; homem em p\u00e9 segura sua m\u00e3o, gesto de apoio em ambiente acolhedor.\" srcset=\"https:\/\/neuronup.com\/br\/wp-content\/uploads\/2024\/12\/Reabilitacao-cognitiva-em-idosos-400x300.webp 400w, https:\/\/neuronup.com\/br\/wp-content\/uploads\/2024\/12\/Reabilitacao-cognitiva-em-idosos-800x600.webp 800w\" sizes=\"(max-width:599px) 599px, (min-width:600px) and (max-width: 799px) 799px, (min-width:800px) and (max-width: 999px) 333px, (min-width:1000px) 400px\" \/><\/a><div class=\"entry-wrap entry-wrap-grid\"><h3 class=\"entry-title\" itemprop=\"headline\"><a class=\"entry-title-link\" href=\"https:\/\/neuronup.com\/br\/noticias-de-estimulacao-cognitiva\/envelhecimento-natural\/reabilitacao-neuropsicologica-em-idosos-com-demencia-experiencia-em-um-centro-de-dia-com-a-neuronup\/\" rel=\"bookmark\">Reabilita\u00e7\u00e3o neuropsicol\u00f3gica em idosos com dem\u00eancia: experi\u00eancia em um centro de dia com a NeuronUP<\/a><\/h3>\n<\/div><\/article><article class=\"entry entry-grid is-column has-entry-link has-image has-image-first type-post category-atividades-de-neurorreabilitacao tag-atividades-de-estimulacao-cognitiva tag-atividades-de-estimulacao-cognitiva-para-criancas tag-noticias-da-neuronup\" style=\"--entry-index:4;\" aria-label=\"As 10 atividades do NeuronUP mais utilizadas em 2022\" itemscope itemtype=\"https:\/\/schema.org\/CreativeWork\"><a class=\"entry-image-link\" href=\"https:\/\/neuronup.com\/br\/atividades-de-neurorreabilitacao\/atividades-do-neuronup-mais-utilizadas-em-2022\/\" tabindex=\"-1\" aria-hidden=\"true\"><img decoding=\"async\" width=\"400\" height=\"272\" src=\"https:\/\/neuronup.com\/br\/wp-content\/uploads\/2021\/11\/Juego-de-memoria-episodica-para-adultos-1-1.webp\" class=\"entry-image size-landscape-sm\" alt=\"Painel de corti\u00e7a com post-its amarelos fixados por alfinetes, grade com n\u00fameros vis\u00edveis, jogo de mem\u00f3ria epis\u00f3dica.\" srcset=\"https:\/\/neuronup.com\/br\/wp-content\/uploads\/2021\/11\/Juego-de-memoria-episodica-para-adultos-1-1-300x204.webp 300w, https:\/\/neuronup.com\/br\/wp-content\/uploads\/2021\/11\/Juego-de-memoria-episodica-para-adultos-1-1-768x522.webp 768w, https:\/\/neuronup.com\/br\/wp-content\/uploads\/2021\/11\/Juego-de-memoria-episodica-para-adultos-1-1-1024x696.webp 1024w, https:\/\/neuronup.com\/br\/wp-content\/uploads\/2021\/11\/Juego-de-memoria-episodica-para-adultos-1-1.webp 1200w\" sizes=\"(max-width:599px) 599px, (min-width:600px) and (max-width: 799px) 799px, (min-width:800px) and (max-width: 999px) 333px, (min-width:1000px) 400px\" \/><\/a><div class=\"entry-wrap entry-wrap-grid\"><h3 class=\"entry-title\" itemprop=\"headline\"><a class=\"entry-title-link\" href=\"https:\/\/neuronup.com\/br\/atividades-de-neurorreabilitacao\/atividades-do-neuronup-mais-utilizadas-em-2022\/\" rel=\"bookmark\">As 10 atividades do NeuronUP mais utilizadas em 2022<\/a><\/h3>\n<\/div><\/article><article class=\"entry entry-grid is-column has-entry-link has-image has-image-first type-post category-de-orientacao tag-atividades-de-estimulacao-cognitiva tag-noticias-da-neuronup tag-orientacao\" style=\"--entry-index:5;\" aria-label=\"Ficha para trabalhar a orienta\u00e7\u00e3o espacial com crian\u00e7as: Organiza a casa\" itemscope itemtype=\"https:\/\/schema.org\/CreativeWork\"><a class=\"entry-image-link\" href=\"https:\/\/neuronup.com\/br\/atividades-de-neurorreabilitacao\/para-funcoes-cognitivas\/de-orientacao\/ficha-para-trabalhar-a-orientacao-espacial-com-criancas-organiza-a-casa\/\" tabindex=\"-1\" aria-hidden=\"true\"><img decoding=\"async\" width=\"400\" height=\"300\" src=\"https:\/\/neuronup.com\/br\/wp-content\/uploads\/2024\/12\/orientacao-espacial_atividade-infantil-NeuronUP-400x300.webp\" class=\"entry-image size-landscape-sm\" alt=\"Colagem de ambientes dom\u00e9sticos: garagem desorganizada, escrit\u00f3rio organizado e banheiro moderno, com \u00edcones variados ao lado.\" srcset=\"https:\/\/neuronup.com\/br\/wp-content\/uploads\/2024\/12\/orientacao-espacial_atividade-infantil-NeuronUP-400x300.webp 400w, https:\/\/neuronup.com\/br\/wp-content\/uploads\/2024\/12\/orientacao-espacial_atividade-infantil-NeuronUP-800x600.webp 800w\" sizes=\"(max-width:599px) 599px, (min-width:600px) and (max-width: 799px) 799px, (min-width:800px) and (max-width: 999px) 333px, (min-width:1000px) 400px\" \/><\/a><div class=\"entry-wrap entry-wrap-grid\"><h3 class=\"entry-title\" itemprop=\"headline\"><a class=\"entry-title-link\" href=\"https:\/\/neuronup.com\/br\/atividades-de-neurorreabilitacao\/para-funcoes-cognitivas\/de-orientacao\/ficha-para-trabalhar-a-orientacao-espacial-com-criancas-organiza-a-casa\/\" rel=\"bookmark\">Ficha para trabalhar a orienta\u00e7\u00e3o espacial com crian\u00e7as: Organiza a casa<\/a><\/h3>\n<\/div><\/article><article class=\"entry entry-grid is-column has-entry-link has-image has-image-first type-post category-de-memoria tag-memoria\" style=\"--entry-index:6;\" aria-label=\"5 exerc\u00edcios para melhorar a mem\u00f3ria\" itemscope itemtype=\"https:\/\/schema.org\/CreativeWork\"><a class=\"entry-image-link\" href=\"https:\/\/neuronup.com\/br\/atividades-de-neurorreabilitacao\/para-funcoes-cognitivas\/de-memoria\/5-exercicios-para-melhorar-a-memoria\/\" tabindex=\"-1\" aria-hidden=\"true\"><img decoding=\"async\" width=\"400\" height=\"300\" src=\"https:\/\/neuronup.com\/br\/wp-content\/uploads\/2022\/05\/Atividade-da-NeuronUP-Interpretar-a-hora-dos-relogios-400x300.webp\" class=\"entry-image size-landscape-sm\" alt=\"Rel\u00f3gio anal\u00f3gico simplificado com ponteiro das horas azul, painel digital ao lado e barra de cora\u00e7\u00f5es; design azul e branco.\" srcset=\"https:\/\/neuronup.com\/br\/wp-content\/uploads\/2022\/05\/Atividade-da-NeuronUP-Interpretar-a-hora-dos-relogios-300x225.webp 300w, https:\/\/neuronup.com\/br\/wp-content\/uploads\/2022\/05\/Atividade-da-NeuronUP-Interpretar-a-hora-dos-relogios-400x300.webp 400w, https:\/\/neuronup.com\/br\/wp-content\/uploads\/2022\/05\/Atividade-da-NeuronUP-Interpretar-a-hora-dos-relogios-768x576.webp 768w, https:\/\/neuronup.com\/br\/wp-content\/uploads\/2022\/05\/Atividade-da-NeuronUP-Interpretar-a-hora-dos-relogios-800x600.webp 800w, https:\/\/neuronup.com\/br\/wp-content\/uploads\/2022\/05\/Atividade-da-NeuronUP-Interpretar-a-hora-dos-relogios-1024x768.webp 1024w, https:\/\/neuronup.com\/br\/wp-content\/uploads\/2022\/05\/Atividade-da-NeuronUP-Interpretar-a-hora-dos-relogios.webp 1200w\" sizes=\"(max-width:599px) 599px, (min-width:600px) and (max-width: 799px) 799px, (min-width:800px) and (max-width: 999px) 333px, (min-width:1000px) 400px\" \/><\/a><div class=\"entry-wrap entry-wrap-grid\"><h3 class=\"entry-title\" itemprop=\"headline\"><a class=\"entry-title-link\" href=\"https:\/\/neuronup.com\/br\/atividades-de-neurorreabilitacao\/para-funcoes-cognitivas\/de-memoria\/5-exercicios-para-melhorar-a-memoria\/\" rel=\"bookmark\">5 exerc\u00edcios para melhorar a mem\u00f3ria<\/a><\/h3>\n<\/div><\/article><\/div><\/div>","protected":false},"excerpt":{"rendered":"<p>Neste artigo, Jaime Villar, funcion\u00e1rio de uma ag\u00eancia de viagens especializada em pessoas com defici\u00eancia, conta tudo sobre os benef\u00edcios do lazer e do turismo para pessoas com defici\u00eancia. Todos adoramos viajar: conhecer novos destinos, novos amigos\u2026 Mas no caso das pessoas com defici\u00eancia, isso n\u00e3o \u00e9 apenas um prazer, mas tamb\u00e9m tem um componente &hellip;<\/p>\n","protected":false},"author":289,"featured_media":28411,"comment_status":"open","ping_status":"open","sticky":false,"template":"","format":"standard","meta":{"_acf_changed":false,"_genesis_hide_title":false,"_genesis_hide_breadcrumbs":false,"_genesis_hide_singular_image":false,"_genesis_hide_footer_widgets":false,"_genesis_custom_body_class":"","_genesis_custom_post_class":"","_genesis_layout":"","footnotes":""},"categories":[624],"tags":[562],"class_list":{"2":"type-post","7":"category-deficiencia-intelectual","8":"tag-deficiencia-intelectual","9":"entry"},"acf":[],"_links":{"self":[{"href":"https:\/\/neuronup.com\/br\/wp-json\/wp\/v2\/posts\/28247","targetHints":{"allow":["GET"]}}],"collection":[{"href":"https:\/\/neuronup.com\/br\/wp-json\/wp\/v2\/posts"}],"about":[{"href":"https:\/\/neuronup.com\/br\/wp-json\/wp\/v2\/types\/post"}],"author":[{"embeddable":true,"href":"https:\/\/neuronup.com\/br\/wp-json\/wp\/v2\/users\/289"}],"replies":[{"embeddable":true,"href":"https:\/\/neuronup.com\/br\/wp-json\/wp\/v2\/comments?post=28247"}],"version-history":[{"count":0,"href":"https:\/\/neuronup.com\/br\/wp-json\/wp\/v2\/posts\/28247\/revisions"}],"wp:featuredmedia":[{"embeddable":true,"href":"https:\/\/neuronup.com\/br\/wp-json\/wp\/v2\/media\/28411"}],"wp:attachment":[{"href":"https:\/\/neuronup.com\/br\/wp-json\/wp\/v2\/media?parent=28247"}],"wp:term":[{"taxonomy":"category","embeddable":true,"href":"https:\/\/neuronup.com\/br\/wp-json\/wp\/v2\/categories?post=28247"},{"taxonomy":"post_tag","embeddable":true,"href":"https:\/\/neuronup.com\/br\/wp-json\/wp\/v2\/tags?post=28247"}],"curies":[{"name":"wp","href":"https:\/\/api.w.org\/{rel}","templated":true}]}}