{"id":28195,"date":"2026-01-27T07:00:00","date_gmt":"2026-01-27T07:00:00","guid":{"rendered":"https:\/\/neuronup.com\/?p=28195"},"modified":"2026-01-27T07:00:00","modified_gmt":"2026-01-27T07:00:00","slug":"o-que-e-a-atencao-definicao-problemas-e-atividades-para-trabalha-la","status":"publish","type":"post","link":"https:\/\/neuronup.com\/br\/atividades-de-neurorreabilitacao\/para-funcoes-cognitivas\/de-atencao\/o-que-e-a-atencao-definicao-problemas-e-atividades-para-trabalha-la\/","title":{"rendered":"O que \u00e9 aten\u00e7\u00e3o? Defini\u00e7\u00e3o, problemas e atividades para trabalh\u00e1-la."},"content":{"rendered":"\n<p class=\"has-xl-font-size\">Este artigo aprofunda na <strong>defini\u00e7\u00e3o de aten\u00e7\u00e3o, nos problemas de aten\u00e7\u00e3o<\/strong> existentes<strong> <\/strong>e nas <strong>atividades para trabalhar a aten\u00e7\u00e3o<\/strong>.<\/p>\n\n\n\n<h2 class=\"wp-block-heading\">Defini\u00e7\u00e3o de aten\u00e7\u00e3o: O que \u00e9 a aten\u00e7\u00e3o?<\/h2>\n\n\n\n<p>A aten\u00e7\u00e3o \u00e9 o processo pelo qual podemos direcionar nossos recursos mentais a certos aspectos do ambiente, os mais relevantes, ou \u00e0 execu\u00e7\u00e3o de determinadas a\u00e7\u00f5es que consideremos mais adequadas entre as poss\u00edveis. Refere-se ao estado de observa\u00e7\u00e3o e alerta que nos permite tomar consci\u00eancia do que ocorre em nosso entorno.<\/p>\n\n\n\n<p>Em outras palavras, \u00e9 a capacidade de gerar, direcionar e manter um estado de ativa\u00e7\u00e3o adequado para o correto processamento da informa\u00e7\u00e3o.<\/p>\n\n\n\n<h3 class=\"wp-block-heading\">Conceitos fundamentais da aten\u00e7\u00e3o segundo Posner:<\/h3>\n\n\n\n<ul class=\"wp-block-list\">\n<li><strong>N\u00e3o processa informa\u00e7\u00e3o<\/strong>; limita-se a tornar poss\u00edvel ou inibir esse processamento. Pode ser diferenciado anatomicamente dos sistemas de processamento de informa\u00e7\u00e3o;<\/li>\n\n\n\n<li>assenta-se em redes anat\u00f4micas,&nbsp;<strong>n\u00e3o pertence a uma \u00e1rea espec\u00edfica do c\u00e9rebro nem \u00e9 um produto global dele<\/strong>;<\/li>\n\n\n\n<li>as \u00e1reas cerebrais envolvidas na aten\u00e7\u00e3o n\u00e3o t\u00eam a mesma fun\u00e7\u00e3o, mas sim fun\u00e7\u00f5es diferentes s\u00e3o sustentadas por \u00e1reas distintas.&nbsp;<strong>N\u00e3o se trata de uma fun\u00e7\u00e3o unit\u00e1ria.<\/strong><\/li>\n<\/ul>\n\n\n\n<p>Portanto, apresenta duas fun\u00e7\u00f5es principais: manter o estado de alerta&nbsp;(<strong>vigil\u00e2ncia<\/strong>)&nbsp;e selecionar a informa\u00e7\u00e3o \u00e0 qual ser\u00e3o dedicados os recursos&nbsp;(<strong>monitoriza\u00e7\u00e3o e controle<\/strong>). Seleciona os mecanismos e as informa\u00e7\u00f5es que ser\u00e3o manipulados. O sistema atencional possui capacidade limitada, da\u00ed a necessidade de selecionar o tipo de informa\u00e7\u00e3o relevante.<\/p>\n\n\n\n<p>Voc\u00ea pode consultar, no artigo a seguir, as bases anat\u00f4micas da aten\u00e7\u00e3o para obter mais informa\u00e7\u00f5es a respeito.<\/p>\n\n\n\n<div style=\"height:50px\" aria-hidden=\"true\" class=\"wp-block-spacer\"><\/div>\n\n\n\n\n\n<div style=\"height:50px\" aria-hidden=\"true\" class=\"wp-block-spacer\"><\/div>\n\n\n\n<h2 class=\"wp-block-heading\">Desenvolvimento<\/h2>\n\n\n\n<p>A <strong>aten\u00e7\u00e3o involunt\u00e1ria<\/strong> desenvolve-se pouco depois do surgimento do reflexo de orienta\u00e7\u00e3o nas primeiras semanas de vida. O beb\u00ea gradualmente mostrar\u00e1 seu interesse pelo ambiente e desejar\u00e1 interagir com ele. Na fase infantil come\u00e7a a ganhar peso a <strong>aten\u00e7\u00e3o volunt\u00e1ria<\/strong> propiciada pelo adulto, fundamentalmente por meio do brincar e de outras atividades propostas.<\/p>\n\n\n\n<p>Em idades iniciais, \u00e9 dif\u00edcil para as crian\u00e7as concentrar-se por muito tempo em uma atividade, especialmente se ela for pouco atraente para elas; \u00e0 medida que crescem, ser\u00e3o capazes de aumentar o tempo de interesse por algo e direcionar sua aten\u00e7\u00e3o para o objeto de interesse, mantendo-a enquanto durar esse interesse. Posteriormente, a crian\u00e7a aprender\u00e1 a gui\u00e1-la por si mesma, tornando-a mais est\u00e1vel.<\/p>\n\n\n\n<p>Por volta do segundo ano de vida, a aten\u00e7\u00e3o torna-se mais seletiva e crian\u00e7as de 3 e 4 anos podem brincar do mesmo jogo por meia hora, e aos 5 ou 6 anos podem estender esse tempo para at\u00e9 uma hora e meia, captando mais nuances no objeto em que focar.<\/p>\n\n\n\n<p>A segunda inf\u00e2ncia e a adolesc\u00eancia caracterizam-se pelo desenvolvimento de fun\u00e7\u00f5es cognitivas cada vez mais complexas. \u00c0 medida que as habilidades cognitivas amadurecem, a linguagem torna-se o principal recurso para organizar a aten\u00e7\u00e3o e a motiva\u00e7\u00e3o a principal ferramenta de estabiliza\u00e7\u00e3o.<\/p>\n\n\n\n<h2 class=\"wp-block-heading\">Tipos de aten\u00e7\u00e3o<\/h2>\n\n\n\n<p>Dentro dessa fun\u00e7\u00e3o cognitiva, devemos falar de cinco processos diferentes:<\/p>\n\n\n\n<ol class=\"wp-block-list\">\n<li><strong>Sustentada:<\/strong> capacidade de manter de forma fluida o foco de aten\u00e7\u00e3o em uma tarefa ou evento por um per\u00edodo prolongado. Esse tipo tamb\u00e9m \u00e9 chamado de vigil\u00e2ncia.<\/li>\n\n\n\n<li><strong>Seletiva:<\/strong> capacidade de direcionar a aten\u00e7\u00e3o e concentrar-se em algo sem permitir que outros est\u00edmulos, sejam externos ou internos, interrompam a tarefa.<\/li>\n\n\n\n<li><strong>Alternante:<\/strong> capacidade de mudar nosso foco de uma tarefa ou norma interna para outra de forma fluida.<\/li>\n\n\n\n<li><strong>Velocidade de processamento:<\/strong> ritmo em que o c\u00e9rebro executa uma tarefa (evidentemente, varia conforme a tarefa e as demais fun\u00e7\u00f5es cognitivas envolvidas). \u00c9 medida pelo tempo que o indiv\u00edduo leva entre receber o est\u00edmulo e emitir a resposta.<\/li>\n\n\n\n<li><strong>Hemineglig\u00eancia:<\/strong> grande dificuldade ou incapacidade de direcionar a aten\u00e7\u00e3o para um dos lados (normalmente o esquerdo), tanto em rela\u00e7\u00e3o ao pr\u00f3prio corpo quanto ao espa\u00e7o.<\/li>\n<\/ol>\n\n\n\n<figure class=\"wp-block-image size-full is-resized\" id=\"attachment_11893\"><img decoding=\"async\" width=\"768\" height=\"576\" src=\"https:\/\/neuronup.com\/br\/wp-content\/uploads\/2023\/12\/redes-1-1.webp\" alt=\"\u00bfQu\u00e9 es la atenci\u00f3n? Definici\u00f3n, problemas y actividades para trabajarla\" class=\"wp-image-28315\" style=\"width:800px;height:auto\" srcset=\"https:\/\/neuronup.com\/br\/wp-content\/uploads\/2023\/12\/redes-1-1-300x225.webp 300w, https:\/\/neuronup.com\/br\/wp-content\/uploads\/2023\/12\/redes-1-1.webp 768w\" sizes=\"(max-width: 768px) 100vw, 768px\" \/><figcaption class=\"wp-element-caption\">Redes atencionais sustentam a aten\u00e7\u00e3o.<\/figcaption><\/figure>\n\n\n\n<h2 class=\"wp-block-heading\">Problemas de aten\u00e7\u00e3o e sintomas<\/h2>\n\n\n\n<p>As dificuldades mais comuns que enfrentam as pessoas com problemas de aten\u00e7\u00e3o s\u00e3o:<\/p>\n\n\n\n<ul class=\"wp-block-list\">\n<li>Facilidade de distra\u00e7\u00e3o e falta de aten\u00e7\u00e3o aos detalhes,<\/li>\n\n\n\n<li>dificuldade para seguir instru\u00e7\u00f5es e finalizar suas tarefas,<\/li>\n\n\n\n<li>costumam cometer erros por descuido,<\/li>\n\n\n\n<li>evitam tarefas que exigem esfor\u00e7o mental sustentado.<\/li>\n<\/ul>\n\n\n\n<p>Por exemplo, quando passamos continuamente de um est\u00edmulo para outro e n\u00e3o somos capazes de focar em nenhum, estamos diante de um problema de aten\u00e7\u00e3o. Isso influenciar\u00e1 decisivamente os processos de memoriza\u00e7\u00e3o, pois se n\u00e3o prestamos aten\u00e7\u00e3o suficiente a um est\u00edmulo, n\u00e3o seremos capazes de process\u00e1-lo e ret\u00ea-lo na mem\u00f3ria.<\/p>\n\n\n\n<div style=\"height:50px\" aria-hidden=\"true\" class=\"wp-block-spacer\"><\/div>\n\n\n\n<div class=\"wp-block-group br-0111 has-primary-background-color has-background has-dark-background has-sm-padding-top has-sm-padding-left has-sm-padding-right has-xxl-margin-top\"><div class=\"wp-block-group__inner-container is-layout-constrained wp-block-group-is-layout-constrained\">\n<div class=\"wp-block-columns is-layout-flex wp-container-core-columns-is-layout-9d6595d7 wp-block-columns-is-layout-flex\">\n<div class=\"wp-block-column is-layout-flow wp-block-column-is-layout-flow\">\n<figure class=\"wp-block-image size-full desktop-position-absolute desktop-bottom-0 mobile-width-50 mobile-m-inline-auto has-xl-margin-top\"><img decoding=\"async\" width=\"292\" height=\"338\" src=\"https:\/\/neuronup.com\/br\/wp-content\/uploads\/2024\/10\/certificado-de-produto.webp\" alt=\"\" class=\"wp-image-31568\" srcset=\"https:\/\/neuronup.com\/br\/wp-content\/uploads\/2024\/10\/certificado-de-produto-259x300.webp 259w, https:\/\/neuronup.com\/br\/wp-content\/uploads\/2024\/10\/certificado-de-produto.webp 292w\" sizes=\"(max-width: 292px) 100vw, 292px\" \/><\/figure>\n<\/div>\n\n\n\n<div class=\"wp-block-column is-layout-flow wp-block-column-is-layout-flow\">\n<h2 class=\"wp-block-heading has-white-color has-text-color\"><strong>Inscreva-se<\/strong> <br>na nossa <br>Newsletter<\/h2>\n\n\n\n<div class=\"wp-block-buttons is-layout-flex wp-block-buttons-is-layout-flex\">\n<div class=\"wp-block-button--1\" style=\"--button-outline-color:var(--color-white);--button-outline-color-hover:rgba(0,0,0,0.8);\"><a class=\"wp-block-button__link button button-outline   wp-element-button\" href=\"https:\/\/neuronup.com\/br\/newsletter\/\">Inscreva-se<\/a><\/div>\n\n<\/div>\n\n\n\n<div style=\"height:40px\" aria-hidden=\"true\" class=\"wp-block-spacer\"><\/div>\n<\/div>\n<\/div>\n<\/div><\/div>\n\n\n\n\n<div style=\"height:50px\" aria-hidden=\"true\" class=\"wp-block-spacer\"><\/div>\n\n\n\n<h2 class=\"wp-block-heading\">Artigos sobre aten\u00e7\u00e3o<\/h2>\n\n\n\n<h3 class=\"wp-block-heading\">Breves bases anat\u00f4micas da aten\u00e7\u00e3o<\/h3>\n\n\n\n<p>Uma breve exposi\u00e7\u00e3o dos principais n\u00facleos que interv\u00eam no processo atencional e como o fazem. Partindo do modelo de Posner (que \u00e9 o mais aceito) para implement\u00e1-lo com pesquisas atuais.<\/p>\n\n\n\n<div style=\"height:50px\" aria-hidden=\"true\" class=\"wp-block-spacer\"><\/div>\n\n\n\n\n\n<div style=\"height:50px\" aria-hidden=\"true\" class=\"wp-block-spacer\"><\/div>\n\n\n\n<h3 class=\"wp-block-heading\">Problemas de aten\u00e7\u00e3o: o que s\u00e3o, tipos e sintomas<\/h3>\n\n\n\n<p>Vivemos em uma \u00e9poca em que estamos saturados de est\u00edmulos que nos impedem manter a aten\u00e7\u00e3o em algo. Est\u00e1 cada vez mais comum assistir a um filme enquanto lemos as not\u00edcias no computador e conversamos ao mesmo tempo pelo celular. Estamos acostumados a realizar v\u00e1rias tarefas simultaneamente, mas&nbsp;<strong>realmente prestamos a aten\u00e7\u00e3o necess\u00e1ria ao que fazemos?<\/strong>&nbsp;Como sabemos quando estamos diante de problemas dessa fun\u00e7\u00e3o cognitiva? \u00c9 poss\u00edvel trabalh\u00e1-la?<br \/><\/p>\n\n\n\n<div style=\"height:50px\" aria-hidden=\"true\" class=\"wp-block-spacer\"><\/div>\n\n\n\n\n\n<div style=\"height:50px\" aria-hidden=\"true\" class=\"wp-block-spacer\"><\/div>\n\n\n\n<h3 class=\"wp-block-heading\">TDAH<\/h3>\n\n\n\n<p>O <a href=\"https:\/\/neuronup.com\/br\/neurorreabilitacao\/perturbacoes-do-neurodesenvolvimento\/transtorno-de-deficit-de-atencao-e-hiperatividade-tdah\/\">TDAH<\/a> \u00e9 a sigla para Transtorno do D\u00e9ficit de Aten\u00e7\u00e3o e Hiperatividade. Trata-se de um transtorno do neurodesenvolvimento que se caracteriza por&nbsp;<strong>sintomas manifestos de falta de aten\u00e7\u00e3o e\/ou impulsividade-hiperatividade<\/strong>.<\/p>\n\n\n\n<p>Esse transtorno afeta entre 2% e 5% da popula\u00e7\u00e3o infantojuvenil. No n\u00edvel escolar, estima-se que em uma turma de 30 alunos, entre um e dois estudantes t\u00eam TDAH.<\/p>\n\n\n\n<p>Esse transtorno \u00e9 cr\u00f4nico e come\u00e7a a se manifestar antes dos 7 anos. Al\u00e9m disso, \u00e9 mais frequente em meninos do que em meninas. Para cada quatro meninos com TDAH, uma menina o tem, segundo dados da Federa\u00e7\u00e3o Espanhola de Associa\u00e7\u00f5es de Ajuda ao D\u00e9ficit de Aten\u00e7\u00e3o e Hiperatividade.<\/p>\n\n\n\n<p>Se voc\u00ea quiser saber mais sobre o TDAH, pode ler o artigo a seguir:<\/p>\n\n\n\n<div style=\"height:50px\" aria-hidden=\"true\" class=\"wp-block-spacer\"><\/div>\n\n\n\n\n\n<div style=\"height:50px\" aria-hidden=\"true\" class=\"wp-block-spacer\"><\/div>\n\n\n\n<h3 class=\"wp-block-heading\">Reabilita\u00e7\u00e3o da aten\u00e7\u00e3o dividida<\/h3>\n\n\n\n<p>\u00c9 o \u00faltimo e mais elevado n\u00edvel da hierarquia estabelecida pelo modelo cl\u00ednico de Sohlberg e Mateer<sup>1<\/sup>, seguida da aten\u00e7\u00e3o alternante, seletiva, sustentada e focalizada. Esse tipo de aten\u00e7\u00e3o nos permite realizar diversas tarefas simultaneamente, o que comumente se conhece como&nbsp;<strong>multitarefa<\/strong>. Neste artigo voc\u00ea encontrar\u00e1 diretrizes para treinar a aten\u00e7\u00e3o dividida; em particular, ela \u00e9 exercitada por meio de tr\u00eas modalidades de tarefas.<\/p>\n\n\n\n<div style=\"height:50px\" aria-hidden=\"true\" class=\"wp-block-spacer\"><\/div>\n\n\n\n\n\n<div style=\"height:50px\" aria-hidden=\"true\" class=\"wp-block-spacer\"><\/div>\n\n\n\n<h3 class=\"wp-block-heading\">Reabilita\u00e7\u00e3o da aten\u00e7\u00e3o alternante<\/h3>\n\n\n\n<p>\u00c9 a capacidade cognitiva de mudar o foco de aten\u00e7\u00e3o entre duas ou mais atividades que envolvem carga cognitiva diferente. Para isso, requer-se de&nbsp;<strong>flexibilidade<\/strong>&nbsp;mental que permita a transi\u00e7\u00e3o e a realiza\u00e7\u00e3o das diferentes tarefas com efici\u00eancia, sem que a carga cognitiva exigida em uma tarefa limite a execu\u00e7\u00e3o das demais, nem que a pr\u00f3pria troca de tarefas prejudique a concentra\u00e7\u00e3o.<\/p>\n\n\n\n<div style=\"height:50px\" aria-hidden=\"true\" class=\"wp-block-spacer\"><\/div>\n\n\n\n\n\n<div style=\"height:50px\" aria-hidden=\"true\" class=\"wp-block-spacer\"><\/div>\n\n\n\n<h3 class=\"wp-block-heading\">Reabilita\u00e7\u00e3o da aten\u00e7\u00e3o seletiva<\/h3>\n\n\n\n<p>\u00c9 uma fun\u00e7\u00e3o cognitiva complexa que foi abordada de diferentes \u00e2mbitos, desde a neuropsicologia at\u00e9 a neuroci\u00eancia cognitiva, passando pela psicometria e at\u00e9 a eletrofisiologia. Isso resultou na elabora\u00e7\u00e3o de m\u00faltiplos modelos que buscam explicar essa capacidade sob sua perspectiva particular.<br \/><\/p>\n\n\n\n<div style=\"height:50px\" aria-hidden=\"true\" class=\"wp-block-spacer\"><\/div>\n\n\n\n\n\n<div style=\"height:50px\" aria-hidden=\"true\" class=\"wp-block-spacer\"><\/div>\n\n\n\n<h3 class=\"wp-block-heading\">Reabilita\u00e7\u00e3o da aten\u00e7\u00e3o sustentada<\/h3>\n\n\n\n<p>Corresponde \u00e0 &#8220;habilidade de manter uma resposta comportamental constante durante uma atividade cont\u00ednua ou repetitiva&#8221;. Em outras palavras, implica manter uma&nbsp;<strong>conduta de vigil\u00e2ncia<\/strong>, focando nossa aten\u00e7\u00e3o em um \u00fanico est\u00edmulo por um determinado per\u00edodo.<\/p>\n\n\n\n<div style=\"height:80px\" aria-hidden=\"true\" class=\"wp-block-spacer\"><\/div>\n\n\n\n<div class=\"wp-block-group br-0111 has-primary-background-color has-background has-dark-background has-sm-padding-top has-sm-padding-left has-sm-padding-right has-xxl-margin-top\"><div class=\"wp-block-group__inner-container is-layout-constrained wp-block-group-is-layout-constrained\">\n<div class=\"wp-block-columns is-layout-flex wp-container-core-columns-is-layout-9d6595d7 wp-block-columns-is-layout-flex\">\n<div class=\"wp-block-column is-layout-flow wp-block-column-is-layout-flow\">\n<figure class=\"wp-block-image size-full desktop-position-absolute desktop-bottom-0 mobile-width-50 mobile-m-inline-auto has-xl-margin-top\"><img decoding=\"async\" width=\"292\" height=\"338\" src=\"https:\/\/neuronup.com\/br\/wp-content\/uploads\/2024\/10\/certificado-de-produto.webp\" alt=\"\" class=\"wp-image-31568\" srcset=\"https:\/\/neuronup.com\/br\/wp-content\/uploads\/2024\/10\/certificado-de-produto-259x300.webp 259w, https:\/\/neuronup.com\/br\/wp-content\/uploads\/2024\/10\/certificado-de-produto.webp 292w\" sizes=\"(max-width: 292px) 100vw, 292px\" \/><\/figure>\n<\/div>\n\n\n\n<div class=\"wp-block-column is-layout-flow wp-block-column-is-layout-flow\">\n<h2 class=\"wp-block-heading has-white-color has-text-color\"><strong>Inscreva-se<\/strong> <br>na nossa <br>Newsletter<\/h2>\n\n\n\n<div class=\"wp-block-buttons is-layout-flex wp-block-buttons-is-layout-flex\">\n<div class=\"wp-block-button--2\" style=\"--button-outline-color:var(--color-white);--button-outline-color-hover:rgba(0,0,0,0.8);\"><a class=\"wp-block-button__link button button-outline   wp-element-button\" href=\"https:\/\/neuronup.com\/br\/newsletter\/\">Inscreva-se<\/a><\/div>\n\n<\/div>\n\n\n\n<div style=\"height:40px\" aria-hidden=\"true\" class=\"wp-block-spacer\"><\/div>\n<\/div>\n<\/div>\n<\/div><\/div>\n\n\n\n\n<div style=\"height:50px\" aria-hidden=\"true\" class=\"wp-block-spacer\"><\/div>\n\n\n\n<h2 class=\"wp-block-heading\">Atividades de estimula\u00e7\u00e3o cognitiva para trabalhar essa fun\u00e7\u00e3o cognitiva<\/h2>\n\n\n\n<h3 class=\"wp-block-heading\">Fichas de aten\u00e7\u00e3o e mem\u00f3ria para crian\u00e7as e adultos<\/h3>\n\n\n\n<p>A seguir, apresentamos 10 fichas de aten\u00e7\u00e3o e mem\u00f3ria do NeuronUP ideais para que o neuropsic\u00f3logo ou o terapeuta ocupacional trabalhem tanto com crian\u00e7as quanto com adultos.<\/p>\n\n\n\n<div style=\"height:50px\" aria-hidden=\"true\" class=\"wp-block-spacer\"><\/div>\n\n\n\n\n\n<div style=\"height:50px\" aria-hidden=\"true\" class=\"wp-block-spacer\"><\/div>\n\n\n\n<h2 class=\"wp-block-heading\">Bibliografia<\/h2>\n\n\n\n<ul class=\"wp-block-list\">\n<li class=\"has-sm-font-size\"><em>Ballesteros<\/em>, S. (<em>2000<\/em>, Nova Edi\u00e7\u00e3o Revisada e Aumentada). Psicologia Geral. Uma abordagem cognitiva para o s\u00e9culo XXI. Madrid: Editorial Universitas.<\/li>\n\n\n\n<li class=\"has-sm-font-size\">Bruna, O., Roig, T., Puyuelo, M., Junqu\u00e9, C. &amp; Ruano, \u00c1. (2011). Reabilita\u00e7\u00e3o neuropsicol\u00f3gica: Interven\u00e7\u00e3o e pr\u00e1tica cl\u00ednica. Barcelona: Elseiver Masson.<\/li>\n\n\n\n<li class=\"has-sm-font-size\">Londo\u00f1o, L. (2009). A aten\u00e7\u00e3o: um processo psicol\u00f3gico b\u00e1sico. Revista da Faculdade de Psicologia da Universidad Cooperativa de Colombia. Volume 5, N\u00famero 8 \/ Janeiro \u2013 junho 2009.<\/li>\n\n\n\n<li class=\"has-sm-font-size\"><em>Posner<\/em>, M. I. (<em>1995<\/em>). Attention in cognitive neuroscience: An overview. In M. S. Gazzaniga (Ed.)<\/li>\n\n\n\n<li class=\"has-sm-font-size\">Posner, M.I. e Bourke, P. (1999): \u201cAttention\u201d.<\/li>\n\n\n\n<li class=\"has-sm-font-size\">Rosselli, M. e Ardila, A. Desenvolvimento cognitivo e matura\u00e7\u00e3o cerebral. In Rosselli, M., Ardila, A., Pineda, D. e Lopera, F. (Eds). <em>Neuropsicologia infantil. Avan\u00e7os em pesquisa, teoria e pr\u00e1tica<\/em>. Medell\u00edn: Prensa Creativa, 1997.<\/li>\n\n\n\n<li class=\"has-sm-font-size\">Ru\u00edz, E. Como melhorar a aten\u00e7\u00e3o de crian\u00e7as com <em>s\u00edndrome de Down<\/em>. Rev S\u00edndrome de Down 2013; 30: 63-75.<\/li>\n<\/ul>\n\n\n\n<h3 class=\"wp-block-heading\">Se voc\u00ea achou esta publica\u00e7\u00e3o sobre <strong>O que \u00e9 a aten\u00e7\u00e3o? Defini\u00e7\u00e3o, problemas e atividades para trabalh\u00e1-la<\/strong> \u00fatil, talvez te interesse tamb\u00e9m:<\/h3>\n\n<div class=\"mai-grid entries entries-grid has-boxed has-image-full\" style=\"--entry-title-font-size:var(--font-size-lg);--align-text:start;--entry-meta-text-align:start;\"><div class=\"entries-wrap has-columns\" style=\"--columns-xs:1\/1;--columns-sm:1\/1;--columns-md:1\/3;--columns-lg:1\/3;--flex-xs:0 0 var(--flex-basis);--flex-sm:0 0 var(--flex-basis);--flex-md:0 0 var(--flex-basis);--flex-lg:0 0 var(--flex-basis);--column-gap:var(--spacing-lg);--row-gap:var(--spacing-lg);--align-columns:start;\"><article class=\"entry entry-grid is-column has-entry-link has-image has-image-first type-post category-de-atencao tag-atencao tag-atividades-de-estimulacao-cognitiva tag-tdah\" style=\"--entry-index:1;\" aria-label=\"O que \u00e9 aten\u00e7\u00e3o? Defini\u00e7\u00e3o, problemas e atividades para trabalh\u00e1-la.\" itemscope itemtype=\"https:\/\/schema.org\/CreativeWork\"><a class=\"entry-image-link\" href=\"https:\/\/neuronup.com\/br\/atividades-de-neurorreabilitacao\/para-funcoes-cognitivas\/de-atencao\/o-que-e-a-atencao-definicao-problemas-e-atividades-para-trabalha-la\/\" tabindex=\"-1\" aria-hidden=\"true\"><img decoding=\"async\" width=\"400\" height=\"267\" src=\"https:\/\/neuronup.com\/br\/wp-content\/uploads\/2023\/03\/Atencion-sostenida-1.webp\" class=\"entry-image size-landscape-sm\" alt=\"Silhueta de cabe\u00e7a com topo aberto, interior contendo pipoca amarela e bloco de notas amarelo, fundo escuro.\" srcset=\"https:\/\/neuronup.com\/br\/wp-content\/uploads\/2023\/03\/Atencion-sostenida-1-300x200.webp 300w, https:\/\/neuronup.com\/br\/wp-content\/uploads\/2023\/03\/Atencion-sostenida-1-768x512.webp 768w, https:\/\/neuronup.com\/br\/wp-content\/uploads\/2023\/03\/Atencion-sostenida-1-1024x683.webp 1024w, https:\/\/neuronup.com\/br\/wp-content\/uploads\/2023\/03\/Atencion-sostenida-1.webp 1200w\" sizes=\"(max-width:599px) 599px, (min-width:600px) and (max-width: 799px) 799px, (min-width:800px) and (max-width: 999px) 333px, (min-width:1000px) 400px\" \/><\/a><div class=\"entry-wrap entry-wrap-grid\"><h3 class=\"entry-title\" itemprop=\"headline\"><a class=\"entry-title-link\" href=\"https:\/\/neuronup.com\/br\/atividades-de-neurorreabilitacao\/para-funcoes-cognitivas\/de-atencao\/o-que-e-a-atencao-definicao-problemas-e-atividades-para-trabalha-la\/\" rel=\"bookmark\">O que \u00e9 aten\u00e7\u00e3o? Defini\u00e7\u00e3o, problemas e atividades para trabalh\u00e1-la.<\/a><\/h3>\n<\/div><\/article><article class=\"entry entry-grid is-column has-entry-link has-image has-image-first type-post category-de-atencao tag-atencao tag-atividades-de-estimulacao-cognitiva tag-atividades-de-estimulacao-cognitiva-para-adultos tag-atividades-de-estimulacao-cognitiva-para-criancas tag-estimulacao-cognitiva\" style=\"--entry-index:2;\" aria-label=\"Atividades de aten\u00e7\u00e3o sustentada para adultos e crian\u00e7as\" itemscope itemtype=\"https:\/\/schema.org\/CreativeWork\"><a class=\"entry-image-link\" href=\"https:\/\/neuronup.com\/br\/atividades-de-neurorreabilitacao\/para-funcoes-cognitivas\/de-atencao\/atividades-de-atencao-sustentada-para-adultos-e-criancas\/\" tabindex=\"-1\" aria-hidden=\"true\"><img decoding=\"async\" width=\"400\" height=\"251\" src=\"https:\/\/neuronup.com\/br\/wp-content\/uploads\/2024\/11\/Encontrar-los-numeros-que-faltan-NeuronUP.webp\" class=\"entry-image size-landscape-sm\" alt=\"Duas tabelas com n\u00fameros de 1 a 25 em grade; na primeira e na segunda, aparecem n\u00fameros ausentes para identificar.\" srcset=\"https:\/\/neuronup.com\/br\/wp-content\/uploads\/2024\/11\/Encontrar-los-numeros-que-faltan-NeuronUP-300x188.webp 300w, https:\/\/neuronup.com\/br\/wp-content\/uploads\/2024\/11\/Encontrar-los-numeros-que-faltan-NeuronUP-768x482.webp 768w, https:\/\/neuronup.com\/br\/wp-content\/uploads\/2024\/11\/Encontrar-los-numeros-que-faltan-NeuronUP-1024x643.webp 1024w, https:\/\/neuronup.com\/br\/wp-content\/uploads\/2024\/11\/Encontrar-los-numeros-que-faltan-NeuronUP.webp 1200w\" sizes=\"(max-width:599px) 599px, (min-width:600px) and (max-width: 799px) 799px, (min-width:800px) and (max-width: 999px) 333px, (min-width:1000px) 400px\" \/><\/a><div class=\"entry-wrap entry-wrap-grid\"><h3 class=\"entry-title\" itemprop=\"headline\"><a class=\"entry-title-link\" href=\"https:\/\/neuronup.com\/br\/atividades-de-neurorreabilitacao\/para-funcoes-cognitivas\/de-atencao\/atividades-de-atencao-sustentada-para-adultos-e-criancas\/\" rel=\"bookmark\">Atividades de aten\u00e7\u00e3o sustentada para adultos e crian\u00e7as<\/a><\/h3>\n<\/div><\/article><article class=\"entry entry-grid is-column has-entry-link has-image has-image-first type-post category-novidades-neuronup tag-congressos tag-neuropsicologia tag-reabilitacao-cognitiva\" style=\"--entry-index:3;\" aria-label=\"Congressos de Neuropsicologia no Brasil\u00a0\" itemscope itemtype=\"https:\/\/schema.org\/CreativeWork\"><a class=\"entry-image-link\" href=\"https:\/\/neuronup.com\/br\/novidades-neuronup\/top-congressos-de-neuropsicologia-no-brasil\/\" tabindex=\"-1\" aria-hidden=\"true\"><img decoding=\"async\" width=\"400\" height=\"300\" src=\"https:\/\/neuronup.com\/br\/wp-content\/uploads\/2025\/02\/Image_20241105_104016_657-_1_-1-400x300.webp\" class=\"entry-image size-landscape-sm\" alt=\"Grupo de participantes em confer\u00eancia de neuropsicologia ao redor de um notebook, com banner &#039;neuro&#039; ao fundo.\" srcset=\"https:\/\/neuronup.com\/br\/wp-content\/uploads\/2025\/02\/Image_20241105_104016_657-_1_-1-400x300.webp 400w, https:\/\/neuronup.com\/br\/wp-content\/uploads\/2025\/02\/Image_20241105_104016_657-_1_-1-800x600.webp 800w\" sizes=\"(max-width:599px) 599px, (min-width:600px) and (max-width: 799px) 799px, (min-width:800px) and (max-width: 999px) 333px, (min-width:1000px) 400px\" \/><\/a><div class=\"entry-wrap entry-wrap-grid\"><h3 class=\"entry-title\" itemprop=\"headline\"><a class=\"entry-title-link\" href=\"https:\/\/neuronup.com\/br\/novidades-neuronup\/top-congressos-de-neuropsicologia-no-brasil\/\" rel=\"bookmark\">Congressos de Neuropsicologia no Brasil\u00a0<\/a><\/h3>\n<\/div><\/article><article class=\"entry entry-grid is-column has-entry-link has-image has-image-first type-post category-atividades-de-neurorreabilitacao category-atividades-natalinas tag-atividades-de-estimulacao-cognitiva\" style=\"--entry-index:4;\" aria-label=\"Especial Natal: 5 atividades de estimula\u00e7\u00e3o cognitiva natalinas\" itemscope itemtype=\"https:\/\/schema.org\/CreativeWork\"><a class=\"entry-image-link\" href=\"https:\/\/neuronup.com\/br\/atividades-de-neurorreabilitacao\/especial-natal-5-atividades-de-estimulacao-cognitiva-natalinas\/\" tabindex=\"-1\" aria-hidden=\"true\"><img decoding=\"async\" width=\"400\" height=\"300\" src=\"https:\/\/neuronup.com\/br\/wp-content\/uploads\/2025\/12\/Banner_Actividades-Navidenas_PT-400x300.gif\" class=\"entry-image size-landscape-sm\" alt=\"Banner ilustrativo com tema natalino anunciando atividades de estimula\u00e7\u00e3o cognitiva para usu\u00e1rios, em cores festivas.\" \/><\/a><div class=\"entry-wrap entry-wrap-grid\"><h3 class=\"entry-title\" itemprop=\"headline\"><a class=\"entry-title-link\" href=\"https:\/\/neuronup.com\/br\/atividades-de-neurorreabilitacao\/especial-natal-5-atividades-de-estimulacao-cognitiva-natalinas\/\" rel=\"bookmark\">Especial Natal: 5 atividades de estimula\u00e7\u00e3o cognitiva natalinas<\/a><\/h3>\n<\/div><\/article><article class=\"entry entry-grid is-column has-entry-link has-image has-image-first type-post category-testes-neuropsicologicos tag-atencao\" style=\"--entry-index:5;\" aria-label=\"Teste de Raven: O que \u00e9 e como interpretar o Teste das Matrizes Progressivas de Raven\" itemscope itemtype=\"https:\/\/schema.org\/CreativeWork\"><a class=\"entry-image-link\" href=\"https:\/\/neuronup.com\/br\/neurociencia\/neuropsicologia\/testes-neuropsicologicos\/teste-de-raven-o-que-e-e-como-interpretar-o-teste-das-matrizes-progressivas-de-raven\/\" tabindex=\"-1\" aria-hidden=\"true\"><img decoding=\"async\" width=\"400\" height=\"300\" src=\"https:\/\/neuronup.com\/br\/wp-content\/uploads\/2024\/12\/Exemplo-de-teste-raven-400x300.webp\" class=\"entry-image size-landscape-sm\" alt=\"Grade 3x3 de formas (quadrado, estrela, hex\u00e1gono) com padr\u00f5es; \u00faltimo item da linha \u00e9 espa\u00e7o em branco com interroga\u00e7\u00e3o; op\u00e7\u00f5es A, B e C para completar a sequ\u00eancia.\" srcset=\"https:\/\/neuronup.com\/br\/wp-content\/uploads\/2024\/12\/Exemplo-de-teste-raven-400x300.webp 400w, https:\/\/neuronup.com\/br\/wp-content\/uploads\/2024\/12\/Exemplo-de-teste-raven-800x600.webp 800w\" sizes=\"(max-width:599px) 599px, (min-width:600px) and (max-width: 799px) 799px, (min-width:800px) and (max-width: 999px) 333px, (min-width:1000px) 400px\" \/><\/a><div class=\"entry-wrap entry-wrap-grid\"><h3 class=\"entry-title\" itemprop=\"headline\"><a class=\"entry-title-link\" href=\"https:\/\/neuronup.com\/br\/neurociencia\/neuropsicologia\/testes-neuropsicologicos\/teste-de-raven-o-que-e-e-como-interpretar-o-teste-das-matrizes-progressivas-de-raven\/\" rel=\"bookmark\">Teste de Raven: O que \u00e9 e como interpretar o Teste das Matrizes Progressivas de Raven<\/a><\/h3>\n<\/div><\/article><article class=\"entry entry-grid is-column has-entry-link has-image has-image-first type-post category-de-cognicao-social tag-cognicao-social\" style=\"--entry-index:6;\" aria-label=\"Atividades para trabalhar a Teoria da Mente com crian\u00e7as\" itemscope itemtype=\"https:\/\/schema.org\/CreativeWork\"><a class=\"entry-image-link\" href=\"https:\/\/neuronup.com\/br\/atividades-de-neurorreabilitacao\/para-funcoes-cognitivas\/de-cognicao-social\/atividades-para-trabalhar-a-teoria-da-mente-com-criancas\/\" tabindex=\"-1\" aria-hidden=\"true\"><img decoding=\"async\" width=\"400\" height=\"300\" src=\"https:\/\/neuronup.com\/br\/wp-content\/uploads\/2024\/12\/Actividades-para-trabalhar-a-Teoria-da-Mente-com-criancas-400x300.webp\" class=\"entry-image size-landscape-sm\" alt=\"Sequ\u00eancia de quadrinhos em quatro pain\u00e9is: menina feliz observa, garoto oferece sorvete, festa de Halloween e menina sonhando.\" srcset=\"https:\/\/neuronup.com\/br\/wp-content\/uploads\/2024\/12\/Actividades-para-trabalhar-a-Teoria-da-Mente-com-criancas-400x300.webp 400w, https:\/\/neuronup.com\/br\/wp-content\/uploads\/2024\/12\/Actividades-para-trabalhar-a-Teoria-da-Mente-com-criancas-800x600.webp 800w\" sizes=\"(max-width:599px) 599px, (min-width:600px) and (max-width: 799px) 799px, (min-width:800px) and (max-width: 999px) 333px, (min-width:1000px) 400px\" \/><\/a><div class=\"entry-wrap entry-wrap-grid\"><h3 class=\"entry-title\" itemprop=\"headline\"><a class=\"entry-title-link\" href=\"https:\/\/neuronup.com\/br\/atividades-de-neurorreabilitacao\/para-funcoes-cognitivas\/de-cognicao-social\/atividades-para-trabalhar-a-teoria-da-mente-com-criancas\/\" rel=\"bookmark\">Atividades para trabalhar a Teoria da Mente com crian\u00e7as<\/a><\/h3>\n<\/div><\/article><\/div><\/div>","protected":false},"excerpt":{"rendered":"<p>Este artigo aprofunda na defini\u00e7\u00e3o de aten\u00e7\u00e3o, nos problemas de aten\u00e7\u00e3o existentes e nas atividades para trabalhar a aten\u00e7\u00e3o. Defini\u00e7\u00e3o de aten\u00e7\u00e3o: O que \u00e9 a aten\u00e7\u00e3o? A aten\u00e7\u00e3o \u00e9 o processo pelo qual podemos direcionar nossos recursos mentais a certos aspectos do ambiente, os mais relevantes, ou \u00e0 execu\u00e7\u00e3o de determinadas a\u00e7\u00f5es que consideremos &hellip;<\/p>\n","protected":false},"author":7,"featured_media":40889,"comment_status":"open","ping_status":"open","sticky":false,"template":"","format":"standard","meta":{"_acf_changed":false,"_genesis_hide_title":false,"_genesis_hide_breadcrumbs":false,"_genesis_hide_singular_image":false,"_genesis_hide_footer_widgets":false,"_genesis_custom_body_class":"","_genesis_custom_post_class":"","_genesis_layout":"","footnotes":""},"categories":[556],"tags":[555,545,601],"class_list":{"2":"type-post","7":"category-de-atencao","8":"tag-atencao","9":"tag-atividades-de-estimulacao-cognitiva","10":"tag-tdah","11":"entry"},"acf":[],"_links":{"self":[{"href":"https:\/\/neuronup.com\/br\/wp-json\/wp\/v2\/posts\/28195","targetHints":{"allow":["GET"]}}],"collection":[{"href":"https:\/\/neuronup.com\/br\/wp-json\/wp\/v2\/posts"}],"about":[{"href":"https:\/\/neuronup.com\/br\/wp-json\/wp\/v2\/types\/post"}],"author":[{"embeddable":true,"href":"https:\/\/neuronup.com\/br\/wp-json\/wp\/v2\/users\/7"}],"replies":[{"embeddable":true,"href":"https:\/\/neuronup.com\/br\/wp-json\/wp\/v2\/comments?post=28195"}],"version-history":[{"count":0,"href":"https:\/\/neuronup.com\/br\/wp-json\/wp\/v2\/posts\/28195\/revisions"}],"wp:featuredmedia":[{"embeddable":true,"href":"https:\/\/neuronup.com\/br\/wp-json\/wp\/v2\/media\/40889"}],"wp:attachment":[{"href":"https:\/\/neuronup.com\/br\/wp-json\/wp\/v2\/media?parent=28195"}],"wp:term":[{"taxonomy":"category","embeddable":true,"href":"https:\/\/neuronup.com\/br\/wp-json\/wp\/v2\/categories?post=28195"},{"taxonomy":"post_tag","embeddable":true,"href":"https:\/\/neuronup.com\/br\/wp-json\/wp\/v2\/tags?post=28195"}],"curies":[{"name":"wp","href":"https:\/\/api.w.org\/{rel}","templated":true}]}}