{"id":27042,"date":"2025-12-14T11:26:14","date_gmt":"2025-12-14T11:26:14","guid":{"rendered":"https:\/\/neuronup.com\/?p=27042"},"modified":"2026-01-26T18:20:41","modified_gmt":"2026-01-26T16:20:41","slug":"ficha-para-trabalhar-a-atencao-seletiva-com-criancas-objetos-exatos","status":"publish","type":"post","link":"https:\/\/neuronup.com\/br\/atividades-de-neurorreabilitacao\/para-funcoes-cognitivas\/de-atencao\/ficha-para-trabalhar-a-atencao-seletiva-com-criancas-objetos-exatos\/","title":{"rendered":"Ficha para trabalhar a aten\u00e7\u00e3o seletiva com crian\u00e7as: Objetos exatos"},"content":{"rendered":"\n<p class=\"has-xl-font-size\">Hoje apresentamos a voc\u00eas uma nova <strong>ficha para trabalhar a aten\u00e7\u00e3o seletiva<strong> com crian\u00e7as <\/strong><\/strong>chamada<strong> <\/strong><em>Objetos exatos<\/em>.<\/p>\n\n\n\n<h2 class=\"wp-block-heading\">Em que consiste esta atividade para trabalhar a aten\u00e7\u00e3o seletiva em crian\u00e7as? <\/h2>\n\n\n\n<p>Esta atividade consiste em<strong> localizar um est\u00edmulo um n\u00famero de vezes que aparece em meio a um grupo de elementos.<\/strong><\/p>\n\n\n\n<p>A seguir, mostramos um exemplo da atividade <em><em>Objetos exatos<\/em><\/em> para trabalhar a aten\u00e7\u00e3o seletiva em crian\u00e7as: <\/p>\n\n\n\n<div style=\"height:50px\" aria-hidden=\"true\" class=\"wp-block-spacer\"><\/div>\n\n\n\n<figure class=\"wp-block-image size-large\"><img decoding=\"async\" width=\"1024\" height=\"576\" src=\"https:\/\/neuronup.com\/br\/wp-content\/uploads\/2023\/10\/Captura-de-pantalla-150-1024x576.webp\" alt=\"Grade de 30 frascos de laborat\u00f3rio com l\u00edquido rosa em matriz; n\u00famero 10 acima; bot\u00e3o &#039;Conseguir&#039; e controle de reprodu\u00e7\u00e3o abaixo.\" class=\"wp-image-27068\" srcset=\"https:\/\/neuronup.com\/br\/wp-content\/uploads\/2023\/10\/Captura-de-pantalla-150-300x169.webp 300w, https:\/\/neuronup.com\/br\/wp-content\/uploads\/2023\/10\/Captura-de-pantalla-150-768x432.webp 768w, https:\/\/neuronup.com\/br\/wp-content\/uploads\/2023\/10\/Captura-de-pantalla-150-1024x576.webp 1024w, https:\/\/neuronup.com\/br\/wp-content\/uploads\/2023\/10\/Captura-de-pantalla-150.webp 1366w\" sizes=\"(max-width: 1024px) 100vw, 1024px\" \/><figcaption class=\"wp-element-caption\">Ficha para trabalhar a aten\u00e7\u00e3o seletiva com crian\u00e7as: Objetos exatos<\/figcaption><\/figure>\n\n\n\n<div style=\"height:50px\" aria-hidden=\"true\" class=\"wp-block-spacer\"><\/div>\n\n\n\n<h2 class=\"wp-block-heading\">O que esta atividade trabalha?<\/h2>\n\n\n\n<p>Nesta ficha trabalha-se a <strong>aten\u00e7\u00e3o seletiva<\/strong> e a <strong>mem\u00f3ria de trabalho<\/strong>.<\/p>\n\n\n\n<p>Esta atividade baseia-se em trabalhar a aten\u00e7\u00e3o seletiva por meio de uma<strong> tarefa de cancelamento com contagem.<\/strong><\/p>\n\n\n\n<p>Os elementos v\u00e3o se assemelhar cada vez mais entre si conforme o n\u00edvel de dificuldade aumenta. Dessa forma, o usu\u00e1rio tem que<strong> discriminar uns est\u00edmulos dos outros enquanto faz a contagem<\/strong> de quantos j\u00e1 marcou. Este \u00faltimo aspecto faz com que tamb\u00e9m se acione a mem\u00f3ria de trabalho, pois, caso contr\u00e1rio, perder\u00e1 a contagem de quantos elementos marcados ele tem.<\/p>\n\n\n\n<div style=\"height:50px\" aria-hidden=\"true\" class=\"wp-block-spacer\"><\/div>\n\n\n\n<div class=\"wp-block-group\"><div class=\"wp-block-group__inner-container is-layout-constrained wp-block-group-is-layout-constrained\">\n<div class=\"wp-block-columns is-layout-flex wp-container-core-columns-is-layout-9d6595d7 wp-block-columns-is-layout-flex\">\n<div class=\"wp-block-column br-0111 p-5 particle-bg anims-fadein-up has-primary-background-color has-background is-layout-flow wp-block-column-is-layout-flow\">\n<h2 class=\"wp-block-heading has-white-color has-text-color\">Saiba mais sobre <br><strong>NeuronUP<\/strong><\/h2>\n\n\n\n<div class=\"wp-block-buttons is-layout-flex wp-block-buttons-is-layout-flex\">\n<div class=\"wp-block-button--1\" style=\"--button-outline-color:var(--color-white);--button-outline-color-hover:rgba(0,0,0,0.8);\"><a class=\"wp-block-button__link button button-outline   wp-element-button\" href=\"https:\/\/neuronup.com\/br\/solicitacao-informacao\/\">Solicitar Informa\u00e7\u00f5es<\/a><\/div>\n\n<\/div>\n<\/div>\n\n\n\n<div class=\"wp-block-column br-0111 p-5 particle-bg anims-fadein-up has-primary-background-color has-background is-layout-flow wp-block-column-is-layout-flow\">\n<h2 class=\"wp-block-heading has-white-color has-text-color\">Experimente Gratuitamente<\/h2>\n\n\n\n<p class=\"has-white-color has-text-color\">A plataforma que mais de <strong>4.500 profissionais<\/strong> utilizam todos os dias<\/p>\n\n\n\n<div class=\"wp-block-buttons is-layout-flex wp-block-buttons-is-layout-flex\">\n<div class=\"wp-block-button orange-button\" style=\"--button-background:var(--color-custom-1);--button-background-hover:#cc7e00;\"><a class=\"wp-block-button__link button   wp-element-button\" href=\"https:\/\/neuronup.com\/br\/landing-store-user\/\">Solicitar Teste<img decoding=\"async\" class=\"wp-image-18719\" style=\"width: 8px;\" src=\"\/wp-content\/uploads\/2022\/v3\/icon_rightArrow-white.svg\"><\/a><\/div>\n\n<\/div>\n<\/div>\n<\/div>\n<\/div><\/div>\n\n\n\n<div style=\"height:50px\" aria-hidden=\"true\" class=\"wp-block-spacer\"><\/div>\n\n\n\n<h2 class=\"wp-block-heading\">Jogue por n\u00edveis<\/h2>\n\n\n\n<p>Esta atividade est\u00e1 organizada em <strong>cinco <\/strong>n\u00edveis de dificuldade: b\u00e1sico, f\u00e1cil, m\u00e9dio, dif\u00edcil e avan\u00e7ado. Conforme o n\u00edvel aumenta, a dificuldade tamb\u00e9m aumenta.<\/p>\n\n\n\n<h2 class=\"wp-block-heading\">Formato<\/h2>\n\n\n\n<p>Esta ficha est\u00e1 dispon\u00edvel tanto em formato <strong>digital<\/strong> quanto em <strong>papel.<\/strong><\/p>\n\n\n\n<h2 class=\"wp-block-heading\">Solu\u00e7\u00f5es<\/h2>\n\n\n\n<p>Foram inclu\u00eddas as solu\u00e7\u00f5es das fichas <strong>nos n\u00edveis dif\u00edcil e avan\u00e7ado<\/strong>.<\/p>\n\n\n\n<h2 class=\"wp-block-heading\">Idiomas<\/h2>\n\n\n\n<p>Esta atividade voc\u00ea poder\u00e1 trabalhar em formato digital em <strong>espanhol, ingl\u00eas, franc\u00eas, portugu\u00eas e catal\u00e3o <\/strong>e em papel em <strong>espanhol e ingl\u00eas.<\/strong><\/p>\n\n\n\n<p>Se voc\u00ea n\u00e3o sabe como mudar o idioma das atividades na NeuronUP, pode consultar <a rel=\"noreferrer noopener\" href=\"https:\/\/neuronup.com\/noticias-de-neuronup\/trabaja-la-estimulacion-cognitiva-en-diferentes-idiomas\/\" target=\"_blank\">este artigo<\/a>.<\/p>\n\n\n\n<h3 class=\"wp-block-heading\">Se voc\u00ea gostou desta ficha para trabalhar a aten\u00e7\u00e3o seletiva em adultos, talvez tamb\u00e9m se interesse por estes artigos:<\/h3>\n\n<div class=\"mai-grid entries entries-grid has-boxed has-image-full\" style=\"--entry-title-font-size:var(--font-size-lg);--align-text:start;--entry-meta-text-align:start;\"><div class=\"entries-wrap has-columns\" style=\"--columns-xs:1\/1;--columns-sm:1\/1;--columns-md:1\/3;--columns-lg:1\/3;--flex-xs:0 0 var(--flex-basis);--flex-sm:0 0 var(--flex-basis);--flex-md:0 0 var(--flex-basis);--flex-lg:0 0 var(--flex-basis);--column-gap:var(--spacing-lg);--row-gap:var(--spacing-lg);--align-columns:start;\"><article class=\"entry entry-grid is-column has-entry-link has-image has-image-first type-post category-eventos\" style=\"--entry-index:1;\" aria-label=\"Livro sobre les\u00e3o cerebral\" itemscope itemtype=\"https:\/\/schema.org\/CreativeWork\"><a class=\"entry-image-link\" href=\"https:\/\/neuronup.com\/br\/eventos\/livro-sobre-dano-cerebral\/\" tabindex=\"-1\" aria-hidden=\"true\"><img decoding=\"async\" width=\"228\" height=\"300\" src=\"https:\/\/neuronup.com\/br\/wp-content\/uploads\/2021\/11\/libro-de-dano-cerebral-228x300-1.webp\" class=\"entry-image size-landscape-sm\" alt=\"Capa do livro Dano Cerebral com design colorido que evoca neur\u00f4nios; Juan Carlos Arango Lasprilla e Laiene Olarbriet Landa.\" \/><\/a><div class=\"entry-wrap entry-wrap-grid\"><h3 class=\"entry-title\" itemprop=\"headline\"><a class=\"entry-title-link\" href=\"https:\/\/neuronup.com\/br\/eventos\/livro-sobre-dano-cerebral\/\" rel=\"bookmark\">Livro sobre les\u00e3o cerebral<\/a><\/h3>\n<\/div><\/article><article class=\"entry entry-grid is-column has-entry-link has-image has-image-first type-post category-alzheimer tag-alzheimer tag-doencas-neurodegenerativas tag-idosos\" style=\"--entry-index:2;\" aria-label=\"Os restos de um naufr\u00e1gio: mem\u00f3ria afetiva e Alzheimer\" itemscope itemtype=\"https:\/\/schema.org\/CreativeWork\"><a class=\"entry-image-link\" href=\"https:\/\/neuronup.com\/br\/noticias-de-estimulacao-cognitiva\/doencas-neurodegenerativas\/alzheimer\/os-restos-de-um-naufragio-memoria-afetiva-e-alzheimer\/\" tabindex=\"-1\" aria-hidden=\"true\"><img decoding=\"async\" width=\"400\" height=\"266\" src=\"https:\/\/neuronup.com\/br\/wp-content\/uploads\/2021\/11\/Capture-decran-2021-11-11-a-11.47.34-1.webp\" class=\"entry-image size-landscape-sm\" alt=\"Caixa de madeira com fotografias antigas de v\u00e1rios tamanhos, algumas em preto e branco, em ambiente nost\u00e1lgico.\" srcset=\"https:\/\/neuronup.com\/br\/wp-content\/uploads\/2021\/11\/Capture-decran-2021-11-11-a-11.47.34-1-300x199.webp 300w, https:\/\/neuronup.com\/br\/wp-content\/uploads\/2021\/11\/Capture-decran-2021-11-11-a-11.47.34-1-768x510.webp 768w, https:\/\/neuronup.com\/br\/wp-content\/uploads\/2021\/11\/Capture-decran-2021-11-11-a-11.47.34-1-1024x680.webp 1024w, https:\/\/neuronup.com\/br\/wp-content\/uploads\/2021\/11\/Capture-decran-2021-11-11-a-11.47.34-1.webp 1530w\" sizes=\"(max-width:599px) 599px, (min-width:600px) and (max-width: 799px) 799px, (min-width:800px) and (max-width: 999px) 333px, (min-width:1000px) 400px\" \/><\/a><div class=\"entry-wrap entry-wrap-grid\"><h3 class=\"entry-title\" itemprop=\"headline\"><a class=\"entry-title-link\" href=\"https:\/\/neuronup.com\/br\/noticias-de-estimulacao-cognitiva\/doencas-neurodegenerativas\/alzheimer\/os-restos-de-um-naufragio-memoria-afetiva-e-alzheimer\/\" rel=\"bookmark\">Os restos de um naufr\u00e1gio: mem\u00f3ria afetiva e Alzheimer<\/a><\/h3>\n<\/div><\/article><article class=\"entry entry-grid is-column has-entry-link has-image has-image-first type-post category-de-memoria tag-atencao tag-atividades-de-estimulacao-cognitiva tag-memoria tag-noticias-da-neuronup\" style=\"--entry-index:3;\" aria-label=\"Atividade para ordenar palavras em ordem alfab\u00e9tica\" itemscope itemtype=\"https:\/\/schema.org\/CreativeWork\"><a class=\"entry-image-link\" href=\"https:\/\/neuronup.com\/br\/atividades-de-neurorreabilitacao\/para-funcoes-cognitivas\/de-memoria\/atividade-para-ordenar-alfabeticamente-palavras\/\" tabindex=\"-1\" aria-hidden=\"true\"><img decoding=\"async\" width=\"400\" height=\"225\" src=\"https:\/\/neuronup.com\/br\/wp-content\/uploads\/2023\/02\/Actividad-orden-alfabetico-1.webp\" class=\"entry-image size-landscape-sm\" alt=\"Interface de atividade interativa com lista de palavras em espanhol para ordenar alfabeticamente; bibliograf\u00eda em verde, bot\u00e3o resolver e indicador de progresso.\" srcset=\"https:\/\/neuronup.com\/br\/wp-content\/uploads\/2023\/02\/Actividad-orden-alfabetico-1-300x169.webp 300w, https:\/\/neuronup.com\/br\/wp-content\/uploads\/2023\/02\/Actividad-orden-alfabetico-1-768x432.webp 768w, https:\/\/neuronup.com\/br\/wp-content\/uploads\/2023\/02\/Actividad-orden-alfabetico-1-1024x576.webp 1024w, https:\/\/neuronup.com\/br\/wp-content\/uploads\/2023\/02\/Actividad-orden-alfabetico-1.webp 1200w\" sizes=\"(max-width:599px) 599px, (min-width:600px) and (max-width: 799px) 799px, (min-width:800px) and (max-width: 999px) 333px, (min-width:1000px) 400px\" \/><\/a><div class=\"entry-wrap entry-wrap-grid\"><h3 class=\"entry-title\" itemprop=\"headline\"><a class=\"entry-title-link\" href=\"https:\/\/neuronup.com\/br\/atividades-de-neurorreabilitacao\/para-funcoes-cognitivas\/de-memoria\/atividade-para-ordenar-alfabeticamente-palavras\/\" rel=\"bookmark\">Atividade para ordenar palavras em ordem alfab\u00e9tica<\/a><\/h3>\n<\/div><\/article><article class=\"entry entry-grid is-column has-entry-link has-image has-image-first type-post category-alzheimer tag-alzheimer tag-doencas-neurodegenerativas tag-idosos\" style=\"--entry-index:4;\" aria-label=\"CEAFA reivindica o valor do cuidador de pessoas com Alzheimer\" itemscope itemtype=\"https:\/\/schema.org\/CreativeWork\"><a class=\"entry-image-link\" href=\"https:\/\/neuronup.com\/br\/noticias-de-estimulacao-cognitiva\/doencas-neurodegenerativas\/alzheimer\/cuidador-de-pessoas-com-alzheimer\/\" tabindex=\"-1\" aria-hidden=\"true\"><img decoding=\"async\" width=\"211\" height=\"300\" src=\"https:\/\/neuronup.com\/br\/wp-content\/uploads\/2021\/10\/cuidador-de-las-personas-con-Alzheimer-1.webp\" class=\"entry-image size-landscape-sm\" alt=\"Ilustra\u00e7\u00e3o com post-it amarelo com cora\u00e7\u00e3o e a letra C, 21 SEPTIEMBRE e D\u00eda Mundial del Alzheimer, campanha de cuidador.\" srcset=\"https:\/\/neuronup.com\/br\/wp-content\/uploads\/2021\/10\/cuidador-de-las-personas-con-Alzheimer-1-211x300.webp 211w, https:\/\/neuronup.com\/br\/wp-content\/uploads\/2021\/10\/cuidador-de-las-personas-con-Alzheimer-1-720x1024.webp 720w, https:\/\/neuronup.com\/br\/wp-content\/uploads\/2021\/10\/cuidador-de-las-personas-con-Alzheimer-1.webp 768w\" sizes=\"(max-width:599px) 599px, (min-width:600px) and (max-width: 799px) 799px, (min-width:800px) and (max-width: 999px) 333px, (min-width:1000px) 400px\" \/><\/a><div class=\"entry-wrap entry-wrap-grid\"><h3 class=\"entry-title\" itemprop=\"headline\"><a class=\"entry-title-link\" href=\"https:\/\/neuronup.com\/br\/noticias-de-estimulacao-cognitiva\/doencas-neurodegenerativas\/alzheimer\/cuidador-de-pessoas-com-alzheimer\/\" rel=\"bookmark\">CEAFA reivindica o valor do cuidador de pessoas com Alzheimer<\/a><\/h3>\n<\/div><\/article><article class=\"entry entry-grid is-column has-entry-link has-image has-image-first type-post\" style=\"--entry-index:5;\" aria-label=\"N\u00e9voa mental p\u00f3s-COVID-19: Avalia\u00e7\u00e3o cl\u00ednica do d\u00e9ficit de aten\u00e7\u00e3o\" itemscope itemtype=\"https:\/\/schema.org\/CreativeWork\"><a class=\"entry-image-link\" href=\"https:\/\/neuronup.com\/br\/uncategorized\/nevoa-mental-pos-covid-19-avaliacao-clinica-da-deterioracao-da-atencao\/\" tabindex=\"-1\" aria-hidden=\"true\"><img decoding=\"async\" width=\"400\" height=\"267\" src=\"https:\/\/neuronup.com\/br\/wp-content\/uploads\/2025\/05\/Niebla-mental-post-COVID-19-Evaluacion-clinica-del-deterioro-atencional-scaled-1.webp\" class=\"entry-image size-landscape-sm\" alt=\"Mulher sentada em sof\u00e1 com m\u00e1scara facial, olhando pela janela; ilumina\u00e7\u00e3o natural suave e express\u00e3o pensativa.\" srcset=\"https:\/\/neuronup.com\/br\/wp-content\/uploads\/2025\/05\/Niebla-mental-post-COVID-19-Evaluacion-clinica-del-deterioro-atencional-scaled-1-300x200.webp 300w, https:\/\/neuronup.com\/br\/wp-content\/uploads\/2025\/05\/Niebla-mental-post-COVID-19-Evaluacion-clinica-del-deterioro-atencional-scaled-1-768x512.webp 768w, https:\/\/neuronup.com\/br\/wp-content\/uploads\/2025\/05\/Niebla-mental-post-COVID-19-Evaluacion-clinica-del-deterioro-atencional-scaled-1-1024x683.webp 1024w, https:\/\/neuronup.com\/br\/wp-content\/uploads\/2025\/05\/Niebla-mental-post-COVID-19-Evaluacion-clinica-del-deterioro-atencional-scaled-1-1536x1024.webp 1536w, https:\/\/neuronup.com\/br\/wp-content\/uploads\/2025\/05\/Niebla-mental-post-COVID-19-Evaluacion-clinica-del-deterioro-atencional-scaled-1-2048x1366.webp 2048w, https:\/\/neuronup.com\/br\/wp-content\/uploads\/2025\/05\/Niebla-mental-post-COVID-19-Evaluacion-clinica-del-deterioro-atencional-scaled-1.webp 2560w\" sizes=\"(max-width:599px) 599px, (min-width:600px) and (max-width: 799px) 799px, (min-width:800px) and (max-width: 999px) 333px, (min-width:1000px) 400px\" \/><\/a><div class=\"entry-wrap entry-wrap-grid\"><h3 class=\"entry-title\" itemprop=\"headline\"><a class=\"entry-title-link\" href=\"https:\/\/neuronup.com\/br\/uncategorized\/nevoa-mental-pos-covid-19-avaliacao-clinica-da-deterioracao-da-atencao\/\" rel=\"bookmark\">N\u00e9voa mental p\u00f3s-COVID-19: Avalia\u00e7\u00e3o cl\u00ednica do d\u00e9ficit de aten\u00e7\u00e3o<\/a><\/h3>\n<\/div><\/article><article class=\"entry entry-grid is-column has-entry-link has-image has-image-first type-post category-tea-transtorno-do-espectro-do-autismo tag-autismo tag-criancas tag-transtorno-do-espectro-autista\" style=\"--entry-index:6;\" aria-label=\"O autismo e a realidade das pessoas com transtorno do espectro autista\" itemscope itemtype=\"https:\/\/schema.org\/CreativeWork\"><a class=\"entry-image-link\" href=\"https:\/\/neuronup.com\/br\/noticias-de-estimulacao-cognitiva\/transtornos-do-desenvolvimento\/tea-transtorno-do-espectro-do-autismo\/cha\/\" tabindex=\"-1\" aria-hidden=\"true\"><img decoding=\"async\" width=\"400\" height=\"300\" src=\"https:\/\/neuronup.com\/br\/wp-content\/uploads\/2024\/09\/dia-mundial-sobre-el-autismo.webp\" class=\"entry-image size-landscape-sm\" alt=\"V\u00e1rias m\u00e3os de diferentes idades erguidas diante de um fundo colorido com pe\u00e7as de quebra-cabe\u00e7a, simbolizando diversidade e inclus\u00e3o.\" srcset=\"https:\/\/neuronup.com\/br\/wp-content\/uploads\/2024\/09\/dia-mundial-sobre-el-autismo-300x225.webp 300w, https:\/\/neuronup.com\/br\/wp-content\/uploads\/2024\/09\/dia-mundial-sobre-el-autismo-768x576.webp 768w, https:\/\/neuronup.com\/br\/wp-content\/uploads\/2024\/09\/dia-mundial-sobre-el-autismo-1024x768.webp 1024w, https:\/\/neuronup.com\/br\/wp-content\/uploads\/2024\/09\/dia-mundial-sobre-el-autismo.webp 1200w\" sizes=\"(max-width:599px) 599px, (min-width:600px) and (max-width: 799px) 799px, (min-width:800px) and (max-width: 999px) 333px, (min-width:1000px) 400px\" \/><\/a><div class=\"entry-wrap entry-wrap-grid\"><h3 class=\"entry-title\" itemprop=\"headline\"><a class=\"entry-title-link\" href=\"https:\/\/neuronup.com\/br\/noticias-de-estimulacao-cognitiva\/transtornos-do-desenvolvimento\/tea-transtorno-do-espectro-do-autismo\/cha\/\" rel=\"bookmark\">O autismo e a realidade das pessoas com transtorno do espectro autista<\/a><\/h3>\n<\/div><\/article><\/div><\/div>","protected":false},"excerpt":{"rendered":"<p>Hoje apresentamos a voc\u00eas uma nova ficha para trabalhar a aten\u00e7\u00e3o seletiva com crian\u00e7as chamada Objetos exatos. Em que consiste esta atividade para trabalhar a aten\u00e7\u00e3o seletiva em crian\u00e7as? Esta atividade consiste em localizar um est\u00edmulo um n\u00famero de vezes que aparece em meio a um grupo de elementos. A seguir, mostramos um exemplo da &hellip;<\/p>\n","protected":false},"author":7,"featured_media":27069,"comment_status":"open","ping_status":"open","sticky":false,"template":"","format":"standard","meta":{"_acf_changed":false,"_genesis_hide_title":false,"_genesis_hide_breadcrumbs":false,"_genesis_hide_singular_image":false,"_genesis_hide_footer_widgets":false,"_genesis_custom_body_class":"","_genesis_custom_post_class":"","_genesis_layout":"","footnotes":""},"categories":[556],"tags":[555,594,569,622],"class_list":{"2":"type-post","7":"category-de-atencao","8":"tag-atencao","9":"tag-atividades-de-estimulacao-cognitiva-para-criancas","10":"tag-criancas","11":"tag-noticias-da-neuronup","12":"entry"},"acf":[],"_links":{"self":[{"href":"https:\/\/neuronup.com\/br\/wp-json\/wp\/v2\/posts\/27042","targetHints":{"allow":["GET"]}}],"collection":[{"href":"https:\/\/neuronup.com\/br\/wp-json\/wp\/v2\/posts"}],"about":[{"href":"https:\/\/neuronup.com\/br\/wp-json\/wp\/v2\/types\/post"}],"author":[{"embeddable":true,"href":"https:\/\/neuronup.com\/br\/wp-json\/wp\/v2\/users\/7"}],"replies":[{"embeddable":true,"href":"https:\/\/neuronup.com\/br\/wp-json\/wp\/v2\/comments?post=27042"}],"version-history":[{"count":0,"href":"https:\/\/neuronup.com\/br\/wp-json\/wp\/v2\/posts\/27042\/revisions"}],"wp:featuredmedia":[{"embeddable":true,"href":"https:\/\/neuronup.com\/br\/wp-json\/wp\/v2\/media\/27069"}],"wp:attachment":[{"href":"https:\/\/neuronup.com\/br\/wp-json\/wp\/v2\/media?parent=27042"}],"wp:term":[{"taxonomy":"category","embeddable":true,"href":"https:\/\/neuronup.com\/br\/wp-json\/wp\/v2\/categories?post=27042"},{"taxonomy":"post_tag","embeddable":true,"href":"https:\/\/neuronup.com\/br\/wp-json\/wp\/v2\/tags?post=27042"}],"curies":[{"name":"wp","href":"https:\/\/api.w.org\/{rel}","templated":true}]}}