{"id":23372,"date":"2023-07-03T12:35:56","date_gmt":"2023-07-03T10:35:56","guid":{"rendered":"https:\/\/neuronup.com\/?p=23372"},"modified":"2023-07-03T12:35:56","modified_gmt":"2023-07-03T10:35:56","slug":"estresse-perspectiva-fisiologica","status":"publish","type":"post","link":"https:\/\/neuronup.com\/br\/neurociencia\/neuropsicologia\/estresse-perspectiva-fisiologica\/","title":{"rendered":"Estresse, perspectiva fisiol\u00f3gica"},"content":{"rendered":"\n<p class=\"has-xl-font-size wp-block-paragraph\">O especialista Pablo Arrondo fala neste artigo<strong> o estresse desde uma perspectiva fisiol\u00f3gic<\/strong>a. Em concreto, explica o sistema de defesa para enfrentar est\u00edmulos aversivos, no qual ocorrem respostas fisiol\u00f3gicas que produzem mudan\u00e7as nos mecanismos neuronais.<\/p>\n\n\n\n<h2 class=\"wp-block-heading\">Hipot\u00e1lamo, depress\u00e3o, receptores de glucocorticoides, cortisol, corticosterona, adrenais<\/h2>\n\n\n\n<p class=\"wp-block-paragraph\">Ao longo da evolu\u00e7\u00e3o, os animais desenvolveram um sistema de defesa para fazer frente a est\u00edmulos aversivos, no qual ocorrem uma s\u00e9rie de respostas fisiol\u00f3gicas que produzem mudan\u00e7as nos mecanismos neuronais e end\u00f3crinos que permitem ao organismo manter-se em homeostase (McEwen, 2008).<\/p>\n\n\n\n<h3 class=\"wp-block-heading\">Ocorrem principalmente dois mecanismos fisiol\u00f3gicos:<\/h3>\n\n\n\n<ul class=\"wp-block-list\">\n<li>Por um lado, o<strong> eixo simp\u00e1tico adrenomedular<\/strong> (SAM) responde muito rapidamente aos estressores, j\u00e1 que envolve o sistema nervoso simp\u00e1tico e a medula adrenal. Um exemplo de sua capacidade de resposta \u00e9 que a frequ\u00eancia card\u00edaca possa duplicar ap\u00f3s o est\u00edmulo preparando o organismo para uma situa\u00e7\u00e3o amea\u00e7adora. Nessa resposta ao estressor, ativam-se os neur\u00f4nios do n\u00facleo paraventricular do hipot\u00e1lamo, do trato solit\u00e1rio e do locus coerleus do tronco encef\u00e1lico. Os neur\u00f4nios dessas estruturas liberam adrenalina e&nbsp;noradrenalina (catecolaminas) que alcan\u00e7am as c\u00e9lulas dos \u00f3rg\u00e3os ativados pelo sistema simp\u00e1tico, de modo que se intensificam as fun\u00e7\u00f5es adaptativas de luta ou fuga por exemplo (Guyton &amp; Hall, 2005).<\/li>\n\n\n\n<li>Por outro lado, o<strong> eixo Hipot\u00e1lamo-Pituit\u00e1ria-Adrenal<\/strong> (HPA), no qual os neur\u00f4nios do n\u00facleo paraventricular do hipot\u00e1lamo t\u00eam ax\u00f4nios que projetam para a emin\u00eancia m\u00e9dia, onde se secreta o horm\u00f4nio liberador de corticotropina (CHR). Este, por sua vez, estimula a secre\u00e7\u00e3o pela adenohip\u00f3fise (pituit\u00e1ria) do horm\u00f4nio adrenocorticotr\u00f3fico (ACTH). A ACTH tem como alvo o c\u00f3rtex das gl\u00e2ndulas adrenais (fasciculada e reticular), situadas perto dos rins que secretam glucocorticoides nos animais (Mor\u00e9n, 2007) e cortisol em humanos (G\u00f3mez &amp; Escobar, 2006). Esse horm\u00f4nio \u00e9 o que dotar\u00e1 os \u00f3rg\u00e3os do corpo de maior energia mantendo de maneira adequada os n\u00edveis de glicose.<\/li>\n<\/ul>\n\n\n\n<p class=\"wp-block-paragraph\">Mais tarde, o cortisol produzido no c\u00f3rtex adrenal <strong>retroalimenta negativamente o sistema inibindo o hipot\u00e1lamo e a hip\u00f3fise<\/strong> ao se unir aos glucoreceptores presentes no c\u00e9rebro (McEwen, Weiss, &amp; Schwartz, 1968). <\/p>\n\n\n\n<p class=\"wp-block-paragraph\">Os glucocorticoides (cortisol ou corticosterona) tamb\u00e9m se ligam aos receptores de mineralocorticoides (MR) que est\u00e3o mais presentes nas estruturas l\u00edmbicas do c\u00e9rebro do que os GR. Estes \u00faltimos est\u00e3o mais presentes em outras zonas do sistema nervoso central (Chao, Choo &amp; McEwen, 1989; Van Eekelen, Jiang, De Kloet., &amp; Bohn, 1988). <\/p>\n\n\n\n<p class=\"wp-block-paragraph\">Os MR t\u00eam muita <strong>maior capacidade de liga\u00e7\u00e3o<\/strong> com a corticosterona ou cortisol, aproximadamente 10 vezes superior \u00e0 que t\u00eam os GR (Reul &amp; De Kloet, 1987). Por isso em estado normal, os primeiros j\u00e1 est\u00e3o ativados, e quando \u00e9 liberada uma grande quantidade de cortisol, este j\u00e1 ativa os GR que se encarregam de inibir a s\u00edntese de CHR e ACTH. <\/p>\n\n\n\n<p class=\"wp-block-paragraph\">O <strong>sistema volta ao estado basal,<\/strong> preparado para outra situa\u00e7\u00e3o de estresse. Quando os est\u00edmulos estressantes se prolongam no tempo o sistema de feedback negativo deixa de funcionar de maneira adequada e pode desencadear um dist\u00farbio f\u00edsico ou psicol\u00f3gico (Jimenez, Gutierrez, Dominguez &amp; Contreras, &nbsp;2008).<\/p>\n\n\n\n<h3 class=\"wp-block-heading\">O estresse e a depress\u00e3o maior<\/h3>\n\n\n\n<p class=\"wp-block-paragraph\">O <strong>estresse e a depress\u00e3o maior<\/strong> compartilham muitas caracter\u00edsticas, j\u00e1 que as estruturas e vias cerebrais que participam em cada processo s\u00e3o similares (Gold e Chrousos, 1999). Al\u00e9m disso, observou-se que alguns pacientes deprimidos aumentam o tamanho das gl\u00e2ndulas adrenais (Montes, 2004), que est\u00e3o implicadas na produ\u00e7\u00e3o de glucocorticoides devido ao estresse, assim como em animais experimentais (Grippo, Francis, Beltz, &amp; Johnson &nbsp;2005; Rygula, Abumaria, Domenici, Hiemke &amp; Fuchs, 2005).<\/p>\n\n\n\n<p class=\"wp-block-paragraph\">\u00c9 importante saber quais fatores relacionados com o<strong> estresse<\/strong> s\u00e3o indicadores de vulnerabilidade ao <strong>desenvolvimento de doen\u00e7as<\/strong>. Por exemplo, os eventos estressantes na inf\u00e2ncia podem sim gerar doen\u00e7a na fase adulta (McCrory, De Brito &amp; Viding, 2012; Bremme &amp; Vermetten, 2001; Heim &amp; Binder, 2012). <\/p>\n\n\n\n<p class=\"wp-block-paragraph\">Al\u00e9m disso, a forma como cada situa\u00e7\u00e3o \u00e9 enfrentada pode ser um fator determinante no desenvolvimento de futuras doen\u00e7as. Assim, por exemplo, uma estrat\u00e9gia passiva \u00e9 um fator de risco para depress\u00e3o maior e uma estrat\u00e9gia ativa o \u00e9 para doen\u00e7as cardiovasculares (Koolhaas, 2008).<\/p>\n\n\n\n<h3 class=\"wp-block-heading\">Se voc\u00ea gostou deste post sobre estresse sob a perspectiva fisiol\u00f3gica, talvez lhe interessem estes posts da NeuronUP:<\/h3>\n\n<div class=\"mai-grid entries entries-grid has-boxed has-image-full\" style=\"--entry-title-font-size:var(--font-size-lg);--align-text:start;--entry-meta-text-align:start;\"><div class=\"entries-wrap has-columns\" style=\"--columns-xs:1 \/ 1;--columns-sm:1 \/ 1;--columns-md:1 \/ 3;--columns-lg:1 \/ 3;--flex-xs:0 0 var(--flex-basis);--flex-sm:0 0 var(--flex-basis);--flex-md:0 0 var(--flex-basis);--flex-lg:0 0 var(--flex-basis);--column-gap:var(--spacing-lg);--row-gap:var(--spacing-lg);--align-columns:start;\"><article class=\"entry entry-grid is-column has-entry-link has-image has-image-first type-post category-doencas-neurodegenerativas tag-demencia tag-enfermedades-neurodegenerativas tag-maiores\" style=\"--entry-index:1;\" aria-label=\"Decl\u00ednio cognitivo leve (DCL) ou dem\u00eancia: diferen\u00e7as cl\u00ednicas, diagn\u00f3stico e estimula\u00e7\u00e3o cognitiva\" itemscope itemtype=\"https:\/\/schema.org\/CreativeWork\"><a class=\"entry-image-link\" href=\"https:\/\/neuronup.com\/br\/noticias-de-estimulacao-cognitiva\/doencas-neurodegenerativas\/deterioro-cognitivo-leve-demencia-diferencas-clinicas-diagnostico-e-estimulacao-cognitiva\/\" tabindex=\"-1\" aria-hidden=\"true\"><img decoding=\"async\" width=\"400\" height=\"300\" src=\"https:\/\/neuronup.com\/br\/wp-content\/uploads\/2025\/05\/Deterioro-cognitivo-leve-o-demencia-diferencias-clinicas-diagnostico-y-estimulacion-cognitiva-400x300.webp\" class=\"entry-image size-landscape-sm\" alt=\"Ilustra\u00e7\u00e3o comparando deteriora\u00e7\u00e3o cognitiva leve e dem\u00eancia, com \u00eanfase em diferen\u00e7as cl\u00ednicas para a avalia\u00e7\u00e3o.\" srcset=\"https:\/\/neuronup.com\/br\/wp-content\/uploads\/2025\/05\/Deterioro-cognitivo-leve-o-demencia-diferencias-clinicas-diagnostico-y-estimulacion-cognitiva-400x300.webp 400w, https:\/\/neuronup.com\/br\/wp-content\/uploads\/2025\/05\/Deterioro-cognitivo-leve-o-demencia-diferencias-clinicas-diagnostico-y-estimulacion-cognitiva-800x600.webp 800w\" sizes=\"(max-width:599px) 599px, (min-width:600px) and (max-width: 799px) 799px, (min-width:800px) and (max-width: 999px) 333px, (min-width:1000px) 400px\" \/><\/a><div class=\"entry-wrap entry-wrap-grid\"><h3 class=\"entry-title\" itemprop=\"headline\"><a class=\"entry-title-link\" href=\"https:\/\/neuronup.com\/br\/noticias-de-estimulacao-cognitiva\/doencas-neurodegenerativas\/deterioro-cognitivo-leve-demencia-diferencas-clinicas-diagnostico-e-estimulacao-cognitiva\/\" rel=\"bookmark\">Decl\u00ednio cognitivo leve (DCL) ou dem\u00eancia: diferen\u00e7as cl\u00ednicas, diagn\u00f3stico e estimula\u00e7\u00e3o cognitiva<\/a><\/h3>\n<\/div><\/article><article class=\"entry entry-grid is-column has-entry-link has-image has-image-first type-post category-dano-cerebral tag-dano-cerebral-adquirido\" style=\"--entry-index:2;\" aria-label=\"Aprendizagem motora: o que \u00e9, fatores, metodologia e objetivo\" itemscope itemtype=\"https:\/\/schema.org\/CreativeWork\"><a class=\"entry-image-link\" href=\"https:\/\/neuronup.com\/br\/noticias-de-estimulacao-cognitiva\/dano-cerebral\/aprendizagem-motora-o-que-e-fatores-metodologia-e-objetivo\/\" tabindex=\"-1\" aria-hidden=\"true\"><img decoding=\"async\" width=\"400\" height=\"300\" src=\"https:\/\/neuronup.com\/br\/wp-content\/uploads\/2021\/10\/cross-section-of-human-brain-tissue-8ALYQ7M-655x427-1-400x300.webp\" class=\"entry-image size-landscape-sm\" alt=\"Estrutura transversal com ramifica\u00e7\u00f5es do tipo rede neural em tons de marrom e dourado, parecida com o tecido cerebral.\" \/><\/a><div class=\"entry-wrap entry-wrap-grid\"><h3 class=\"entry-title\" itemprop=\"headline\"><a class=\"entry-title-link\" href=\"https:\/\/neuronup.com\/br\/noticias-de-estimulacao-cognitiva\/dano-cerebral\/aprendizagem-motora-o-que-e-fatores-metodologia-e-objetivo\/\" rel=\"bookmark\">Aprendizagem motora: o que \u00e9, fatores, metodologia e objetivo<\/a><\/h3>\n<\/div><\/article><article class=\"entry entry-grid is-column has-entry-link has-image has-image-first type-post category-atividades-de-neurorreabilitacao tag-actividades-de-estimulacion-cognitiva tag-actividades-de-estimulacion-cognitiva-para-ninos tag-noticias-de-neuronup\" style=\"--entry-index:3;\" aria-label=\"Descubra as 10 atividades da NeuronUP mais utilizadas para trabalhar com crian\u00e7as\" itemscope itemtype=\"https:\/\/schema.org\/CreativeWork\"><a class=\"entry-image-link\" href=\"https:\/\/neuronup.com\/br\/atividades-de-neurorreabilitacao\/conheca-as-10-atividades-neuronup-mais-utilizadas-para-trabalhar-com-criancas\/\" tabindex=\"-1\" aria-hidden=\"true\"><img decoding=\"async\" width=\"400\" height=\"300\" src=\"https:\/\/neuronup.com\/br\/wp-content\/uploads\/2024\/09\/Juego-de-NeuronUP-para-trabajar-la-relacion-espacial-en-ninos-Parada-en-boxes-400x300.webp\" class=\"entry-image size-landscape-sm\" alt=\"Interface do NeuronUP para rela\u00e7\u00e3o espacial em crian\u00e7as: pista para localizar objetos, com um personagem e controles na parte inferior.\" srcset=\"https:\/\/neuronup.com\/br\/wp-content\/uploads\/2024\/09\/Juego-de-NeuronUP-para-trabajar-la-relacion-espacial-en-ninos-Parada-en-boxes-400x300.webp 400w, https:\/\/neuronup.com\/br\/wp-content\/uploads\/2024\/09\/Juego-de-NeuronUP-para-trabajar-la-relacion-espacial-en-ninos-Parada-en-boxes-800x600.webp 800w\" sizes=\"(max-width:599px) 599px, (min-width:600px) and (max-width: 799px) 799px, (min-width:800px) and (max-width: 999px) 333px, (min-width:1000px) 400px\" \/><\/a><div class=\"entry-wrap entry-wrap-grid\"><h3 class=\"entry-title\" itemprop=\"headline\"><a class=\"entry-title-link\" href=\"https:\/\/neuronup.com\/br\/atividades-de-neurorreabilitacao\/conheca-as-10-atividades-neuronup-mais-utilizadas-para-trabalhar-com-criancas\/\" rel=\"bookmark\">Descubra as 10 atividades da NeuronUP mais utilizadas para trabalhar com crian\u00e7as<\/a><\/h3>\n<\/div><\/article><article class=\"entry entry-grid is-column has-entry-link has-image has-image-first type-post category-eventos tag-congresso\" style=\"--entry-index:4;\" aria-label=\"Global Neuropsychology Congress: o congresso que reuniu o mundo no Porto\" itemscope itemtype=\"https:\/\/schema.org\/CreativeWork\"><a class=\"entry-image-link\" href=\"https:\/\/neuronup.com\/br\/eventos\/global-neuropsychology-congress-conectando-o-mundo-no-porto\/\" tabindex=\"-1\" aria-hidden=\"true\"><img decoding=\"async\" width=\"400\" height=\"300\" src=\"https:\/\/neuronup.com\/br\/wp-content\/uploads\/2024\/07\/IMG_9004-1-400x300.webp\" class=\"entry-image size-landscape-sm\" alt=\"Participantes em uma confer\u00eancia no Porto, com palestrantes e tela de proje\u00e7\u00e3o durante o Congresso Global de Neuropsicologia.\" srcset=\"https:\/\/neuronup.com\/br\/wp-content\/uploads\/2024\/07\/IMG_9004-1-400x300.webp 400w, https:\/\/neuronup.com\/br\/wp-content\/uploads\/2024\/07\/IMG_9004-1-800x600.webp 800w\" sizes=\"(max-width:599px) 599px, (min-width:600px) and (max-width: 799px) 799px, (min-width:800px) and (max-width: 999px) 333px, (min-width:1000px) 400px\" \/><\/a><div class=\"entry-wrap entry-wrap-grid\"><h3 class=\"entry-title\" itemprop=\"headline\"><a class=\"entry-title-link\" href=\"https:\/\/neuronup.com\/br\/eventos\/global-neuropsychology-congress-conectando-o-mundo-no-porto\/\" rel=\"bookmark\">Global Neuropsychology Congress: o congresso que reuniu o mundo no Porto<\/a><\/h3>\n<\/div><\/article><article class=\"entry entry-grid is-column has-entry-link has-image has-image-first type-post category-linhas-de-investigacao tag-investigacion tag-ninos\" style=\"--entry-index:5;\" aria-label=\"Ferramentas digitais na interven\u00e7\u00e3o precoce: o que a evid\u00eancia internacional nos diz\" itemscope itemtype=\"https:\/\/schema.org\/CreativeWork\"><a class=\"entry-image-link\" href=\"https:\/\/neuronup.com\/br\/investigacao\/linhas-de-investigacao\/ferramentas-digitais-na-intervencao-precoce-o-que-a-evidencia-internacional-diz\/\" tabindex=\"-1\" aria-hidden=\"true\"><img decoding=\"async\" width=\"400\" height=\"300\" src=\"https:\/\/neuronup.com\/br\/wp-content\/uploads\/2026\/04\/Evidencia-sobre-las-herramientas-digitales-en-intervencion-temprana.-Como-las-tecnologias-digitales-transforman-la-intervencion-temprana-400x300.webp\" class=\"entry-image size-landscape-sm\" alt=\"Descubra como as tecnologias digitais transformam a interven\u00e7\u00e3o precoce, gra\u00e7as a uma an\u00e1lise baseada em evid\u00eancias de Liapakis (2025) e ao impacto da NeuronUP nas fun\u00e7\u00f5es executivas e na ades\u00e3o cl\u00ednica.\" srcset=\"https:\/\/neuronup.com\/br\/wp-content\/uploads\/2026\/04\/Evidencia-sobre-las-herramientas-digitales-en-intervencion-temprana.-Como-las-tecnologias-digitales-transforman-la-intervencion-temprana-400x300.webp 400w, https:\/\/neuronup.com\/br\/wp-content\/uploads\/2026\/04\/Evidencia-sobre-las-herramientas-digitales-en-intervencion-temprana.-Como-las-tecnologias-digitales-transforman-la-intervencion-temprana-800x600.webp 800w\" sizes=\"(max-width:599px) 599px, (min-width:600px) and (max-width: 799px) 799px, (min-width:800px) and (max-width: 999px) 333px, (min-width:1000px) 400px\" \/><\/a><div class=\"entry-wrap entry-wrap-grid\"><h3 class=\"entry-title\" itemprop=\"headline\"><a class=\"entry-title-link\" href=\"https:\/\/neuronup.com\/br\/investigacao\/linhas-de-investigacao\/ferramentas-digitais-na-intervencao-precoce-o-que-a-evidencia-internacional-diz\/\" rel=\"bookmark\">Ferramentas digitais na interven\u00e7\u00e3o precoce: o que a evid\u00eancia internacional nos diz<\/a><\/h3>\n<\/div><\/article><article class=\"entry entry-grid is-column has-entry-link has-image has-image-first type-post category-doencas-neurodegenerativas tag-doenca-de-alzheimer tag-enfermedades-neurodegenerativas\" style=\"--entry-index:6;\" aria-label=\"Microbiota intestinal e Alzheimer: papel do eixo intestino-c\u00e9rebro na deteriora\u00e7\u00e3o cognitiva\" itemscope itemtype=\"https:\/\/schema.org\/CreativeWork\"><a class=\"entry-image-link\" href=\"https:\/\/neuronup.com\/br\/noticias-de-estimulacao-cognitiva\/doencas-neurodegenerativas\/microbiota-intestinal-e-alzheimer-papel-do-eixo-intestino-cerebro-no-declinio-cognitivo\/\" tabindex=\"-1\" aria-hidden=\"true\"><img decoding=\"async\" width=\"400\" height=\"300\" src=\"https:\/\/neuronup.com\/br\/wp-content\/uploads\/2026\/04\/Microbiota-intestinal-y-alzheimer-papel-del-eje-intestino-cerebro-en-el-deterioro-cognitivo.-Relacion-entre-la-microbiota-intestinal-y-el-deterioro-cognitivo-400x300.webp\" class=\"entry-image size-landscape-sm\" alt=\"Microbiota intestinal e Alzheimer: papel do eixo intestino-c\u00e9rebro no decl\u00ednio cognitivo. Rela\u00e7\u00e3o entre a microbiota intestinal e o decl\u00ednio cognitivo.\" srcset=\"https:\/\/neuronup.com\/br\/wp-content\/uploads\/2026\/04\/Microbiota-intestinal-y-alzheimer-papel-del-eje-intestino-cerebro-en-el-deterioro-cognitivo.-Relacion-entre-la-microbiota-intestinal-y-el-deterioro-cognitivo-400x300.webp 400w, https:\/\/neuronup.com\/br\/wp-content\/uploads\/2026\/04\/Microbiota-intestinal-y-alzheimer-papel-del-eje-intestino-cerebro-en-el-deterioro-cognitivo.-Relacion-entre-la-microbiota-intestinal-y-el-deterioro-cognitivo-800x600.webp 800w\" sizes=\"(max-width:599px) 599px, (min-width:600px) and (max-width: 799px) 799px, (min-width:800px) and (max-width: 999px) 333px, (min-width:1000px) 400px\" \/><\/a><div class=\"entry-wrap entry-wrap-grid\"><h3 class=\"entry-title\" itemprop=\"headline\"><a class=\"entry-title-link\" href=\"https:\/\/neuronup.com\/br\/noticias-de-estimulacao-cognitiva\/doencas-neurodegenerativas\/microbiota-intestinal-e-alzheimer-papel-do-eixo-intestino-cerebro-no-declinio-cognitivo\/\" rel=\"bookmark\">Microbiota intestinal e Alzheimer: papel do eixo intestino-c\u00e9rebro na deteriora\u00e7\u00e3o cognitiva<\/a><\/h3>\n<\/div><\/article><\/div><\/div>","protected":false},"excerpt":{"rendered":"<p>O especialista Pablo Arrondo fala neste artigo o estresse desde uma perspectiva fisiol\u00f3gica. Em concreto, explica o sistema de defesa para enfrentar est\u00edmulos aversivos, no qual ocorrem respostas fisiol\u00f3gicas que produzem mudan\u00e7as nos mecanismos neuronais. Hipot\u00e1lamo, depress\u00e3o, receptores de glucocorticoides, cortisol, corticosterona, adrenais Ao longo da evolu\u00e7\u00e3o, os animais desenvolveram um sistema de defesa para &hellip;<\/p>\n","protected":false},"author":7,"featured_media":23424,"comment_status":"open","ping_status":"open","sticky":false,"template":"","format":"standard","meta":{"_acf_changed":false,"_genesis_hide_title":false,"_genesis_hide_breadcrumbs":false,"_genesis_hide_singular_image":false,"_genesis_hide_footer_widgets":false,"_genesis_custom_body_class":"","_genesis_custom_post_class":"","_genesis_layout":"","footnotes":""},"categories":[558],"tags":[599,597],"class_list":["type-post","category-neuropsicologia","tag-cerebro","tag-neuropsicologia","entry"],"acf":[],"_links":{"self":[{"href":"https:\/\/neuronup.com\/br\/wp-json\/wp\/v2\/posts\/23372","targetHints":{"allow":["GET"]}}],"collection":[{"href":"https:\/\/neuronup.com\/br\/wp-json\/wp\/v2\/posts"}],"about":[{"href":"https:\/\/neuronup.com\/br\/wp-json\/wp\/v2\/types\/post"}],"author":[{"embeddable":true,"href":"https:\/\/neuronup.com\/br\/wp-json\/wp\/v2\/users\/7"}],"replies":[{"embeddable":true,"href":"https:\/\/neuronup.com\/br\/wp-json\/wp\/v2\/comments?post=23372"}],"version-history":[{"count":0,"href":"https:\/\/neuronup.com\/br\/wp-json\/wp\/v2\/posts\/23372\/revisions"}],"wp:featuredmedia":[{"embeddable":true,"href":"https:\/\/neuronup.com\/br\/wp-json\/wp\/v2\/media\/23424"}],"wp:attachment":[{"href":"https:\/\/neuronup.com\/br\/wp-json\/wp\/v2\/media?parent=23372"}],"wp:term":[{"taxonomy":"category","embeddable":true,"href":"https:\/\/neuronup.com\/br\/wp-json\/wp\/v2\/categories?post=23372"},{"taxonomy":"post_tag","embeddable":true,"href":"https:\/\/neuronup.com\/br\/wp-json\/wp\/v2\/tags?post=23372"}],"curies":[{"name":"wp","href":"https:\/\/api.w.org\/{rel}","templated":true}]}}