{"id":23262,"date":"2023-07-03T12:37:07","date_gmt":"2023-07-03T10:37:07","guid":{"rendered":"https:\/\/neuronup.com\/?p=23262"},"modified":"2026-08-13T15:59:40","modified_gmt":"2026-08-13T13:59:40","slug":"os-famosos-contribuem-para-normalizar-os-problemas-de-saude-mental","status":"publish","type":"post","link":"https:\/\/neuronup.com\/br\/psicologia\/os-famosos-contribuem-para-normalizar-os-problemas-de-saude-mental\/","title":{"rendered":"Os famosos contribuem para normalizar os problemas de sa\u00fade mental"},"content":{"rendered":"\n<p class=\"has-xl-font-size wp-block-paragraph\">Uma nova tend\u00eancia est\u00e1 surgindo no aparentemente perfeito mundo em que habitam os famosos. E \u00e9 que, nos \u00faltimos anos, a quantidade de rostos conhecidos que decidiram se abrir para a opini\u00e3o p\u00fablica e expor seus <strong>problemas de sa\u00fade mental<\/strong> multiplicou-se exponencialmente.<\/p>\n\n\n\n<h2 class=\"wp-block-heading\">Os problemas de sa\u00fade mental no centro da conversa<\/h2>\n\n\n\n<p class=\"wp-block-paragraph\">De atores a m\u00fasicos, passando por jogadores de futebol, decidiram dar sua contribui\u00e7\u00e3o a uma causa transcendental como \u00e9 <strong>eliminar o estigma que impera em torno da figura do psic\u00f3logo.<\/strong> E \u00e9 que o medo de ser rotulado representa um obst\u00e1culo para muitas pessoas, quando o fato de procurar um especialista n\u00e3o implica estar louco.<\/p>\n\n\n\n<p class=\"wp-block-paragraph\">J\u00e1 s\u00e3o muitos os que se lan\u00e7aram a contar sua experi\u00eancia, iniciando assim um <strong>di\u00e1logo sobre sa\u00fade mental<\/strong> muito positivo para a sociedade.<\/p>\n\n\n\n<p class=\"wp-block-paragraph\">As declara\u00e7\u00f5es de personalidades como <strong>Angelina Jolie<\/strong>, que sofreu <strong>depress\u00e3o<\/strong> e tomou a decis\u00e3o de pedir ajuda para mudar o rumo de sua vida. <strong>Elton John<\/strong>, que n\u00e3o deixou que a <strong>bulimia<\/strong> o vencesse. <strong>Adam Levine<\/strong> e o <strong>TDAH<\/strong> que padece. Ou <strong>Brad Pitt<\/strong> e sua luta contra a <strong>depress\u00e3o<\/strong>. S\u00e3o apenas alguns exemplos que<strong>, al\u00e9m de conscientizar sobre a import\u00e2ncia de tratar os problemas de sa\u00fade mental, ajudam a torn\u00e1-los vis\u00edveis.<\/strong><\/p>\n\n\n\n<h3 class=\"wp-block-heading\">Alguns dos famosos que contribu\u00edram para a causa<\/h3>\n\n\n\n<p class=\"wp-block-paragraph\"><strong>Lady Gaga<\/strong>, que foi v\u00edtima de um <strong>abuso sexual <\/strong>aos 19 anos, recorreu \u00e0 terapia comportamental dial\u00e9tica. Isso a ajudou a superar o transtorno de estresse p\u00f3s-traum\u00e1tico que sofreu e reduzir radicalmente a dor que a afligia, permitindo-lhe assim levar a vida que desejava.<\/p>\n\n\n\n<p class=\"wp-block-paragraph\"><strong>Leonardo DiCaprio<\/strong> revelou que padece<strong> TOC, Transtorno Obsessivo-Compulsivo<\/strong>, desde crian\u00e7a, e embora afirme t\u00ea-lo controlado, reconheceu ter passado por momentos muito dif\u00edceis. O TOC caracteriza-se por obsess\u00f5es, pensamentos que representam um inc\u00f4modo, que conduzem a executar determinados rituais conhecidos como compuls\u00f5es com o objetivo de mitigar a ansiedade. \u00c9 uma condi\u00e7\u00e3o que limita diariamente a pessoa e corr\u00f3i sua qualidade de vida. Apesar de sofrer desse transtorno, conseguiu se tornar um dos melhores atores de sua gera\u00e7\u00e3o, e para muitos, o melhor.<\/p>\n\n\n\n<p class=\"wp-block-paragraph\">A cantora <strong>Demi Lovato <\/strong>tende a falar publicamente sobre os <strong>diversos problemas de sa\u00fade mental<\/strong> que j\u00e1 enfrentou. \u00c9 todo um s\u00edmbolo, dando voz a milhares de pessoas que sofrem de <strong>transtorno bipolar<\/strong> e transmitindo a mensagem de que, com muito trabalho, \u00e9 poss\u00edvel conviver com a doen\u00e7a.<\/p>\n\n\n\n<p class=\"wp-block-paragraph\">O aclamado ator <strong>Jim Carrey<\/strong> entrou numa profunda <strong>depress\u00e3o <\/strong>devido ao suic\u00eddio de sua ex-namorada, do qual foi culpado injustamente, sendo posteriormente demonstrada sua inoc\u00eancia<strong>. <\/strong>&nbsp;Em 2017 conseguiu derrot\u00e1-la gra\u00e7as \u00e0 ajuda de um profissional, algo que afirma ter mudado sua forma de ver a vida.<\/p>\n\n\n\n<h3 class=\"wp-block-heading\">Os famosos espanh\u00f3is tamb\u00e9m falam sobre seus problemas de sa\u00fade mental<\/h3>\n\n\n\n<p class=\"wp-block-paragraph\">O famoso streamer<strong> Ibai Llanos<\/strong> n\u00e3o \u00e9 alheio aos <strong>problemas de sa\u00fade mental<\/strong>. Quando jovem, quando a fama come\u00e7ava a fazer parte de sua vida, entrou num processo de <strong>ansiedade<\/strong>. Experimentou diferentes tratamentos, mas foi uma psic\u00f3loga quem o ajudou a enfrentar seus problemas e encontrar uma solu\u00e7\u00e3o. O youtuber lan\u00e7a uma mensagem de esperan\u00e7a e incentiva a procurar ajuda.<\/p>\n\n\n\n<p class=\"wp-block-paragraph\"><strong>Mar\u00eda Pombo<\/strong>, a influencer espanhola de moda, contou como a <strong>ansiedade<\/strong> havia se apoderado dela nos \u00faltimos meses a ponto de ter que recorrer \u00e0 <strong>ajuda de um psiquiatra<\/strong>, com quem continua trabalhando. Defende a import\u00e2ncia de cuidar da mente e de n\u00e3o sentir vergonha por isso.<\/p>\n\n\n\n<p class=\"wp-block-paragraph\">Por fim, aquele que foi o her\u00f3i do mundial que a Espanha venceu, <strong>Andr\u00e9s Iniesta<\/strong>, confessou que uma s\u00e9rie de acontecimentos o colocou em um buraco negro do qual p\u00f4de sair fortalecido com a ajuda de diferentes especialistas. Fazendo jus \u00e0 sua filosofia, <strong>levantar-se e voltar a lutar.<\/strong><\/p>\n\n\n\n<p class=\"wp-block-paragraph\">De fato, s\u00e3o muitos os esportistas que trabalham com um coach para <strong>aumentar seu rendimento e exercitar a parte mental<\/strong>, como \u00e9 o caso da grande maioria dos tenistas.<\/p>\n\n\n\n<h3 class=\"wp-block-heading\">A necessidade de conscientizar sobre os problemas de sa\u00fade mental<\/h3>\n\n\n\n<p class=\"wp-block-paragraph\">Cada vez h\u00e1 mais pessoas que necessitam de atendimento psicol\u00f3gico, mas apenas 5 em cada 100 espanh\u00f3is recebem tratamento. Por essa raz\u00e3o, os especialistas prop\u00f5em <strong>combater a escassez de informa\u00e7\u00e3o<\/strong>, transmitindo a mensagem, em diferentes \u00e2mbitos como a escola e o local de trabalho, de que <strong>procurar um especialista \u00e9 altamente ben\u00e9fico<\/strong>. Afinal, trata-se de um profissional que vai guiar voc\u00ea na tomada de novas decis\u00f5es que melhorem sua vida.<\/p>\n\n\n\n<p class=\"wp-block-paragraph\">Por outro lado, \u00e9 preciso estar consciente de que n\u00e3o \u00e9 poss\u00edvel ser feliz o tempo todo; de fato, se assim fosse, n\u00e3o saber\u00edamos o que \u00e9 a felicidade.<\/p>\n\n\n\n<p class=\"wp-block-paragraph\">Estamos diante de um fen\u00f4meno que contribui decisivamente para normalizar algo t\u00e3o inerente ao ser humano quanto s\u00e3o as emo\u00e7\u00f5es. Assim como para promover que as pessoas com problemas pe\u00e7am ajuda, o que reverte em <strong>um benef\u00edcio para a sociedade e para a sa\u00fade p\u00fablica.<\/strong><\/p>\n\n\n\n<h3 class=\"wp-block-heading\">Se voc\u00ea gostou deste artigo sobre a contribui\u00e7\u00e3o dos famosos nos problemas de sa\u00fade mental,&nbsp;talvez tamb\u00e9m se interesse pelos seguintes artigos:<\/h3>\n\n<div class=\"mai-grid entries entries-grid has-boxed has-image-full\" style=\"--entry-title-font-size:var(--font-size-lg);--align-text:start;--entry-meta-text-align:start;\"><div class=\"entries-wrap has-columns\" style=\"--columns-xs:1 \/ 1;--columns-sm:1 \/ 1;--columns-md:1 \/ 3;--columns-lg:1 \/ 3;--flex-xs:0 0 var(--flex-basis);--flex-sm:0 0 var(--flex-basis);--flex-md:0 0 var(--flex-basis);--flex-lg:0 0 var(--flex-basis);--column-gap:var(--spacing-lg);--row-gap:var(--spacing-lg);--align-columns:start;\"><article class=\"entry entry-grid is-column has-entry-link has-image has-image-first type-post category-transtorno-de-linguagem tag-linguagem tag-ninos tag-trastornos-del-neurodesarrollo\" style=\"--entry-index:1;\" aria-label=\"A dislexia como barreira na inf\u00e2ncia\" itemscope itemtype=\"https:\/\/schema.org\/CreativeWork\"><a class=\"entry-image-link\" href=\"https:\/\/neuronup.com\/br\/noticias-de-estimulacao-cognitiva\/transtorno-de-linguagem\/a-dislexia-na-infancia\/\" tabindex=\"-1\" aria-hidden=\"true\"><img decoding=\"async\" width=\"400\" height=\"300\" src=\"https:\/\/neuronup.com\/br\/wp-content\/uploads\/2024\/09\/dislexia-infancia-400x300.webp\" class=\"entry-image size-landscape-sm\" alt=\"Livro aberto sustentado por duas m\u00e3os, letras e s\u00edmbolos saem do interior em um design gr\u00e1fico que ilustra a dislexia.\" srcset=\"https:\/\/neuronup.com\/br\/wp-content\/uploads\/2024\/09\/dislexia-infancia-400x300.webp 400w, https:\/\/neuronup.com\/br\/wp-content\/uploads\/2024\/09\/dislexia-infancia-800x600.webp 800w\" sizes=\"(max-width:599px) 599px, (min-width:600px) and (max-width: 799px) 799px, (min-width:800px) and (max-width: 999px) 333px, (min-width:1000px) 400px\" \/><\/a><div class=\"entry-wrap entry-wrap-grid\"><h3 class=\"entry-title\" itemprop=\"headline\"><a class=\"entry-title-link\" href=\"https:\/\/neuronup.com\/br\/noticias-de-estimulacao-cognitiva\/transtorno-de-linguagem\/a-dislexia-na-infancia\/\" rel=\"bookmark\">A dislexia como barreira na inf\u00e2ncia<\/a><\/h3>\n<\/div><\/article><article class=\"entry entry-grid is-column has-entry-link has-image has-image-first type-post category-de-atencao tag-actividades-de-estimulacion-cognitiva tag-actividades-de-estimulacion-cognitiva-para-adultos tag-actividades-de-estimulacion-cognitiva-para-ninos tag-atencion tag-estimulacion-cognitiva\" style=\"--entry-index:2;\" aria-label=\"Atividades de aten\u00e7\u00e3o sustentada para adultos e crian\u00e7as\" itemscope itemtype=\"https:\/\/schema.org\/CreativeWork\"><a class=\"entry-image-link\" href=\"https:\/\/neuronup.com\/br\/atividades-de-neurorreabilitacao\/para-funcoes-cognitivas\/de-atencao\/atividades-de-atencao-sustentada-para-adultos-e-criancas\/\" tabindex=\"-1\" aria-hidden=\"true\"><img decoding=\"async\" width=\"400\" height=\"300\" src=\"https:\/\/neuronup.com\/br\/wp-content\/uploads\/2024\/11\/Encontrar-los-numeros-que-faltan-NeuronUP-400x300.webp\" class=\"entry-image size-landscape-sm\" alt=\"Ficha de aten\u00e7\u00e3o sustentada: duas tabelas com sequ\u00eancias de 1 a 25, com n\u00fameros ausentes para completar.\" srcset=\"https:\/\/neuronup.com\/br\/wp-content\/uploads\/2024\/11\/Encontrar-los-numeros-que-faltan-NeuronUP-400x300.webp 400w, https:\/\/neuronup.com\/br\/wp-content\/uploads\/2024\/11\/Encontrar-los-numeros-que-faltan-NeuronUP-800x600.webp 800w\" sizes=\"(max-width:599px) 599px, (min-width:600px) and (max-width: 799px) 799px, (min-width:800px) and (max-width: 999px) 333px, (min-width:1000px) 400px\" \/><\/a><div class=\"entry-wrap entry-wrap-grid\"><h3 class=\"entry-title\" itemprop=\"headline\"><a class=\"entry-title-link\" href=\"https:\/\/neuronup.com\/br\/atividades-de-neurorreabilitacao\/para-funcoes-cognitivas\/de-atencao\/atividades-de-atencao-sustentada-para-adultos-e-criancas\/\" rel=\"bookmark\">Atividades de aten\u00e7\u00e3o sustentada para adultos e crian\u00e7as<\/a><\/h3>\n<\/div><\/article><article class=\"entry entry-grid is-column has-entry-link has-image has-image-first type-post category-atividades-de-neurorreabilitacao tag-actividades-de-estimulacion-cognitiva tag-actividades-de-estimulacion-cognitiva-para-adultos tag-actividades-de-estimulacion-cognitiva-para-ninos tag-adultos tag-ninos\" style=\"--entry-index:3;\" aria-label=\"Novas atividades de estimula\u00e7\u00e3o cognitiva de 2025\" itemscope itemtype=\"https:\/\/schema.org\/CreativeWork\"><a class=\"entry-image-link\" href=\"https:\/\/neuronup.com\/br\/atividades-de-neurorreabilitacao\/novas-atividades-de-estimulacao-cognitiva-de-2025\/\" tabindex=\"-1\" aria-hidden=\"true\"><img decoding=\"async\" width=\"400\" height=\"300\" src=\"https:\/\/neuronup.com\/br\/wp-content\/uploads\/2025\/06\/NeuronUP-Actividad-Formas-gemelas-400x300.webp\" class=\"entry-image size-landscape-sm\" alt=\"Conjunto de formas roxas sobre fundo cinza, com caixas de sele\u00e7\u00e3o verdes e um bot\u00e3o Finalizar; jogo cognitivo.\" srcset=\"https:\/\/neuronup.com\/br\/wp-content\/uploads\/2025\/06\/NeuronUP-Actividad-Formas-gemelas-400x300.webp 400w, https:\/\/neuronup.com\/br\/wp-content\/uploads\/2025\/06\/NeuronUP-Actividad-Formas-gemelas-800x600.webp 800w, https:\/\/neuronup.com\/br\/wp-content\/uploads\/2025\/06\/NeuronUP-Actividad-Formas-gemelas-1200x900.webp 1200w\" sizes=\"(max-width:599px) 599px, (min-width:600px) and (max-width: 799px) 799px, (min-width:800px) and (max-width: 999px) 333px, (min-width:1000px) 400px\" \/><\/a><div class=\"entry-wrap entry-wrap-grid\"><h3 class=\"entry-title\" itemprop=\"headline\"><a class=\"entry-title-link\" href=\"https:\/\/neuronup.com\/br\/atividades-de-neurorreabilitacao\/novas-atividades-de-estimulacao-cognitiva-de-2025\/\" rel=\"bookmark\">Novas atividades de estimula\u00e7\u00e3o cognitiva de 2025<\/a><\/h3>\n<\/div><\/article><article class=\"entry entry-grid is-column has-entry-link has-image has-image-first type-post category-linhas-de-investigacao tag-investigacion tag-noticias-de-neuronup\" style=\"--entry-index:4;\" aria-label=\"A doen\u00e7a de Alzheimer como constructo cl\u00ednico-biol\u00f3gico: recomenda\u00e7\u00e3o de um grupo de trabalho internacional\" itemscope itemtype=\"https:\/\/schema.org\/CreativeWork\"><a class=\"entry-image-link\" href=\"https:\/\/neuronup.com\/br\/investigacao\/linhas-de-investigacao\/a-doenca-de-alzheimer-como-construto-clinico-biologico-recomendacao-de-um-grupo-de-trabalho-internacional\/\" tabindex=\"-1\" aria-hidden=\"true\"><img decoding=\"async\" width=\"400\" height=\"300\" src=\"https:\/\/neuronup.com\/br\/wp-content\/uploads\/2024\/11\/La-enfermedad-de-alzheimer-como-constructo-clinico-biologico-recomendacion-de-un-grupo-de-trabajo-internacional-NeuronUP-1-400x300.webp\" class=\"entry-image size-landscape-sm\" alt=\"Homem idoso concentrado resolvendo um quebra-cabe\u00e7a em um espa\u00e7o interno, com apoio pr\u00f3ximo de outra pessoa.\" srcset=\"https:\/\/neuronup.com\/br\/wp-content\/uploads\/2024\/11\/La-enfermedad-de-alzheimer-como-constructo-clinico-biologico-recomendacion-de-un-grupo-de-trabajo-internacional-NeuronUP-1-400x300.webp 400w, https:\/\/neuronup.com\/br\/wp-content\/uploads\/2024\/11\/La-enfermedad-de-alzheimer-como-constructo-clinico-biologico-recomendacion-de-un-grupo-de-trabajo-internacional-NeuronUP-1-800x600.webp 800w\" sizes=\"(max-width:599px) 599px, (min-width:600px) and (max-width: 799px) 799px, (min-width:800px) and (max-width: 999px) 333px, (min-width:1000px) 400px\" \/><\/a><div class=\"entry-wrap entry-wrap-grid\"><h3 class=\"entry-title\" itemprop=\"headline\"><a class=\"entry-title-link\" href=\"https:\/\/neuronup.com\/br\/investigacao\/linhas-de-investigacao\/a-doenca-de-alzheimer-como-construto-clinico-biologico-recomendacao-de-um-grupo-de-trabalho-internacional\/\" rel=\"bookmark\">A doen\u00e7a de Alzheimer como constructo cl\u00ednico-biol\u00f3gico: recomenda\u00e7\u00e3o de um grupo de trabalho internacional<\/a><\/h3>\n<\/div><\/article><article class=\"entry entry-grid is-column has-entry-link has-image has-image-first type-post category-novas-atividades tag-noticias-de-neuronup\" style=\"--entry-index:5;\" aria-label=\"NOVIDADE Melhoramos a se\u00e7\u00e3o de Gest\u00e3o de usu\u00e1rios e inclu\u00edmos novos m\u00e9todos de pagamento!\" itemscope itemtype=\"https:\/\/schema.org\/CreativeWork\"><a class=\"entry-image-link\" href=\"https:\/\/neuronup.com\/br\/novidades-neuronup\/novas-atividades\/novidade-melhoramos-a-secao-de-gestao-de-usuarios-e-incluimos-novos-metodos-de-pagamento\/\" tabindex=\"-1\" aria-hidden=\"true\"><img decoding=\"async\" width=\"400\" height=\"300\" src=\"https:\/\/neuronup.com\/br\/wp-content\/uploads\/2023\/11\/Hemos-mejorado-la-seccion-de-Gestion-de-usuarios-e-incluido-nuevos-metodos-de-pago-400x300.webp\" class=\"entry-image size-landscape-sm\" alt=\"Captura de tela da Gest\u00e3o de usu\u00e1rios no NeuronUP: formul\u00e1rio de pagamento e resumo de compra online.\" srcset=\"https:\/\/neuronup.com\/br\/wp-content\/uploads\/2023\/11\/Hemos-mejorado-la-seccion-de-Gestion-de-usuarios-e-incluido-nuevos-metodos-de-pago-400x300.webp 400w, https:\/\/neuronup.com\/br\/wp-content\/uploads\/2023\/11\/Hemos-mejorado-la-seccion-de-Gestion-de-usuarios-e-incluido-nuevos-metodos-de-pago-800x600.webp 800w\" sizes=\"(max-width:599px) 599px, (min-width:600px) and (max-width: 799px) 799px, (min-width:800px) and (max-width: 999px) 333px, (min-width:1000px) 400px\" \/><\/a><div class=\"entry-wrap entry-wrap-grid\"><h3 class=\"entry-title\" itemprop=\"headline\"><a class=\"entry-title-link\" href=\"https:\/\/neuronup.com\/br\/novidades-neuronup\/novas-atividades\/novidade-melhoramos-a-secao-de-gestao-de-usuarios-e-incluimos-novos-metodos-de-pagamento\/\" rel=\"bookmark\">[NOVIDADE] Melhoramos a se\u00e7\u00e3o de Gest\u00e3o de usu\u00e1rios e inclu\u00edmos novos m\u00e9todos de pagamento!<\/a><\/h3>\n<\/div><\/article><article class=\"entry entry-grid is-column has-entry-link has-image has-image-first type-post category-novidades-neuronup tag-juegos-paralimpicos tag-noticias-de-neuronup tag-salud-mental\" style=\"--entry-index:6;\" aria-label=\"As provas dos Jogos Paral\u00edmpicos de 2024 e a import\u00e2ncia da sa\u00fade mental\" itemscope itemtype=\"https:\/\/schema.org\/CreativeWork\"><a class=\"entry-image-link\" href=\"https:\/\/neuronup.com\/br\/novidades-neuronup\/as-provas-dos-jogos-paralimpicos-de-2024-e-a-importancia-da-saude-mental\/\" tabindex=\"-1\" aria-hidden=\"true\"><img decoding=\"async\" width=\"400\" height=\"300\" src=\"https:\/\/neuronup.com\/br\/wp-content\/uploads\/2024\/08\/Juegos-Paralimpicos-2024-y-la-salud-mental-NeuronUP-400x300.webp\" class=\"entry-image size-landscape-sm\" alt=\"Cinco an\u00e9is ol\u00edmpicos em primeiro plano diante da Torre Eiffel, com pessoas ao redor em um ambiente esportivo festivo.\" srcset=\"https:\/\/neuronup.com\/br\/wp-content\/uploads\/2024\/08\/Juegos-Paralimpicos-2024-y-la-salud-mental-NeuronUP-400x300.webp 400w, https:\/\/neuronup.com\/br\/wp-content\/uploads\/2024\/08\/Juegos-Paralimpicos-2024-y-la-salud-mental-NeuronUP-800x600.webp 800w\" sizes=\"(max-width:599px) 599px, (min-width:600px) and (max-width: 799px) 799px, (min-width:800px) and (max-width: 999px) 333px, (min-width:1000px) 400px\" \/><\/a><div class=\"entry-wrap entry-wrap-grid\"><h3 class=\"entry-title\" itemprop=\"headline\"><a class=\"entry-title-link\" href=\"https:\/\/neuronup.com\/br\/novidades-neuronup\/as-provas-dos-jogos-paralimpicos-de-2024-e-a-importancia-da-saude-mental\/\" rel=\"bookmark\">As provas dos Jogos Paral\u00edmpicos de 2024 e a import\u00e2ncia da sa\u00fade mental<\/a><\/h3>\n<\/div><\/article><\/div><\/div>","protected":false},"excerpt":{"rendered":"<p>Uma nova tend\u00eancia est\u00e1 surgindo no aparentemente perfeito mundo em que habitam os famosos. E \u00e9 que, nos \u00faltimos anos, a quantidade de rostos conhecidos que decidiram se abrir para a opini\u00e3o p\u00fablica e expor seus problemas de sa\u00fade mental multiplicou-se exponencialmente. Os problemas de sa\u00fade mental no centro da conversa De atores a m\u00fasicos, &hellip;<\/p>\n","protected":false},"author":7,"featured_media":23264,"comment_status":"open","ping_status":"open","sticky":false,"template":"","format":"standard","meta":{"_acf_changed":false,"_genesis_hide_title":false,"_genesis_hide_breadcrumbs":false,"_genesis_hide_singular_image":false,"_genesis_hide_footer_widgets":false,"_genesis_custom_body_class":"","_genesis_custom_post_class":"","_genesis_layout":"","footnotes":""},"categories":[689],"tags":[760],"class_list":["type-post","category-psicologia","tag-salud-mental","entry"],"acf":[],"_links":{"self":[{"href":"https:\/\/neuronup.com\/br\/wp-json\/wp\/v2\/posts\/23262","targetHints":{"allow":["GET"]}}],"collection":[{"href":"https:\/\/neuronup.com\/br\/wp-json\/wp\/v2\/posts"}],"about":[{"href":"https:\/\/neuronup.com\/br\/wp-json\/wp\/v2\/types\/post"}],"author":[{"embeddable":true,"href":"https:\/\/neuronup.com\/br\/wp-json\/wp\/v2\/users\/7"}],"replies":[{"embeddable":true,"href":"https:\/\/neuronup.com\/br\/wp-json\/wp\/v2\/comments?post=23262"}],"version-history":[{"count":0,"href":"https:\/\/neuronup.com\/br\/wp-json\/wp\/v2\/posts\/23262\/revisions"}],"wp:featuredmedia":[{"embeddable":true,"href":"https:\/\/neuronup.com\/br\/wp-json\/wp\/v2\/media\/23264"}],"wp:attachment":[{"href":"https:\/\/neuronup.com\/br\/wp-json\/wp\/v2\/media?parent=23262"}],"wp:term":[{"taxonomy":"category","embeddable":true,"href":"https:\/\/neuronup.com\/br\/wp-json\/wp\/v2\/categories?post=23262"},{"taxonomy":"post_tag","embeddable":true,"href":"https:\/\/neuronup.com\/br\/wp-json\/wp\/v2\/tags?post=23262"}],"curies":[{"name":"wp","href":"https:\/\/api.w.org\/{rel}","templated":true}]}}