{"id":22994,"date":"2025-12-08T11:26:14","date_gmt":"2025-12-08T11:26:14","guid":{"rendered":"https:\/\/neuronup.com\/?p=22994"},"modified":"2025-12-08T11:26:14","modified_gmt":"2025-12-08T11:26:14","slug":"novas-propostas-em-estimulacao-sensorial-para-o-tratamento-dos-transtornos-cronicos-da-consciencia","status":"publish","type":"post","link":"https:\/\/neuronup.com\/br\/neurociencia\/cerebro\/novas-propostas-em-estimulacao-sensorial-para-o-tratamento-dos-transtornos-cronicos-da-consciencia\/","title":{"rendered":"Novas propostas em estimula\u00e7\u00e3o sensorial para o tratamento de transtornos cr\u00f4nicos da consci\u00eancia"},"content":{"rendered":"\n<p class=\"has-xl-font-size\">A neuropsic\u00f3loga Lidia Garc\u00eda P\u00e9rez explica as <strong>novas propostas em estimula\u00e7\u00e3o sensorial <\/strong>para os transtornos de consci\u00eancia.<\/p>\n\n\n\n<p>Os programas de estimula\u00e7\u00e3o sensorial t\u00eam uma longa hist\u00f3ria de uso em neurorreabilita\u00e7\u00e3o, sendo uma das <strong>op\u00e7\u00f5es terap\u00eauticas mais utilizadas<\/strong> na abordagem dos <strong>transtornos globais de consci\u00eancia ap\u00f3s uma les\u00e3o cerebral grave[1]<\/strong>.<\/p>\n\n\n\n<p>A ideia na qual se baseiam \u00e9 que ambientes enriquecidos <strong>promovem a plasticidade neuronal<\/strong> e, portanto, a recupera\u00e7\u00e3o desses pacientes[2, 1]. No entanto, diversas revis\u00f5es sistem\u00e1ticas recentes[3, 4, 5, 6], incluindo uma publicada pela <strong>Colabora\u00e7\u00e3o Cochrane<\/strong>[3], concluem que ainda faltam evid\u00eancias confi\u00e1veis que apoiem ou verifiquem a efetividade da estimula\u00e7\u00e3o sensorial em pacientes com transtornos globais de consci\u00eancia (estados de coma, vegetativo ou vig\u00edlia sem resposta, m\u00ednima consci\u00eancia).<\/p>\n\n\n\n<p>Al\u00e9m disso, nos \u00faltimos anos houve avan\u00e7os no conhecimento do c\u00e9rebro em geral e dos transtornos de consci\u00eancia em particular, e surgiram <strong>novos paradigmas<\/strong> e no\u00e7\u00f5es te\u00f3ricas que tornam necess\u00e1rio avaliar se as principais caracter\u00edsticas do m\u00e9todo de estimula\u00e7\u00e3o sensorial continuam adequadas com base no que conhecemos hoje.<\/p>\n\n\n\n<p>Recentemente, <em>Frontiers in Human Neuroscience<\/em> publicou um trabalho[2] no qual os autores revisam as principais caracter\u00edsticas da estimula\u00e7\u00e3o sensorial, avaliando quais est\u00e3o desatualizadas e quais n\u00e3o, e propondo <strong>algumas mudan\u00e7as<\/strong> que est\u00e3o de acordo com os conhecimentos e perspectivas te\u00f3ricas atuais.<\/p>\n\n\n\n<p>O post de hoje aborda brevemente a <strong>estimula\u00e7\u00e3o sensorial e a concep\u00e7\u00e3o atual<\/strong> <strong>de consci\u00eancia<\/strong> e de transtornos de consci\u00eancia, para em seguida apresentar um resumo desse trabalho.<\/p>\n\n\n\n<h2 class=\"wp-block-heading\"><strong>Concep\u00e7\u00e3o atual de consci\u00eancia e dos transtornos globais de consci\u00eancia.<\/strong><\/h2>\n\n\n\n<p>Tradicionalmente, o estado normal de consci\u00eancia e os transtornos de consci\u00eancia (<strong>estados de coma, vegetativo ou vig\u00edlia sem resposta e m\u00ednima consci\u00eancia<\/strong>) t\u00eam sido definidos com base em dois componentes:<\/p>\n\n\n\n<ul class=\"wp-block-list\">\n<li>O&nbsp;<strong><em>arousal<\/em><\/strong> (o n\u00edvel de alerta ou ativa\u00e7\u00e3o, \u201cestar consciente\u201d) que se define como a <em>capacidade de acordar e manter os ciclos sono-vig\u00edlia.<\/em><\/li>\n\n\n\n<li>O <strong><em>awareness<\/em><\/strong> (conte\u00fado da consci\u00eancia ou \u201cestar consciente\u201d) que se define como a <em>capacidade de integrar os diferentes est\u00edmulos sensoriais em um conhecimento que nos permite ter consci\u00eancia de n\u00f3s mesmos e do que acontece ao nosso redor<\/em>[7].<\/li>\n<\/ul>\n\n\n\n<p>Assim, o <strong>estado de coma<\/strong> caracteriza-se por ser uma condi\u00e7\u00e3o normalmente transit\u00f3ria, na qual o paciente n\u00e3o apresenta&nbsp;<em>arousal<\/em> nem&nbsp;<em>awareness<\/em> e permanece com os olhos fechados, sem responder \u00e0 estimula\u00e7\u00e3o ou comunicar-se.<\/p>\n\n\n\n<p>No <strong>estado vegetativo ou de vig\u00edlia sem resposta<\/strong>, o paciente apresenta os olhos abertos, refletindo a preserva\u00e7\u00e3o do sistema reticular de ativa\u00e7\u00e3o ascendente e, portanto, o <em>arousal<\/em>. Por\u00e9m, por n\u00e3o ser capaz de gerar um comportamento espec\u00edfico, considera-se que carecem de consci\u00eancia ou <em>awareness<\/em>.<\/p>\n\n\n\n<p>E, por fim, no <strong>estado de m\u00ednima consci\u00eancia<\/strong>, os pacientes s\u00e3o capazes de gerar comportamento, que embora vari\u00e1vel \u00e9 reproduz\u00edvel, o que faz considerar que possuem <em>awareness<\/em> al\u00e9m do arousal[8].<\/p>\n\n\n\n<p>No entanto, nos \u00faltimos anos, os mecanismos de consci\u00eancia foram associados a novas concep\u00e7\u00f5es, tais como <strong><em>informa\u00e7\u00e3o distribu\u00edda<\/em><\/strong>[9], \u00e1reas corticais que interagem e <strong><em>conectividade cerebral<\/em><\/strong>[10, 11]. E, atualmente, a <strong>consci\u00eancia \u00e9 vista como a capacidade de um sistema de integrar informa\u00e7\u00f5es<\/strong> que parece depender da capacidade do c\u00e9rebro de sustentar padr\u00f5es complexos de atividade distribu\u00eddos entre as \u00e1reas corticais que interagem [2].<\/p>\n\n\n\n<p>Em conson\u00e2ncia com essa perspectiva, os transtornos de consci\u00eancia foram redefinidos recentemente como uma <strong><em>s\u00edndrome de desconex\u00e3o<\/em><\/strong>, na qual uma interrup\u00e7\u00e3o funcional e\/ou estrutural ao n\u00edvel de um mesocircuito c\u00f3rtico-estriado-p\u00e1lido-t\u00e1lamo-cortical afeta o retorno da capacidade de resposta consciente [12], opini\u00e3o respaldada por diversas linhas de evid\u00eancia recentes [1].<\/p>\n\n\n\n<p>Nesse paradigma conexionista entram em jogo <strong>novas no\u00e7\u00f5es te\u00f3ricas<\/strong> e, por isso, \u00e9 pertinente tamb\u00e9m considerar <strong>novos fatores<\/strong> ao propor os tratamentos adequados para pacientes com transtornos de consci\u00eancia, tanto em n\u00edvel global, quanto a uma poss\u00edvel integra\u00e7\u00e3o das diversas abordagens de tratamento existentes (neuromodula\u00e7\u00e3o, tratamento farmacol\u00f3gico, estimula\u00e7\u00e3o sensorial etc.), quanto em n\u00edvel particular, no que diz respeito a cada uma delas, no caso em quest\u00e3o, aos programas de estimula\u00e7\u00e3o sensorial.<\/p>\n\n\n\n<div class=\"wp-block-group\"><div class=\"wp-block-group__inner-container is-layout-constrained wp-block-group-is-layout-constrained\">\n<div class=\"wp-block-columns is-layout-flex wp-container-core-columns-is-layout-9d6595d7 wp-block-columns-is-layout-flex\">\n<div class=\"wp-block-column br-0111 p-5 particle-bg anims-fadein-up has-primary-background-color has-background is-layout-flow wp-block-column-is-layout-flow\">\n<h2 class=\"wp-block-heading has-white-color has-text-color\">Saiba mais sobre <br><strong>NeuronUP<\/strong><\/h2>\n\n\n\n<div class=\"wp-block-buttons is-layout-flex wp-block-buttons-is-layout-flex\">\n<div class=\"wp-block-button--1\" style=\"--button-outline-color:var(--color-white);--button-outline-color-hover:rgba(0,0,0,0.8);\"><a class=\"wp-block-button__link button button-outline   wp-element-button\" href=\"https:\/\/neuronup.com\/br\/solicitacao-informacao\/\">Solicitar Informa\u00e7\u00f5es<\/a><\/div>\n\n<\/div>\n<\/div>\n\n\n\n<div class=\"wp-block-column br-0111 p-5 particle-bg anims-fadein-up has-primary-background-color has-background is-layout-flow wp-block-column-is-layout-flow\">\n<h2 class=\"wp-block-heading has-white-color has-text-color\">Experimente Gratuitamente<\/h2>\n\n\n\n<p class=\"has-white-color has-text-color\">A plataforma que mais de <strong>4.500 profissionais<\/strong> utilizam todos os dias<\/p>\n\n\n\n<div class=\"wp-block-buttons is-layout-flex wp-block-buttons-is-layout-flex\">\n<div class=\"wp-block-button orange-button\" style=\"--button-background:var(--color-custom-1);--button-background-hover:#cc7e00;\"><a class=\"wp-block-button__link button   wp-element-button\" href=\"https:\/\/neuronup.com\/br\/landing-store-user\/\">Solicitar Teste<img decoding=\"async\" class=\"wp-image-18719\" style=\"width: 8px;\" src=\"\/wp-content\/uploads\/2022\/v3\/icon_rightArrow-white.svg\"><\/a><\/div>\n\n<\/div>\n<\/div>\n<\/div>\n<\/div><\/div>\n\n\n\n<h2 class=\"wp-block-heading\"><strong>O que \u00e9 a estimula\u00e7\u00e3o sensorial?: fundamento e caracter\u00edsticas principais.<\/strong><\/h2>\n\n\n\n<p>A estimula\u00e7\u00e3o sensorial para pacientes com transtornos de consci\u00eancia \u00e9 uma metodologia direcionada a <strong>promover o <em>arousal<\/em><\/strong> e a resposta comportamental desses pacientes por meio da <strong>aplica\u00e7\u00e3o de est\u00edmulos ambientais<\/strong>[13], de modo que, ao fornecer informa\u00e7\u00e3o sensorial gradativamente ao seu sistema nervoso, fa\u00e7amos com que o paciente realize alguma a\u00e7\u00e3o, no n\u00edvel em que ele possa responder[7].<\/p>\n\n\n\n<p>Para isso, utiliza-se <strong>cheiros e sabores<\/strong> diferentes de intensidade moderada a alta, <strong>sons verbais e n\u00e3o verbais<\/strong> (entre estes \u00faltimos, ru\u00eddo branco ou m\u00fasica), est\u00edmulos visuais (objetos, fotografias) e <strong>est\u00edmulos t\u00e1teis<\/strong> (contato f\u00edsico, sentir o pr\u00f3prio corpo, objetos de diferentes texturas, deslocar um objeto etc.)[7].<\/p>\n\n\n\n<p>Embora tenham sido adotadas diferentes vers\u00f5es e procedimentos dentro desse m\u00e9todo, estes coincidem invariavelmente nas seguintes caracter\u00edsticas [2]:<\/p>\n\n\n\n<ul class=\"wp-block-list\">\n<li>Os est\u00edmulos apresentados s\u00e3o <strong>simples<\/strong>,<\/li>\n\n\n\n<li>com uma <strong>intensidade de moderada a alta<\/strong>,<\/li>\n\n\n\n<li>possivelmente t\u00eam um <strong>conte\u00fado autobiogr\u00e1fico e\/ou emocional<\/strong>,<\/li>\n\n\n\n<li>s\u00e3o apresentados <strong>repetida e frequentemente<\/strong>,<\/li>\n\n\n\n<li>s\u00e3o administrados por <strong>m\u00faltiplos canais sensoriais.<\/strong><\/li>\n<\/ul>\n\n\n\n<p>A estimula\u00e7\u00e3o sensorial \u00e9 uma <strong>metodologia pouco invasiva<\/strong>, que n\u00e3o implica perigo, econ\u00f4mica e f\u00e1cil de aplicar, raz\u00f5es pelas quais continua sendo um m\u00e9todo de reabilita\u00e7\u00e3o atraente [14]. No entanto, como mencionado acima, sua base te\u00f3rica n\u00e3o foi claramente definida no passado e, em geral, existem resultados contradit\u00f3rios sobre sua efetividade que tornam necess\u00e1ria a investiga\u00e7\u00e3o adicional de seus procedimentos com uma metodologia mais controlada [3, 4, 5, 6], assim como a atualiza\u00e7\u00e3o de suas caracter\u00edsticas com base no conhecimento atual[2].<\/p>\n\n\n\n<h2 class=\"wp-block-heading\"><strong>Novas propostas em estimula\u00e7\u00e3o sensorial para os transtornos de consci\u00eancia<\/strong><\/h2>\n\n\n\n<p>Abbate et al.[2] avaliaram as principais caracter\u00edsticas do m\u00e9todo de estimula\u00e7\u00e3o padr\u00e3o e apresentam uma <strong>proposta atualizada<\/strong> que inclui algumas modifica\u00e7\u00f5es. Suas propostas s\u00e3o:<\/p>\n\n\n\n<h3 class=\"wp-block-heading\"><strong>Estimula\u00e7\u00e3o complexa, incluindo est\u00edmulos estruturados e significativos<\/strong><\/h3>\n\n\n\n<p>Como assinalam os autores, nos protocolos padr\u00e3o de estimula\u00e7\u00e3o sensorial costuma-se utilizar <strong>estimula\u00e7\u00f5es simples<\/strong> e frequentemente sem significado (descontextualizadas), seguindo a hip\u00f3tese t\u00e1cita de que pacientes com transtornos de consci\u00eancia t\u00eam capacidades de aten\u00e7\u00e3o reduzidas e, portanto, est\u00edmulos simples s\u00e3o mais adequados por serem mais f\u00e1ceis de processar cognitivamente.<\/p>\n\n\n\n<p>No entanto, estudos recentes indicam que esses pacientes podem participar de tarefas estruturadas e podem ter preservado respostas complexas, o que sugere que mant\u00eam<strong> \u201cilhas de funcionamento cognitivo de alto n\u00edvel\u201d<\/strong> preservadas.<\/p>\n\n\n\n<p>Com base nesses achados, os autores prop\u00f5em que o objetivo dos futuros protocolos seja a estimula\u00e7\u00e3o dessas <strong>fun\u00e7\u00f5es cognitivas isoladas<\/strong>, por\u00e9m preservadas de alto n\u00edvel, para o que est\u00edmulos complexos poderiam se mostrar mais eficientes do que os simples.<\/p>\n\n\n\n<h3 class=\"wp-block-heading\"><strong>Evitar alta frequ\u00eancia e repeti\u00e7\u00e3o dos est\u00edmulos<\/strong><\/h3>\n\n\n\n<p>Geralmente, os programas padr\u00e3o consistem em apresentar uma <strong>estimula\u00e7\u00e3o simples, repetitiva, frequente e de intensidade moderada a alta<\/strong>.<\/p>\n\n\n\n<p>Os autores destacam que esse procedimento \u00e9 contr\u00e1rio aos objetivos de estimula\u00e7\u00e3o dos processos cognitivos, pois pode ocorrer uma resposta de <strong>habitua\u00e7\u00e3o<\/strong>, que, como lembram, consiste em <em>uma diminui\u00e7\u00e3o da resposta neuronal e comportamental resultante da estimula\u00e7\u00e3o repetida<\/em>.<\/p>\n\n\n\n<p>Portanto, prop\u00f5em evitar tanto a repeti\u00e7\u00e3o quanto a alta frequ\u00eancia de apresenta\u00e7\u00e3o dos est\u00edmulos, pois tamb\u00e9m <em>uma estimula\u00e7\u00e3o mais frequente resulta em uma <strong>diminui\u00e7\u00e3o da resposta mais r\u00e1pida e\/ou mais pronunciada<\/strong><\/em>.<\/p>\n\n\n\n<h3 class=\"wp-block-heading\"><strong>Administrar est\u00edmulos de intensidade apropriada, intercalados ocasionalmente com est\u00edmulos de alta intensidade<\/strong><\/h3>\n\n\n\n<p>Quanto \u00e0 intensidade, a <strong>vantagem da estimula\u00e7\u00e3o intensa<\/strong> (est\u00edmulos de in\u00edcio abrupto e alta energia) \u00e9 que ela desperta a aten\u00e7\u00e3o facilmente; no entanto, diante dos resultados mistos apresentados pela pesquisa a esse respeito, os autores questionam se a estimula\u00e7\u00e3o intensa tamb\u00e9m pode induzir habitua\u00e7\u00e3o ou n\u00e3o, por isso prop\u00f5em <strong>intercalar estimula\u00e7\u00e3o de intensidade adequada<\/strong> (por isso, eu entendo, de intensidade natural) <strong>com est\u00edmulos intensos de forma ocasional<\/strong>.<\/p>\n\n\n\n<h3 class=\"wp-block-heading\"><strong>Estimula\u00e7\u00e3o multisensorial integrada e simult\u00e2nea<\/strong><\/h3>\n\n\n\n<p>Um protocolo t\u00edpico de estimula\u00e7\u00e3o sensorial geralmente envolve a<strong> estimula\u00e7\u00e3o de muitas modalidades sensoriais diferentes<\/strong> (visual, auditiva, t\u00e1til etc.), raz\u00e3o pela qual costuma ser definido como <em>multimodal<\/em>. No entanto, os est\u00edmulos utilizados s\u00e3o de uma \u00fanica modalidade, estimulando cada canal sensorial separadamente. Assim, a estimula\u00e7\u00e3o praticada n\u00e3o \u00e9 realmente multisensorial, uma vez que diferentes est\u00edmulos <em>unimodais<\/em> s\u00e3o administrados em s\u00e9rie.<\/p>\n\n\n\n<p>Como indicam os autores, a pesquisa recente em <strong>integra\u00e7\u00e3o multissensorial<\/strong> aponta que a <strong>aten\u00e7\u00e3o<\/strong> tende a se orientar mais facilmente para os inputs ou entradas sensoriais que possuem propriedades multissensoriais e que isso ocorre <strong>automaticamente<\/strong>.<\/p>\n\n\n\n<p>Al\u00e9m disso, tamb\u00e9m fazem refer\u00eancia a diversos estudos neurofisiol\u00f3gicos que sugerem que o processamento cerebral cortical \u00e9 multissensorial n\u00e3o apenas nos c\u00f3rtices associativos, mas tamb\u00e9m nos <strong>c\u00f3rtices prim\u00e1rios<\/strong>. Por isso, concluem que est\u00edmulos multissensoriais s\u00e3o uma op\u00e7\u00e3o melhor do que os unimodais, pois potencialmente s\u00e3o mais capazes de captar processos atencionais e as<a rel=\"noreferrer noopener\" href=\"https:\/\/neuronup.com\/es\/areas\/functions\" target=\"_blank\"> <\/a>fun\u00e7\u00f5es cognitivas de alto n\u00edvel preservadas isoladamente em pacientes com transtornos globais de consci\u00eancia.<\/p>\n\n\n\n<h3 class=\"wp-block-heading\"><strong>Est\u00edmulos emocionais<\/strong><\/h3>\n\n\n\n<p>Baseando-se em estudos publicados desde 2005, os autores concluem que o uso de est\u00edmulos emocionais continua sendo uma op\u00e7\u00e3o valiosa nos procedimentos de estimula\u00e7\u00e3o sensorial.<\/p>\n\n\n\n<p>Em concreto, eles apresentam achados sobre:<\/p>\n\n\n\n<ul class=\"wp-block-list\">\n<li>O <strong>acesso priorit\u00e1rio<\/strong> que a informa\u00e7\u00e3o emocional tem \u00e0 cogni\u00e7\u00e3o (aten\u00e7\u00e3o e consci\u00eancia)<\/li>\n\n\n\n<li><strong>seu melhor recorda\u00e7\u00e3o em rela\u00e7\u00e3o \u00e0 informa\u00e7\u00e3o sem conte\u00fado emocional<\/strong>,<\/li>\n\n\n\n<li>sua influ\u00eancia em representa\u00e7\u00f5es de alto n\u00edvel, como pensamentos e a\u00e7\u00f5es,<\/li>\n\n\n\n<li>sobre a poss\u00edvel facilita\u00e7\u00e3o da integra\u00e7\u00e3o do processamento emocional com <strong>processos cognitivos <em>top-down<\/em><\/strong>, como aten\u00e7\u00e3o, contexto da tarefa e consci\u00eancia.<\/li>\n<\/ul>\n\n\n\n<h3 class=\"wp-block-heading\"><strong>Est\u00edmulos com conte\u00fado autobiogr\u00e1fico<\/strong><\/h3>\n\n\n\n<p>Os est\u00edmulos com conte\u00fado autobiogr\u00e1fico tamb\u00e9m contam com o respaldo da pesquisa recente para serem considerados op\u00e7\u00f5es adequadas, pois, com base nas evid\u00eancias apontadas, promoveriam <strong>a integra\u00e7\u00e3o que favorece a consci\u00eancia<\/strong> e teriam as mesmas vantagens do processamento emocional.<\/p>\n\n\n\n<p>Em particular, as mem\u00f3rias autobiogr\u00e1ficas ativam uma <strong>ampla rede de regi\u00f5es cerebrais<\/strong> e com isso <strong>diversos sistemas de mem\u00f3ria<\/strong> (epis\u00f3dica, sem\u00e2ntica pessoal) e outros processos (imag\u00e9tica visual, autorrefer\u00eancia, processos emocionais e de controle executivo), o que sugere que essas mem\u00f3rias facilitam a integra\u00e7\u00e3o da informa\u00e7\u00e3o.<\/p>\n\n\n\n<p>Tamb\u00e9m foi proposta uma estreita rela\u00e7\u00e3o entre a <strong>mem\u00f3ria epis\u00f3dica<\/strong> e um <strong>alto n\u00edvel de consci\u00eancia<\/strong> (n\u00edvel <em>autono\u00e9tico<\/em>) como mecanismo de facilita\u00e7\u00e3o da consci\u00eancia.<\/p>\n\n\n\n<h3 class=\"wp-block-heading\"><strong>Estimular as respostas pedindo ao paciente que realize a\u00e7\u00f5es<\/strong><\/h3>\n\n\n\n<p>Os protocolos padr\u00e3o de estimula\u00e7\u00e3o sensorial costumam-se limitar a estimular a percep\u00e7\u00e3o ou, na melhor das hip\u00f3teses, a<a rel=\"noreferrer noopener\" href=\"https:\/\/neuronup.com\/es\/areas\/functions\/memory\" target=\"_blank\"> <\/a>mem\u00f3ria e o processamento emocional associado a alguns est\u00edmulos.<\/p>\n\n\n\n<p>Com base em <strong>estudos de neuroimagem funcional e neurofisiol\u00f3gicos<\/strong> que recentemente informaram que um subconjunto de pacientes com transtornos de consci\u00eancia exibe <strong>\u201crespostas encobertas\u201d<\/strong>, os autores sugerem que pode ser ben\u00e9fico solicitar ao paciente, durante a sess\u00e3o, que realize a\u00e7\u00f5es complexas, de forma que, al\u00e9m de estimular seu <em>arousal<\/em>, estimulemos tamb\u00e9m condutas definidas, por meio de repeti\u00e7\u00f5es e exerc\u00edcios.<\/p>\n\n\n\n<p>Embora as evid\u00eancias indiquem que praticamente cada experi\u00eancia (incluindo percep\u00e7\u00e3o) tem o <strong>potencial de modificar o c\u00e9rebro e produzir mudan\u00e7as duradouras<\/strong>, essa plasticidade em muitos casos \u00e9 espec\u00edfica. Por isso, a estimula\u00e7\u00e3o limitada \u00e0 percep\u00e7\u00e3o poderia induzir <strong>mudan\u00e7as restritas<\/strong>, enquanto se esperariam resultados maiores ao estimular tanto o processamento de entrada ou perceptivo quanto o de sa\u00edda ou a\u00e7\u00e3o.<\/p>\n\n\n\n<p>Al\u00e9m disso, foi proposta uma <strong>teoria da representa\u00e7\u00e3o da a\u00e7\u00e3o<\/strong> que considera a a\u00e7\u00e3o como o n\u00facleo das redes representacionais mais importantes (com o que, os autores sugerem que a abordagem das a\u00e7\u00f5es, al\u00e9m das percep\u00e7\u00f5es, poderia promover a integra\u00e7\u00e3o).<\/p>\n\n\n\n<h3 class=\"wp-block-heading\"><strong>A\u00e7\u00f5es naturalistas e din\u00e2micas em um contexto real ou virtual<\/strong><\/h3>\n\n\n\n<p>Os contextos em que costumam ocorrer as sess\u00f5es de estimula\u00e7\u00e3o (cl\u00ednicos) geralmente s\u00e3o artificiais, levando o terapeuta a utilizar <strong>est\u00edmulos simples e repetitivos<\/strong> e administr\u00e1-los de forma controlada, de modo semelhante ao que se faria em um laborat\u00f3rio. Al\u00e9m de serem est\u00edmulos sem relev\u00e2ncia emocional nem conte\u00fado autogr<\/p>\n<div class=\"mai-grid entries entries-grid has-boxed has-image-full\" style=\"--entry-title-font-size:var(--font-size-lg);--align-text:start;--entry-meta-text-align:start;\"><div class=\"entries-wrap has-columns\" style=\"--columns-xs:1\/1;--columns-sm:1\/1;--columns-md:1\/3;--columns-lg:1\/3;--flex-xs:0 0 var(--flex-basis);--flex-sm:0 0 var(--flex-basis);--flex-md:0 0 var(--flex-basis);--flex-lg:0 0 var(--flex-basis);--column-gap:var(--spacing-lg);--row-gap:var(--spacing-lg);--align-columns:start;\"><article class=\"entry entry-grid is-column has-entry-link has-image has-image-first type-post category-de-atencao tag-adultos tag-atencao tag-atividades-de-estimulacao-cognitiva tag-atividades-de-estimulacao-cognitiva-para-adultos tag-noticias-da-neuronup\" style=\"--entry-index:1;\" aria-label=\"Ficha para trabalhar a velocidade de processamento em adultos: Fora ou dentro\" itemscope itemtype=\"https:\/\/schema.org\/CreativeWork\"><a class=\"entry-image-link\" href=\"https:\/\/neuronup.com\/br\/atividades-de-neurorreabilitacao\/para-funcoes-cognitivas\/de-atencao\/ficha-para-trabalhar-a-velocidade-de-processamento-em-adultos-fora-ou-dentro\/\" tabindex=\"-1\" aria-hidden=\"true\"><img decoding=\"async\" width=\"400\" height=\"271\" src=\"https:\/\/neuronup.com\/br\/wp-content\/uploads\/2023\/07\/Captura-de-pantalla-2023-07-05-a-las-12.12.47.webp\" class=\"entry-image size-landscape-sm\" alt=\"Desenho abstrato com linhas curvas, padr\u00e3o complexo; centro azul e \u00e0 direita as palavras &#039;dentro&#039; e &#039;fuera&#039;, indicam tema.\" srcset=\"https:\/\/neuronup.com\/br\/wp-content\/uploads\/2023\/07\/Captura-de-pantalla-2023-07-05-a-las-12.12.47-300x203.webp 300w, https:\/\/neuronup.com\/br\/wp-content\/uploads\/2023\/07\/Captura-de-pantalla-2023-07-05-a-las-12.12.47-768x520.webp 768w, https:\/\/neuronup.com\/br\/wp-content\/uploads\/2023\/07\/Captura-de-pantalla-2023-07-05-a-las-12.12.47-1024x693.webp 1024w, https:\/\/neuronup.com\/br\/wp-content\/uploads\/2023\/07\/Captura-de-pantalla-2023-07-05-a-las-12.12.47.webp 1256w\" sizes=\"(max-width:599px) 599px, (min-width:600px) and (max-width: 799px) 799px, (min-width:800px) and (max-width: 999px) 333px, (min-width:1000px) 400px\" \/><\/a><div class=\"entry-wrap entry-wrap-grid\"><h3 class=\"entry-title\" itemprop=\"headline\"><a class=\"entry-title-link\" href=\"https:\/\/neuronup.com\/br\/atividades-de-neurorreabilitacao\/para-funcoes-cognitivas\/de-atencao\/ficha-para-trabalhar-a-velocidade-de-processamento-em-adultos-fora-ou-dentro\/\" rel=\"bookmark\">Ficha para trabalhar a velocidade de processamento em adultos: Fora ou dentro<\/a><\/h3>\n<\/div><\/article><article class=\"entry entry-grid is-column has-entry-link has-image has-image-first type-post category-esclerose-multipla tag-doencas-neurodegenerativas tag-esclerose-multipla tag-estimulacao-cognitiva tag-semana-do-cerebro\" style=\"--entry-index:2;\" aria-label=\"Reabilita\u00e7\u00e3o cognitiva em pacientes com esclerose m\u00faltipla: estrat\u00e9gias para melhorar a qualidade de vida\" itemscope itemtype=\"https:\/\/schema.org\/CreativeWork\"><a class=\"entry-image-link\" href=\"https:\/\/neuronup.com\/br\/noticias-de-estimulacao-cognitiva\/doencas-neurodegenerativas\/esclerose-multipla\/reabilitacao-cognitiva-em-pacientes-com-esclerose-multipla-estrategias-para-melhorar-a-qualidade-de-vida\/\" tabindex=\"-1\" aria-hidden=\"true\"><img decoding=\"async\" width=\"400\" height=\"300\" src=\"https:\/\/neuronup.com\/br\/wp-content\/uploads\/2025\/03\/Rehabilitacion-cognitiva-en-pacientes-con-esclerosis-multiple-estrategias-para-mejorar-la-calidad-de-vida-400x300.webp\" class=\"entry-image size-landscape-sm\" alt=\"M\u00e3os entrela\u00e7adas: idoso com roup\u00e3o azul com padr\u00e3o recebe apoio de profissional com luva azul, sinal de cuidado em ambiente cl\u00ednico.\" srcset=\"https:\/\/neuronup.com\/br\/wp-content\/uploads\/2025\/03\/Rehabilitacion-cognitiva-en-pacientes-con-esclerosis-multiple-estrategias-para-mejorar-la-calidad-de-vida-400x300.webp 400w, https:\/\/neuronup.com\/br\/wp-content\/uploads\/2025\/03\/Rehabilitacion-cognitiva-en-pacientes-con-esclerosis-multiple-estrategias-para-mejorar-la-calidad-de-vida-800x600.webp 800w\" sizes=\"(max-width:599px) 599px, (min-width:600px) and (max-width: 799px) 799px, (min-width:800px) and (max-width: 999px) 333px, (min-width:1000px) 400px\" \/><\/a><div class=\"entry-wrap entry-wrap-grid\"><h3 class=\"entry-title\" itemprop=\"headline\"><a class=\"entry-title-link\" href=\"https:\/\/neuronup.com\/br\/noticias-de-estimulacao-cognitiva\/doencas-neurodegenerativas\/esclerose-multipla\/reabilitacao-cognitiva-em-pacientes-com-esclerose-multipla-estrategias-para-melhorar-a-qualidade-de-vida\/\" rel=\"bookmark\">Reabilita\u00e7\u00e3o cognitiva em pacientes com esclerose m\u00faltipla: estrat\u00e9gias para melhorar a qualidade de vida<\/a><\/h3>\n<\/div><\/article><article class=\"entry entry-grid is-column has-entry-link has-image has-image-first type-post category-sindrome-de-down tag-deficiencia-intelectual tag-depoimentos tag-sindrome-de-down tag-telerreabilitacao\" style=\"--entry-index:3;\" aria-label=\"Down Madrid conta sua experi\u00eancia com a telerreabilita\u00e7\u00e3o\" itemscope itemtype=\"https:\/\/schema.org\/CreativeWork\"><a class=\"entry-image-link\" href=\"https:\/\/neuronup.com\/br\/noticias-de-estimulacao-cognitiva\/deficiencia-intelectual\/sindrome-de-down\/down-madrid-conta-sua-experiencia-com-a-telerreabilitacao\/\" tabindex=\"-1\" aria-hidden=\"true\"><img decoding=\"async\" width=\"400\" height=\"300\" src=\"https:\/\/neuronup.com\/br\/wp-content\/uploads\/2024\/12\/Down-Madrid.-Criancas-trabalhando-com-a-NeuronUP.-1-400x300.webp\" class=\"entry-image size-landscape-sm\" alt=\"Duas pessoas sentadas frente a computadores em sala de inform\u00e1tica, com fones de ouvido, mouses, e telas exibindo atividades.\" srcset=\"https:\/\/neuronup.com\/br\/wp-content\/uploads\/2024\/12\/Down-Madrid.-Criancas-trabalhando-com-a-NeuronUP.-1-400x300.webp 400w, https:\/\/neuronup.com\/br\/wp-content\/uploads\/2024\/12\/Down-Madrid.-Criancas-trabalhando-com-a-NeuronUP.-1-800x600.webp 800w\" sizes=\"(max-width:599px) 599px, (min-width:600px) and (max-width: 799px) 799px, (min-width:800px) and (max-width: 999px) 333px, (min-width:1000px) 400px\" \/><\/a><div class=\"entry-wrap entry-wrap-grid\"><h3 class=\"entry-title\" itemprop=\"headline\"><a class=\"entry-title-link\" href=\"https:\/\/neuronup.com\/br\/noticias-de-estimulacao-cognitiva\/deficiencia-intelectual\/sindrome-de-down\/down-madrid-conta-sua-experiencia-com-a-telerreabilitacao\/\" rel=\"bookmark\">Down Madrid conta sua experi\u00eancia com a telerreabilita\u00e7\u00e3o<\/a><\/h3>\n<\/div><\/article><article class=\"entry entry-grid is-column has-entry-link has-image has-image-first type-post category-transtornos-do-desenvolvimento tag-autismo tag-tdah tag-transtornos-do-desenvolvimento\" style=\"--entry-index:4;\" aria-label=\"Neurodesenvolvimento: compreender o diagn\u00f3stico do Transtorno do Espectro Autista (TEA) e do Transtorno de D\u00e9ficit de Aten\u00e7\u00e3o e Hiperatividade (TDAH)\" itemscope itemtype=\"https:\/\/schema.org\/CreativeWork\"><a class=\"entry-image-link\" href=\"https:\/\/neuronup.com\/br\/noticias-de-estimulacao-cognitiva\/transtornos-do-desenvolvimento\/neurodesenvolvimento-compreender-o-diagnostico-do-transtorno-do-espectro-autista-tea-e-do-transtorno-de-deficit-de-atencao-e-hiperatividade-tdah\/\" tabindex=\"-1\" aria-hidden=\"true\"><img decoding=\"async\" width=\"400\" height=\"300\" src=\"https:\/\/neuronup.com\/br\/wp-content\/uploads\/2024\/12\/TEA-e-TDAH-compreendendo-o-diagnostico-dos-transtornos-do-neurodesenvolvimento-400x300.webp\" class=\"entry-image size-landscape-sm\" alt=\"Pessoa em frente ao computador, monitor com c\u00e9rebro, estruturas de DNA e gr\u00e1ficos; telefone na m\u00e3o, ambiente de laborat\u00f3rio.\" srcset=\"https:\/\/neuronup.com\/br\/wp-content\/uploads\/2024\/12\/TEA-e-TDAH-compreendendo-o-diagnostico-dos-transtornos-do-neurodesenvolvimento-400x300.webp 400w, https:\/\/neuronup.com\/br\/wp-content\/uploads\/2024\/12\/TEA-e-TDAH-compreendendo-o-diagnostico-dos-transtornos-do-neurodesenvolvimento-800x600.webp 800w\" sizes=\"(max-width:599px) 599px, (min-width:600px) and (max-width: 799px) 799px, (min-width:800px) and (max-width: 999px) 333px, (min-width:1000px) 400px\" \/><\/a><div class=\"entry-wrap entry-wrap-grid\"><h3 class=\"entry-title\" itemprop=\"headline\"><a class=\"entry-title-link\" href=\"https:\/\/neuronup.com\/br\/noticias-de-estimulacao-cognitiva\/transtornos-do-desenvolvimento\/neurodesenvolvimento-compreender-o-diagnostico-do-transtorno-do-espectro-autista-tea-e-do-transtorno-de-deficit-de-atencao-e-hiperatividade-tdah\/\" rel=\"bookmark\">Neurodesenvolvimento: compreender o diagn\u00f3stico do Transtorno do Espectro Autista (TEA) e do Transtorno de D\u00e9ficit de Aten\u00e7\u00e3o e Hiperatividade (TDAH)<\/a><\/h3>\n<\/div><\/article><article class=\"entry entry-grid is-column has-entry-link has-image has-image-first type-post category-de-orientacao tag-orientacao\" style=\"--entry-index:5;\" aria-label=\"Orienta\u00e7\u00e3o: defini\u00e7\u00e3o, tipos e atividades de orienta\u00e7\u00e3o\" itemscope itemtype=\"https:\/\/schema.org\/CreativeWork\"><a class=\"entry-image-link\" href=\"https:\/\/neuronup.com\/br\/atividades-de-neurorreabilitacao\/para-funcoes-cognitivas\/de-orientacao\/orientacao-definicao-tipos-e-atividades-de-orientacao\/\" tabindex=\"-1\" aria-hidden=\"true\"><img decoding=\"async\" width=\"400\" height=\"300\" src=\"https:\/\/neuronup.com\/br\/wp-content\/uploads\/2022\/06\/NeuronUP-Jogo-Objetos-no-lugar-400x300.webp\" class=\"entry-image size-landscape-sm\" alt=\"Quarto decorado \u00e0 esquerda e jardim \u00e0 direita; \u00edcones de m\u00f3veis\/jardinagem na base e barra de bot\u00f5es para intera\u00e7\u00e3o.\" srcset=\"https:\/\/neuronup.com\/br\/wp-content\/uploads\/2022\/06\/NeuronUP-Jogo-Objetos-no-lugar-300x225.webp 300w, https:\/\/neuronup.com\/br\/wp-content\/uploads\/2022\/06\/NeuronUP-Jogo-Objetos-no-lugar-400x300.webp 400w, https:\/\/neuronup.com\/br\/wp-content\/uploads\/2022\/06\/NeuronUP-Jogo-Objetos-no-lugar-768x576.webp 768w, https:\/\/neuronup.com\/br\/wp-content\/uploads\/2022\/06\/NeuronUP-Jogo-Objetos-no-lugar-800x600.webp 800w, https:\/\/neuronup.com\/br\/wp-content\/uploads\/2022\/06\/NeuronUP-Jogo-Objetos-no-lugar-1024x768.webp 1024w, https:\/\/neuronup.com\/br\/wp-content\/uploads\/2022\/06\/NeuronUP-Jogo-Objetos-no-lugar.webp 1200w\" sizes=\"(max-width:599px) 599px, (min-width:600px) and (max-width: 799px) 799px, (min-width:800px) and (max-width: 999px) 333px, (min-width:1000px) 400px\" \/><\/a><div class=\"entry-wrap entry-wrap-grid\"><h3 class=\"entry-title\" itemprop=\"headline\"><a class=\"entry-title-link\" href=\"https:\/\/neuronup.com\/br\/atividades-de-neurorreabilitacao\/para-funcoes-cognitivas\/de-orientacao\/orientacao-definicao-tipos-e-atividades-de-orientacao\/\" rel=\"bookmark\">Orienta\u00e7\u00e3o: defini\u00e7\u00e3o, tipos e atividades de orienta\u00e7\u00e3o<\/a><\/h3>\n<\/div><\/article><article class=\"entry entry-grid is-column has-entry-link has-image has-image-first type-post category-sindrome-de-down tag-deficiencia-intelectual tag-sindrome-de-down\" style=\"--entry-index:6;\" aria-label=\"S\u00edndrome de Down: o que \u00e9, n\u00fameros, mitos e verdades\" itemscope itemtype=\"https:\/\/schema.org\/CreativeWork\"><a class=\"entry-image-link\" href=\"https:\/\/neuronup.com\/br\/noticias-de-estimulacao-cognitiva\/deficiencia-intelectual\/sindrome-de-down\/sindrome-de-down-o-que-e-cifras-mitos-e-verdades\/\" tabindex=\"-1\" aria-hidden=\"true\"><img decoding=\"async\" width=\"400\" height=\"267\" src=\"https:\/\/neuronup.com\/br\/wp-content\/uploads\/2022\/02\/people-with-down-syndrome-cute-bonding-WMX5BHK-655x437-1-1-1.webp\" class=\"entry-image size-landscape-sm\" alt=\"Homem e menina sentados em tronco de \u00e1rvore no parque, sorrindo juntos, ambiente natural com \u00e1rvores e grama.\" srcset=\"https:\/\/neuronup.com\/br\/wp-content\/uploads\/2022\/02\/people-with-down-syndrome-cute-bonding-WMX5BHK-655x437-1-1-1-300x200.webp 300w, https:\/\/neuronup.com\/br\/wp-content\/uploads\/2022\/02\/people-with-down-syndrome-cute-bonding-WMX5BHK-655x437-1-1-1.webp 767w\" sizes=\"(max-width:599px) 599px, (min-width:600px) and (max-width: 799px) 799px, (min-width:800px) and (max-width: 999px) 333px, (min-width:1000px) 400px\" \/><\/a><div class=\"entry-wrap entry-wrap-grid\"><h3 class=\"entry-title\" itemprop=\"headline\"><a class=\"entry-title-link\" href=\"https:\/\/neuronup.com\/br\/noticias-de-estimulacao-cognitiva\/deficiencia-intelectual\/sindrome-de-down\/sindrome-de-down-o-que-e-cifras-mitos-e-verdades\/\" rel=\"bookmark\">S\u00edndrome de Down: o que \u00e9, n\u00fameros, mitos e verdades<\/a><\/h3>\n<\/div><\/article><\/div><\/div>","protected":false},"excerpt":{"rendered":"<p>A neuropsic\u00f3loga Lidia Garc\u00eda P\u00e9rez explica as novas propostas em estimula\u00e7\u00e3o sensorial para os transtornos de consci\u00eancia. Os programas de estimula\u00e7\u00e3o sensorial t\u00eam uma longa hist\u00f3ria de uso em neurorreabilita\u00e7\u00e3o, sendo uma das op\u00e7\u00f5es terap\u00eauticas mais utilizadas na abordagem dos transtornos globais de consci\u00eancia ap\u00f3s uma les\u00e3o cerebral grave[1]. A ideia na qual se baseiam &hellip;<\/p>\n","protected":false},"author":217,"featured_media":23023,"comment_status":"open","ping_status":"closed","sticky":false,"template":"","format":"standard","meta":{"_acf_changed":false,"_genesis_hide_title":false,"_genesis_hide_breadcrumbs":false,"_genesis_hide_singular_image":false,"_genesis_hide_footer_widgets":false,"_genesis_custom_body_class":"","_genesis_custom_post_class":"","_genesis_layout":"","footnotes":""},"categories":[686],"tags":[599],"class_list":{"2":"type-post","7":"category-cerebro","8":"tag-cerebro","9":"entry"},"acf":[],"_links":{"self":[{"href":"https:\/\/neuronup.com\/br\/wp-json\/wp\/v2\/posts\/22994","targetHints":{"allow":["GET"]}}],"collection":[{"href":"https:\/\/neuronup.com\/br\/wp-json\/wp\/v2\/posts"}],"about":[{"href":"https:\/\/neuronup.com\/br\/wp-json\/wp\/v2\/types\/post"}],"author":[{"embeddable":true,"href":"https:\/\/neuronup.com\/br\/wp-json\/wp\/v2\/users\/217"}],"replies":[{"embeddable":true,"href":"https:\/\/neuronup.com\/br\/wp-json\/wp\/v2\/comments?post=22994"}],"version-history":[{"count":0,"href":"https:\/\/neuronup.com\/br\/wp-json\/wp\/v2\/posts\/22994\/revisions"}],"wp:featuredmedia":[{"embeddable":true,"href":"https:\/\/neuronup.com\/br\/wp-json\/wp\/v2\/media\/23023"}],"wp:attachment":[{"href":"https:\/\/neuronup.com\/br\/wp-json\/wp\/v2\/media?parent=22994"}],"wp:term":[{"taxonomy":"category","embeddable":true,"href":"https:\/\/neuronup.com\/br\/wp-json\/wp\/v2\/categories?post=22994"},{"taxonomy":"post_tag","embeddable":true,"href":"https:\/\/neuronup.com\/br\/wp-json\/wp\/v2\/tags?post=22994"}],"curies":[{"name":"wp","href":"https:\/\/api.w.org\/{rel}","templated":true}]}}