{"id":22917,"date":"2025-12-07T11:26:14","date_gmt":"2025-12-07T11:26:14","guid":{"rendered":"https:\/\/neuronup.com\/?p=22917"},"modified":"2025-12-07T11:26:14","modified_gmt":"2025-12-07T11:26:14","slug":"heminegligencia-espacial-a-metade-de-tudo","status":"publish","type":"post","link":"https:\/\/neuronup.com\/br\/noticias-de-estimulacao-cognitiva\/heminegligencia-espacial-a-metade-de-tudo\/","title":{"rendered":"Hemineglig\u00eancia espacial: Metade de tudo"},"content":{"rendered":"\n<p class=\"has-xl-font-size\">A neuropsic\u00f3loga L\u00eddia Garc\u00eda P\u00e9rez explica neste artigo o que \u00e9 a <strong>hemineglig\u00eancia espacial<\/strong><\/p>\n\n\n\n<p>Quantas vezes voc\u00ea foi \u00e0 geladeira ou a um arm\u00e1rio procurando algo espec\u00edfico e, mesmo tendo o que procurava bem \u00e0 sua frente, n\u00e3o o via? Se isso j\u00e1 aconteceu com voc\u00ea alguma vez, \u00e9 prov\u00e1vel que ao encontr\u00e1-lo tenha se surpreendido por n\u00e3o t\u00ea-lo visto antes. \u2014 Mas antes ele n\u00e3o estava l\u00e1&#8230; \u2014 voc\u00ea pensa.<\/p>\n\n\n\n<p>Uma sensa\u00e7\u00e3o parecida \u00e9 a que costumam descrever as pessoas que<strong> sofrem de <em>hemineglig\u00eancia espacial<\/em><\/strong>, em certas situa\u00e7\u00f5es nas quais, <strong>ao mudar de posi\u00e7\u00e3o<\/strong> ou <strong>de perspectiva<\/strong>, de repente se d\u00e3o conta de um objeto que permaneceu no mesmo lugar o tempo todo e lhes passou despercebido [1].<\/p>\n\n\n\n<h2 class=\"wp-block-heading\">A hemineglig\u00eancia espacial<\/h2>\n\n\n\n<p>A <strong><em>hemineglig\u00eancia espacial<\/em><\/strong> \u00e9 uma altera\u00e7\u00e3o da <strong>aten\u00e7\u00e3o<\/strong><em>,<\/em> que ocorre ap\u00f3s um dano cerebral adquirido e que <strong>impede as pessoas de se orientar<\/strong> e de responder aos est\u00edmulos ou objetos que ficam em uma das metades do espa\u00e7o (especificamente na metade oposta ao hemisf\u00e9rio cerebral lesionado), podendo atender aos est\u00edmulos que se encontram na outra metade [2,3].<\/p>\n\n\n\n<p>Embora a s\u00edndrome da hemineglig\u00eancia espacial ou <em>neglect<\/em> possa ocorrer por les\u00e3o do hemisf\u00e9rio esquerdo, os casos ap\u00f3s a <strong>les\u00e3o do hemisf\u00e9rio direito<\/strong> s\u00e3o mais frequentes e graves [2,3], e tem sido sugerido que a melhor descri\u00e7\u00e3o da hemineglig\u00eancia espacial \u00e9 uma <em>indiferen\u00e7a pelo lado esquerdo do mundo<\/em> [4].<\/p>\n\n\n\n<h3 class=\"wp-block-heading\">Hemineglig\u00eancia espacial por les\u00e3o direita<\/h3>\n\n\n\n<p>Uma pessoa com hemineglig\u00eancia espacial por les\u00e3o direita, <strong>n\u00e3o olha nem vira a cabe\u00e7a para a esquerda<\/strong>, <strong>nem atende a est\u00edmulos visuais, auditivos ou t\u00e1teis posicionados \u00e0 sua esquerda<\/strong> [3]. Assim, \u00e9 frequente que ela coma somente o lado direito do prato, desenhe apenas a metade direita dos objetos ao copi\u00e1-los, ou leia apenas metade das frases ou das palavras, sem apresentar qualquer d\u00e9ficit sensorial que o justifique [2,3].<\/p>\n\n\n\n<p>Em um <strong>estudo que exemplifica a natureza desse transtorno<\/strong> [5] mostrava-se aos pacientes um desenho de duas casas dispostas uma sobre a outra, que s\u00f3 se diferenciavam porque pela janela esquerda da casa de baixo sa\u00edam chamas e fuma\u00e7a. Ao perguntar aos pacientes se as casas eram iguais ou diferentes, respondiam que eram iguais; mas quando lhes perguntavam em qual delas prefeririam morar, escolhiam a casa que n\u00e3o estava em chamas, sem poder dar nenhuma raz\u00e3o em particular.<\/p>\n\n\n\n<p>Assim, esse estudo demonstrava que, na hemineglig\u00eancia espacial por les\u00e3o direita, o <strong>c\u00e9rebro percebe sim o hemispa\u00e7o esquerdo<\/strong>, mas, devido \u00e0 altera\u00e7\u00e3o no trajeto dessa informa\u00e7\u00e3o at\u00e9 as \u00e1reas cerebrais que permitem sua integra\u00e7\u00e3o na consci\u00eancia, o <strong>paciente n\u00e3o o percebe<\/strong>. Ou seja, trata-se de <strong>uma falha no processamento consciente da metade da informa\u00e7\u00e3o espacial<\/strong> e n\u00e3o de algum tipo de cegueira [5].<\/p>\n\n\n\n<h3 class=\"wp-block-heading\">A hemineglig\u00eancia afeta as representa\u00e7\u00f5es mentais do espa\u00e7o<\/h3>\n\n\n\n<p>Mas a hemineglig\u00eancia n\u00e3o ocorre apenas diante de informa\u00e7\u00f5es espaciais percebidas externamente, mas tamb\u00e9m afeta at\u00e9 as <strong>representa\u00e7\u00f5es mentais do espa\u00e7o<\/strong>. Em outro <strong>experimento cl\u00e1ssico<\/strong> [6], quando foi pedido aos pacientes que imaginassem que estavam em uma pra\u00e7a muito conhecida (a Piazza del Duomo de Mil\u00e3o) e a descrevessem, eles faziam refer\u00eancia apenas a detalhes da parte direita da pra\u00e7a e <strong>omit\u00edam os da parte esquerda<\/strong>.<\/p>\n\n\n\n<p>Para descartar que esse esquecimento se devia a um problema de mem\u00f3ria, pediu-se em seguida que eles imaginassem que <strong>se situavam no extremo oposto<\/strong> da pra\u00e7a e a descrevessem a partir dali. Eles detalhavam o que antes n\u00e3o tinham identificado, omitindo os detalhes da parte que agora ficava \u00e0 sua esquerda e que, quando estava \u00e0 sua direita, sim haviam descrito.<\/p>\n\n\n\n<p>A hemi-inaten\u00e7\u00e3o pode afetar tamb\u00e9m o <strong>esquema corporal<\/strong>, ou seja, um dos lados do pr\u00f3prio corpo, altera\u00e7\u00e3o que se denomina <strong><em>hemiasomatognosia<\/em><\/strong> [3]. Quando isso ocorre, as pessoas costumam maquiar-se ou fazer a barba em apenas metade do rosto, ou bater em objetos de um lado ao caminhar [3,4]<\/p>\n\n\n\n<p>O mais impressionante da hemi-inaten\u00e7\u00e3o \u00e9 que, nos <strong>casos mais graves<\/strong>, a pessoa afetada parece ter <strong>perdido o <em>conceito<\/em> de esquerda<\/strong>; enquanto em alguns casos, quando a aten\u00e7\u00e3o do paciente \u00e9 dirigida a um objeto situado no lado negligenciado, ele pode v\u00ea-lo e identific\u00e1-lo sem problemas [4], em outros, nem mesmo sugerindo \u201cmire para a esquerda\u201d parecem entender a que se refere quem o diz [1].<\/p>\n\n\n\n<div style=\"height:50px\" aria-hidden=\"true\" class=\"wp-block-spacer\"><\/div>\n\n\n\n<div class=\"wp-block-group br-0111 has-primary-background-color has-background has-dark-background has-sm-padding-top has-sm-padding-left has-sm-padding-right has-xxl-margin-top\"><div class=\"wp-block-group__inner-container is-layout-constrained wp-block-group-is-layout-constrained\">\n<div class=\"wp-block-columns is-layout-flex wp-container-core-columns-is-layout-9d6595d7 wp-block-columns-is-layout-flex\">\n<div class=\"wp-block-column is-layout-flow wp-block-column-is-layout-flow\">\n<figure class=\"wp-block-image size-full desktop-position-absolute desktop-bottom-0 mobile-width-50 mobile-m-inline-auto has-xl-margin-top\"><img decoding=\"async\" width=\"292\" height=\"338\" src=\"https:\/\/neuronup.com\/br\/wp-content\/uploads\/2024\/10\/certificado-de-produto.webp\" alt=\"\" class=\"wp-image-31568\" srcset=\"https:\/\/neuronup.com\/br\/wp-content\/uploads\/2024\/10\/certificado-de-produto-259x300.webp 259w, https:\/\/neuronup.com\/br\/wp-content\/uploads\/2024\/10\/certificado-de-produto.webp 292w\" sizes=\"(max-width: 292px) 100vw, 292px\" \/><\/figure>\n<\/div>\n\n\n\n<div class=\"wp-block-column is-layout-flow wp-block-column-is-layout-flow\">\n<h2 class=\"wp-block-heading has-white-color has-text-color\"><strong>Inscreva-se<\/strong> <br>na nossa <br>Newsletter<\/h2>\n\n\n\n<div class=\"wp-block-buttons is-layout-flex wp-block-buttons-is-layout-flex\">\n<div class=\"wp-block-button--1\" style=\"--button-outline-color:var(--color-white);--button-outline-color-hover:rgba(0,0,0,0.8);\"><a class=\"wp-block-button__link button button-outline   wp-element-button\" href=\"https:\/\/neuronup.com\/br\/newsletter\/\">Inscreva-se<\/a><\/div>\n\n<\/div>\n\n\n\n<div style=\"height:40px\" aria-hidden=\"true\" class=\"wp-block-spacer\"><\/div>\n<\/div>\n<\/div>\n<\/div><\/div>\n\n\n\n\n<div style=\"height:50px\" aria-hidden=\"true\" class=\"wp-block-spacer\"><\/div>\n\n\n\n<h2 class=\"wp-block-heading\">Reabilita\u00e7\u00e3o da hemineglig\u00eancia<\/h2>\n\n\n\n<p>Quanto \u00e0 <strong>reabilita\u00e7\u00e3o da hemineglig\u00eancia<\/strong>, uma das estrat\u00e9gias gerais que costuma ser aplicada \u00e9 chamar continuamente a aten\u00e7\u00e3o do paciente para o lado que ignora, posicionando-se \u00e0 sua esquerda, falando-lhe desse lado e at\u00e9 dispondo os m\u00f3veis da casa de forma que obriguem a pessoa a se orientar o tempo todo para esse lado. Por exemplo, posicionando a cama encostada na parede do lado que ela consegue atender [2].<\/p>\n\n\n\n<p>Por isso, tamb\u00e9m \u00e9 importante ter em mente essas considera\u00e7\u00f5es durante a <strong>reabilita\u00e7\u00e3o neuropsicol\u00f3gica espec\u00edfica<\/strong>, no momento de realizar exerc\u00edcios de aten\u00e7\u00e3o.<\/p>\n\n\n\n<p>A NeuronUP preparou diversos exerc\u00edcios para trabalhar a hemineglig\u00eancia. Se voc\u00ea \u00e9 profissional e quer experiment\u00e1-los, solicite um teste gratuito da plataforma:<\/p>\n\n\n\n<h2 class=\"wp-block-heading\">Bibliografia<\/h2>\n\n\n\n<ol class=\"wp-block-list has-sm-font-size\">\n<li>Sacks, O (1985). Vista \u00e0 direita! Em: <em>O homem que confundiu sua mulher com um chap\u00e9u<\/em>, pp.107-10. Barcelona:Anagrama.<\/li>\n<li>Arnedo, M, Bembibre, J. e Trivi\u00f1o, M. (2013). Neuropsicologia atrav\u00e9s de casos cl\u00ednicos. Madrid: Editorial M\u00e9dica Panamericana.<\/li>\n<li>Ardila, A. e Roselli, M. (2007). <em>Neuropsicologia cl\u00ednica<\/em>. M\u00e9xico, D. F.: El Manual Moderno.<\/li>\n<li>Ramachandran, V.S. (2008). Crer \u00e9 ver. Em: <em>Os Labirintos do C\u00e9rebro<\/em>, pp. 37-47. Barcelona: La Liebre de Marzo.<\/li>\n<li>Marshall, J. &amp; Halligan, P.W. (1988). Blindsight and insight in visuo-spatial neglect. <em>Nature<\/em>, 336, 7: 766-7.<\/li>\n<li>Bisiach, E. &amp; Luzzatti, C. (1978). Unilateral neglect of representational space. <em>Cortex<\/em>, 14: 129-33.<\/li>\n<\/ol>\n\n\n\n<div style=\"height:50px\" aria-hidden=\"true\" class=\"wp-block-spacer\"><\/div>\n\n\n\n<h3 class=\"wp-block-heading\">Se voc\u00ea gostou deste post sobre hemineglig\u00eancia espacial, talvez se interesse por estes posts da NeuronUP:<\/h3>\n\n<div class=\"mai-grid entries entries-grid has-boxed has-image-full\" style=\"--entry-title-font-size:var(--font-size-lg);--align-text:start;--entry-meta-text-align:start;\"><div class=\"entries-wrap has-columns\" style=\"--columns-xs:1\/1;--columns-sm:1\/1;--columns-md:1\/3;--columns-lg:1\/3;--flex-xs:0 0 var(--flex-basis);--flex-sm:0 0 var(--flex-basis);--flex-md:0 0 var(--flex-basis);--flex-lg:0 0 var(--flex-basis);--column-gap:var(--spacing-lg);--row-gap:var(--spacing-lg);--align-columns:start;\"><article class=\"entry entry-grid is-column has-entry-link has-image has-image-first type-post category-esquizofrenia\" style=\"--entry-index:1;\" aria-label=\"Cogni\u00e7\u00e3o Social na Esquizofrenia\" itemscope itemtype=\"https:\/\/schema.org\/CreativeWork\"><a class=\"entry-image-link\" href=\"https:\/\/neuronup.com\/br\/noticias-de-estimulacao-cognitiva\/doenca-mental\/esquizofrenia\/cognicao-social-na-esquizofrenia\/\" tabindex=\"-1\" aria-hidden=\"true\"><img decoding=\"async\" width=\"400\" height=\"300\" src=\"https:\/\/neuronup.com\/br\/wp-content\/uploads\/2024\/12\/Cognicao-social-na-esquizofrenia-400x300.webp\" class=\"entry-image size-landscape-sm\" alt=\"Tr\u00eas passageiros em transporte p\u00fablico, cada um olhando para o celular; mulher central com cabelo cacheado parece reflexiva, ao fundo janelas.\" \/><\/a><div class=\"entry-wrap entry-wrap-grid\"><h3 class=\"entry-title\" itemprop=\"headline\"><a class=\"entry-title-link\" href=\"https:\/\/neuronup.com\/br\/noticias-de-estimulacao-cognitiva\/doenca-mental\/esquizofrenia\/cognicao-social-na-esquizofrenia\/\" rel=\"bookmark\">Cogni\u00e7\u00e3o Social na Esquizofrenia<\/a><\/h3>\n<\/div><\/article><article class=\"entry entry-grid is-column has-entry-link has-image has-image-first type-post category-tea-transtorno-do-espectro-do-autismo tag-autismo tag-criancas tag-dislexia tag-transtornos-do-neurodesenvolvimento\" style=\"--entry-index:2;\" aria-label=\"Coexist\u00eancia entre a condi\u00e7\u00e3o do espectro autista e a dislexia: preval\u00eancia e estrat\u00e9gias de interven\u00e7\u00e3o\" itemscope itemtype=\"https:\/\/schema.org\/CreativeWork\"><a class=\"entry-image-link\" href=\"https:\/\/neuronup.com\/br\/noticias-de-estimulacao-cognitiva\/transtornos-do-desenvolvimento\/tea-transtorno-do-espectro-do-autismo\/coexistencia-entre-a-condicao-do-espectro-autista-e-a-dislexia-prevalencia-e-estrategias-de-intervencao\/\" tabindex=\"-1\" aria-hidden=\"true\"><img decoding=\"async\" width=\"400\" height=\"267\" src=\"https:\/\/neuronup.com\/br\/wp-content\/uploads\/2024\/11\/Coexistencia-entre-la-condicion-del-espectro-autista-y-la-dislexia-prevalencia-y-estrategias-de-intervencion-NeuronUP.webp\" class=\"entry-image size-landscape-sm\" alt=\"Menino de cabelos castanhos curtos l\u00ea um livro aberto, deitado em sof\u00e1 acolhedor, express\u00e3o concentrada.\" srcset=\"https:\/\/neuronup.com\/br\/wp-content\/uploads\/2024\/11\/Coexistencia-entre-la-condicion-del-espectro-autista-y-la-dislexia-prevalencia-y-estrategias-de-intervencion-NeuronUP-300x200.webp 300w, https:\/\/neuronup.com\/br\/wp-content\/uploads\/2024\/11\/Coexistencia-entre-la-condicion-del-espectro-autista-y-la-dislexia-prevalencia-y-estrategias-de-intervencion-NeuronUP-768x512.webp 768w, https:\/\/neuronup.com\/br\/wp-content\/uploads\/2024\/11\/Coexistencia-entre-la-condicion-del-espectro-autista-y-la-dislexia-prevalencia-y-estrategias-de-intervencion-NeuronUP-1024x683.webp 1024w, https:\/\/neuronup.com\/br\/wp-content\/uploads\/2024\/11\/Coexistencia-entre-la-condicion-del-espectro-autista-y-la-dislexia-prevalencia-y-estrategias-de-intervencion-NeuronUP.webp 1200w\" sizes=\"(max-width:599px) 599px, (min-width:600px) and (max-width: 799px) 799px, (min-width:800px) and (max-width: 999px) 333px, (min-width:1000px) 400px\" \/><\/a><div class=\"entry-wrap entry-wrap-grid\"><h3 class=\"entry-title\" itemprop=\"headline\"><a class=\"entry-title-link\" href=\"https:\/\/neuronup.com\/br\/noticias-de-estimulacao-cognitiva\/transtornos-do-desenvolvimento\/tea-transtorno-do-espectro-do-autismo\/coexistencia-entre-a-condicao-do-espectro-autista-e-a-dislexia-prevalencia-e-estrategias-de-intervencao\/\" rel=\"bookmark\">Coexist\u00eancia entre a condi\u00e7\u00e3o do espectro autista e a dislexia: preval\u00eancia e estrat\u00e9gias de interven\u00e7\u00e3o<\/a><\/h3>\n<\/div><\/article><article class=\"entry entry-grid is-column has-entry-link has-image has-image-first type-post category-dano-cerebral tag-alzheimer tag-cerebro tag-lesao-cerebral tag-lesao-cerebral-adquirida\" style=\"--entry-index:3;\" aria-label=\"Anosognosia: o que \u00e9, hist\u00f3ria e realidade neuropsicol\u00f3gica\" itemscope itemtype=\"https:\/\/schema.org\/CreativeWork\"><a class=\"entry-image-link\" href=\"https:\/\/neuronup.com\/br\/noticias-de-estimulacao-cognitiva\/dano-cerebral\/anosognosia-o-que-e-historia-e-realidade-neuropsicologica\/\" tabindex=\"-1\" aria-hidden=\"true\"><img decoding=\"async\" width=\"400\" height=\"246\" src=\"https:\/\/neuronup.com\/br\/wp-content\/uploads\/2022\/12\/Anosognosia-que-es-historia-y-realidad-neuropsicologica.webp\" class=\"entry-image size-landscape-sm\" alt=\"Palavra ANOSOGNOSIA em fonte destacada sobre fundo azul, com leve desfoque e padr\u00e3o de galhos, enfatizando tema cl\u00ednico.\" srcset=\"https:\/\/neuronup.com\/br\/wp-content\/uploads\/2022\/12\/Anosognosia-que-es-historia-y-realidad-neuropsicologica-300x185.webp 300w, https:\/\/neuronup.com\/br\/wp-content\/uploads\/2022\/12\/Anosognosia-que-es-historia-y-realidad-neuropsicologica-768x473.webp 768w, https:\/\/neuronup.com\/br\/wp-content\/uploads\/2022\/12\/Anosognosia-que-es-historia-y-realidad-neuropsicologica-1024x630.webp 1024w, https:\/\/neuronup.com\/br\/wp-content\/uploads\/2022\/12\/Anosognosia-que-es-historia-y-realidad-neuropsicologica.webp 1201w\" sizes=\"(max-width:599px) 599px, (min-width:600px) and (max-width: 799px) 799px, (min-width:800px) and (max-width: 999px) 333px, (min-width:1000px) 400px\" \/><\/a><div class=\"entry-wrap entry-wrap-grid\"><h3 class=\"entry-title\" itemprop=\"headline\"><a class=\"entry-title-link\" href=\"https:\/\/neuronup.com\/br\/noticias-de-estimulacao-cognitiva\/dano-cerebral\/anosognosia-o-que-e-historia-e-realidade-neuropsicologica\/\" rel=\"bookmark\">Anosognosia: o que \u00e9, hist\u00f3ria e realidade neuropsicol\u00f3gica<\/a><\/h3>\n<\/div><\/article><article class=\"entry entry-grid is-column has-entry-link has-image has-image-first type-post category-avc tag-acidente-vascular-cerebral tag-afasia tag-lesao-cerebral tag-lesao-cerebral-adquirida tag-linguagem\" style=\"--entry-index:4;\" aria-label=\"Afasia ap\u00f3s AVC: causas, tipos e reabilita\u00e7\u00e3o\" itemscope itemtype=\"https:\/\/schema.org\/CreativeWork\"><a class=\"entry-image-link\" href=\"https:\/\/neuronup.com\/br\/noticias-de-estimulacao-cognitiva\/dano-cerebral\/avc\/afasia-pos-acidente-vascular-cerebral-causas-tipos-e-reabilitacao\/\" tabindex=\"-1\" aria-hidden=\"true\"><img decoding=\"async\" width=\"400\" height=\"211\" src=\"https:\/\/neuronup.com\/br\/wp-content\/uploads\/2024\/11\/Afasia-tras-ACV-causas-tipos-y-rehabilitacion.webp\" class=\"entry-image size-landscape-sm\" alt=\"Homem idoso com cabelo grisalho e \u00f3culos segura um tablet sorrindo, em ambiente interno com parede terrosa e planta ao fundo.\" srcset=\"https:\/\/neuronup.com\/br\/wp-content\/uploads\/2024\/11\/Afasia-tras-ACV-causas-tipos-y-rehabilitacion-300x158.webp 300w, https:\/\/neuronup.com\/br\/wp-content\/uploads\/2024\/11\/Afasia-tras-ACV-causas-tipos-y-rehabilitacion-768x405.webp 768w, https:\/\/neuronup.com\/br\/wp-content\/uploads\/2024\/11\/Afasia-tras-ACV-causas-tipos-y-rehabilitacion-1024x540.webp 1024w, https:\/\/neuronup.com\/br\/wp-content\/uploads\/2024\/11\/Afasia-tras-ACV-causas-tipos-y-rehabilitacion.webp 1280w\" sizes=\"(max-width:599px) 599px, (min-width:600px) and (max-width: 799px) 799px, (min-width:800px) and (max-width: 999px) 333px, (min-width:1000px) 400px\" \/><\/a><div class=\"entry-wrap entry-wrap-grid\"><h3 class=\"entry-title\" itemprop=\"headline\"><a class=\"entry-title-link\" href=\"https:\/\/neuronup.com\/br\/noticias-de-estimulacao-cognitiva\/dano-cerebral\/avc\/afasia-pos-acidente-vascular-cerebral-causas-tipos-e-reabilitacao\/\" rel=\"bookmark\">Afasia ap\u00f3s AVC: causas, tipos e reabilita\u00e7\u00e3o<\/a><\/h3>\n<\/div><\/article><article class=\"entry entry-grid is-column has-entry-link has-image has-image-first type-post category-depoimentos tag-esclerose-multipla tag-estimulacao-cognitiva tag-telereabilitacao tag-testemunhos\" style=\"--entry-index:5;\" aria-label=\"Inova\u00e7\u00e3o em neurorreabilita\u00e7\u00e3o: A combina\u00e7\u00e3o de sess\u00f5es presenciais e online em um centro de neurorreabilita\u00e7\u00e3o\" itemscope itemtype=\"https:\/\/schema.org\/CreativeWork\"><a class=\"entry-image-link\" href=\"https:\/\/neuronup.com\/br\/noticias-de-estimulacao-cognitiva\/depoimentos\/inovacao-em-neurorrehabilitacao-a-combinacao-de-sessoes-presenciais-e-online-em-um-centro-de-neurorrehabilitacao\/\" tabindex=\"-1\" aria-hidden=\"true\"><img decoding=\"async\" width=\"400\" height=\"225\" src=\"https:\/\/neuronup.com\/br\/wp-content\/uploads\/2024\/10\/Usuarios-FEM-trabajando-con-NeuronUP.webp\" class=\"entry-image size-landscape-sm\" alt=\"Sala de treinamento com v\u00e1rias pessoas diante de computadores; uma pessoa em uniforme branco orienta a atividade.\" srcset=\"https:\/\/neuronup.com\/br\/wp-content\/uploads\/2024\/10\/Usuarios-FEM-trabajando-con-NeuronUP-300x169.webp 300w, https:\/\/neuronup.com\/br\/wp-content\/uploads\/2024\/10\/Usuarios-FEM-trabajando-con-NeuronUP-768x432.webp 768w, https:\/\/neuronup.com\/br\/wp-content\/uploads\/2024\/10\/Usuarios-FEM-trabajando-con-NeuronUP-1024x576.webp 1024w, https:\/\/neuronup.com\/br\/wp-content\/uploads\/2024\/10\/Usuarios-FEM-trabajando-con-NeuronUP.webp 1200w\" sizes=\"(max-width:599px) 599px, (min-width:600px) and (max-width: 799px) 799px, (min-width:800px) and (max-width: 999px) 333px, (min-width:1000px) 400px\" \/><\/a><div class=\"entry-wrap entry-wrap-grid\"><h3 class=\"entry-title\" itemprop=\"headline\"><a class=\"entry-title-link\" href=\"https:\/\/neuronup.com\/br\/noticias-de-estimulacao-cognitiva\/depoimentos\/inovacao-em-neurorrehabilitacao-a-combinacao-de-sessoes-presenciais-e-online-em-um-centro-de-neurorrehabilitacao\/\" rel=\"bookmark\">Inova\u00e7\u00e3o em neurorreabilita\u00e7\u00e3o: A combina\u00e7\u00e3o de sess\u00f5es presenciais e online em um centro de neurorreabilita\u00e7\u00e3o<\/a><\/h3>\n<\/div><\/article><article class=\"entry entry-grid is-column has-entry-link has-image has-image-first type-post category-atividades-para-criancas-com-necessidades-especiais tag-atividades-de-estimulacao-cognitiva tag-atividades-de-estimulacao-cognitiva-para-criancas tag-criancas tag-transtornos-do-neurodesenvolvimento\" style=\"--entry-index:6;\" aria-label=\"A aprendizagem em estudantes com necessidades educacionais especiais\" itemscope itemtype=\"https:\/\/schema.org\/CreativeWork\"><a class=\"entry-image-link\" href=\"https:\/\/neuronup.com\/br\/atividades-de-neurorreabilitacao\/atividades-para-criancas-com-necessidades-especiais\/o-aprendizado-em-estudantes-com-necessidades-educativas-especiais\/\" tabindex=\"-1\" aria-hidden=\"true\"><img decoding=\"async\" width=\"400\" height=\"286\" src=\"https:\/\/neuronup.com\/br\/wp-content\/uploads\/2023\/10\/Nina-con-necesidades-educativas-especiales-1.webp\" class=\"entry-image size-landscape-sm\" alt=\"Grupo de tr\u00eas crian\u00e7as e duas adultas em atividade de desenho, com canetas coloridas, pap\u00e9is sobre a mesa e ambiente acolhedor.\" srcset=\"https:\/\/neuronup.com\/br\/wp-content\/uploads\/2023\/10\/Nina-con-necesidades-educativas-especiales-1-300x214.webp 300w, https:\/\/neuronup.com\/br\/wp-content\/uploads\/2023\/10\/Nina-con-necesidades-educativas-especiales-1-768x548.webp 768w, https:\/\/neuronup.com\/br\/wp-content\/uploads\/2023\/10\/Nina-con-necesidades-educativas-especiales-1-1024x731.webp 1024w, https:\/\/neuronup.com\/br\/wp-content\/uploads\/2023\/10\/Nina-con-necesidades-educativas-especiales-1.webp 1200w\" sizes=\"(max-width:599px) 599px, (min-width:600px) and (max-width: 799px) 799px, (min-width:800px) and (max-width: 999px) 333px, (min-width:1000px) 400px\" \/><\/a><div class=\"entry-wrap entry-wrap-grid\"><h3 class=\"entry-title\" itemprop=\"headline\"><a class=\"entry-title-link\" href=\"https:\/\/neuronup.com\/br\/atividades-de-neurorreabilitacao\/atividades-para-criancas-com-necessidades-especiais\/o-aprendizado-em-estudantes-com-necessidades-educativas-especiais\/\" rel=\"bookmark\">A aprendizagem em estudantes com necessidades educacionais especiais<\/a><\/h3>\n<\/div><\/article><\/div><\/div>","protected":false},"excerpt":{"rendered":"<p>A neuropsic\u00f3loga L\u00eddia Garc\u00eda P\u00e9rez explica neste artigo o que \u00e9 a hemineglig\u00eancia espacial Quantas vezes voc\u00ea foi \u00e0 geladeira ou a um arm\u00e1rio procurando algo espec\u00edfico e, mesmo tendo o que procurava bem \u00e0 sua frente, n\u00e3o o via? Se isso j\u00e1 aconteceu com voc\u00ea alguma vez, \u00e9 prov\u00e1vel que ao encontr\u00e1-lo tenha se &hellip;<\/p>\n","protected":false},"author":217,"featured_media":22922,"comment_status":"open","ping_status":"closed","sticky":false,"template":"","format":"standard","meta":{"_acf_changed":false,"_genesis_hide_title":false,"_genesis_hide_breadcrumbs":false,"_genesis_hide_singular_image":false,"_genesis_hide_footer_widgets":false,"_genesis_custom_body_class":"","_genesis_custom_post_class":"","_genesis_layout":"","footnotes":""},"categories":[559],"tags":[555,551,565],"class_list":{"2":"type-post","7":"category-noticias-de-estimulacao-cognitiva","8":"tag-atencao","9":"tag-estimulacao-cognitiva","10":"tag-reabilitacao-cognitiva","11":"entry"},"acf":[],"_links":{"self":[{"href":"https:\/\/neuronup.com\/br\/wp-json\/wp\/v2\/posts\/22917","targetHints":{"allow":["GET"]}}],"collection":[{"href":"https:\/\/neuronup.com\/br\/wp-json\/wp\/v2\/posts"}],"about":[{"href":"https:\/\/neuronup.com\/br\/wp-json\/wp\/v2\/types\/post"}],"author":[{"embeddable":true,"href":"https:\/\/neuronup.com\/br\/wp-json\/wp\/v2\/users\/217"}],"replies":[{"embeddable":true,"href":"https:\/\/neuronup.com\/br\/wp-json\/wp\/v2\/comments?post=22917"}],"version-history":[{"count":0,"href":"https:\/\/neuronup.com\/br\/wp-json\/wp\/v2\/posts\/22917\/revisions"}],"wp:featuredmedia":[{"embeddable":true,"href":"https:\/\/neuronup.com\/br\/wp-json\/wp\/v2\/media\/22922"}],"wp:attachment":[{"href":"https:\/\/neuronup.com\/br\/wp-json\/wp\/v2\/media?parent=22917"}],"wp:term":[{"taxonomy":"category","embeddable":true,"href":"https:\/\/neuronup.com\/br\/wp-json\/wp\/v2\/categories?post=22917"},{"taxonomy":"post_tag","embeddable":true,"href":"https:\/\/neuronup.com\/br\/wp-json\/wp\/v2\/tags?post=22917"}],"curies":[{"name":"wp","href":"https:\/\/api.w.org\/{rel}","templated":true}]}}