{"id":22727,"date":"2025-10-21T11:26:14","date_gmt":"2025-10-21T11:26:14","guid":{"rendered":"https:\/\/neuronup.com\/?p=22727"},"modified":"2025-10-21T11:26:14","modified_gmt":"2025-10-21T11:26:14","slug":"melhorar-as-funcoes-executivas","status":"publish","type":"post","link":"https:\/\/neuronup.com\/br\/neurociencia\/neuropsicologia\/funcoes-executivas\/melhorar-as-funcoes-executivas\/","title":{"rendered":"\u00c9 poss\u00edvel melhorar as fun\u00e7\u00f5es executivas?"},"content":{"rendered":"\n<p class=\"has-xl-font-size\">Os estudos mais recentes no campo da Neuropsicologia e o uso da neuroimagem funcional destacaram a import\u00e2ncia das fun\u00e7\u00f5es executivas (FE). Neste artigo explicaremos <strong>como melhorar as fun\u00e7\u00f5es executivas<\/strong> e sua utilidade no dia a dia.<\/p>\n\n\n\n<h2 class=\"wp-block-heading\">O que s\u00e3o as fun\u00e7\u00f5es executivas?<\/h2>\n\n\n\n<p>As fun\u00e7\u00f5es executivas foram sistematizadas e descritas pela primeira vez pela neuropsic\u00f3loga Muriel Lezak em 1983. A partir disso, a pesquisa no campo da Neuropsicologia e da neuroimagem funcional deu um salto qualitativo e quantitativo, aprofundando o conhecimento dessas fun\u00e7\u00f5es que s\u00e3o essenciais em nosso dia a dia e nos garantem a sobreviv\u00eancia e a adapta\u00e7\u00e3o ao ambiente.<\/p>\n\n\n\n<p>As fun\u00e7\u00f5es executivas s\u00e3o atividades mentais complexas, necess\u00e1rias para <strong>planejar, organizar, guiar, revisar, regularizar e avaliar<\/strong> o comportamento necess\u00e1rio para se adaptar eficazmente ao ambiente e alcan\u00e7ar metas. (Bauermeister, 2008).<\/p>\n\n\n\n<p>Essas fun\u00e7\u00f5es executivas s\u00e3o respons\u00e1veis por dirigir e planejar nosso comportamento.<\/p>\n\n\n\n<p>\u00c9 importante salientar que essas fun\u00e7\u00f5es cognitivas n\u00e3o s\u00e3o inatas 100%, mas v\u00e3o sendo adquiridas ao longo de nosso ciclo de vida e dependem da matura\u00e7\u00e3o para serem assimiladas. De fato, algumas s\u00f3 se estabelecem aos 25 anos, devido \u00e0 imaturidade neuronal.<\/p>\n\n\n\n<p>Podemos entender as fun\u00e7\u00f5es executivas como uma constela\u00e7\u00e3o de capacidades que nos ajudam a alcan\u00e7ar nossos objetivos e metas.<\/p>\n\n\n\n<h2 class=\"wp-block-heading\">Quais s\u00e3o as fun\u00e7\u00f5es executivas?<\/h2>\n\n\n\n<p>Ainda que exista debate sobre quais s\u00e3o as fun\u00e7\u00f5es executivas, devido \u00e0 complexidade de seu construto e defini\u00e7\u00e3o, h\u00e1 um consenso quanto \u00e0s habilidades cognitivas que as comp\u00f5em:<\/p>\n\n\n\n<ul class=\"wp-block-list\">\n<li><strong>Planejamento<\/strong>: essa habilidade nos permite <strong>sequenciar nosso comportamento com base em um objetivo<\/strong>. Por exemplo, se quero estar pronto \u00e0s oito para ir a um jantar, preciso planejar os passos pr\u00e9vios que me levem \u00e0 consecu\u00e7\u00e3o da meta: preciso tomar banho e me arrumar antes, calcular o tempo que levo para chegar e estacionar no local\u2026<\/li>\n\n\n\n<li><strong>Racioc\u00ednio<\/strong>: a habilidade de raciocinar \u00e9 \u00fanica e exclusiva dos seres humanos, nos diferencia dos animais e \u00e9 o processo cognitivo superior por excel\u00eancia. O racioc\u00ednio nos permite <strong>avaliar e escolher nossos comportamentos de acordo com nosso objetivo<\/strong>, de maneira eficaz.<\/li>\n\n\n\n<li><strong>Mem\u00f3ria de Trabalho<\/strong>: nos permite <strong>armazenar informa\u00e7\u00f5es e operar com elas com base em nossos objetivos<\/strong>. A mem\u00f3ria de trabalho \u00e9 uma habilidade cognitiva imprescind\u00edvel para o nosso dia a dia.<\/li>\n\n\n\n<li><strong>Flexibilidade Cognitiva<\/strong>: essa habilidade nos permite mudar o foco da nossa aten\u00e7\u00e3o diante de diferentes est\u00edmulos. A flexibilidade cognitiva nos permite <strong>alterar nossa forma de pensar e agir conforme as demandas do ambiente.<\/strong><\/li>\n\n\n\n<li><strong>Inibi\u00e7\u00e3o<\/strong>: a inibi\u00e7\u00e3o \u00e9 o \u201cfreio\u201d cognitivo e comportamental. Gra\u00e7as \u00e0 inibi\u00e7\u00e3o, podemos <strong>evitar prestar aten\u00e7\u00e3o a est\u00edmulos irrelevantes e nos concentrar em nosso objetivo.<\/strong> Al\u00e9m disso, ela nos permite resistir a esses impulsos.<\/li>\n\n\n\n<li><strong>Tomada de Decis\u00f5es<\/strong>: a tomada de decis\u00f5es \u00e9 a <strong>capacidade que temos de avaliar, selecionar e escolher a melhor op\u00e7\u00e3o <\/strong>para a consecu\u00e7\u00e3o de nossos objetivos e metas.<\/li>\n<\/ul>\n\n\n\n<h2 class=\"wp-block-heading\">Onde se localizam as fun\u00e7\u00f5es executivas?<\/h2>\n\n\n\n<p>O lobo frontal \u00e9 a parte mais relacionada \u00e0 localiza\u00e7\u00e3o dessas fun\u00e7\u00f5es.<\/p>\n\n\n\n<p>Mais especificamente, no <strong>c\u00f3rtex pr\u00e9-frontal<\/strong> se localizam as fun\u00e7\u00f5es executivas mais complexas e evolu\u00eddas do ser humano.<\/p>\n\n\n\n<p>As altera\u00e7\u00f5es nas fun\u00e7\u00f5es executivas t\u00eam sido consideradas protot\u00edpicas da patologia do lobo frontal, principalmente das les\u00f5es ou disfun\u00e7\u00f5es que afetam a regi\u00e3o pr\u00e9-frontal dorsolateral.<\/p>\n\n\n\n<p>Outras \u00e1reas cerebrais tamb\u00e9m interv\u00eam nesses processos, como o hipocampo, os g\u00e2nglios da base, o cerebelo e a am\u00edgdala.<\/p>\n\n\n\n<h2 class=\"wp-block-heading\">Problemas com as fun\u00e7\u00f5es executivas<\/h2>\n\n\n\n<p>Em geral, quando as fun\u00e7\u00f5es executivas n\u00e3o respondem adequadamente, teremos dificuldades em nossa vida di\u00e1ria para a <strong>aquisi\u00e7\u00e3o de novos comportamentos<\/strong>, <strong>maior impulsividade<\/strong> e <strong>dificuldade para antecipar<\/strong> as consequ\u00eancias de nossas a\u00e7\u00f5es, e uma sens\u00edvel <strong>perda de criatividade<\/strong> na hora de enfrentar novos desafios.<\/p>\n\n\n\n<p>Por outro lado, existe correla\u00e7\u00e3o entre doen\u00e7as como esquizofrenia, TOC (transtorno obsessivo-compulsivo), autismo ou TDAH.<\/p>\n\n\n\n<h2 class=\"wp-block-heading\">Como melhorar minhas fun\u00e7\u00f5es executivas?<\/h2>\n\n\n\n<p>Pois \u00e9. Gra\u00e7as \u00e0 <strong>plasticidade cerebral<\/strong>, qualquer pessoa que desejar pode treinar e melhorar suas fun\u00e7\u00f5es executivas.<\/p>\n\n\n\n<p>A <strong>realiza\u00e7\u00e3o cont\u00ednua e repetitiva de exerc\u00edcios<\/strong> atuar\u00e1 sobre sua estrutura cerebral; especificamente nas redes neurais envolvidas na fun\u00e7\u00e3o que voc\u00ea estiver treinando para restaurar as fun\u00e7\u00f5es executivas.<\/p>\n\n\n\n<p>Al\u00e9m disso, <strong>gra\u00e7as ao NeuronUP,<\/strong> trein\u00e1-las \u00e9 mais f\u00e1cil do que nunca. O profissional de neurorreabilita\u00e7\u00e3o poder\u00e1 escolher qual fun\u00e7\u00e3o trabalhar de acordo com as necessidades de cada um de seus usu\u00e1rios ou pacientes.<\/p>\n\n\n\n<div class=\"wp-block-cover br-1010 has-sm-padding-top has-sm-padding-bottom has-sm-padding-left has-sm-padding-right\"><img decoding=\"async\" width=\"1280\" height=\"768\" sizes=\"(max-width: 600px) 100vw, 50vw\" class=\"wp-block-cover__image-background wp-image-31661 size-large\" alt=\"neuronup illustration background\" src=\"https:\/\/neuronup.com\/br\/wp-content\/uploads\/2024\/10\/neuronup-illustration-background.svg\" data-object-fit=\"cover\"\/><span aria-hidden=\"true\" class=\"wp-block-cover__background has-background-dim\" style=\"background-color:#005767\"><\/span><div class=\"wp-block-cover__inner-container is-layout-constrained wp-block-cover-is-layout-constrained\">\n<p class=\"has-xl-font-size\" style=\"letter-spacing:0.07rem\"><strong>Lan\u00e7amos NeuronUP Assessment!<\/strong><\/p>\n\n\n\n<div class=\"wp-block-columns are-vertically-aligned-center is-layout-flex wp-container-core-columns-is-layout-9d6595d7 wp-block-columns-is-layout-flex\">\n<div class=\"wp-block-column is-vertically-aligned-center has-white-color has-text-color has-link-color wp-elements-bd68cc8433c056f7c59b955812e8ea6c is-layout-flow wp-block-column-is-layout-flow\" style=\"flex-basis:70%\">\n<p class=\"has-no-margin-top has-no-margin-bottom\" style=\"letter-spacing:0.05rem\">O novo produto de Avalia\u00e7\u00e3o da NeuronUP.<\/p>\n\n\n\n<p class=\"has-text-align-left has-no-margin-top has-no-margin-bottom\" style=\"font-size:18px\">Solicite acesso para testar gratuitamente por tempo limitado.<\/p>\n<\/div>\n\n\n\n<div class=\"wp-block-column is-vertically-aligned-center is-layout-flow wp-block-column-is-layout-flow\" style=\"flex-basis:30%\">\n<div class=\"wp-block-buttons is-content-justification-center is-layout-flex wp-container-core-buttons-is-layout-16018d1d wp-block-buttons-is-layout-flex\">\n<div class=\"wp-block-button has-custom-width wp-block-button__width-100\" style=\"--button-color:#01606f;--button-background:var(--color-white);--button-background-hover:#e6e6e6;\"><a class=\"wp-block-button__link button    has-link-color wp-element-button\" href=\"https:\/\/neuronup.com\/br\/neuronup-assessment\/solicitar-acesso\/\" style=\"color:#01606f\"><strong>Solicite acceso<\/strong><\/a><\/div>\n\n<\/div>\n<\/div>\n<\/div>\n<\/div><\/div>\n\n\n\n<h3 class=\"wp-block-heading\"><strong>Se voc\u00ea gostou desta postagem do blog sobre como melhorar as fun\u00e7\u00f5es executivas, talvez se interesse por estes posts da NeuronUP:<\/strong><\/h3>\n\n<div class=\"mai-grid entries entries-grid has-boxed has-image-full\" style=\"--entry-title-font-size:var(--font-size-lg);--align-text:start;--entry-meta-text-align:start;\"><div class=\"entries-wrap has-columns\" style=\"--columns-xs:1\/1;--columns-sm:1\/1;--columns-md:1\/3;--columns-lg:1\/3;--flex-xs:0 0 var(--flex-basis);--flex-sm:0 0 var(--flex-basis);--flex-md:0 0 var(--flex-basis);--flex-lg:0 0 var(--flex-basis);--column-gap:var(--spacing-lg);--row-gap:var(--spacing-lg);--align-columns:start;\"><article class=\"entry entry-grid is-column has-entry-link has-image has-image-first type-post category-esquizofrenia tag-cognicao-social tag-esquizofrenia tag-saude-mental\" style=\"--entry-index:1;\" aria-label=\"Estrat\u00e9gias e Terapias para d\u00e9ficits na cogni\u00e7\u00e3o social na esquizofrenia\" itemscope itemtype=\"https:\/\/schema.org\/CreativeWork\"><a class=\"entry-image-link\" href=\"https:\/\/neuronup.com\/br\/noticias-de-estimulacao-cognitiva\/doenca-mental\/esquizofrenia\/estrategias-e-terapias-para-deficits-em-cognicao-social-na-esquizofrenia\/\" tabindex=\"-1\" aria-hidden=\"true\"><img decoding=\"async\" width=\"400\" height=\"267\" src=\"https:\/\/neuronup.com\/br\/wp-content\/uploads\/2023\/11\/hombre-esquizofrenia.webp\" class=\"entry-image size-landscape-sm\" alt=\"Homem careca em movimento r\u00e1pido com a boca aberta; a imagem desfocada ao redor transmite express\u00e3o intensa.\" srcset=\"https:\/\/neuronup.com\/br\/wp-content\/uploads\/2023\/11\/hombre-esquizofrenia-300x200.webp 300w, https:\/\/neuronup.com\/br\/wp-content\/uploads\/2023\/11\/hombre-esquizofrenia-768x512.webp 768w, https:\/\/neuronup.com\/br\/wp-content\/uploads\/2023\/11\/hombre-esquizofrenia-1024x683.webp 1024w, https:\/\/neuronup.com\/br\/wp-content\/uploads\/2023\/11\/hombre-esquizofrenia.webp 1200w\" sizes=\"(max-width:599px) 599px, (min-width:600px) and (max-width: 799px) 799px, (min-width:800px) and (max-width: 999px) 333px, (min-width:1000px) 400px\" \/><\/a><div class=\"entry-wrap entry-wrap-grid\"><h3 class=\"entry-title\" itemprop=\"headline\"><a class=\"entry-title-link\" href=\"https:\/\/neuronup.com\/br\/noticias-de-estimulacao-cognitiva\/doenca-mental\/esquizofrenia\/estrategias-e-terapias-para-deficits-em-cognicao-social-na-esquizofrenia\/\" rel=\"bookmark\">Estrat\u00e9gias e Terapias para d\u00e9ficits na cogni\u00e7\u00e3o social na esquizofrenia<\/a><\/h3>\n<\/div><\/article><article class=\"entry entry-grid is-column has-entry-link has-image has-image-first type-post category-zanzibar tag-criancas tag-estimulacao-cognitiva tag-reabilitacao-cognitiva\" style=\"--entry-index:2;\" aria-label=\"NeuronUP como principal recurso em PsicoNED\" itemscope itemtype=\"https:\/\/schema.org\/CreativeWork\"><a class=\"entry-image-link\" href=\"https:\/\/neuronup.com\/br\/projetos\/zanzibar\/neuronup-como-principal-recurso-em-psiconed\/\" tabindex=\"-1\" aria-hidden=\"true\"><img decoding=\"async\" width=\"225\" height=\"300\" src=\"https:\/\/neuronup.com\/br\/wp-content\/uploads\/2024\/07\/Neurorrehabilitacion-en-Zanzibar-Proyecto-PsicoNED-y-NeuronUP.webp\" class=\"entry-image size-landscape-sm\" alt=\"Mulher com hijab ensina menina pequena sentadas no ch\u00e3o, concentradas em exerc\u00edcio educativo, com cadernos e l\u00e1pis ao redor.\" srcset=\"https:\/\/neuronup.com\/br\/wp-content\/uploads\/2024\/07\/Neurorrehabilitacion-en-Zanzibar-Proyecto-PsicoNED-y-NeuronUP-225x300.webp 225w, https:\/\/neuronup.com\/br\/wp-content\/uploads\/2024\/07\/Neurorrehabilitacion-en-Zanzibar-Proyecto-PsicoNED-y-NeuronUP-768x1024.webp 768w, https:\/\/neuronup.com\/br\/wp-content\/uploads\/2024\/07\/Neurorrehabilitacion-en-Zanzibar-Proyecto-PsicoNED-y-NeuronUP-1152x1536.webp 1152w, https:\/\/neuronup.com\/br\/wp-content\/uploads\/2024\/07\/Neurorrehabilitacion-en-Zanzibar-Proyecto-PsicoNED-y-NeuronUP.webp 1200w\" sizes=\"(max-width:599px) 599px, (min-width:600px) and (max-width: 799px) 799px, (min-width:800px) and (max-width: 999px) 333px, (min-width:1000px) 400px\" \/><\/a><div class=\"entry-wrap entry-wrap-grid\"><h3 class=\"entry-title\" itemprop=\"headline\"><a class=\"entry-title-link\" href=\"https:\/\/neuronup.com\/br\/projetos\/zanzibar\/neuronup-como-principal-recurso-em-psiconed\/\" rel=\"bookmark\">NeuronUP como principal recurso em PsicoNED<\/a><\/h3>\n<\/div><\/article><article class=\"entry entry-grid is-column has-entry-link has-image has-image-first type-post category-sindrome-de-down tag-deficiencia-intelectual tag-depoimentos tag-sindrome-de-down\" style=\"--entry-index:3;\" aria-label=\"Qual \u00e9 o trabalho de uma Associa\u00e7\u00e3o de S\u00edndrome de Down? O caso da Down Navarra\" itemscope itemtype=\"https:\/\/schema.org\/CreativeWork\"><a class=\"entry-image-link\" href=\"https:\/\/neuronup.com\/br\/noticias-de-estimulacao-cognitiva\/deficiencia-intelectual\/sindrome-de-down\/qual-e-o-trabalho-de-uma-associacao-de-sindrome-de-down-o-caso-da-down-navarra\/\" tabindex=\"-1\" aria-hidden=\"true\"><img decoding=\"async\" width=\"400\" height=\"300\" src=\"https:\/\/neuronup.com\/br\/wp-content\/uploads\/2024\/12\/tratamentos-para-sindrome-de-down-com-a-NeuronUP-400x300.webp\" class=\"entry-image size-landscape-sm\" alt=\"V\u00e1rias pessoas sentadas em mesas brancas com computadores, cadeiras vermelhas, em sala bem iluminada, concentradas em suas telas.\" srcset=\"https:\/\/neuronup.com\/br\/wp-content\/uploads\/2024\/12\/tratamentos-para-sindrome-de-down-com-a-NeuronUP-300x225.webp 300w, https:\/\/neuronup.com\/br\/wp-content\/uploads\/2024\/12\/tratamentos-para-sindrome-de-down-com-a-NeuronUP-400x300.webp 400w, https:\/\/neuronup.com\/br\/wp-content\/uploads\/2024\/12\/tratamentos-para-sindrome-de-down-com-a-NeuronUP-768x576.webp 768w, https:\/\/neuronup.com\/br\/wp-content\/uploads\/2024\/12\/tratamentos-para-sindrome-de-down-com-a-NeuronUP-800x600.webp 800w, https:\/\/neuronup.com\/br\/wp-content\/uploads\/2024\/12\/tratamentos-para-sindrome-de-down-com-a-NeuronUP-1024x768.webp 1024w, https:\/\/neuronup.com\/br\/wp-content\/uploads\/2024\/12\/tratamentos-para-sindrome-de-down-com-a-NeuronUP-1200x900.webp 1200w, https:\/\/neuronup.com\/br\/wp-content\/uploads\/2024\/12\/tratamentos-para-sindrome-de-down-com-a-NeuronUP.webp 1440w\" sizes=\"(max-width:599px) 599px, (min-width:600px) and (max-width: 799px) 799px, (min-width:800px) and (max-width: 999px) 333px, (min-width:1000px) 400px\" \/><\/a><div class=\"entry-wrap entry-wrap-grid\"><h3 class=\"entry-title\" itemprop=\"headline\"><a class=\"entry-title-link\" href=\"https:\/\/neuronup.com\/br\/noticias-de-estimulacao-cognitiva\/deficiencia-intelectual\/sindrome-de-down\/qual-e-o-trabalho-de-uma-associacao-de-sindrome-de-down-o-caso-da-down-navarra\/\" rel=\"bookmark\">Qual \u00e9 o trabalho de uma Associa\u00e7\u00e3o de S\u00edndrome de Down? O caso da Down Navarra<\/a><\/h3>\n<\/div><\/article><article class=\"entry entry-grid is-column has-entry-link has-image has-image-first type-post category-tdah-transtorno-deficit-atencao-hiperatividade tag-criancas tag-tdah tag-transtornos-do-neurodesenvolvimento\" style=\"--entry-index:4;\" aria-label=\"TDAH em crian\u00e7as: sintomas, tipos e tratamento multidisciplinar\" itemscope itemtype=\"https:\/\/schema.org\/CreativeWork\"><a class=\"entry-image-link\" href=\"https:\/\/neuronup.com\/br\/noticias-de-estimulacao-cognitiva\/transtornos-do-desenvolvimento\/tdah-transtorno-deficit-atencao-hiperatividade\/tdah-na-infancia-sintomas-diagnostico-e-tratamento\/\" tabindex=\"-1\" aria-hidden=\"true\"><img decoding=\"async\" width=\"400\" height=\"245\" src=\"https:\/\/neuronup.com\/br\/wp-content\/uploads\/2021\/09\/TDAH-sintomas-diagnostico-tratamiento.webp\" class=\"entry-image size-landscape-sm\" alt=\"Garoto sentado diante de monitor com fones de ouvido, interagindo com tela de personagens animados em ambiente de estudo simples.\" srcset=\"https:\/\/neuronup.com\/br\/wp-content\/uploads\/2021\/09\/TDAH-sintomas-diagnostico-tratamiento-300x184.webp 300w, https:\/\/neuronup.com\/br\/wp-content\/uploads\/2021\/09\/TDAH-sintomas-diagnostico-tratamiento-768x470.webp 768w, https:\/\/neuronup.com\/br\/wp-content\/uploads\/2021\/09\/TDAH-sintomas-diagnostico-tratamiento-1024x627.webp 1024w, https:\/\/neuronup.com\/br\/wp-content\/uploads\/2021\/09\/TDAH-sintomas-diagnostico-tratamiento.webp 1200w\" sizes=\"(max-width:599px) 599px, (min-width:600px) and (max-width: 799px) 799px, (min-width:800px) and (max-width: 999px) 333px, (min-width:1000px) 400px\" \/><\/a><div class=\"entry-wrap entry-wrap-grid\"><h3 class=\"entry-title\" itemprop=\"headline\"><a class=\"entry-title-link\" href=\"https:\/\/neuronup.com\/br\/noticias-de-estimulacao-cognitiva\/transtornos-do-desenvolvimento\/tdah-transtorno-deficit-atencao-hiperatividade\/tdah-na-infancia-sintomas-diagnostico-e-tratamento\/\" rel=\"bookmark\">TDAH em crian\u00e7as: sintomas, tipos e tratamento multidisciplinar<\/a><\/h3>\n<\/div><\/article><article class=\"entry entry-grid is-column has-entry-link has-image has-image-first type-post category-avc tag-acidente-vascular-cerebral tag-reabilitacao-cognitiva\" style=\"--entry-index:5;\" aria-label=\"A reabilita\u00e7\u00e3o da hemineglig\u00eancia ap\u00f3s o AVC\" itemscope itemtype=\"https:\/\/schema.org\/CreativeWork\"><a class=\"entry-image-link\" href=\"https:\/\/neuronup.com\/br\/noticias-de-estimulacao-cognitiva\/dano-cerebral\/avc\/estimulacao-tdcs-na-reabilitacao-da-heminegligencia-apos-um-avc\/\" tabindex=\"-1\" aria-hidden=\"true\"><img decoding=\"async\" width=\"400\" height=\"300\" src=\"https:\/\/neuronup.com\/br\/wp-content\/uploads\/2024\/09\/montaje-de-los-electrodos-previos-a-la-aplicacion-de-la-estimulacion-tdcs.webp\" class=\"entry-image size-landscape-sm\" alt=\"Pessoa usando capacete de neuroestimula\u00e7\u00e3o tDCS com profissional ajustando fios nos sensores na parte traseira, em cl\u00ednica.\" srcset=\"https:\/\/neuronup.com\/br\/wp-content\/uploads\/2024\/09\/montaje-de-los-electrodos-previos-a-la-aplicacion-de-la-estimulacion-tdcs-300x226.webp 300w, https:\/\/neuronup.com\/br\/wp-content\/uploads\/2024\/09\/montaje-de-los-electrodos-previos-a-la-aplicacion-de-la-estimulacion-tdcs-768x577.webp 768w, https:\/\/neuronup.com\/br\/wp-content\/uploads\/2024\/09\/montaje-de-los-electrodos-previos-a-la-aplicacion-de-la-estimulacion-tdcs-1024x770.webp 1024w, https:\/\/neuronup.com\/br\/wp-content\/uploads\/2024\/09\/montaje-de-los-electrodos-previos-a-la-aplicacion-de-la-estimulacion-tdcs.webp 1200w\" sizes=\"(max-width:599px) 599px, (min-width:600px) and (max-width: 799px) 799px, (min-width:800px) and (max-width: 999px) 333px, (min-width:1000px) 400px\" \/><\/a><div class=\"entry-wrap entry-wrap-grid\"><h3 class=\"entry-title\" itemprop=\"headline\"><a class=\"entry-title-link\" href=\"https:\/\/neuronup.com\/br\/noticias-de-estimulacao-cognitiva\/dano-cerebral\/avc\/estimulacao-tdcs-na-reabilitacao-da-heminegligencia-apos-um-avc\/\" rel=\"bookmark\">A reabilita\u00e7\u00e3o da hemineglig\u00eancia ap\u00f3s o AVC<\/a><\/h3>\n<\/div><\/article><article class=\"entry entry-grid is-column has-entry-link has-image has-image-first type-post category-transtornos-do-desenvolvimento\" style=\"--entry-index:6;\" aria-label=\"Disforia de g\u00eanero na inf\u00e2ncia e na adolesc\u00eancia\" itemscope itemtype=\"https:\/\/schema.org\/CreativeWork\"><a class=\"entry-image-link\" href=\"https:\/\/neuronup.com\/br\/noticias-de-estimulacao-cognitiva\/transtornos-do-desenvolvimento\/disforia-de-genero-na-infancia-e-na-adolescencia\/\" tabindex=\"-1\" aria-hidden=\"true\"><img decoding=\"async\" width=\"400\" height=\"300\" src=\"https:\/\/neuronup.com\/br\/wp-content\/uploads\/2024\/12\/disforia-de-genero-infancia-adolescencia-400x300.webp\" class=\"entry-image size-landscape-sm\" alt=\"Duas vers\u00f5es de uma mulher diante do espelho: esquerda com cabelo curto; direita com cabelo longo e blusa rosa.\" srcset=\"https:\/\/neuronup.com\/br\/wp-content\/uploads\/2024\/12\/disforia-de-genero-infancia-adolescencia-400x300.webp 400w, https:\/\/neuronup.com\/br\/wp-content\/uploads\/2024\/12\/disforia-de-genero-infancia-adolescencia-800x600.webp 800w\" sizes=\"(max-width:599px) 599px, (min-width:600px) and (max-width: 799px) 799px, (min-width:800px) and (max-width: 999px) 333px, (min-width:1000px) 400px\" \/><\/a><div class=\"entry-wrap entry-wrap-grid\"><h3 class=\"entry-title\" itemprop=\"headline\"><a class=\"entry-title-link\" href=\"https:\/\/neuronup.com\/br\/noticias-de-estimulacao-cognitiva\/transtornos-do-desenvolvimento\/disforia-de-genero-na-infancia-e-na-adolescencia\/\" rel=\"bookmark\">Disforia de g\u00eanero na inf\u00e2ncia e na adolesc\u00eancia<\/a><\/h3>\n<\/div><\/article><\/div><\/div>","protected":false},"excerpt":{"rendered":"<p>Os estudos mais recentes no campo da Neuropsicologia e o uso da neuroimagem funcional destacaram a import\u00e2ncia das fun\u00e7\u00f5es executivas (FE). Neste artigo explicaremos como melhorar as fun\u00e7\u00f5es executivas e sua utilidade no dia a dia. O que s\u00e3o as fun\u00e7\u00f5es executivas? As fun\u00e7\u00f5es executivas foram sistematizadas e descritas pela primeira vez pela neuropsic\u00f3loga Muriel &hellip;<\/p>\n","protected":false},"author":273,"featured_media":22752,"comment_status":"open","ping_status":"open","sticky":false,"template":"","format":"standard","meta":{"_acf_changed":false,"_genesis_hide_title":false,"_genesis_hide_breadcrumbs":false,"_genesis_hide_singular_image":false,"_genesis_hide_footer_widgets":false,"_genesis_custom_body_class":"","_genesis_custom_post_class":"","_genesis_layout":"","footnotes":""},"categories":[688],"tags":[555,617],"class_list":{"2":"type-post","7":"category-funcoes-executivas","8":"tag-atencao","9":"tag-funcoes-executivas","10":"entry"},"acf":[],"_links":{"self":[{"href":"https:\/\/neuronup.com\/br\/wp-json\/wp\/v2\/posts\/22727","targetHints":{"allow":["GET"]}}],"collection":[{"href":"https:\/\/neuronup.com\/br\/wp-json\/wp\/v2\/posts"}],"about":[{"href":"https:\/\/neuronup.com\/br\/wp-json\/wp\/v2\/types\/post"}],"author":[{"embeddable":true,"href":"https:\/\/neuronup.com\/br\/wp-json\/wp\/v2\/users\/273"}],"replies":[{"embeddable":true,"href":"https:\/\/neuronup.com\/br\/wp-json\/wp\/v2\/comments?post=22727"}],"version-history":[{"count":0,"href":"https:\/\/neuronup.com\/br\/wp-json\/wp\/v2\/posts\/22727\/revisions"}],"wp:featuredmedia":[{"embeddable":true,"href":"https:\/\/neuronup.com\/br\/wp-json\/wp\/v2\/media\/22752"}],"wp:attachment":[{"href":"https:\/\/neuronup.com\/br\/wp-json\/wp\/v2\/media?parent=22727"}],"wp:term":[{"taxonomy":"category","embeddable":true,"href":"https:\/\/neuronup.com\/br\/wp-json\/wp\/v2\/categories?post=22727"},{"taxonomy":"post_tag","embeddable":true,"href":"https:\/\/neuronup.com\/br\/wp-json\/wp\/v2\/tags?post=22727"}],"curies":[{"name":"wp","href":"https:\/\/api.w.org\/{rel}","templated":true}]}}