{"id":22727,"date":"2025-10-21T11:26:14","date_gmt":"2025-10-21T11:26:14","guid":{"rendered":"https:\/\/neuronup.com\/?p=22727"},"modified":"2025-10-21T11:26:14","modified_gmt":"2025-10-21T11:26:14","slug":"melhorar-as-funcoes-executivas","status":"publish","type":"post","link":"https:\/\/neuronup.com\/br\/neurociencia\/neuropsicologia\/funcoes-executivas\/melhorar-as-funcoes-executivas\/","title":{"rendered":"\u00c9 poss\u00edvel melhorar as fun\u00e7\u00f5es executivas?"},"content":{"rendered":"\n<p class=\"has-xl-font-size\">Os estudos mais recentes no campo da Neuropsicologia e o uso da neuroimagem funcional destacaram a import\u00e2ncia das fun\u00e7\u00f5es executivas (FE). Neste artigo explicaremos <strong>como melhorar as fun\u00e7\u00f5es executivas<\/strong> e sua utilidade no dia a dia.<\/p>\n\n\n\n<h2 class=\"wp-block-heading\">O que s\u00e3o as fun\u00e7\u00f5es executivas?<\/h2>\n\n\n\n<p>As fun\u00e7\u00f5es executivas foram sistematizadas e descritas pela primeira vez pela neuropsic\u00f3loga Muriel Lezak em 1983. A partir disso, a pesquisa no campo da Neuropsicologia e da neuroimagem funcional deu um salto qualitativo e quantitativo, aprofundando o conhecimento dessas fun\u00e7\u00f5es que s\u00e3o essenciais em nosso dia a dia e nos garantem a sobreviv\u00eancia e a adapta\u00e7\u00e3o ao ambiente.<\/p>\n\n\n\n<p>As fun\u00e7\u00f5es executivas s\u00e3o atividades mentais complexas, necess\u00e1rias para <strong>planejar, organizar, guiar, revisar, regularizar e avaliar<\/strong> o comportamento necess\u00e1rio para se adaptar eficazmente ao ambiente e alcan\u00e7ar metas. (Bauermeister, 2008).<\/p>\n\n\n\n<p>Essas fun\u00e7\u00f5es executivas s\u00e3o respons\u00e1veis por dirigir e planejar nosso comportamento.<\/p>\n\n\n\n<p>\u00c9 importante salientar que essas fun\u00e7\u00f5es cognitivas n\u00e3o s\u00e3o inatas 100%, mas v\u00e3o sendo adquiridas ao longo de nosso ciclo de vida e dependem da matura\u00e7\u00e3o para serem assimiladas. De fato, algumas s\u00f3 se estabelecem aos 25 anos, devido \u00e0 imaturidade neuronal.<\/p>\n\n\n\n<p>Podemos entender as fun\u00e7\u00f5es executivas como uma constela\u00e7\u00e3o de capacidades que nos ajudam a alcan\u00e7ar nossos objetivos e metas.<\/p>\n\n\n\n<h2 class=\"wp-block-heading\">Quais s\u00e3o as fun\u00e7\u00f5es executivas?<\/h2>\n\n\n\n<p>Ainda que exista debate sobre quais s\u00e3o as fun\u00e7\u00f5es executivas, devido \u00e0 complexidade de seu construto e defini\u00e7\u00e3o, h\u00e1 um consenso quanto \u00e0s habilidades cognitivas que as comp\u00f5em:<\/p>\n\n\n\n<ul class=\"wp-block-list\">\n<li><strong>Planejamento<\/strong>: essa habilidade nos permite <strong>sequenciar nosso comportamento com base em um objetivo<\/strong>. Por exemplo, se quero estar pronto \u00e0s oito para ir a um jantar, preciso planejar os passos pr\u00e9vios que me levem \u00e0 consecu\u00e7\u00e3o da meta: preciso tomar banho e me arrumar antes, calcular o tempo que levo para chegar e estacionar no local\u2026<\/li>\n\n\n\n<li><strong>Racioc\u00ednio<\/strong>: a habilidade de raciocinar \u00e9 \u00fanica e exclusiva dos seres humanos, nos diferencia dos animais e \u00e9 o processo cognitivo superior por excel\u00eancia. O racioc\u00ednio nos permite <strong>avaliar e escolher nossos comportamentos de acordo com nosso objetivo<\/strong>, de maneira eficaz.<\/li>\n\n\n\n<li><strong>Mem\u00f3ria de Trabalho<\/strong>: nos permite <strong>armazenar informa\u00e7\u00f5es e operar com elas com base em nossos objetivos<\/strong>. A mem\u00f3ria de trabalho \u00e9 uma habilidade cognitiva imprescind\u00edvel para o nosso dia a dia.<\/li>\n\n\n\n<li><strong>Flexibilidade Cognitiva<\/strong>: essa habilidade nos permite mudar o foco da nossa aten\u00e7\u00e3o diante de diferentes est\u00edmulos. A flexibilidade cognitiva nos permite <strong>alterar nossa forma de pensar e agir conforme as demandas do ambiente.<\/strong><\/li>\n\n\n\n<li><strong>Inibi\u00e7\u00e3o<\/strong>: a inibi\u00e7\u00e3o \u00e9 o \u201cfreio\u201d cognitivo e comportamental. Gra\u00e7as \u00e0 inibi\u00e7\u00e3o, podemos <strong>evitar prestar aten\u00e7\u00e3o a est\u00edmulos irrelevantes e nos concentrar em nosso objetivo.<\/strong> Al\u00e9m disso, ela nos permite resistir a esses impulsos.<\/li>\n\n\n\n<li><strong>Tomada de Decis\u00f5es<\/strong>: a tomada de decis\u00f5es \u00e9 a <strong>capacidade que temos de avaliar, selecionar e escolher a melhor op\u00e7\u00e3o <\/strong>para a consecu\u00e7\u00e3o de nossos objetivos e metas.<\/li>\n<\/ul>\n\n\n\n<h2 class=\"wp-block-heading\">Onde se localizam as fun\u00e7\u00f5es executivas?<\/h2>\n\n\n\n<p>O lobo frontal \u00e9 a parte mais relacionada \u00e0 localiza\u00e7\u00e3o dessas fun\u00e7\u00f5es.<\/p>\n\n\n\n<p>Mais especificamente, no <strong>c\u00f3rtex pr\u00e9-frontal<\/strong> se localizam as fun\u00e7\u00f5es executivas mais complexas e evolu\u00eddas do ser humano.<\/p>\n\n\n\n<p>As altera\u00e7\u00f5es nas fun\u00e7\u00f5es executivas t\u00eam sido consideradas protot\u00edpicas da patologia do lobo frontal, principalmente das les\u00f5es ou disfun\u00e7\u00f5es que afetam a regi\u00e3o pr\u00e9-frontal dorsolateral.<\/p>\n\n\n\n<p>Outras \u00e1reas cerebrais tamb\u00e9m interv\u00eam nesses processos, como o hipocampo, os g\u00e2nglios da base, o cerebelo e a am\u00edgdala.<\/p>\n\n\n\n<h2 class=\"wp-block-heading\">Problemas com as fun\u00e7\u00f5es executivas<\/h2>\n\n\n\n<p>Em geral, quando as fun\u00e7\u00f5es executivas n\u00e3o respondem adequadamente, teremos dificuldades em nossa vida di\u00e1ria para a <strong>aquisi\u00e7\u00e3o de novos comportamentos<\/strong>, <strong>maior impulsividade<\/strong> e <strong>dificuldade para antecipar<\/strong> as consequ\u00eancias de nossas a\u00e7\u00f5es, e uma sens\u00edvel <strong>perda de criatividade<\/strong> na hora de enfrentar novos desafios.<\/p>\n\n\n\n<p>Por outro lado, existe correla\u00e7\u00e3o entre doen\u00e7as como esquizofrenia, TOC (transtorno obsessivo-compulsivo), autismo ou TDAH.<\/p>\n\n\n\n<h2 class=\"wp-block-heading\">Como melhorar minhas fun\u00e7\u00f5es executivas?<\/h2>\n\n\n\n<p>Pois \u00e9. Gra\u00e7as \u00e0 <strong>plasticidade cerebral<\/strong>, qualquer pessoa que desejar pode treinar e melhorar suas fun\u00e7\u00f5es executivas.<\/p>\n\n\n\n<p>A <strong>realiza\u00e7\u00e3o cont\u00ednua e repetitiva de exerc\u00edcios<\/strong> atuar\u00e1 sobre sua estrutura cerebral; especificamente nas redes neurais envolvidas na fun\u00e7\u00e3o que voc\u00ea estiver treinando para restaurar as fun\u00e7\u00f5es executivas.<\/p>\n\n\n\n<p>Al\u00e9m disso, <strong>gra\u00e7as ao NeuronUP,<\/strong> trein\u00e1-las \u00e9 mais f\u00e1cil do que nunca. O profissional de neurorreabilita\u00e7\u00e3o poder\u00e1 escolher qual fun\u00e7\u00e3o trabalhar de acordo com as necessidades de cada um de seus usu\u00e1rios ou pacientes.<\/p>\n\n\n\n<div class=\"wp-block-cover br-1010 has-sm-padding-top has-sm-padding-bottom has-sm-padding-left has-sm-padding-right\"><img decoding=\"async\" width=\"1280\" height=\"768\" sizes=\"(max-width: 600px) 100vw, 50vw\" class=\"wp-block-cover__image-background wp-image-31661 size-large\" alt=\"neuronup illustration background\" src=\"https:\/\/neuronup.com\/br\/wp-content\/uploads\/2024\/10\/neuronup-illustration-background.svg\" data-object-fit=\"cover\"\/><span aria-hidden=\"true\" class=\"wp-block-cover__background has-background-dim\" style=\"background-color:#005767\"><\/span><div class=\"wp-block-cover__inner-container is-layout-constrained wp-block-cover-is-layout-constrained\">\n<p class=\"has-xl-font-size\" style=\"letter-spacing:0.07rem\"><strong>Lan\u00e7amos NeuronUP Assessment!<\/strong><\/p>\n\n\n\n<div class=\"wp-block-columns are-vertically-aligned-center is-layout-flex wp-container-core-columns-is-layout-9d6595d7 wp-block-columns-is-layout-flex\">\n<div class=\"wp-block-column is-vertically-aligned-center has-white-color has-text-color has-link-color wp-elements-bd68cc8433c056f7c59b955812e8ea6c is-layout-flow wp-block-column-is-layout-flow\" style=\"flex-basis:70%\">\n<p class=\"has-no-margin-top has-no-margin-bottom\" style=\"letter-spacing:0.05rem\">O novo produto de Avalia\u00e7\u00e3o da NeuronUP.<\/p>\n\n\n\n<p class=\"has-text-align-left has-no-margin-top has-no-margin-bottom\" style=\"font-size:18px\">Solicite acesso para testar gratuitamente por tempo limitado.<\/p>\n<\/div>\n\n\n\n<div class=\"wp-block-column is-vertically-aligned-center is-layout-flow wp-block-column-is-layout-flow\" style=\"flex-basis:30%\">\n<div class=\"wp-block-buttons is-content-justification-center is-layout-flex wp-container-core-buttons-is-layout-16018d1d wp-block-buttons-is-layout-flex\">\n<div class=\"wp-block-button has-custom-width wp-block-button__width-100\" style=\"--button-color:#01606f;--button-background:var(--color-white);--button-background-hover:#e6e6e6;\"><a class=\"wp-block-button__link button    has-link-color wp-element-button\" href=\"https:\/\/neuronup.com\/br\/neuronup-assessment\/solicitar-acesso\/\" style=\"color:#01606f\"><strong>Solicite acceso<\/strong><\/a><\/div>\n\n<\/div>\n<\/div>\n<\/div>\n<\/div><\/div>\n\n\n\n<h3 class=\"wp-block-heading\"><strong>Se voc\u00ea gostou desta postagem do blog sobre como melhorar as fun\u00e7\u00f5es executivas, talvez se interesse por estes posts da NeuronUP:<\/strong><\/h3>\n\n<div class=\"mai-grid entries entries-grid has-boxed has-image-full\" style=\"--entry-title-font-size:var(--font-size-lg);--align-text:start;--entry-meta-text-align:start;\"><div class=\"entries-wrap has-columns\" style=\"--columns-xs:1\/1;--columns-sm:1\/1;--columns-md:1\/3;--columns-lg:1\/3;--flex-xs:0 0 var(--flex-basis);--flex-sm:0 0 var(--flex-basis);--flex-md:0 0 var(--flex-basis);--flex-lg:0 0 var(--flex-basis);--column-gap:var(--spacing-lg);--row-gap:var(--spacing-lg);--align-columns:start;\"><article class=\"entry entry-grid is-column has-entry-link has-image has-image-first type-post category-atividades-da-vida-diaria-avds tag-atividades-da-vida-diaria tag-atividades-de-estimulacao-cognitiva\" style=\"--entry-index:1;\" aria-label=\"Interven\u00e7\u00e3o com NeuronUP na atividade da vida di\u00e1ria \u00abvestir-se\u00bb\" itemscope itemtype=\"https:\/\/schema.org\/CreativeWork\"><a class=\"entry-image-link\" href=\"https:\/\/neuronup.com\/br\/atividades-de-neurorreabilitacao\/atividades-da-vida-diaria-avds\/intervencao-com-neuronup-na-atividade-da-vida-diaria-vestir-se\/\" tabindex=\"-1\" aria-hidden=\"true\"><img decoding=\"async\" width=\"400\" height=\"300\" src=\"https:\/\/neuronup.com\/br\/wp-content\/uploads\/2024\/09\/Actividad-Vistete-hombre.webp\" class=\"entry-image size-landscape-sm\" alt=\"Personagem masculino com camiseta clara, shorts escuros e \u00f3culos; \u00e0 direita, \u00edcones de roupas; ao fundo, janela e barra de cora\u00e7\u00f5es.\" srcset=\"https:\/\/neuronup.com\/br\/wp-content\/uploads\/2024\/09\/Actividad-Vistete-hombre-300x224.webp 300w, https:\/\/neuronup.com\/br\/wp-content\/uploads\/2024\/09\/Actividad-Vistete-hombre-1024x765.webp 1024w, https:\/\/neuronup.com\/br\/wp-content\/uploads\/2024\/09\/Actividad-Vistete-hombre.webp 1200w\" sizes=\"(max-width:599px) 599px, (min-width:600px) and (max-width: 799px) 799px, (min-width:800px) and (max-width: 999px) 333px, (min-width:1000px) 400px\" \/><\/a><div class=\"entry-wrap entry-wrap-grid\"><h3 class=\"entry-title\" itemprop=\"headline\"><a class=\"entry-title-link\" href=\"https:\/\/neuronup.com\/br\/atividades-de-neurorreabilitacao\/atividades-da-vida-diaria-avds\/intervencao-com-neuronup-na-atividade-da-vida-diaria-vestir-se\/\" rel=\"bookmark\">Interven\u00e7\u00e3o com NeuronUP na atividade da vida di\u00e1ria \u00abvestir-se\u00bb<\/a><\/h3>\n<\/div><\/article><article class=\"entry entry-grid is-column has-entry-link has-image has-image-first type-post category-linhas-de-investigacao tag-noticias-da-neuronup tag-pesquisa\" style=\"--entry-index:2;\" aria-label=\"A doen\u00e7a de Alzheimer como construto cl\u00ednico-biol\u00f3gico: recomenda\u00e7\u00e3o de um grupo de trabalho internacional\" itemscope itemtype=\"https:\/\/schema.org\/CreativeWork\"><a class=\"entry-image-link\" href=\"https:\/\/neuronup.com\/br\/investigacao\/linhas-de-investigacao\/a-doenca-de-alzheimer-como-construto-clinico-biologico-recomendacao-de-um-grupo-de-trabalho-internacional\/\" tabindex=\"-1\" aria-hidden=\"true\"><img decoding=\"async\" width=\"400\" height=\"225\" src=\"https:\/\/neuronup.com\/br\/wp-content\/uploads\/2024\/11\/La-enfermedad-de-alzheimer-como-constructo-clinico-biologico-recomendacion-de-un-grupo-de-trabajo-internacional-NeuronUP.webp\" class=\"entry-image size-landscape-sm\" alt=\"Homem idoso de cabelo branco concentra-se em montar um quebra-cabe\u00e7a, com outra pessoa oferecendo apoio no ombro, em ambiente claro.\" srcset=\"https:\/\/neuronup.com\/br\/wp-content\/uploads\/2024\/11\/La-enfermedad-de-alzheimer-como-constructo-clinico-biologico-recomendacion-de-un-grupo-de-trabajo-internacional-NeuronUP-300x169.webp 300w, https:\/\/neuronup.com\/br\/wp-content\/uploads\/2024\/11\/La-enfermedad-de-alzheimer-como-constructo-clinico-biologico-recomendacion-de-un-grupo-de-trabajo-internacional-NeuronUP-768x432.webp 768w, https:\/\/neuronup.com\/br\/wp-content\/uploads\/2024\/11\/La-enfermedad-de-alzheimer-como-constructo-clinico-biologico-recomendacion-de-un-grupo-de-trabajo-internacional-NeuronUP-1024x576.webp 1024w, https:\/\/neuronup.com\/br\/wp-content\/uploads\/2024\/11\/La-enfermedad-de-alzheimer-como-constructo-clinico-biologico-recomendacion-de-un-grupo-de-trabajo-internacional-NeuronUP.webp 1200w\" sizes=\"(max-width:599px) 599px, (min-width:600px) and (max-width: 799px) 799px, (min-width:800px) and (max-width: 999px) 333px, (min-width:1000px) 400px\" \/><\/a><div class=\"entry-wrap entry-wrap-grid\"><h3 class=\"entry-title\" itemprop=\"headline\"><a class=\"entry-title-link\" href=\"https:\/\/neuronup.com\/br\/investigacao\/linhas-de-investigacao\/a-doenca-de-alzheimer-como-construto-clinico-biologico-recomendacao-de-um-grupo-de-trabalho-internacional\/\" rel=\"bookmark\">A doen\u00e7a de Alzheimer como construto cl\u00ednico-biol\u00f3gico: recomenda\u00e7\u00e3o de um grupo de trabalho internacional<\/a><\/h3>\n<\/div><\/article><article class=\"entry entry-grid is-column has-entry-link has-image has-image-first type-post category-neuropsicologia tag-neuropsicologia\" style=\"--entry-index:3;\" aria-label=\"Neuropsicologia cl\u00ednica na neurocirurgia da epilepsia pedi\u00e1trica\" itemscope itemtype=\"https:\/\/schema.org\/CreativeWork\"><a class=\"entry-image-link\" href=\"https:\/\/neuronup.com\/br\/neurociencia\/neuropsicologia\/neuropsicologia-clinica-na-neurocirurgia-da-epilepsia-pediatrica\/\" tabindex=\"-1\" aria-hidden=\"true\"><img decoding=\"async\" width=\"400\" height=\"266\" src=\"https:\/\/neuronup.com\/br\/wp-content\/uploads\/2023\/12\/doctor-haciendo-su-trabajo-oficina-pediatria-1-1.webp\" class=\"entry-image size-landscape-sm\" alt=\"M\u00e3e e filha em consult\u00f3rio pedi\u00e1trico, menina estende a m\u00e3o para um high five com m\u00e9dico sorridente de jaleco azul.\" srcset=\"https:\/\/neuronup.com\/br\/wp-content\/uploads\/2023\/12\/doctor-haciendo-su-trabajo-oficina-pediatria-1-1-300x200.webp 300w, https:\/\/neuronup.com\/br\/wp-content\/uploads\/2023\/12\/doctor-haciendo-su-trabajo-oficina-pediatria-1-1-768x511.webp 768w, https:\/\/neuronup.com\/br\/wp-content\/uploads\/2023\/12\/doctor-haciendo-su-trabajo-oficina-pediatria-1-1-1024x682.webp 1024w, https:\/\/neuronup.com\/br\/wp-content\/uploads\/2023\/12\/doctor-haciendo-su-trabajo-oficina-pediatria-1-1.webp 1200w\" sizes=\"(max-width:599px) 599px, (min-width:600px) and (max-width: 799px) 799px, (min-width:800px) and (max-width: 999px) 333px, (min-width:1000px) 400px\" \/><\/a><div class=\"entry-wrap entry-wrap-grid\"><h3 class=\"entry-title\" itemprop=\"headline\"><a class=\"entry-title-link\" href=\"https:\/\/neuronup.com\/br\/neurociencia\/neuropsicologia\/neuropsicologia-clinica-na-neurocirurgia-da-epilepsia-pediatrica\/\" rel=\"bookmark\">Neuropsicologia cl\u00ednica na neurocirurgia da epilepsia pedi\u00e1trica<\/a><\/h3>\n<\/div><\/article><article class=\"entry entry-grid is-column has-entry-link has-image has-image-first type-post category-atividades-de-habilidades-sociais\" style=\"--entry-index:4;\" aria-label=\"Habilidades sociais: defini\u00e7\u00e3o, tipos, exerc\u00edcios e exemplos\" itemscope itemtype=\"https:\/\/schema.org\/CreativeWork\"><a class=\"entry-image-link\" href=\"https:\/\/neuronup.com\/br\/atividades-de-neurorreabilitacao\/atividades-de-habilidades-sociais\/habilidades-sociais-definicao-tipos-exercicios-e-exemplos\/\" tabindex=\"-1\" aria-hidden=\"true\"><img decoding=\"async\" width=\"400\" height=\"300\" src=\"https:\/\/neuronup.com\/br\/wp-content\/uploads\/2020\/03\/Habilidades-sociais-400x300.webp\" class=\"entry-image size-landscape-sm\" alt=\"Quatro participantes brindam em cozinha; duas mulheres com su\u00e9ter bege e amarelo, dois homens casuais, ta\u00e7as de vinho.\" srcset=\"https:\/\/neuronup.com\/br\/wp-content\/uploads\/2020\/03\/Habilidades-sociais-400x300.webp 400w, https:\/\/neuronup.com\/br\/wp-content\/uploads\/2020\/03\/Habilidades-sociais-800x600.webp 800w\" sizes=\"(max-width:599px) 599px, (min-width:600px) and (max-width: 799px) 799px, (min-width:800px) and (max-width: 999px) 333px, (min-width:1000px) 400px\" \/><\/a><div class=\"entry-wrap entry-wrap-grid\"><h3 class=\"entry-title\" itemprop=\"headline\"><a class=\"entry-title-link\" href=\"https:\/\/neuronup.com\/br\/atividades-de-neurorreabilitacao\/atividades-de-habilidades-sociais\/habilidades-sociais-definicao-tipos-exercicios-e-exemplos\/\" rel=\"bookmark\">Habilidades sociais: defini\u00e7\u00e3o, tipos, exerc\u00edcios e exemplos<\/a><\/h3>\n<\/div><\/article><article class=\"entry entry-grid is-column has-entry-link has-image has-image-first type-post category-parkinson tag-doenca-de-parkinson\" style=\"--entry-index:5;\" aria-label=\"Cheiro de Parkinson\" itemscope itemtype=\"https:\/\/schema.org\/CreativeWork\"><a class=\"entry-image-link\" href=\"https:\/\/neuronup.com\/br\/noticias-de-estimulacao-cognitiva\/doencas-neurodegenerativas\/parkinson\/odor-a-parkinson\/\" tabindex=\"-1\" aria-hidden=\"true\"><img decoding=\"async\" width=\"400\" height=\"267\" src=\"https:\/\/neuronup.com\/br\/wp-content\/uploads\/2023\/04\/olor-a-parkinson.webp\" class=\"entry-image size-landscape-sm\" alt=\"Duas m\u00e3os entrela\u00e7adas, uma idosa e outra jovem, com fundo desfocado, transmitindo cuidado e apoio entre gera\u00e7\u00f5es.\" srcset=\"https:\/\/neuronup.com\/br\/wp-content\/uploads\/2023\/04\/olor-a-parkinson-300x200.webp 300w, https:\/\/neuronup.com\/br\/wp-content\/uploads\/2023\/04\/olor-a-parkinson-768x512.webp 768w, https:\/\/neuronup.com\/br\/wp-content\/uploads\/2023\/04\/olor-a-parkinson-1024x683.webp 1024w, https:\/\/neuronup.com\/br\/wp-content\/uploads\/2023\/04\/olor-a-parkinson.webp 1200w\" sizes=\"(max-width:599px) 599px, (min-width:600px) and (max-width: 799px) 799px, (min-width:800px) and (max-width: 999px) 333px, (min-width:1000px) 400px\" \/><\/a><div class=\"entry-wrap entry-wrap-grid\"><h3 class=\"entry-title\" itemprop=\"headline\"><a class=\"entry-title-link\" href=\"https:\/\/neuronup.com\/br\/noticias-de-estimulacao-cognitiva\/doencas-neurodegenerativas\/parkinson\/odor-a-parkinson\/\" rel=\"bookmark\">Cheiro de Parkinson<\/a><\/h3>\n<\/div><\/article><article class=\"entry entry-grid is-column has-entry-link has-image has-image-first type-post category-de-memoria tag-atividades-de-estimulacao-cognitiva tag-memoria\" style=\"--entry-index:6;\" aria-label=\"Fichas de mem\u00f3ria para idosos\" itemscope itemtype=\"https:\/\/schema.org\/CreativeWork\"><a class=\"entry-image-link\" href=\"https:\/\/neuronup.com\/br\/atividades-de-neurorreabilitacao\/para-funcoes-cognitivas\/de-memoria\/fichas-de-memoria-para-maiores\/\" tabindex=\"-1\" aria-hidden=\"true\"><img decoding=\"async\" width=\"400\" height=\"300\" src=\"https:\/\/neuronup.com\/br\/wp-content\/uploads\/2024\/10\/Actividad-Mayor-y-menor.webp\" class=\"entry-image size-landscape-sm\" alt=\"Interface de jogo educativo: campos para inserir 500 (anterior a 501) e 502 (posterior a 501), teclado num\u00e9rico \u00e0 direita e \u00edcones de som.\" srcset=\"https:\/\/neuronup.com\/br\/wp-content\/uploads\/2024\/10\/Actividad-Mayor-y-menor-300x226.webp 300w, https:\/\/neuronup.com\/br\/wp-content\/uploads\/2024\/10\/Actividad-Mayor-y-menor-768x577.webp 768w, https:\/\/neuronup.com\/br\/wp-content\/uploads\/2024\/10\/Actividad-Mayor-y-menor-1024x770.webp 1024w, https:\/\/neuronup.com\/br\/wp-content\/uploads\/2024\/10\/Actividad-Mayor-y-menor.webp 1200w\" sizes=\"(max-width:599px) 599px, (min-width:600px) and (max-width: 799px) 799px, (min-width:800px) and (max-width: 999px) 333px, (min-width:1000px) 400px\" \/><\/a><div class=\"entry-wrap entry-wrap-grid\"><h3 class=\"entry-title\" itemprop=\"headline\"><a class=\"entry-title-link\" href=\"https:\/\/neuronup.com\/br\/atividades-de-neurorreabilitacao\/para-funcoes-cognitivas\/de-memoria\/fichas-de-memoria-para-maiores\/\" rel=\"bookmark\">Fichas de mem\u00f3ria para idosos<\/a><\/h3>\n<\/div><\/article><\/div><\/div>","protected":false},"excerpt":{"rendered":"<p>Os estudos mais recentes no campo da Neuropsicologia e o uso da neuroimagem funcional destacaram a import\u00e2ncia das fun\u00e7\u00f5es executivas (FE). Neste artigo explicaremos como melhorar as fun\u00e7\u00f5es executivas e sua utilidade no dia a dia. O que s\u00e3o as fun\u00e7\u00f5es executivas? As fun\u00e7\u00f5es executivas foram sistematizadas e descritas pela primeira vez pela neuropsic\u00f3loga Muriel &hellip;<\/p>\n","protected":false},"author":273,"featured_media":22752,"comment_status":"open","ping_status":"open","sticky":false,"template":"","format":"standard","meta":{"_acf_changed":false,"_genesis_hide_title":false,"_genesis_hide_breadcrumbs":false,"_genesis_hide_singular_image":false,"_genesis_hide_footer_widgets":false,"_genesis_custom_body_class":"","_genesis_custom_post_class":"","_genesis_layout":"","footnotes":""},"categories":[688],"tags":[555,617],"class_list":{"2":"type-post","7":"category-funcoes-executivas","8":"tag-atencao","9":"tag-funcoes-executivas","10":"entry"},"acf":[],"_links":{"self":[{"href":"https:\/\/neuronup.com\/br\/wp-json\/wp\/v2\/posts\/22727","targetHints":{"allow":["GET"]}}],"collection":[{"href":"https:\/\/neuronup.com\/br\/wp-json\/wp\/v2\/posts"}],"about":[{"href":"https:\/\/neuronup.com\/br\/wp-json\/wp\/v2\/types\/post"}],"author":[{"embeddable":true,"href":"https:\/\/neuronup.com\/br\/wp-json\/wp\/v2\/users\/273"}],"replies":[{"embeddable":true,"href":"https:\/\/neuronup.com\/br\/wp-json\/wp\/v2\/comments?post=22727"}],"version-history":[{"count":0,"href":"https:\/\/neuronup.com\/br\/wp-json\/wp\/v2\/posts\/22727\/revisions"}],"wp:featuredmedia":[{"embeddable":true,"href":"https:\/\/neuronup.com\/br\/wp-json\/wp\/v2\/media\/22752"}],"wp:attachment":[{"href":"https:\/\/neuronup.com\/br\/wp-json\/wp\/v2\/media?parent=22727"}],"wp:term":[{"taxonomy":"category","embeddable":true,"href":"https:\/\/neuronup.com\/br\/wp-json\/wp\/v2\/categories?post=22727"},{"taxonomy":"post_tag","embeddable":true,"href":"https:\/\/neuronup.com\/br\/wp-json\/wp\/v2\/tags?post=22727"}],"curies":[{"name":"wp","href":"https:\/\/api.w.org\/{rel}","templated":true}]}}