{"id":20246,"date":"2025-10-22T12:13:23","date_gmt":"2025-10-22T10:13:23","guid":{"rendered":"https:\/\/neuronup.com\/?p=20246"},"modified":"2026-01-26T18:19:48","modified_gmt":"2026-01-26T16:19:48","slug":"intervencao-do-ictus-pela-terapia-ocupacional","status":"publish","type":"post","link":"https:\/\/neuronup.com\/br\/atividades-de-neurorreabilitacao\/para-avc\/intervencao-do-ictus-pela-terapia-ocupacional\/","title":{"rendered":"Interven\u00e7\u00e3o do AVC pela terapia ocupacional"},"content":{"rendered":"\n<p class=\"has-xl-font-size\">A terapeuta ocupacional e professora da Universidade de Burgos, Olalla Saiz, exp\u00f5e, junto com v\u00e1rios de seus alunos, uma <strong>interven\u00e7\u00e3o no AVC a partir da terapia ocupacional<\/strong> com o NeuronUP.<\/p>\n\n\n\n<h2 class=\"wp-block-heading\">O que \u00e9 o AVC<\/h2>\n\n\n\n<p>O AVC, ou infarto cerebral, ocorre por uma<strong> falta de irriga\u00e7\u00e3o nos vasos sangu\u00edneos do c\u00e9rebro<\/strong>. Al\u00e9m disso, o acidente vascular cerebral \u00e9 a terceira causa de morte na Espanha entre homens e mulheres.<\/p>\n\n\n\n<p>A preval\u00eancia ocorre em pessoas com mais de 65 anos, embora atualmente os casos em pessoas com menos de 45 anos tenham aumentado (1).<\/p>\n\n\n\n<h2 class=\"wp-block-heading\">Tipos de AVC<\/h2>\n\n\n\n<p>De acordo com a etiologia do infarto cerebral, podem-se distinguir (1):<\/p>\n\n\n\n<ol class=\"wp-block-list\">\n<li><strong>AVC isqu\u00eamico:<\/strong> Ocorre quando um vaso sangu\u00edneo \u00e9 obstru\u00eddo devido a um co\u00e1gulo.<\/li>\n\n\n\n<li><strong>AVC hemorr\u00e1gico:<\/strong> Surge em decorr\u00eancia da ruptura de um vaso sangu\u00edneo.<\/li>\n<\/ol>\n\n\n\n<h2 class=\"wp-block-heading\">Consequ\u00eancias do AVC<\/h2>\n\n\n\n<p>As consequ\u00eancias do infarto cerebral s\u00e3o as seguintes (2):<\/p>\n\n\n\n<p>\u25cf  <strong>Perda de for\u00e7a<\/strong>,<\/p>\n\n\n\n<p>\u25cf  <strong>diminui\u00e7\u00e3o da sensibilidade<\/strong>,<\/p>\n\n\n\n<p>\u25cf  <strong>problemas de aten\u00e7\u00e3o<\/strong> (hemineglig\u00eancia),<\/p>\n\n\n\n<p>\u25cf  <strong>d\u00e9fice de compreens\u00e3o e pron\u00fancia<\/strong>,<\/p>\n\n\n\n<p>\u25cf  aumento da <strong>instabilidade corporal<\/strong> e diminui\u00e7\u00e3o do equil\u00edbrio,<\/p>\n\n\n\n<p>\u25cf  por vezes podem ocorrer <strong>d\u00e9ficits no campo visual<\/strong>.<\/p>\n\n\n\n<p>Neste caso, o usu\u00e1rio, ap\u00f3s sofrer um AVC no hemicorpo direito, apresenta v\u00e1rias acometimentos a n\u00edvel motor e cognitivo. Focando no n\u00edvel cognitivo, a fun\u00e7\u00e3o em que se vai intervir \u00e9 a <strong>hemineglig\u00eancia<\/strong>. A hemineglig\u00eancia \u00e9 a dificuldade de atender aos est\u00edmulos no lado contralateral ao da les\u00e3o cerebral.<\/p>\n\n\n\n<p>Al\u00e9m disso, devido a essa les\u00e3o, a pessoa apresenta uma disfun\u00e7\u00e3o na metade do corpo, afetando a omiss\u00e3o do campo visual contralateral, do olfato, do tato, da dor, da audi\u00e7\u00e3o e da imagina\u00e7\u00e3o. A acometimento vai depender do tipo de hemineglig\u00eancia que a pessoa apresente.<\/p>\n\n\n\n<p>Como j\u00e1 comentado, existem v\u00e1rios tipos de hemineglig\u00eancia, mas, neste caso, o grupo a ser tratado se classifica dentro de uma <strong>hemineglig\u00eancia atencional ou sensorial<\/strong>, que \u00e9 a <strong>dificuldade de responder a est\u00edmulos inesperados no lado afetado.<\/strong><\/p>\n\n\n\n<div style=\"height:50px\" aria-hidden=\"true\" class=\"wp-block-spacer\"><\/div>\n\n\n\n<div class=\"wp-block-group\"><div class=\"wp-block-group__inner-container is-layout-constrained wp-block-group-is-layout-constrained\">\n<div class=\"wp-block-columns is-layout-flex wp-container-core-columns-is-layout-9d6595d7 wp-block-columns-is-layout-flex\">\n<div class=\"wp-block-column br-0111 p-5 particle-bg anims-fadein-up has-primary-background-color has-background is-layout-flow wp-block-column-is-layout-flow\">\n<h2 class=\"wp-block-heading has-white-color has-text-color\">Saiba mais sobre <br><strong>NeuronUP<\/strong><\/h2>\n\n\n\n<div class=\"wp-block-buttons is-layout-flex wp-block-buttons-is-layout-flex\">\n<div class=\"wp-block-button--1\" style=\"--button-outline-color:var(--color-white);--button-outline-color-hover:rgba(0,0,0,0.8);\"><a class=\"wp-block-button__link button button-outline   wp-element-button\" href=\"https:\/\/neuronup.com\/br\/solicitacao-informacao\/\">Solicitar Informa\u00e7\u00f5es<\/a><\/div>\n\n<\/div>\n<\/div>\n\n\n\n<div class=\"wp-block-column br-0111 p-5 particle-bg anims-fadein-up has-primary-background-color has-background is-layout-flow wp-block-column-is-layout-flow\">\n<h2 class=\"wp-block-heading has-white-color has-text-color\">Experimente Gratuitamente<\/h2>\n\n\n\n<p class=\"has-white-color has-text-color\">A plataforma que mais de <strong>4.500 profissionais<\/strong> utilizam todos os dias<\/p>\n\n\n\n<div class=\"wp-block-buttons is-layout-flex wp-block-buttons-is-layout-flex\">\n<div class=\"wp-block-button orange-button\" style=\"--button-background:var(--color-custom-1);--button-background-hover:#cc7e00;\"><a class=\"wp-block-button__link button   wp-element-button\" href=\"https:\/\/neuronup.com\/br\/landing-store-user\/\">Solicitar Teste<img decoding=\"async\" class=\"wp-image-18719\" style=\"width: 8px;\" src=\"\/wp-content\/uploads\/2022\/v3\/icon_rightArrow-white.svg\"><\/a><\/div>\n\n<\/div>\n<\/div>\n<\/div>\n<\/div><\/div>\n\n\n\n<div style=\"height:50px\" aria-hidden=\"true\" class=\"wp-block-spacer\"><\/div>\n\n\n\n<h2 class=\"wp-block-heading\"><strong><strong>Interven\u00e7\u00e3o no AVC a partir da terapia ocupacional<\/strong><\/strong><\/h2>\n\n\n\n<h3 class=\"wp-block-heading\">Objetivos<\/h3>\n\n\n\n<p>Para poder intervir na \u00e1rea terap\u00eautica, \u00e9 preciso levar em conta os interesses ou necessidades do grupo, estabelecendo um objetivo comum entre terapeuta e paciente. Por isso, a seguir, ser\u00e3o apresentados o objetivo geral e os objetivos espec\u00edficos propostos para a futura interven\u00e7\u00e3o.<\/p>\n\n\n\n<h4 class=\"wp-block-heading\"><strong>Objetivo geral<\/strong><\/h4>\n\n\n\n<p>O objetivo geral desta interven\u00e7\u00e3o no AVC a partir da terapia ocupacional \u00e9 <strong>melhorar a neglig\u00eancia atencional\/sensorial<\/strong>.<\/p>\n\n\n\n<h4 class=\"wp-block-heading\"><strong>Objetivos espec\u00edficos<\/strong><\/h4>\n\n\n\n<ul class=\"wp-block-list\">\n<li><strong>Melhorar a representa\u00e7\u00e3o mental<\/strong>,<\/li>\n\n\n\n<li>potencializar a <strong>capacidade visoperceptiva<\/strong>,<\/li>\n\n\n\n<li>aumentar a <strong>orienta\u00e7\u00e3o<\/strong>.<\/li>\n<\/ul>\n\n\n\n<h3 class=\"wp-block-heading\">Metodologia<\/h3>\n\n\n\n<ul class=\"wp-block-list\">\n<li>A sess\u00e3o ter\u00e1 dura\u00e7\u00e3o de <strong>45-50 minutos<\/strong>,<\/li>\n\n\n\n<li>em cada sess\u00e3o trabalhar\u00e1-se com apenas <strong>1 participante<\/strong>,<\/li>\n\n\n\n<li>a sess\u00e3o ocorrer\u00e1 em uma sala afastada de in\u00fameros est\u00edmulos externos para evitar a desconcentra\u00e7\u00e3o do usu\u00e1rio,<\/li>\n\n\n\n<li>dependendo da distribui\u00e7\u00e3o do tempo, planejam-se <strong>3-4 atividades por sess\u00e3o<\/strong>.<\/li>\n<\/ul>\n\n\n\n<div style=\"height:50px\" aria-hidden=\"true\" class=\"wp-block-spacer\"><\/div>\n\n\n\n<div class=\"wp-block-group br-0111 has-primary-background-color has-background has-dark-background has-sm-padding-top has-sm-padding-left has-sm-padding-right has-xxl-margin-top\"><div class=\"wp-block-group__inner-container is-layout-constrained wp-block-group-is-layout-constrained\">\n<div class=\"wp-block-columns is-layout-flex wp-container-core-columns-is-layout-9d6595d7 wp-block-columns-is-layout-flex\">\n<div class=\"wp-block-column is-layout-flow wp-block-column-is-layout-flow\">\n<figure class=\"wp-block-image size-full desktop-position-absolute desktop-bottom-0 mobile-width-50 mobile-m-inline-auto has-xl-margin-top\"><img decoding=\"async\" width=\"292\" height=\"338\" src=\"https:\/\/neuronup.com\/br\/wp-content\/uploads\/2024\/10\/certificado-de-produto.webp\" alt=\"\" class=\"wp-image-31568\" srcset=\"https:\/\/neuronup.com\/br\/wp-content\/uploads\/2024\/10\/certificado-de-produto-259x300.webp 259w, https:\/\/neuronup.com\/br\/wp-content\/uploads\/2024\/10\/certificado-de-produto.webp 292w\" sizes=\"(max-width: 292px) 100vw, 292px\" \/><\/figure>\n<\/div>\n\n\n\n<div class=\"wp-block-column is-layout-flow wp-block-column-is-layout-flow\">\n<h2 class=\"wp-block-heading has-white-color has-text-color\"><strong>Inscreva-se<\/strong> <br>na nossa <br>Newsletter<\/h2>\n\n\n\n<div class=\"wp-block-buttons is-layout-flex wp-block-buttons-is-layout-flex\">\n<div class=\"wp-block-button--2\" style=\"--button-outline-color:var(--color-white);--button-outline-color-hover:rgba(0,0,0,0.8);\"><a class=\"wp-block-button__link button button-outline   wp-element-button\" href=\"https:\/\/neuronup.com\/br\/newsletter\/\">Inscreva-se<\/a><\/div>\n\n<\/div>\n\n\n\n<div style=\"height:40px\" aria-hidden=\"true\" class=\"wp-block-spacer\"><\/div>\n<\/div>\n<\/div>\n<\/div><\/div>\n\n\n\n\n<div style=\"height:50px\" aria-hidden=\"true\" class=\"wp-block-spacer\"><\/div>\n\n\n\n<h3 class=\"wp-block-heading\">Atividades para realizar uma interven\u00e7\u00e3o no AVC a partir da terapia ocupacional<\/h3>\n\n\n\n<p>Para cumprir os objetivos estabelecidos \u00e9 preciso trabalhar essas habilidades para estimul\u00e1-las e obter uma interven\u00e7\u00e3o positiva, alcan\u00e7ando assim a meta desejada. Consequentemente, ser\u00e1 apresentada uma s\u00e9rie de atividades relacionadas com a representa\u00e7\u00e3o mental, a capacidade visoperceptiva e a orienta\u00e7\u00e3o, que s\u00e3o realizadas atrav\u00e9s do NeuronUP.<\/p>\n\n\n\n<p>A seguir, explicamos em detalhes as atividades escolhidas para esta proposta de interven\u00e7\u00e3o para crian\u00e7as com TDAH:<\/p>\n\n\n\n<h4 class=\"wp-block-heading\">1. <em>\u00c2ngulos<\/em><\/h4>\n\n\n\n<h5 class=\"wp-block-heading\"><strong>Em que consiste?<\/strong><\/h5>\n\n\n\n<p>Os usu\u00e1rios devem <strong>formar o \u00e2ngulo indicado de acordo com a linha de refer\u00eancia fornecida<\/strong>. Para isso, o usu\u00e1rio deve prestar aten\u00e7\u00e3o na posi\u00e7\u00e3o das linhas do modelo e formar o \u00e2ngulo na imagem central clicando na linha que, junto com a que est\u00e1 em verde, represente o mesmo desenho.<\/p>\n\n\n\n<figure class=\"wp-block-image alignwide size-large\"><img decoding=\"async\" width=\"1024\" height=\"696\" src=\"https:\/\/neuronup.com\/wp-content\/uploads\/2022\/03\/Captura-de-pantalla-2022-03-01-a-las-10.39.39-1024x696.webp\" alt=\"Diagrama radial com centro e v\u00e1rias linhas; extremidade verde em destaque, restante em cinza; topo direito marca Modelo 60\u00b0.\" class=\"wp-image-11259\" srcset=\"https:\/\/neuronup.com\/br\/wp-content\/uploads\/2022\/03\/Captura-de-pantalla-2022-03-01-a-las-10.39.39-300x204.webp 300w, https:\/\/neuronup.com\/br\/wp-content\/uploads\/2022\/03\/Captura-de-pantalla-2022-03-01-a-las-10.39.39-768x522.webp 768w, https:\/\/neuronup.com\/br\/wp-content\/uploads\/2022\/03\/Captura-de-pantalla-2022-03-01-a-las-10.39.39-1024x696.webp 1024w, https:\/\/neuronup.com\/br\/wp-content\/uploads\/2022\/03\/Captura-de-pantalla-2022-03-01-a-las-10.39.39.webp 1041w\" sizes=\"(max-width: 1024px) 100vw, 1024px\" \/><figcaption class=\"wp-element-caption\">Atividade do NeuronUP para reabilitar as habilidades visoespaciais \u00c2ngulos.<\/figcaption><\/figure>\n\n\n\n<h5 class=\"wp-block-heading\">O que esta atividade trabalha?<\/h5>\n\n\n\n<p>As fun\u00e7\u00f5es cognitivas trabalhadas s\u00e3o:<\/p>\n\n\n\n<ul class=\"wp-block-list\">\n<li>a <strong>rela\u00e7\u00e3o espacial<\/strong><\/li>\n\n\n\n<li>a <strong>hemineglig\u00eancia<\/strong><\/li>\n<\/ul>\n\n\n\n<h5 class=\"wp-block-heading\"><strong>Jogue por n\u00edveis<\/strong><\/h5>\n\n\n\n<p>O jogo est\u00e1 dividido em <strong>9<\/strong> fases. Sendo a fase 1 a mais f\u00e1cil e a 9 a mais complicada. <strong>De acordo com o grau de acometimento, a atividade ser\u00e1 adaptada<\/strong> \u00e0 pessoa.<\/p>\n\n\n\n<h4 class=\"wp-block-heading\">2. <em>Tampas com letras<\/em><\/h4>\n\n\n\n<h5 class=\"wp-block-heading\"><strong>Em que consiste?<\/strong><\/h5>\n\n\n\n<p>Este jogo de alfabeto para adultos do NeuronUP consiste em <strong>ordenar a sequ\u00eancia de letras em movimento<\/strong>. <\/p>\n\n\n\n<h5 class=\"wp-block-heading\"><strong>O que esta atividade trabalha?<\/strong><\/h5>\n\n\n\n<p>Trabalha o <strong>alfabeto<\/strong> com pessoas adultas de forma l\u00fadica. Al\u00e9m disso, trabalha as seguintes fun\u00e7\u00f5es cognitivas:<\/p>\n\n\n\n<ul class=\"wp-block-list\">\n<li><strong>Mem\u00f3ria de trabalho<\/strong>,<\/li>\n\n\n\n<li><strong>Inibi\u00e7\u00e3o<\/strong>,<\/li>\n\n\n\n<li><strong>Hemineglig\u00eancia<\/strong>,<\/li>\n\n\n\n<li><strong>Aten\u00e7\u00e3o sustentada<\/strong>.<\/li>\n<\/ul>\n\n\n\n<h5 class=\"wp-block-heading\"><strong>Jogue por n\u00edveis<\/strong><\/h5>\n\n\n\n<p>O jogo est\u00e1 dividido em 9 fases. Sendo a fase 1 a mais f\u00e1cil e a 9 a mais complicada. <strong>O usu\u00e1rio subir\u00e1 ou descer\u00e1 de n\u00edvel automaticamente<\/strong> de acordo com seus acertos ou erros. Para subir de fase, o usu\u00e1rio precisa completar 5 exerc\u00edcios; para descer de fase, precisa errar 3 exerc\u00edcios.<\/p>\n\n\n\n<h5 class=\"wp-block-heading\"><strong>Personaliza\u00e7\u00e3o da atividade<\/strong><\/h5>\n\n\n\n<p>Al\u00e9m disso, \u00e9 poss\u00edvel criar fases personalizadas e definir:<\/p>\n\n\n\n<h6 class=\"wp-block-heading\">Par\u00e2metros<\/h6>\n\n\n\n<ul class=\"wp-block-list\">\n<li>O n\u00famero de letras.<\/li>\n\n\n\n<li>O intervalo de letras. Por exemplo, de A a M.<\/li>\n\n\n\n<li>A ordem. De A a Z ou de Z a A.<\/li>\n\n\n\n<li>O formato das letras: mai\u00fasculas ou min\u00fasculas.<\/li>\n\n\n\n<li>Se as letras se movem ou n\u00e3o.<\/li>\n\n\n\n<li>O n\u00famero m\u00e1ximo de erros.<\/li>\n<\/ul>\n\n\n\n<h6 class=\"wp-block-heading\">Aspectos gerais<\/h6>\n\n\n\n<p>Tamb\u00e9m \u00e9 poss\u00edvel configurar <strong>caracter\u00edsticas gerais<\/strong> como o modo de corre\u00e7\u00e3o ou livre e o n\u00famero m\u00e1ximo de erros permitido, o tempo m\u00e1ximo, se deseja ou n\u00e3o um cron\u00f4metro vis\u00edvel para a atividade e um aviso de inatividade. Al\u00e9m disso, as instru\u00e7\u00f5es podem ser modificadas.<\/p>\n\n\n\n<h5 class=\"wp-block-heading\"><strong>Jogue por n\u00edveis<\/strong><\/h5>\n\n\n\n<p>O jogo est\u00e1 dividido em <strong>9<\/strong> fases. Sendo a fase 1 a mais f\u00e1cil e a 9 a mais complicada. <strong>O usu\u00e1rio subir\u00e1 ou descer\u00e1 de n\u00edvel automaticamente<\/strong> de acordo com seus acertos ou erros.<\/p>\n\n\n\n<div style=\"height:100px\" aria-hidden=\"true\" class=\"wp-block-spacer\"><\/div>\n\n\n\n<div class=\"wp-block-cover br-1010 has-sm-padding-top has-sm-padding-bottom has-sm-padding-left has-sm-padding-right\"><img decoding=\"async\" width=\"1280\" height=\"768\" sizes=\"(max-width: 600px) 100vw, 50vw\" class=\"wp-block-cover__image-background wp-image-31661 size-large\" alt=\"neuronup illustration background\" src=\"https:\/\/neuronup.com\/br\/wp-content\/uploads\/2024\/10\/neuronup-illustration-background.svg\" data-object-fit=\"cover\"\/><span aria-hidden=\"true\" class=\"wp-block-cover__background has-background-dim\" style=\"background-color:#005767\"><\/span><div class=\"wp-block-cover__inner-container is-layout-constrained wp-block-cover-is-layout-constrained\">\n<p class=\"has-xl-font-size\" style=\"letter-spacing:0.07rem\"><strong>Lan\u00e7amos NeuronUP Assessment!<\/strong><\/p>\n\n\n\n<div class=\"wp-block-columns are-vertically-aligned-center is-layout-flex wp-container-core-columns-is-layout-9d6595d7 wp-block-columns-is-layout-flex\">\n<div class=\"wp-block-column is-vertically-aligned-center has-white-color has-text-color has-link-color wp-elements-bd68cc8433c056f7c59b955812e8ea6c is-layout-flow wp-block-column-is-layout-flow\" style=\"flex-basis:70%\">\n<p class=\"has-no-margin-top has-no-margin-bottom\" style=\"letter-spacing:0.05rem\">O novo produto de Avalia\u00e7\u00e3o da NeuronUP.<\/p>\n\n\n\n<p class=\"has-text-align-left has-no-margin-top has-no-margin-bottom\" style=\"font-size:18px\">Solicite acesso para testar gratuitamente por tempo limitado.<\/p>\n<\/div>\n\n\n\n<div class=\"wp-block-column is-vertically-aligned-center is-layout-flow wp-block-column-is-layout-flow\" style=\"flex-basis:30%\">\n<div class=\"wp-block-buttons is-content-justification-center is-layout-flex wp-container-core-buttons-is-layout-16018d1d wp-block-buttons-is-layout-flex\">\n<div class=\"wp-block-button has-custom-width wp-block-button__width-100\" style=\"--button-color:#01606f;--button-background:var(--color-white);--button-background-hover:#e6e6e6;\"><a class=\"wp-block-button__link button    has-link-color wp-element-button\" href=\"https:\/\/neuronup.com\/br\/neuronup-assessment\/solicitar-acesso\/\" style=\"color:#01606f\"><strong>Solicite acceso<\/strong><\/a><\/div>\n\n<\/div>\n<\/div>\n<\/div>\n<\/div><\/div>\n\n\n\n<h4 class=\"wp-block-heading\">3. <em>Letras ocultas<\/em><\/h4>\n\n\n\n<h5 class=\"wp-block-heading\"><strong>Em que consiste?<\/strong><\/h5>\n\n\n\n<p>O usu\u00e1rio deve <strong>procurar, entre um conjunto de letras, somente a letra indicada<\/strong>, neste caso a \u201cQ\u201d.<\/p>\n\n\n\n<figure class=\"wp-block-image alignwide size-full\"><img decoding=\"async\" width=\"768\" height=\"432\" src=\"https:\/\/neuronup.com\/wp-content\/uploads\/2021\/10\/fundacionsasm8.webp\" alt=\"Pessoa vista de costas interage com tela projetada com grade de letras coloridas; usa caneta, camiseta laranja e bon\u00e9 preto.\" class=\"wp-image-5655\" srcset=\"https:\/\/neuronup.com\/br\/wp-content\/uploads\/2021\/10\/fundacionsasm8-300x169.webp 300w, https:\/\/neuronup.com\/br\/wp-content\/uploads\/2021\/10\/fundacionsasm8.webp 768w\" sizes=\"(max-width: 768px) 100vw, 768px\" \/><figcaption class=\"wp-element-caption\">Atividade do NeuronUP <em>Letras ocultas<\/em>.<\/figcaption><\/figure>\n\n\n\n<h5 class=\"wp-block-heading\"><strong>O que esta atividade trabalha?<\/strong><\/h5>\n\n\n\n<p>Esta atividade trabalha:<\/p>\n\n\n\n<ul class=\"wp-block-list\">\n<li><strong>Aten\u00e7\u00e3o seletiva<\/strong>,<\/li>\n\n\n\n<li><strong>Hemineglig\u00eancia<\/strong>.<\/li>\n<\/ul>\n\n\n\n<h5 class=\"wp-block-heading\" id=\"personalizacao-de-la-actividad\">Personaliza\u00e7\u00e3o da atividade<\/h5>\n\n\n\n<p>Al\u00e9m disso, voc\u00ea poder\u00e1 personalizar a atividade para adequ\u00e1-la \u00e0s capacidades de cada usu\u00e1rio.<\/p>\n\n\n\n<h6 class=\"wp-block-heading\"><strong>Par\u00e2metros<\/strong><\/h6>\n\n\n\n<p>\u00c9 poss\u00edvel selecionar:<\/p>\n\n\n\n<ul class=\"wp-block-list\">\n<li>o <strong>tamanho<\/strong> da matriz,<\/li>\n\n\n\n<li>o tipo de<strong> letras<\/strong>: vogais, consoantes, todas ou semelhantes,<\/li>\n\n\n\n<li>letras <strong>mai\u00fasculas ou min\u00fasculas<\/strong>,<\/li>\n\n\n\n<li>a <strong>quantidade<\/strong> de letras:<\/li>\n\n\n\n<li>se deseja<strong> cores<\/strong> diferentes ou n\u00e3o.<\/li>\n<\/ul>\n\n\n\n<h6 class=\"wp-block-heading\"><strong>Aspectos gerais<\/strong><\/h6>\n\n\n\n<p>Voc\u00ea poder\u00e1 ajustar o tipo de funcionamento, o tempo m\u00e1ximo, se deseja ou n\u00e3o um cron\u00f4metro vis\u00edvel para a atividade e um aviso de inatividade, modificar as instru\u00e7\u00f5es de realiza\u00e7\u00e3o, etc.<\/p>\n\n\n\n<h2 class=\"wp-block-heading\">Bibliografia<\/h2>\n\n\n\n<p class=\"has-sm-font-size\">(1). Benavides Bautista PA, S\u00e1nchez Villacis L, \u00c1lvarez Mena P, Manzano P\u00e9rez VA, Zambrano Jord\u00e1n D. Diagn\u00f3stico, imagemologia e acidente vascular cerebral. Enferm Inv (Ambato). 2018; 3 (sup. 1): 77-83.<\/p>\n\n\n\n<p class=\"has-sm-font-size\">(2). D\u00edaz Cabezas, R. (2015). Conhecimento de sintomas e fatores de risco de doen\u00e7a cerebrovascular em conviventes de pessoas em risco. <em>Acta Neurol\u00f3gica Colombiana<\/em>. 2015;<\/p>\n\n\n\n<p class=\"has-sm-font-size\"><em>31<\/em>(1): 12-19.<\/p>\n\n\n\n<p>Al\u00e9m de Olalla Saiz, contribu\u00edram para a elabora\u00e7\u00e3o deste artigo Elena Maeztu Mart\u00ednez e Claudia Manchado Lagren\u00e9.<\/p>\n\n\n\n<div style=\"height:100px\" aria-hidden=\"true\" class=\"wp-block-spacer\"><\/div>\n\n\n\n<aside class=\"wp-block-group alignfull br-0010 has-white-color has-primary-background-color has-text-color has-background has-dark-background has-md-padding-top has-md-padding-bottom\"><div class=\"wp-block-group__inner-container is-layout-flow wp-block-group-is-layout-flow\">\n<div class=\"wp-block-columns is-layout-flex wp-container-core-columns-is-layout-9d6595d7 wp-block-columns-is-layout-flex\">\n<div class=\"wp-block-column is-layout-flow wp-block-column-is-layout-flow\" style=\"flex-basis:100%\">\n<figure class=\"wp-block-image size-large\"><img decoding=\"async\" width=\"1024\" height=\"576\" src=\"https:\/\/neuronup.com\/br\/wp-content\/uploads\/2024\/10\/Request-a-trial-and-work-with-NeuronUP-1024x576.webp\" alt=\"Solicite um teste e trabalhe com NeuronUP\" class=\"wp-image-32055\" srcset=\"https:\/\/neuronup.com\/br\/wp-content\/uploads\/2024\/10\/Request-a-trial-and-work-with-NeuronUP-300x169.webp 300w, https:\/\/neuronup.com\/br\/wp-content\/uploads\/2024\/10\/Request-a-trial-and-work-with-NeuronUP-768x432.webp 768w, https:\/\/neuronup.com\/br\/wp-content\/uploads\/2024\/10\/Request-a-trial-and-work-with-NeuronUP-1024x576.webp 1024w, https:\/\/neuronup.com\/br\/wp-content\/uploads\/2024\/10\/Request-a-trial-and-work-with-NeuronUP.webp 1280w\" sizes=\"(max-width: 1024px) 100vw, 1024px\" \/><\/figure>\n\n\n\n<h2 class=\"wp-block-heading\">Gostaria de experimentar estes e outros exerc\u00edcios?<\/h2>\n\n\n\n<h3 class=\"wp-block-heading\">Solicite um teste e trabalhe com o NeuronUP por 15 dias totalmente gr\u00e1tis<\/h3>\n\n\n\n<p class=\"has-xl-margin-bottom\">Voc\u00ea poder\u00e1 trabalhar com nossas atividades, planejar sess\u00f5es ou reabilitar remotamente<\/p>\n<\/div>\n<\/div>\n\n\n\n<div class=\"wp-block-buttons\">\n<div class=\"wp-block-button orange-button w-100\"><a class=\"wp-block-button__link button button-secondary  w-100\" onclick=\"TrialLink()\">Solicite seu teste agora<\/a><\/div>\n<\/div>\n<\/div><\/aside>\n\n\n\n\n<aside class=\"wp-block-group alignfull br-0010 has-white-color has-primary-background-color has-text-color has-background has-dark-background has-md-padding-top has-md-padding-bottom\"><div class=\"wp-block-group__inner-container is-layout-flow wp-block-group-is-layout-flow\">\n<div class=\"wp-block-columns is-layout-flex wp-container-core-columns-is-layout-9d6595d7 wp-block-columns-is-layout-flex\">\n<div class=\"wp-block-column is-layout-flow wp-block-column-is-layout-flow\" style=\"flex-basis:100%\">\n<figure class=\"wp-block-image size-large\"><img decoding=\"async\" width=\"1024\" height=\"576\" src=\"https:\/\/neuronup.com\/br\/wp-content\/uploads\/2024\/10\/Request-a-trial-and-work-with-NeuronUP-1024x576.webp\" alt=\"Solicite um teste e trabalhe com NeuronUP\" class=\"wp-image-32055\" srcset=\"https:\/\/neuronup.com\/br\/wp-content\/uploads\/2024\/10\/Request-a-trial-and-work-with-NeuronUP-300x169.webp 300w, https:\/\/neuronup.com\/br\/wp-content\/uploads\/2024\/10\/Request-a-trial-and-work-with-NeuronUP-768x432.webp 768w, https:\/\/neuronup.com\/br\/wp-content\/uploads\/2024\/10\/Request-a-trial-and-work-with-NeuronUP-1024x576.webp 1024w, https:\/\/neuronup.com\/br\/wp-content\/uploads\/2024\/10\/Request-a-trial-and-work-with-NeuronUP.webp 1280w\" sizes=\"(max-width: 1024px) 100vw, 1024px\" \/><\/figure>\n\n\n\n<h2 class=\"wp-block-heading\">Gostaria de experimentar estes e outros exerc\u00edcios?<\/h2>\n\n\n\n<h3 class=\"wp-block-heading\">Solicite um teste e trabalhe com o NeuronUP por 15 dias totalmente gr\u00e1tis<\/h3>\n\n\n\n<p class=\"has-xl-margin-bottom\">Voc\u00ea poder\u00e1 trabalhar com nossas atividades, planejar sess\u00f5es ou reabilitar remotamente<\/p>\n<\/div>\n<\/div>\n\n\n\n<div class=\"wp-block-buttons\">\n<div class=\"wp-block-button orange-button w-100\"><a class=\"wp-block-button__link button button-secondary  w-100\" onclick=\"TrialLink()\">Solicite seu teste agora<\/a><\/div>\n<\/div>\n<\/div><\/aside>\n\n\n\n\n<h3 class=\"wp-block-heading\">Se voc\u00ea gostou desta proposta de interven\u00e7\u00e3o no AVC a partir da terapia ocupacional, recomendamos que voc\u00ea d\u00ea uma olhada nestas publica\u00e7\u00f5es:<\/h3>\n\n\n<div class=\"mai-grid entries entries-grid has-boxed has-image-full\" style=\"--entry-title-font-size:var(--font-size-lg);--align-text:start;--entry-meta-text-align:start;\"><div class=\"entries-wrap has-columns\" style=\"--columns-xs:1\/1;--columns-sm:1\/1;--columns-md:1\/3;--columns-lg:1\/3;--flex-xs:0 0 var(--flex-basis);--flex-sm:0 0 var(--flex-basis);--flex-md:0 0 var(--flex-basis);--flex-lg:0 0 var(--flex-basis);--column-gap:var(--spacing-lg);--row-gap:var(--spacing-lg);--align-columns:start;\"><article class=\"entry entry-grid is-column has-entry-link has-image has-image-first type-post category-esquizofrenia tag-esquizofrenia\" style=\"--entry-index:1;\" aria-label=\"Estilo atribucional na esquizofrenia\" itemscope itemtype=\"https:\/\/schema.org\/CreativeWork\"><a class=\"entry-image-link\" href=\"https:\/\/neuronup.com\/br\/noticias-de-estimulacao-cognitiva\/doenca-mental\/esquizofrenia\/estilo-atribucional-na-esquizofrenia\/\" tabindex=\"-1\" aria-hidden=\"true\"><img decoding=\"async\" width=\"400\" height=\"267\" src=\"https:\/\/neuronup.com\/br\/wp-content\/uploads\/2024\/10\/estilo-atribucional-esquizofrenia.webp\" class=\"entry-image size-landscape-sm\" alt=\"Homem com cabe\u00e7a raspada em fundo escuro, olhando para a c\u00e2mera; m\u00e3os \u00e0 frente do rosto com movimento borrado, sugerindo dinamismo.\" srcset=\"https:\/\/neuronup.com\/br\/wp-content\/uploads\/2024\/10\/estilo-atribucional-esquizofrenia-300x200.webp 300w, https:\/\/neuronup.com\/br\/wp-content\/uploads\/2024\/10\/estilo-atribucional-esquizofrenia-768x512.webp 768w, https:\/\/neuronup.com\/br\/wp-content\/uploads\/2024\/10\/estilo-atribucional-esquizofrenia-1024x683.webp 1024w, https:\/\/neuronup.com\/br\/wp-content\/uploads\/2024\/10\/estilo-atribucional-esquizofrenia.webp 1200w\" sizes=\"(max-width:599px) 599px, (min-width:600px) and (max-width: 799px) 799px, (min-width:800px) and (max-width: 999px) 333px, (min-width:1000px) 400px\" \/><\/a><div class=\"entry-wrap entry-wrap-grid\"><h3 class=\"entry-title\" itemprop=\"headline\"><a class=\"entry-title-link\" href=\"https:\/\/neuronup.com\/br\/noticias-de-estimulacao-cognitiva\/doenca-mental\/esquizofrenia\/estilo-atribucional-na-esquizofrenia\/\" rel=\"bookmark\">Estilo atribucional na esquizofrenia<\/a><\/h3>\n<\/div><\/article><article class=\"entry entry-grid is-column has-entry-link has-image has-image-first type-post category-noticias-de-estimulacao-cognitiva tag-cerebro tag-estimulacao-cognitiva\" style=\"--entry-index:2;\" aria-label=\"Estimula\u00e7\u00e3o magn\u00e9tica transcraniana e reabilita\u00e7\u00e3o cognitiva\" itemscope itemtype=\"https:\/\/schema.org\/CreativeWork\"><a class=\"entry-image-link\" href=\"https:\/\/neuronup.com\/br\/noticias-de-estimulacao-cognitiva\/estimulacao-magnetica-transcraniana-e-reabilitacao-cognitiva\/\" tabindex=\"-1\" aria-hidden=\"true\"><img decoding=\"async\" width=\"400\" height=\"300\" src=\"https:\/\/neuronup.com\/br\/wp-content\/uploads\/2024\/12\/Estimulacao-magnetica-transcraniana-e-reabilitacao-cognitiva-400x300.webp\" class=\"entry-image size-landscape-sm\" alt=\"Homem em cadeira de consult\u00f3rio, bon\u00e9 azul, concentrado diante de tela com borboletas; mulher em jaleco observa ao lado.\" srcset=\"https:\/\/neuronup.com\/br\/wp-content\/uploads\/2024\/12\/Estimulacao-magnetica-transcraniana-e-reabilitacao-cognitiva-400x300.webp 400w, https:\/\/neuronup.com\/br\/wp-content\/uploads\/2024\/12\/Estimulacao-magnetica-transcraniana-e-reabilitacao-cognitiva-800x600.webp 800w\" sizes=\"(max-width:599px) 599px, (min-width:600px) and (max-width: 799px) 799px, (min-width:800px) and (max-width: 999px) 333px, (min-width:1000px) 400px\" \/><\/a><div class=\"entry-wrap entry-wrap-grid\"><h3 class=\"entry-title\" itemprop=\"headline\"><a class=\"entry-title-link\" href=\"https:\/\/neuronup.com\/br\/noticias-de-estimulacao-cognitiva\/estimulacao-magnetica-transcraniana-e-reabilitacao-cognitiva\/\" rel=\"bookmark\">Estimula\u00e7\u00e3o magn\u00e9tica transcraniana e reabilita\u00e7\u00e3o cognitiva<\/a><\/h3>\n<\/div><\/article><article class=\"entry entry-grid is-column has-entry-link has-image has-image-first type-post category-tea-transtorno-do-espectro-do-autismo tag-autismo tag-funcoes-executivas tag-transtornos-do-neurodesenvolvimento\" style=\"--entry-index:3;\" aria-label=\"Autismo em mulheres e fun\u00e7\u00f5es executivas\" itemscope itemtype=\"https:\/\/schema.org\/CreativeWork\"><a class=\"entry-image-link\" href=\"https:\/\/neuronup.com\/br\/noticias-de-estimulacao-cognitiva\/transtornos-do-desenvolvimento\/tea-transtorno-do-espectro-do-autismo\/autismo-em-mulheres-e-funcoes-executivas\/\" tabindex=\"-1\" aria-hidden=\"true\"><img decoding=\"async\" width=\"400\" height=\"267\" src=\"https:\/\/neuronup.com\/br\/wp-content\/uploads\/2024\/05\/La-invisibilidad-del-autismo-en-ninas-adolescentes-y-mujeres-Raquel-Hernandez-Autora-NeuronUP.webp\" class=\"entry-image size-landscape-sm\" alt=\"Crian\u00e7a com cabelos cacheados deitada em gramado verde, sorriso suave e olhar tranquilo, segurando algo entre as m\u00e3os.\" srcset=\"https:\/\/neuronup.com\/br\/wp-content\/uploads\/2024\/05\/La-invisibilidad-del-autismo-en-ninas-adolescentes-y-mujeres-Raquel-Hernandez-Autora-NeuronUP-300x200.webp 300w, https:\/\/neuronup.com\/br\/wp-content\/uploads\/2024\/05\/La-invisibilidad-del-autismo-en-ninas-adolescentes-y-mujeres-Raquel-Hernandez-Autora-NeuronUP-768x512.webp 768w, https:\/\/neuronup.com\/br\/wp-content\/uploads\/2024\/05\/La-invisibilidad-del-autismo-en-ninas-adolescentes-y-mujeres-Raquel-Hernandez-Autora-NeuronUP-1024x683.webp 1024w, https:\/\/neuronup.com\/br\/wp-content\/uploads\/2024\/05\/La-invisibilidad-del-autismo-en-ninas-adolescentes-y-mujeres-Raquel-Hernandez-Autora-NeuronUP.webp 1202w\" sizes=\"(max-width:599px) 599px, (min-width:600px) and (max-width: 799px) 799px, (min-width:800px) and (max-width: 999px) 333px, (min-width:1000px) 400px\" \/><\/a><div class=\"entry-wrap entry-wrap-grid\"><h3 class=\"entry-title\" itemprop=\"headline\"><a class=\"entry-title-link\" href=\"https:\/\/neuronup.com\/br\/noticias-de-estimulacao-cognitiva\/transtornos-do-desenvolvimento\/tea-transtorno-do-espectro-do-autismo\/autismo-em-mulheres-e-funcoes-executivas\/\" rel=\"bookmark\">Autismo em mulheres e fun\u00e7\u00f5es executivas<\/a><\/h3>\n<\/div><\/article><article class=\"entry entry-grid is-column has-entry-link has-image has-image-first type-post category-neuropsicologia tag-reabilitacao-cognitiva\" style=\"--entry-index:4;\" aria-label=\"ChemoBrain: Existe um deterioro cognitivo em sobreviventes de c\u00e2ncer?\" itemscope itemtype=\"https:\/\/schema.org\/CreativeWork\"><a class=\"entry-image-link\" href=\"https:\/\/neuronup.com\/br\/neurociencia\/neuropsicologia\/chemobrain-existe-um-deterioro-cognitivo-em-sobreviventes-de-cancer\/\" tabindex=\"-1\" aria-hidden=\"true\"><img decoding=\"async\" width=\"400\" height=\"300\" src=\"https:\/\/neuronup.com\/br\/wp-content\/uploads\/2024\/12\/deterioro-cognitivo-400x300.webp\" class=\"entry-image size-landscape-sm\" alt=\"Representa\u00e7\u00e3o art\u00edstica de c\u00e9lulas do sistema imunol\u00f3gico em azul vibrante com filamentos, fundo difuso.\" srcset=\"https:\/\/neuronup.com\/br\/wp-content\/uploads\/2024\/12\/deterioro-cognitivo-400x300.webp 400w, https:\/\/neuronup.com\/br\/wp-content\/uploads\/2024\/12\/deterioro-cognitivo-800x600.webp 800w\" sizes=\"(max-width:599px) 599px, (min-width:600px) and (max-width: 799px) 799px, (min-width:800px) and (max-width: 999px) 333px, (min-width:1000px) 400px\" \/><\/a><div class=\"entry-wrap entry-wrap-grid\"><h3 class=\"entry-title\" itemprop=\"headline\"><a class=\"entry-title-link\" href=\"https:\/\/neuronup.com\/br\/neurociencia\/neuropsicologia\/chemobrain-existe-um-deterioro-cognitivo-em-sobreviventes-de-cancer\/\" rel=\"bookmark\">ChemoBrain: Existe um deterioro cognitivo em sobreviventes de c\u00e2ncer?<\/a><\/h3>\n<\/div><\/article><article class=\"entry entry-grid is-column has-entry-link has-image has-image-first type-post category-memoria tag-memoria\" style=\"--entry-index:5;\" aria-label=\"Tudo sobre a mem\u00f3ria\" itemscope itemtype=\"https:\/\/schema.org\/CreativeWork\"><a class=\"entry-image-link\" href=\"https:\/\/neuronup.com\/br\/neurociencia\/neuropsicologia\/memoria\/tudo-sobre-a-memoria\/\" tabindex=\"-1\" aria-hidden=\"true\"><img decoding=\"async\" width=\"400\" height=\"265\" src=\"https:\/\/neuronup.com\/br\/wp-content\/uploads\/2023\/05\/todo-sobre-la-memoria.webp\" class=\"entry-image size-landscape-sm\" alt=\"Pessoa sentada em uma cafeteria, folheando um \u00e1lbum de fotos antigas, com c\u00e2mera, cadernos e l\u00e1pis sobre a mesa.\" srcset=\"https:\/\/neuronup.com\/br\/wp-content\/uploads\/2023\/05\/todo-sobre-la-memoria-300x199.webp 300w, https:\/\/neuronup.com\/br\/wp-content\/uploads\/2023\/05\/todo-sobre-la-memoria-768x509.webp 768w, https:\/\/neuronup.com\/br\/wp-content\/uploads\/2023\/05\/todo-sobre-la-memoria-1024x679.webp 1024w, https:\/\/neuronup.com\/br\/wp-content\/uploads\/2023\/05\/todo-sobre-la-memoria.webp 1206w\" sizes=\"(max-width:599px) 599px, (min-width:600px) and (max-width: 799px) 799px, (min-width:800px) and (max-width: 999px) 333px, (min-width:1000px) 400px\" \/><\/a><div class=\"entry-wrap entry-wrap-grid\"><h3 class=\"entry-title\" itemprop=\"headline\"><a class=\"entry-title-link\" href=\"https:\/\/neuronup.com\/br\/neurociencia\/neuropsicologia\/memoria\/tudo-sobre-a-memoria\/\" rel=\"bookmark\">Tudo sobre a mem\u00f3ria<\/a><\/h3>\n<\/div><\/article><article class=\"entry entry-grid is-column has-entry-link has-image has-image-first type-post category-neuropsicologia tag-funcoes-executivas tag-saude-mental\" style=\"--entry-index:6;\" aria-label=\"O C\u00f3rtex Cingulado Anterior: controle executivo e controle emocional\" itemscope itemtype=\"https:\/\/schema.org\/CreativeWork\"><a class=\"entry-image-link\" href=\"https:\/\/neuronup.com\/br\/neurociencia\/neuropsicologia\/a-cortex-cingulado-anterior-controle-executivo-e-controle-emocional\/\" tabindex=\"-1\" aria-hidden=\"true\"><img decoding=\"async\" width=\"400\" height=\"290\" src=\"https:\/\/neuronup.com\/br\/wp-content\/uploads\/2022\/04\/medical-background-crumpled-paper-brain-shape-with-light-bulb-1.webp\" class=\"entry-image size-landscape-sm\" alt=\"Bola de papel amassada, simulando c\u00e9rebro, cercada por bal\u00f5es de fala com l\u00e2mpadas, em fundo neutro, brainstorming e inspira\u00e7\u00e3o.\" srcset=\"https:\/\/neuronup.com\/br\/wp-content\/uploads\/2022\/04\/medical-background-crumpled-paper-brain-shape-with-light-bulb-1-300x217.webp 300w, https:\/\/neuronup.com\/br\/wp-content\/uploads\/2022\/04\/medical-background-crumpled-paper-brain-shape-with-light-bulb-1-768x556.webp 768w, https:\/\/neuronup.com\/br\/wp-content\/uploads\/2022\/04\/medical-background-crumpled-paper-brain-shape-with-light-bulb-1.webp 1000w\" sizes=\"(max-width:599px) 599px, (min-width:600px) and (max-width: 799px) 799px, (min-width:800px) and (max-width: 999px) 333px, (min-width:1000px) 400px\" \/><\/a><div class=\"entry-wrap entry-wrap-grid\"><h3 class=\"entry-title\" itemprop=\"headline\"><a class=\"entry-title-link\" href=\"https:\/\/neuronup.com\/br\/neurociencia\/neuropsicologia\/a-cortex-cingulado-anterior-controle-executivo-e-controle-emocional\/\" rel=\"bookmark\">O C\u00f3rtex Cingulado Anterior: controle executivo e controle emocional<\/a><\/h3>\n<\/div><\/article><\/div><\/div>","protected":false},"excerpt":{"rendered":"<p>A terapeuta ocupacional e professora da Universidade de Burgos, Olalla Saiz, exp\u00f5e, junto com v\u00e1rios de seus alunos, uma interven\u00e7\u00e3o no AVC a partir da terapia ocupacional com o NeuronUP. O que \u00e9 o AVC O AVC, ou infarto cerebral, ocorre por uma falta de irriga\u00e7\u00e3o nos vasos sangu\u00edneos do c\u00e9rebro. Al\u00e9m disso, o acidente &hellip;<\/p>\n","protected":false},"author":249,"featured_media":20264,"comment_status":"open","ping_status":"closed","sticky":false,"template":"","format":"standard","meta":{"_acf_changed":false,"_genesis_hide_title":false,"_genesis_hide_breadcrumbs":false,"_genesis_hide_singular_image":false,"_genesis_hide_footer_widgets":false,"_genesis_custom_body_class":"","_genesis_custom_post_class":"","_genesis_layout":"","footnotes":""},"categories":[585],"tags":[704,545,574,700],"class_list":{"2":"type-post","7":"category-para-avc","8":"tag-acidente-vascular-cerebral","9":"tag-atividades-de-estimulacao-cognitiva","10":"tag-lesao-cerebral-adquirida","11":"tag-neuronup","12":"entry"},"acf":[],"_links":{"self":[{"href":"https:\/\/neuronup.com\/br\/wp-json\/wp\/v2\/posts\/20246","targetHints":{"allow":["GET"]}}],"collection":[{"href":"https:\/\/neuronup.com\/br\/wp-json\/wp\/v2\/posts"}],"about":[{"href":"https:\/\/neuronup.com\/br\/wp-json\/wp\/v2\/types\/post"}],"author":[{"embeddable":true,"href":"https:\/\/neuronup.com\/br\/wp-json\/wp\/v2\/users\/249"}],"replies":[{"embeddable":true,"href":"https:\/\/neuronup.com\/br\/wp-json\/wp\/v2\/comments?post=20246"}],"version-history":[{"count":0,"href":"https:\/\/neuronup.com\/br\/wp-json\/wp\/v2\/posts\/20246\/revisions"}],"wp:featuredmedia":[{"embeddable":true,"href":"https:\/\/neuronup.com\/br\/wp-json\/wp\/v2\/media\/20264"}],"wp:attachment":[{"href":"https:\/\/neuronup.com\/br\/wp-json\/wp\/v2\/media?parent=20246"}],"wp:term":[{"taxonomy":"category","embeddable":true,"href":"https:\/\/neuronup.com\/br\/wp-json\/wp\/v2\/categories?post=20246"},{"taxonomy":"post_tag","embeddable":true,"href":"https:\/\/neuronup.com\/br\/wp-json\/wp\/v2\/tags?post=20246"}],"curies":[{"name":"wp","href":"https:\/\/api.w.org\/{rel}","templated":true}]}}