{"id":18669,"date":"2022-12-05T13:33:33","date_gmt":"2022-12-05T11:33:33","guid":{"rendered":"https:\/\/neuronup.com\/?p=18669"},"modified":"2022-12-05T13:33:33","modified_gmt":"2022-12-05T11:33:33","slug":"a-importancia-da-rede-de-apoio-nos-transtornos-do-neurodesenvolvimento","status":"publish","type":"post","link":"https:\/\/neuronup.com\/br\/noticias-de-estimulacao-cognitiva\/transtornos-do-desenvolvimento\/a-importancia-da-rede-de-apoio-nos-transtornos-do-neurodesenvolvimento\/","title":{"rendered":"A import\u00e2ncia da rede de apoio nos transtornos do neurodesenvolvimento"},"content":{"rendered":"\n<p class=\"has-xl-font-size wp-block-paragraph\">A especialista em interven\u00e7\u00e3o educativa e tratamento do autismo Irma Fern\u00e1ndez Hern\u00e1ndez nos explica qu\u00e3o importante \u00e9 contar com uma<strong> rede de apoio em fam\u00edlias onde um membro sofre de um transtorno do neurodesenvolvimento.<\/strong><\/p>\n\n\n\n<div style=\"height:50px\" aria-hidden=\"true\" class=\"wp-block-spacer\"><\/div>\n\n\n\n<aside class=\"wp-block-group pb-0 br-0101 has-background has-xl-margin-top\" style=\"background:linear-gradient(135deg,rgb(0,128,150) 0%,rgb(0,171,199) 100%)\"><div class=\"wp-block-group__inner-container is-layout-constrained wp-block-group-is-layout-constrained\">\n<div class=\"wp-block-columns br-1010 is-layout-flex wp-container-core-columns-is-layout-8f761849 wp-block-columns-is-layout-flex\">\n<div class=\"wp-block-column is-vertically-aligned-center is-layout-flow wp-block-column-is-layout-flow\" style=\"flex-basis:60%\">\n<p class=\"has-text-align-center has-white-color has-text-color has-link-color has-xxl-font-size wp-elements-1 has-no-margin-top has-no-margin-bottom wp-block-paragraph\"> <strong>Trabalhe na NeuronUP<\/strong><\/p>\n\n\n\n<p class=\"has-text-align-center has-white-color has-text-color has-link-color has-sm-font-size wp-elements-2 has-no-margin-top has-no-margin-bottom wp-block-paragraph\">Desenvolva sua carreira no setor da sa\u00fade digital.<br>Junte-se \u00e0 nossa equipe.<\/p>\n\n\n\n<div style=\"height:10px\" aria-hidden=\"true\" class=\"wp-block-spacer\"><\/div>\n\n\n\n<div class=\"wp-block-buttons is-content-justification-center is-layout-flex wp-container-core-buttons-is-layout-fe48e5de wp-block-buttons-is-layout-flex\">\n<div class=\"wp-block-button has-custom-width wp-block-button__width-75\" style=\"--button-background:var(--color-custom-1);--button-background-hover:#cc7e00;\"><a class=\"wp-block-button__link button   has-sm-font-size has-custom-font-size wp-element-button\" href=\"https:\/\/neuronup.com\/br\/as-melhores-ofertas-de-emprego-para-profissionais-da-neurorreabilitacao\/\"><strong><strong>Ver vagas dispon\u00edveis<\/strong><\/strong><\/a><\/div>\n\n<\/div>\n<\/div>\n\n\n\n<div class=\"wp-block-column is-vertically-aligned-center is-layout-flow wp-block-column-is-layout-flow\" style=\"flex-basis:40%\"><div class=\"wp-block-image blog-br-0101\">\n<figure class=\"alignright size-large is-resized has--xxxl-margin-top has-no-margin-bottom\"><img decoding=\"async\" width=\"1024\" height=\"1024\" src=\"https:\/\/neuronup.com\/br\/wp-content\/uploads\/2026\/06\/Historias-exito-NeuronUP-14-2-1024x1024.webp\" alt=\"\" class=\"wp-image-51286\" style=\"width:361px;height:auto\" srcset=\"https:\/\/neuronup.com\/br\/wp-content\/uploads\/2026\/06\/Historias-exito-NeuronUP-14-2-24x24.webp 24w, https:\/\/neuronup.com\/br\/wp-content\/uploads\/2026\/06\/Historias-exito-NeuronUP-14-2-48x48.webp 48w, https:\/\/neuronup.com\/br\/wp-content\/uploads\/2026\/06\/Historias-exito-NeuronUP-14-2-80x80.webp 80w, https:\/\/neuronup.com\/br\/wp-content\/uploads\/2026\/06\/Historias-exito-NeuronUP-14-2-96x96.webp 96w, https:\/\/neuronup.com\/br\/wp-content\/uploads\/2026\/06\/Historias-exito-NeuronUP-14-2-150x150.webp 150w, https:\/\/neuronup.com\/br\/wp-content\/uploads\/2026\/06\/Historias-exito-NeuronUP-14-2-300x300.webp 300w, https:\/\/neuronup.com\/br\/wp-content\/uploads\/2026\/06\/Historias-exito-NeuronUP-14-2-768x768.webp 768w, https:\/\/neuronup.com\/br\/wp-content\/uploads\/2026\/06\/Historias-exito-NeuronUP-14-2-1024x1024.webp 1024w, https:\/\/neuronup.com\/br\/wp-content\/uploads\/2026\/06\/Historias-exito-NeuronUP-14-2.webp 1080w\" sizes=\"(max-width: 1024px) 100vw, 1024px\" \/><\/figure>\n<\/div><\/div>\n<\/div>\n<\/div><\/aside>\n\n\n\n<div style=\"height:50px\" aria-hidden=\"true\" class=\"wp-block-spacer\"><\/div>\n\n\n\n<p class=\"wp-block-paragraph\">Toda espera est\u00e1 cheia de ilus\u00e3o e mais ainda quando se trata de um beb\u00ea. <strong>Quando chega um filho com transtorno do neurodesenvolvimento<\/strong>, impacta toda a fam\u00edlia, seja parental ou monoparental, funcional ou disfuncional, de qualquer tipo, tendo que passar por um<strong> luto inevitavelmente.<\/strong> <\/p>\n\n\n\n<p class=\"wp-block-paragraph\">Se analisarmos o dia a dia desse n\u00facleo familiar, confirma-se a ideia do que se espera dele, formar para a sociedade um cidad\u00e3o<strong> <\/strong>que contribua para o bem-estar, desenvolvimento e melhoria pessoal e de todos, para um bem comum. Conseguir isso, sem d\u00favida, requer uma <strong>rede de apoio<\/strong> que ajude a cumprir o prop\u00f3sito de <strong>conformar um sujeito competente e capaz de alcan\u00e7ar qualquer tipo de melhoria pessoal e coletiva, colaborando de maneira ativa.<\/strong><\/p>\n\n\n\n<h2 class=\"wp-block-heading\">A transcend\u00eancia do estilo de vida<\/h2>\n\n\n\n<p class=\"wp-block-paragraph\">A<strong> <\/strong>exig\u00eancia do cotidiano nos obriga a adotar estilos de vida que chegam a ser destrutivos em pequena ou grande escala, a curto, m\u00e9dio ou longo prazo, em aspectos como a alimenta\u00e7\u00e3o, o ambiente&nbsp;e a rela\u00e7\u00e3o com tudo o que nos rodeia. <\/p>\n\n\n\n<p class=\"wp-block-paragraph\">A <strong>comida r\u00e1pida<\/strong> \u00e9 deliciosa, sua apresenta\u00e7\u00e3o chamativa, e \u00e9 f\u00e1cil adquiri-la e consumi-la, o que a converte em prefer\u00eancia para a grande maioria. Muitos pais trabalhadores se sentem menos culpados permitindo e incentivando esse tipo de alimenta\u00e7\u00e3o em seus pequenos. No entanto,<strong> <\/strong>cada vez fica mais dif\u00edcil deixar o <strong>v\u00edcio <\/strong>que gera. Se algum dos seus pequenos vive com peculiaridades sensitivas associadas ao paladar e n\u00e3o aceita outra coisa que n\u00e3o sejam \u201cnuggets\u201d ou leite (que parece inofensivo), os pais ou cuidadores o alimentar\u00e3o apenas com isso.<\/p>\n\n\n\n<p class=\"wp-block-paragraph\">O estilo de vida que constru\u00edmos inconscientemente geralmente vai<strong> contra a natureza,<\/strong> primeiro, da pr\u00f3pria crian\u00e7a, seguindo com o <strong>ambiente<\/strong> que nos rodeia. Ou seja, n\u00e3o temos tempo para motivar a crian\u00e7a e ensin\u00e1-la a plantar uma planta e converter a batalha de cuidar para que n\u00e3o coma a terra em uma oportunidade para conhecer a etapa de desenvolvimento pela qual est\u00e1 passando. E al\u00e9m disso preferimos <strong>usar ess\u00eancias manufaturadas como paliativos para induzir o sono<\/strong>, manter o ambiente livre de odores desagrad\u00e1veis ou comprar bugigangas que os entretenham.<\/p>\n\n\n\n<h2 class=\"wp-block-heading\">A necessidade de adapta\u00e7\u00e3o e de uma rede de apoio<\/h2>\n\n\n\n<p class=\"wp-block-paragraph\"><strong>Os seres humanos possu\u00edmos um conjunto cerebral dotado de todo um kit encarregado de realizar a\u00e7\u00f5es complexas que funciona antes de nascer<\/strong>. O ambiente familiar fornece a cada pequeno um sem-n\u00famero de pistas sociais que lhe permitem adaptar-se, aprender, relacionar-se e continuar com sua aprendizagem. <\/p>\n\n\n\n<p class=\"wp-block-paragraph\">As pessoas com algum transtorno do neurodesenvolvimento, especificamente <strong>autismo<\/strong>, contam com um <strong>kit que funciona de maneira diferente,<\/strong> por isso o ambiente precisa recorrer a alguns recursos para alcan\u00e7ar o que de maneira natural se espera.<\/p>\n\n\n\n<h3 class=\"wp-block-heading\">As exigentes demandas da sociedade atual<\/h3>\n\n\n\n<p class=\"wp-block-paragraph\">A <strong>luta para encaixar-se em uma sociedade <\/strong>altamente exigente e mut\u00e1vel com padr\u00f5es l\u00edquidos \u00e9 intermin\u00e1vel e chega a ser desgastante, deixando por sua vez uma<strong> sensa\u00e7\u00e3o de frustra\u00e7\u00e3o. <\/strong>Essa volatilidade arruina o esfor\u00e7o das pessoas que vivem com algum transtorno do neurodesenvolvimento, colocando \u00e0 beira do colapso suas fam\u00edlias.<\/p>\n\n\n\n<h4 class=\"wp-block-heading\">A import\u00e2ncia da rede de apoio nos transtornos do neurodesenvolvimento<\/h4>\n\n\n\n<p class=\"wp-block-paragraph\">Da\u00ed a necessidade de gerar uma <strong>rede de apoio que ofere\u00e7a informa\u00e7\u00e3o b\u00e1sica e confi\u00e1vel<\/strong> sobre a import\u00e2ncia de:<\/p>\n\n\n\n<ul class=\"wp-block-list\">\n<li> uma <strong>alimenta\u00e7\u00e3o adequada<\/strong> rica em nutrientes que ofere\u00e7a benef\u00edcios substanciais<\/li>\n\n\n\n<li>dos ganhos ao <strong>interagir com a natureza<\/strong> usando as m\u00e3os para seu cuidado, preserva\u00e7\u00e3o e transforma\u00e7\u00e3o<\/li>\n\n\n\n<li>oferecer espa\u00e7os e estrat\u00e9gias que promovam a <strong>rela\u00e7\u00e3o com apoio m\u00fatuo<\/strong>, ou seja, descobrir o que a pessoa que vive com algum transtorno nos ensina e aporta, como esses momentos de paz ao estar consigo mesmo e que, dadas as circunst\u00e2ncias atuais, a <strong>sociedade normot\u00edpica<\/strong> necessita em algum momento.<\/li>\n<\/ul>\n\n\n\n<p class=\"wp-block-paragraph\">Quem vive com algum transtorno nos presenteia essa rede de apoio natural sem pedi-la, apenas est\u00e1 ali, \u00e0 nossa disposi\u00e7\u00e3o, porque ningu\u00e9m disse que nosso estilo de vida \u00e9 o correto, j\u00e1 que, se fosse, os \u00edndices de doen\u00e7a por estresse, suic\u00eddios, alcoolismo, drogadi\u00e7\u00e3o, etc., estariam em queda.<\/p>\n\n\n\n<p class=\"wp-block-paragraph\">A <strong>sociedade espera que sejamos competentes em tudo<\/strong>. Ideia que forma um c\u00edrculo vicioso nas fam\u00edlias. Por exemplo, o <strong>estresse cotidiano<\/strong> de uma pessoa que cuida de cada integrante de sua fam\u00edlia ocupando-se do bem-estar f\u00edsico, emocional e social, e deixa de se centrar em quem \u00e9 quem, o que sente e pensa naturalmente cada ser, dando lugar ao que deveria ser, dizer, pensar e fazer, tentando seguir at\u00e9 alcan\u00e7ar o modelo de cidad\u00e3o eficaz. Isso resulta estressante cem por cento, e conv\u00e9m lembrar que toda crian\u00e7a<strong> <\/strong>vive atrav\u00e9s das emo\u00e7\u00f5es dos pais.<\/p>\n\n\n\n<p class=\"wp-block-paragraph\"><strong>A adapta\u00e7\u00e3o ao meio \u00e9 importante<\/strong>. Para quem vive com algum transtorno do neurodesenvolvimento talvez n\u00e3o o seja tanto. A fam\u00edlia anseia ser inclu\u00edda e, para alcan\u00e7\u00e1-lo, fazer parte de uma rede de apoio a ajudar\u00e1 a gerir as complica\u00e7\u00f5es que cada objetivo acarreta.<\/p>\n\n\n\n<h4 class=\"wp-block-heading\">As dificuldades associadas ao mercado de trabalho<\/h4>\n\n\n\n<p class=\"wp-block-paragraph\">Pareceria que categorizar \u00e9 indispens\u00e1vel para o funcionamento de todo grupo, assim <strong>as pessoas se classificam em<\/strong> <strong>capazes e incapazes<\/strong>. Uns s\u00e3o os que determinam a forma como o mundo deve mover-se e os outros, encarregam-se de que se mova. <\/p>\n\n\n\n<p class=\"wp-block-paragraph\">\u00c9 por isso que cada vez \u00e9 mais dif\u00edcil incluir no campo laboral de maneira bem-sucedida pessoas com alguma condi\u00e7\u00e3o, pois as oportunidades est\u00e3o ligadas \u00e0s capacidades, habilidades e esfor\u00e7os. Aqui \u00e9 onde nossos sonhos como pais tornam-se imposs\u00edveis e a rede de apoio dever\u00e1 conter a <strong>desmoraliza\u00e7\u00e3o<\/strong> <strong>paterna<\/strong>.<\/p>\n\n\n\n<h3 class=\"wp-block-heading\">Recursos para alcan\u00e7ar os objetivos esperados<\/h3>\n\n\n\n<p class=\"wp-block-paragraph\"><strong>Hist\u00f3rias sociais, antecipadores com pictogramas, agendas e cronogramas s\u00e3o recursos que facilitam flexibilizar o pensamento <\/strong>(fun\u00e7\u00f5es executivas) e conseguir que aceitem provar outros alimentos, inclusive comer picol\u00e9s que anestesiem um pouco a cavidade bucal para faz\u00ea-los <strong>degustar alimentos novos<\/strong> e, sobretudo, nutritivos. \u00c9 dif\u00edcil \u201cmaquiar\u201d comida feita em casa para que pare\u00e7a com a que compramos no supermercado ou outros estabelecimentos e que a aceitem devido \u00e0 <strong>resposta hiperreativa<\/strong>, no entanto, vale a pena tentar.<\/p>\n\n\n\n<p class=\"wp-block-paragraph\">Fa\u00e7amos uma <strong>alian\u00e7a com a natureza<\/strong>, validemos o natural da natureza usando folhas de alface que induzem o sono, (talvez fazendo infus\u00f5es para tomar um banho), a lavanda, o alecrim ou a canela s\u00e3o excelentes aromatizadores e a \u00e1gua, um recurso inestim\u00e1vel para brincar e, ao mesmo tempo, a melhor oportunidade para compartilhar saberes.<\/p>\n\n\n\n<h2 class=\"wp-block-heading\">O que \u00e9 a rede de de apoio?<\/h2>\n\n\n\n<p class=\"wp-block-paragraph\">Grupo de <strong>pessoas que compartilham um mesmo fim<\/strong>, com organiza\u00e7\u00e3o flex\u00edvel, consistente, sustent\u00e1vel e dispon\u00edvel, capaz de sustentar a emocionalidade de cada integrante. <\/p>\n\n\n\n<p class=\"wp-block-paragraph\">\u00c9 uma comunidade viva que conhece as caracter\u00edsticas da condi\u00e7\u00e3o que a une e compartilha experi\u00eancias<strong> com inten\u00e7\u00e3o de<\/strong> <strong>guiar e colaborar para<\/strong> <strong>melhorar a qualidade de vida de seus integrantes. <\/strong>Porque esse deveria ser o objetivo supremo para todos.<\/p>\n\n\n<div class=\"wp-block-image image-interface\">\n<figure class=\"aligncenter size-full\"><img decoding=\"async\" width=\"768\" height=\"512\" src=\"https:\/\/neuronup.com\/br\/wp-content\/uploads\/2022\/11\/La-red-de-apoyo.webp\" alt=\"Fam\u00edlia de tr\u00eas membros: crian\u00e7a entre dois adultos abra\u00e7ados em um ambiente claro e acolhedor, refletindo apoio m\u00fatuo em transtornos do neurodesenvolvimento.\" class=\"wp-image-18714\" srcset=\"https:\/\/neuronup.com\/br\/wp-content\/uploads\/2022\/11\/La-red-de-apoyo-300x200.webp 300w, https:\/\/neuronup.com\/br\/wp-content\/uploads\/2022\/11\/La-red-de-apoyo.webp 768w\" sizes=\"(max-width: 768px) 100vw, 768px\" \/><figcaption class=\"wp-element-caption\">Pais com seu filho com autismo.<\/figcaption><\/figure>\n<\/div>\n\n\n<p class=\"wp-block-paragraph\">Os pais cujo filho vive com algum transtorno sentem-se frequentemente s\u00f3s, incompreendidos, julgados, apontados e <strong>exclu\u00eddos pela sociedade dominante<\/strong> (neurot\u00edpica). <\/p>\n\n\n\n<p class=\"wp-block-paragraph\">A recomenda\u00e7\u00e3o \u00e9 buscar essa<strong> <\/strong>rede de apoio, e se n\u00e3o existir, formar uma que ofere\u00e7a fortaleza, calor, respeito e inclus\u00e3o.<\/p>\n\n\n\n<h3 class=\"wp-block-heading\">O bem-estar dos integrantes<\/h3>\n\n\n\n<p class=\"wp-block-paragraph\"><strong>O bem-estar \u00e9 absolutamente subjetivo.<\/strong> <\/p>\n\n\n\n<h4 class=\"wp-block-heading\">Bem-estar para uma pessoa com transtorno do neurodesenvolvimento<\/h4>\n\n\n\n<p class=\"wp-block-paragraph\">Para a pessoa que vive com algum transtorno do neurodesenvolvimento como o autismo, pode significar:<\/p>\n\n\n\n<ul class=\"wp-block-list\">\n<li>estender no tempo a satisfa\u00e7\u00e3o que lhe gera, <\/li>\n\n\n\n<li>alinhar os brinquedos, <\/li>\n\n\n\n<li>manter a ordem de seus objetos favoritos, <\/li>\n\n\n\n<li>ver uma pel\u00edcula v\u00e1rias vezes, <\/li>\n\n\n\n<li>cheirar o cabelo das pessoas <\/li>\n\n\n\n<li>e por a\u00ed vai. <\/li>\n<\/ul>\n\n<p class=\"wp-block-paragraph\">O bem-estar tamb\u00e9m poderia estar relacionado com comer chocolates e alimentos que os alteram ou passar a maior parte do tempo no seu quarto lendo hist\u00f3rias em quadrinhos.<\/p>\n\n\n\n<h4 class=\"wp-block-heading\">Bem-estar para os cuidadores de uma pessoa com transtorno do neurodesenvolvimento<\/h4>\n\n\n\n<p class=\"wp-block-paragraph\">Para os cuidadores, o bem-estar costuma estar relacionado com levar uma vida o mais pr\u00f3xima poss\u00edvel da <strong>\u201cnormalidade\u201d<\/strong> devido \u00e0 incerteza que implica o desejo de que seu filho esteja bem mesmo quando eles j\u00e1 n\u00e3o estiverem. <\/p>\n\n\n\n<p class=\"wp-block-paragraph\">Assim, s\u00e3o eles que t\u00eam de come\u00e7ar a tecer os fios para conformar essa rede de apoio, seguidos pelos irm\u00e3os, primos ou vizinhos. Toda rede de apoio \u00e9 respons\u00e1vel por atualizar informa\u00e7\u00f5es sobre a condi\u00e7\u00e3o que a comp\u00f5e, lutar por seus direitos, acompanh\u00e1-los em suas obriga\u00e7\u00f5es e trabalhar para conseguir oportunidades de trabalho.<\/p>\n\n\n\n<h3 class=\"wp-block-heading\">A rede de apoio como fonte de desenvolvimento e melhoria pessoal\u00a0<\/h3>\n\n\n\n<p class=\"wp-block-paragraph\">O desenvolvimento integral para qualquer ser humano abrange o aspecto emocional, f\u00edsico, familiar, social, intelectual e financeiro. Para aqueles que vivem com algum transtorno do neurodesenvolvimento torna-se evidente a depend\u00eancia, em grande medida, da rede de apoio com a qual contam para alcan\u00e7ar esse desenvolvimento e, em outra medida, suas pr\u00f3prias capacidades.<\/p>\n\n\n\n<p class=\"wp-block-paragraph\">A fam\u00edlia deve procurar a <strong>autonomia<\/strong> de seus membros nos aspectos mencionados para que alcancem o <strong>desenvolvimento<\/strong> ao qual todos temos direito. \u00c9 assim que se inicia toda <strong>rede de apoio<\/strong>.<\/p>\n\n\n\n<p class=\"wp-block-paragraph\">Talvez neste momento voc\u00ea se pergunte\u2026 e as pessoas que requerem ajuda de forma muito not\u00f3ria, poder\u00e3o alcan\u00e7ar o desenvolvimento de que se fala? A resposta \u00e9 sim. \u00c9 necess\u00e1rio um trabalho gigantesco, colaborativo, que comece no interior de cada c\u00e9lula e se estenda em sua totalidade. Dessa maneira \u00e9 poss\u00edvel visualizar uma <strong>melhoria pessoal<\/strong> que gere um impacto no contexto ao qual pertence, come\u00e7ando pela pr\u00f3pria rede de apoio. Nem todos estamos destinados a ser engenheiros, arquitetos ou advogados, mas sim a ser bem-sucedidos dentro das possibilidades de cada indiv\u00edduo.<\/p>\n\n\n\n<h2 class=\"wp-block-heading\">Conclus\u00f5es<\/h2>\n\n\n\n<p class=\"wp-block-paragraph\">Todas as condi\u00e7\u00f5es em seu pr\u00f3prio n\u00facleo s\u00e3o exatamente as mesmas. Simplesmente, aparecem em suas <strong>diferentes manifesta\u00e7\u00f5es<\/strong> de acordo com peculiaridades precisas em seu campo pessoal. A frequ\u00eancia do<strong> afeto, compromisso e acompanhamento<\/strong> que toda rede de apoio oferece alcan\u00e7a avan\u00e7os importantes.<\/p>\n\n\n\n<p class=\"wp-block-paragraph\">Observar a crian\u00e7a, encontrar seu talento, <strong>conectar com seu ser<\/strong>, beneficia a todos. Todos aprendemos uns com os outros. <strong>Potencializa novos projetos<\/strong>, acelera o controle de suas pr\u00f3prias instru\u00e7\u00f5es pessoais por meio do Mindfulness<strong>.<\/strong><\/p>\n\n\n\n<p class=\"wp-block-paragraph\">O objetivo \u00e9 alinhar-se mais profundamente com os <strong>princ\u00edpios da natureza<\/strong> frente \u00e0 <strong>disputa, o antagonismo e a dificuldade do comum<\/strong>. Onde as coisas n\u00e3o estiverem funcionando, provocar as mudan\u00e7as que forem necess\u00e1rias. Encontrar a<strong> for\u00e7a, a resist\u00eancia e a paci\u00eancia<\/strong> para formar uma rede de apoio quando for uma op\u00e7\u00e3o.<\/p>\n\n\n\n<h2 class=\"wp-block-heading\">Refer\u00eancias<\/h2>\n\n\n\n<ul class=\"wp-block-list has-sm-font-size\">\n<li>Lafuente, A. (coord.). (2020). Como autocuidar(nos). http:\/\/laaventuradeaprender.intef.es\/documents\/10184\/127257\/Guia+Autocuidarnos.pdg\/9e81972a-589b-451f-b496-599d6d6da015<\/li>\n\n\n\n<li>Bauman, Zygmunt. (2004). &nbsp;Modernidade l\u00edquida. https:\/\/catedraepistemologia.files.wordpress.com\/2009\/05\/modernidad-liquida.pdf<\/li>\n<\/ul>\n\n\n\n<h3 class=\"wp-block-heading\">Se voc\u00ea gostou desta entrada sobre a import\u00e2ncia da rede de apoio nos transtornos do neurodesenvolvimento, talvez voc\u00ea se interesse por&nbsp;estas publica\u00e7\u00f5es:<\/h3>\n\n<div class=\"mai-grid entries entries-grid has-boxed has-image-full\" style=\"--entry-title-font-size:var(--font-size-lg);--align-text:start;--entry-meta-text-align:start;\"><div class=\"entries-wrap has-columns\" style=\"--columns-xs:1 \/ 1;--columns-sm:1 \/ 1;--columns-md:1 \/ 3;--columns-lg:1 \/ 3;--flex-xs:0 0 var(--flex-basis);--flex-sm:0 0 var(--flex-basis);--flex-md:0 0 var(--flex-basis);--flex-lg:0 0 var(--flex-basis);--column-gap:var(--spacing-lg);--row-gap:var(--spacing-lg);--align-columns:start;\"><article class=\"entry entry-grid is-column has-entry-link has-image has-image-first type-post category-doencas-neurodegenerativas tag-demencia tag-enfermedades-neurodegenerativas tag-maiores\" style=\"--entry-index:1;\" aria-label=\"Decl\u00ednio cognitivo leve (DCL) ou dem\u00eancia: diferen\u00e7as cl\u00ednicas, diagn\u00f3stico e estimula\u00e7\u00e3o cognitiva\" itemscope itemtype=\"https:\/\/schema.org\/CreativeWork\"><a class=\"entry-image-link\" href=\"https:\/\/neuronup.com\/br\/noticias-de-estimulacao-cognitiva\/doencas-neurodegenerativas\/deterioro-cognitivo-leve-demencia-diferencas-clinicas-diagnostico-e-estimulacao-cognitiva\/\" tabindex=\"-1\" aria-hidden=\"true\"><img decoding=\"async\" width=\"400\" height=\"300\" src=\"https:\/\/neuronup.com\/br\/wp-content\/uploads\/2025\/05\/Deterioro-cognitivo-leve-o-demencia-diferencias-clinicas-diagnostico-y-estimulacion-cognitiva-400x300.webp\" class=\"entry-image size-landscape-sm\" alt=\"Ilustra\u00e7\u00e3o comparando deteriora\u00e7\u00e3o cognitiva leve e dem\u00eancia, com \u00eanfase em diferen\u00e7as cl\u00ednicas para a avalia\u00e7\u00e3o.\" srcset=\"https:\/\/neuronup.com\/br\/wp-content\/uploads\/2025\/05\/Deterioro-cognitivo-leve-o-demencia-diferencias-clinicas-diagnostico-y-estimulacion-cognitiva-400x300.webp 400w, https:\/\/neuronup.com\/br\/wp-content\/uploads\/2025\/05\/Deterioro-cognitivo-leve-o-demencia-diferencias-clinicas-diagnostico-y-estimulacion-cognitiva-800x600.webp 800w\" sizes=\"(max-width:599px) 599px, (min-width:600px) and (max-width: 799px) 799px, (min-width:800px) and (max-width: 999px) 333px, (min-width:1000px) 400px\" \/><\/a><div class=\"entry-wrap entry-wrap-grid\"><h3 class=\"entry-title\" itemprop=\"headline\"><a class=\"entry-title-link\" href=\"https:\/\/neuronup.com\/br\/noticias-de-estimulacao-cognitiva\/doencas-neurodegenerativas\/deterioro-cognitivo-leve-demencia-diferencas-clinicas-diagnostico-e-estimulacao-cognitiva\/\" rel=\"bookmark\">Decl\u00ednio cognitivo leve (DCL) ou dem\u00eancia: diferen\u00e7as cl\u00ednicas, diagn\u00f3stico e estimula\u00e7\u00e3o cognitiva<\/a><\/h3>\n<\/div><\/article><article class=\"entry entry-grid is-column has-entry-link has-image has-image-first type-post category-dano-cerebral tag-dano-cerebral-adquirido\" style=\"--entry-index:2;\" aria-label=\"Aprendizagem motora: o que \u00e9, fatores, metodologia e objetivo\" itemscope itemtype=\"https:\/\/schema.org\/CreativeWork\"><a class=\"entry-image-link\" href=\"https:\/\/neuronup.com\/br\/noticias-de-estimulacao-cognitiva\/dano-cerebral\/aprendizagem-motora-o-que-e-fatores-metodologia-e-objetivo\/\" tabindex=\"-1\" aria-hidden=\"true\"><img decoding=\"async\" width=\"400\" height=\"300\" src=\"https:\/\/neuronup.com\/br\/wp-content\/uploads\/2021\/10\/cross-section-of-human-brain-tissue-8ALYQ7M-655x427-1-400x300.webp\" class=\"entry-image size-landscape-sm\" alt=\"Estrutura transversal com ramifica\u00e7\u00f5es do tipo rede neural em tons de marrom e dourado, parecida com o tecido cerebral.\" \/><\/a><div class=\"entry-wrap entry-wrap-grid\"><h3 class=\"entry-title\" itemprop=\"headline\"><a class=\"entry-title-link\" href=\"https:\/\/neuronup.com\/br\/noticias-de-estimulacao-cognitiva\/dano-cerebral\/aprendizagem-motora-o-que-e-fatores-metodologia-e-objetivo\/\" rel=\"bookmark\">Aprendizagem motora: o que \u00e9, fatores, metodologia e objetivo<\/a><\/h3>\n<\/div><\/article><article class=\"entry entry-grid is-column has-entry-link has-image has-image-first type-post category-atividades-de-neurorreabilitacao tag-actividades-de-estimulacion-cognitiva tag-actividades-de-estimulacion-cognitiva-para-ninos tag-noticias-de-neuronup\" style=\"--entry-index:3;\" aria-label=\"Descubra as 10 atividades da NeuronUP mais utilizadas para trabalhar com crian\u00e7as\" itemscope itemtype=\"https:\/\/schema.org\/CreativeWork\"><a class=\"entry-image-link\" href=\"https:\/\/neuronup.com\/br\/atividades-de-neurorreabilitacao\/conheca-as-10-atividades-neuronup-mais-utilizadas-para-trabalhar-com-criancas\/\" tabindex=\"-1\" aria-hidden=\"true\"><img decoding=\"async\" width=\"400\" height=\"300\" src=\"https:\/\/neuronup.com\/br\/wp-content\/uploads\/2024\/09\/Juego-de-NeuronUP-para-trabajar-la-relacion-espacial-en-ninos-Parada-en-boxes-400x300.webp\" class=\"entry-image size-landscape-sm\" alt=\"Interface do NeuronUP para rela\u00e7\u00e3o espacial em crian\u00e7as: pista para localizar objetos, com um personagem e controles na parte inferior.\" srcset=\"https:\/\/neuronup.com\/br\/wp-content\/uploads\/2024\/09\/Juego-de-NeuronUP-para-trabajar-la-relacion-espacial-en-ninos-Parada-en-boxes-400x300.webp 400w, https:\/\/neuronup.com\/br\/wp-content\/uploads\/2024\/09\/Juego-de-NeuronUP-para-trabajar-la-relacion-espacial-en-ninos-Parada-en-boxes-800x600.webp 800w\" sizes=\"(max-width:599px) 599px, (min-width:600px) and (max-width: 799px) 799px, (min-width:800px) and (max-width: 999px) 333px, (min-width:1000px) 400px\" \/><\/a><div class=\"entry-wrap entry-wrap-grid\"><h3 class=\"entry-title\" itemprop=\"headline\"><a class=\"entry-title-link\" href=\"https:\/\/neuronup.com\/br\/atividades-de-neurorreabilitacao\/conheca-as-10-atividades-neuronup-mais-utilizadas-para-trabalhar-com-criancas\/\" rel=\"bookmark\">Descubra as 10 atividades da NeuronUP mais utilizadas para trabalhar com crian\u00e7as<\/a><\/h3>\n<\/div><\/article><article class=\"entry entry-grid is-column has-entry-link has-image has-image-first type-post category-eventos tag-congresso\" style=\"--entry-index:4;\" aria-label=\"Global Neuropsychology Congress: o congresso que reuniu o mundo no Porto\" itemscope itemtype=\"https:\/\/schema.org\/CreativeWork\"><a class=\"entry-image-link\" href=\"https:\/\/neuronup.com\/br\/eventos\/global-neuropsychology-congress-conectando-o-mundo-no-porto\/\" tabindex=\"-1\" aria-hidden=\"true\"><img decoding=\"async\" width=\"400\" height=\"300\" src=\"https:\/\/neuronup.com\/br\/wp-content\/uploads\/2024\/07\/IMG_9004-1-400x300.webp\" class=\"entry-image size-landscape-sm\" alt=\"Participantes em uma confer\u00eancia no Porto, com palestrantes e tela de proje\u00e7\u00e3o durante o Congresso Global de Neuropsicologia.\" srcset=\"https:\/\/neuronup.com\/br\/wp-content\/uploads\/2024\/07\/IMG_9004-1-400x300.webp 400w, https:\/\/neuronup.com\/br\/wp-content\/uploads\/2024\/07\/IMG_9004-1-800x600.webp 800w\" sizes=\"(max-width:599px) 599px, (min-width:600px) and (max-width: 799px) 799px, (min-width:800px) and (max-width: 999px) 333px, (min-width:1000px) 400px\" \/><\/a><div class=\"entry-wrap entry-wrap-grid\"><h3 class=\"entry-title\" itemprop=\"headline\"><a class=\"entry-title-link\" href=\"https:\/\/neuronup.com\/br\/eventos\/global-neuropsychology-congress-conectando-o-mundo-no-porto\/\" rel=\"bookmark\">Global Neuropsychology Congress: o congresso que reuniu o mundo no Porto<\/a><\/h3>\n<\/div><\/article><article class=\"entry entry-grid is-column has-entry-link has-image has-image-first type-post category-linhas-de-investigacao tag-investigacion tag-ninos\" style=\"--entry-index:5;\" aria-label=\"Ferramentas digitais na interven\u00e7\u00e3o precoce: o que a evid\u00eancia internacional nos diz\" itemscope itemtype=\"https:\/\/schema.org\/CreativeWork\"><a class=\"entry-image-link\" href=\"https:\/\/neuronup.com\/br\/investigacao\/linhas-de-investigacao\/ferramentas-digitais-na-intervencao-precoce-o-que-a-evidencia-internacional-diz\/\" tabindex=\"-1\" aria-hidden=\"true\"><img decoding=\"async\" width=\"400\" height=\"300\" src=\"https:\/\/neuronup.com\/br\/wp-content\/uploads\/2026\/04\/Evidencia-sobre-las-herramientas-digitales-en-intervencion-temprana.-Como-las-tecnologias-digitales-transforman-la-intervencion-temprana-400x300.webp\" class=\"entry-image size-landscape-sm\" alt=\"Descubra como as tecnologias digitais transformam a interven\u00e7\u00e3o precoce, gra\u00e7as a uma an\u00e1lise baseada em evid\u00eancias de Liapakis (2025) e ao impacto da NeuronUP nas fun\u00e7\u00f5es executivas e na ades\u00e3o cl\u00ednica.\" srcset=\"https:\/\/neuronup.com\/br\/wp-content\/uploads\/2026\/04\/Evidencia-sobre-las-herramientas-digitales-en-intervencion-temprana.-Como-las-tecnologias-digitales-transforman-la-intervencion-temprana-400x300.webp 400w, https:\/\/neuronup.com\/br\/wp-content\/uploads\/2026\/04\/Evidencia-sobre-las-herramientas-digitales-en-intervencion-temprana.-Como-las-tecnologias-digitales-transforman-la-intervencion-temprana-800x600.webp 800w\" sizes=\"(max-width:599px) 599px, (min-width:600px) and (max-width: 799px) 799px, (min-width:800px) and (max-width: 999px) 333px, (min-width:1000px) 400px\" \/><\/a><div class=\"entry-wrap entry-wrap-grid\"><h3 class=\"entry-title\" itemprop=\"headline\"><a class=\"entry-title-link\" href=\"https:\/\/neuronup.com\/br\/investigacao\/linhas-de-investigacao\/ferramentas-digitais-na-intervencao-precoce-o-que-a-evidencia-internacional-diz\/\" rel=\"bookmark\">Ferramentas digitais na interven\u00e7\u00e3o precoce: o que a evid\u00eancia internacional nos diz<\/a><\/h3>\n<\/div><\/article><article class=\"entry entry-grid is-column has-entry-link has-image has-image-first type-post category-doencas-neurodegenerativas tag-doenca-de-alzheimer tag-enfermedades-neurodegenerativas\" style=\"--entry-index:6;\" aria-label=\"Microbiota intestinal e Alzheimer: papel do eixo intestino-c\u00e9rebro na deteriora\u00e7\u00e3o cognitiva\" itemscope itemtype=\"https:\/\/schema.org\/CreativeWork\"><a class=\"entry-image-link\" href=\"https:\/\/neuronup.com\/br\/noticias-de-estimulacao-cognitiva\/doencas-neurodegenerativas\/microbiota-intestinal-e-alzheimer-papel-do-eixo-intestino-cerebro-no-declinio-cognitivo\/\" tabindex=\"-1\" aria-hidden=\"true\"><img decoding=\"async\" width=\"400\" height=\"300\" src=\"https:\/\/neuronup.com\/br\/wp-content\/uploads\/2026\/04\/Microbiota-intestinal-y-alzheimer-papel-del-eje-intestino-cerebro-en-el-deterioro-cognitivo.-Relacion-entre-la-microbiota-intestinal-y-el-deterioro-cognitivo-400x300.webp\" class=\"entry-image size-landscape-sm\" alt=\"Microbiota intestinal e Alzheimer: papel do eixo intestino-c\u00e9rebro no decl\u00ednio cognitivo. Rela\u00e7\u00e3o entre a microbiota intestinal e o decl\u00ednio cognitivo.\" srcset=\"https:\/\/neuronup.com\/br\/wp-content\/uploads\/2026\/04\/Microbiota-intestinal-y-alzheimer-papel-del-eje-intestino-cerebro-en-el-deterioro-cognitivo.-Relacion-entre-la-microbiota-intestinal-y-el-deterioro-cognitivo-400x300.webp 400w, https:\/\/neuronup.com\/br\/wp-content\/uploads\/2026\/04\/Microbiota-intestinal-y-alzheimer-papel-del-eje-intestino-cerebro-en-el-deterioro-cognitivo.-Relacion-entre-la-microbiota-intestinal-y-el-deterioro-cognitivo-800x600.webp 800w\" sizes=\"(max-width:599px) 599px, (min-width:600px) and (max-width: 799px) 799px, (min-width:800px) and (max-width: 999px) 333px, (min-width:1000px) 400px\" \/><\/a><div class=\"entry-wrap entry-wrap-grid\"><h3 class=\"entry-title\" itemprop=\"headline\"><a class=\"entry-title-link\" href=\"https:\/\/neuronup.com\/br\/noticias-de-estimulacao-cognitiva\/doencas-neurodegenerativas\/microbiota-intestinal-e-alzheimer-papel-do-eixo-intestino-cerebro-no-declinio-cognitivo\/\" rel=\"bookmark\">Microbiota intestinal e Alzheimer: papel do eixo intestino-c\u00e9rebro na deteriora\u00e7\u00e3o cognitiva<\/a><\/h3>\n<\/div><\/article><\/div><\/div>","protected":false},"excerpt":{"rendered":"<p>A especialista em interven\u00e7\u00e3o educativa e tratamento do autismo Irma Fern\u00e1ndez Hern\u00e1ndez nos explica qu\u00e3o importante \u00e9 contar com uma rede de apoio em fam\u00edlias onde um membro sofre de um transtorno do neurodesenvolvimento. Toda espera est\u00e1 cheia de ilus\u00e3o e mais ainda quando se trata de um beb\u00ea. Quando chega um filho com transtorno &hellip;<\/p>\n","protected":false},"author":287,"featured_media":18702,"comment_status":"open","ping_status":"closed","sticky":false,"template":"","format":"standard","meta":{"_acf_changed":false,"_genesis_hide_title":false,"_genesis_hide_breadcrumbs":false,"_genesis_hide_singular_image":false,"_genesis_hide_footer_widgets":false,"_genesis_custom_body_class":"","_genesis_custom_post_class":"","_genesis_layout":"","footnotes":""},"categories":[571],"tags":[589,752,751],"class_list":["type-post","category-transtornos-do-desenvolvimento","tag-autismo","tag-ninos","tag-trastornos-del-neurodesarrollo","entry"],"acf":[],"_links":{"self":[{"href":"https:\/\/neuronup.com\/br\/wp-json\/wp\/v2\/posts\/18669","targetHints":{"allow":["GET"]}}],"collection":[{"href":"https:\/\/neuronup.com\/br\/wp-json\/wp\/v2\/posts"}],"about":[{"href":"https:\/\/neuronup.com\/br\/wp-json\/wp\/v2\/types\/post"}],"author":[{"embeddable":true,"href":"https:\/\/neuronup.com\/br\/wp-json\/wp\/v2\/users\/287"}],"replies":[{"embeddable":true,"href":"https:\/\/neuronup.com\/br\/wp-json\/wp\/v2\/comments?post=18669"}],"version-history":[{"count":0,"href":"https:\/\/neuronup.com\/br\/wp-json\/wp\/v2\/posts\/18669\/revisions"}],"wp:featuredmedia":[{"embeddable":true,"href":"https:\/\/neuronup.com\/br\/wp-json\/wp\/v2\/media\/18702"}],"wp:attachment":[{"href":"https:\/\/neuronup.com\/br\/wp-json\/wp\/v2\/media?parent=18669"}],"wp:term":[{"taxonomy":"category","embeddable":true,"href":"https:\/\/neuronup.com\/br\/wp-json\/wp\/v2\/categories?post=18669"},{"taxonomy":"post_tag","embeddable":true,"href":"https:\/\/neuronup.com\/br\/wp-json\/wp\/v2\/tags?post=18669"}],"curies":[{"name":"wp","href":"https:\/\/api.w.org\/{rel}","templated":true}]}}