{"id":15014,"date":"2025-09-03T10:57:02","date_gmt":"2025-09-03T10:57:02","guid":{"rendered":"https:\/\/neuronup.com\/?p=15014"},"modified":"2025-09-03T10:57:02","modified_gmt":"2025-09-03T10:57:02","slug":"as-funcoes-executivas-o-que-sao-qual-e-seu-papel-e-como-melhora-las","status":"publish","type":"post","link":"https:\/\/neuronup.com\/br\/neurociencia\/neuropsicologia\/funcoes-executivas\/as-funcoes-executivas-o-que-sao-qual-e-seu-papel-e-como-melhora-las\/","title":{"rendered":"As fun\u00e7\u00f5es executivas: o que s\u00e3o, qual \u00e9 seu papel e como aprimor\u00e1-las"},"content":{"rendered":"\n<p>Em certo sentido, voc\u00ea j\u00e1 deve ter usado uma forma de <strong>fun\u00e7\u00f5es executivas<\/strong> para buscar e clicar neste artigo.<\/p>\n\n\n\n<p>E, agora que est\u00e1 lendo, voc\u00ea estar\u00e1 utilizando outra forma de fun\u00e7\u00e3o executiva para manter sua <strong>aten\u00e7\u00e3o<\/strong>, permitindo que seu c\u00e9rebro minimize qualquer ru\u00eddo de fundo que pudesse causar distra\u00e7\u00e3o.<\/p>\n\n\n\n<p>Mas, o que s\u00e3o exatamente as fun\u00e7\u00f5es executivas? E por que elas s\u00e3o t\u00e3o importantes?<\/p>\n\n\n\n<h2 class=\"wp-block-heading\">O que s\u00e3o fun\u00e7\u00f5es executivas?<\/h2>\n\n\n\n<p>Segundo a defini\u00e7\u00e3o do Center on the Developing Child da Universidade de Harvard, as fun\u00e7\u00f5es executivas referem-se a &#8220;um <strong>conjunto de processos mentais<\/strong> que nos permitem <strong>planejar<\/strong> o tempo, <strong>lembrar<\/strong> instru\u00e7\u00f5es, focar a <strong>aten\u00e7\u00e3o<\/strong> e gerenciar <strong>m\u00faltiplas tarefas<\/strong> com sucesso&#8221;. Gra\u00e7as a essas habilidades, somos capazes de filtrar qualquer distra\u00e7\u00e3o, priorizar tarefas, controlar nossos impulsos e estabelecer metas alcan\u00e7\u00e1veis em nossas vidas.<\/p>\n\n\n\n<p>Seja concentrar-se na escola, planejar umas f\u00e9rias, organizar um encontro com amigos e familiares, criar uma campanha no local de trabalho ou montar um conjunto de m\u00f3veis da IKEA, as fun\u00e7\u00f5es executivas nos d\u00e3o a capacidade de lidar com muitas \u00e1reas da vida ao nos permitir realizar as coisas.<\/p>\n\n\n\n<p>Assim como um maestro de orquestra, as fun\u00e7\u00f5es executivas gerenciam eficazmente a ampla gama de processos internos do c\u00e9rebro, organizando cada &#8220;m\u00fasico&#8221; \u2014 ou <strong>capacidade cognitiva<\/strong> \u2014 para que saibam quando entrar em a\u00e7\u00e3o, com quem, quanto ou como parar.<\/p>\n\n\n\n<p>Sem esse n\u00edvel de controle executivo, nossos c\u00e9rebros simplesmente n\u00e3o poderiam operar sem problemas ou funcionar da maneira correta, nos deixando com falta de autocontrole e incapacidade de gerenciar adequadamente nosso comportamento.<\/p>\n\n\n\n<h2 class=\"wp-block-heading\">O papel das fun\u00e7\u00f5es executivas<\/h2>\n\n\n\n<p>As fun\u00e7\u00f5es executivas desempenham um papel fundamental em nossa capacidade de funcionar normalmente. Por isso, quando n\u00e3o funcionam corretamente, isso pode ter um efeito dr\u00e1stico em nossa capacidade de concentra\u00e7\u00e3o, de gerenciar m\u00faltiplas cargas de trabalho, de descartar informa\u00e7\u00f5es irrelevantes, de controlar nossos impulsos e de lembrar das coisas de forma eficaz.<\/p>\n\n\n\n<p>N\u00e3o apenas isso, mas quando essas fun\u00e7\u00f5es executivas n\u00e3o funcionam em conjunto, as fun\u00e7\u00f5es executivas de ordem superior tamb\u00e9m podem ser afetadas, prejudicando nossa capacidade de resolver problemas, raciocinar e planejar (Miller e Wallis, 2009).<\/p>\n\n\n\n<p>Por essa raz\u00e3o, problemas nas fun\u00e7\u00f5es executivas s\u00e3o comumente associados ao <strong>Transtorno de D\u00e9ficit de Aten\u00e7\u00e3o e Hiperatividade<\/strong> (TDAH) e \u00e0 <strong>dem\u00eancia<\/strong>, duas condi\u00e7\u00f5es neurol\u00f3gicas caracterizadas por sintomas como incapacidade de aten\u00e7\u00e3o e falta de controle sobre as rea\u00e7\u00f5es emocionais.<\/p>\n\n\n\n<div style=\"height:50px\" aria-hidden=\"true\" class=\"wp-block-spacer\"><\/div>\n\n\n\n<div class=\"wp-block-group br-0111 has-primary-background-color has-background has-dark-background has-sm-padding-top has-sm-padding-left has-sm-padding-right has-xxl-margin-top\"><div class=\"wp-block-group__inner-container is-layout-constrained wp-block-group-is-layout-constrained\">\n<div class=\"wp-block-columns is-layout-flex wp-container-core-columns-is-layout-9d6595d7 wp-block-columns-is-layout-flex\">\n<div class=\"wp-block-column is-layout-flow wp-block-column-is-layout-flow\">\n<figure class=\"wp-block-image size-full desktop-position-absolute desktop-bottom-0 mobile-width-50 mobile-m-inline-auto has-xl-margin-top\"><img decoding=\"async\" width=\"292\" height=\"338\" src=\"https:\/\/neuronup.com\/br\/wp-content\/uploads\/2024\/10\/certificado-de-produto.webp\" alt=\"\" class=\"wp-image-31568\" srcset=\"https:\/\/neuronup.com\/br\/wp-content\/uploads\/2024\/10\/certificado-de-produto-259x300.webp 259w, https:\/\/neuronup.com\/br\/wp-content\/uploads\/2024\/10\/certificado-de-produto.webp 292w\" sizes=\"(max-width: 292px) 100vw, 292px\" \/><\/figure>\n<\/div>\n\n\n\n<div class=\"wp-block-column is-layout-flow wp-block-column-is-layout-flow\">\n<h2 class=\"wp-block-heading has-white-color has-text-color\"><strong>Inscreva-se<\/strong> <br>na nossa <br>Newsletter<\/h2>\n\n\n\n<div class=\"wp-block-buttons is-layout-flex wp-block-buttons-is-layout-flex\">\n<div class=\"wp-block-button--1\" style=\"--button-outline-color:var(--color-white);--button-outline-color-hover:rgba(0,0,0,0.8);\"><a class=\"wp-block-button__link button button-outline   wp-element-button\" href=\"https:\/\/neuronup.com\/br\/newsletter\/\">Inscreva-se<\/a><\/div>\n\n<\/div>\n\n\n\n<div style=\"height:40px\" aria-hidden=\"true\" class=\"wp-block-spacer\"><\/div>\n<\/div>\n<\/div>\n<\/div><\/div>\n\n\n\n\n<div style=\"height:50px\" aria-hidden=\"true\" class=\"wp-block-spacer\"><\/div>\n\n\n\n<h2 class=\"wp-block-heading\">Problemas de disfun\u00e7\u00e3o executiva<\/h2>\n\n\n\n<p>Quando as fun\u00e7\u00f5es executivas s\u00e3o afetadas negativamente de alguma forma &#8211; seja por v\u00edcio, falta de sono, estresse ou doen\u00e7a &#8211; costuma haver uma ampla gama de consequ\u00eancias.<\/p>\n\n\n\n<p>Essas variam de pessoa para pessoa, mas, em geral, costumam incluir:<\/p>\n\n\n\n<h3 class=\"wp-block-heading\">Ansiedade<\/h3>\n\n\n\n<p>Sentimentos de ansiedade s\u00e3o comuns quando as fun\u00e7\u00f5es executivas s\u00e3o alteradas.<\/p>\n\n\n\n<p>Acredita-se que o estresse, por exemplo, perturbe a <strong>mem\u00f3ria de trabalho<\/strong> e a <strong>flexibilidade cognitiva<\/strong> (Shields et al., 2016), o que altera nossa capacidade de nos organizar, planejar nosso tempo e trabalhar de forma produtiva. Devido a essa incapacidade de concentra\u00e7\u00e3o, sentimentos de p\u00e2nico e ansiedade podem come\u00e7ar a surgir rapidamente, elevando ainda mais nossos n\u00edveis de estresse e criando uma esp\u00e9cie de armadilha.<\/p>\n\n\n\n<h3 class=\"wp-block-heading\">Atrasos<\/h3>\n\n\n\n<p>As fun\u00e7\u00f5es executivas controlam nossa capacidade de <strong>gerenciar o tempo de forma eficaz<\/strong>, planejando nossos dias para priorizar quais tarefas devem ser feitas e quando. Portanto, nos casos em que isso \u00e9 afetado, muitas pessoas acabam chegando atrasadas com frequ\u00eancia e acham dif\u00edcil saber quais tarefas devem fazer primeiro.<\/p>\n\n\n\n<p>Da mesma forma, \u00e9 comum perder pertences devido \u00e0 falha das fun\u00e7\u00f5es executivas em nossa mem\u00f3ria de trabalho.<\/p>\n\n\n\n<h3 class=\"wp-block-heading\">Falta de autocontrole<\/h3>\n\n\n\n<p>Os d\u00e9ficits da fun\u00e7\u00e3o executiva tamb\u00e9m podem afetar significativamente a capacidade de algu\u00e9m de <strong>concentrar-se<\/strong> e <strong>realizar tarefas<\/strong>, especialmente em momentos em que precisa executar v\u00e1rias tarefas ao mesmo tempo.<\/p>\n\n\n\n<p>Acredita-se que isso se deve \u00e0 falta de autocontrole e \u00e0 <strong>incapacidade de priorizar as cargas de trabalho<\/strong>, o que nos torna mais propensos a procrastinar ou a ter problemas para controlar nosso comportamento impulsivo.<\/p>\n\n\n\n<h2 class=\"wp-block-heading\">Como melhorar as fun\u00e7\u00f5es executivas?<\/h2>\n\n\n\n<p>As defici\u00eancias nas fun\u00e7\u00f5es executivas podem ser extremamente comuns, mas, felizmente, existem v\u00e1rias maneiras de abord\u00e1-las.<\/p>\n\n\n\n<p>Uma delas \u00e9 a <strong>terapia de reabilita\u00e7\u00e3o cognitiva<\/strong>, cujo objetivo \u00e9 melhorar o funcionamento cognitivo em caso de les\u00e3o cerebral ou comprometimento cognitivo para restabelecer o funcionamento normal ou compensar os d\u00e9ficits cognitivos.<\/p>\n\n\n\n<p>Al\u00e9m disso, a cria\u00e7\u00e3o de listas de verifica\u00e7\u00e3o e a elabora\u00e7\u00e3o de calend\u00e1rios, por exemplo, podem ser muito valiosas quando se tem problemas com a gest\u00e3o do tempo, pois facilitam o gerenciamento das cargas de trabalho em um formato mais visual.<\/p>\n\n\n\n<p>Da mesma forma, anotar datas, prazos, nomes e n\u00fameros de telefone pode refor\u00e7ar a <strong>mem\u00f3ria de trabalho<\/strong>, ajudando a garantir que nenhuma informa\u00e7\u00e3o importante se perca ou seja esquecida involuntariamente.<\/p>\n\n\n\n<p>Por outro lado, gerenciar adequadamente os n\u00edveis de estresse tamb\u00e9m pode melhorar significativamente as fun\u00e7\u00f5es executivas. Seja praticando t\u00e9cnicas de aten\u00e7\u00e3o plena, passando mais tempo ao ar livre, encontrando-se com amigos ou familiares, ou simplesmente deixando mais tempo entre as atividades, todas as formas de al\u00edvio do estresse ajudar\u00e3o a manter em funcionamento os mecanismos internos do c\u00e9rebro.<\/p>\n\n\n\n<h2 class=\"wp-block-heading\">Conclus\u00f5es<\/h2>\n\n\n\n<p>Portanto, em resposta \u00e0 pergunta &#8220;o que s\u00e3o fun\u00e7\u00f5es executivas?&#8221;, trata-se dos processos mentais que moldam nosso dia a dia e nos fazem ser quem somos.<\/p>\n\n\n\n<p>Sem elas, nossa vida ficaria consideravelmente alterada, o que n\u00e3o afetaria apenas nossa capacidade de trabalhar com efic\u00e1cia, mas tamb\u00e9m de manter relacionamentos.<\/p>\n\n\n\n<p>Portanto, \u00e9 importante fazer o que for poss\u00edvel para manter suas fun\u00e7\u00f5es executivas saud\u00e1veis a longo prazo. Caso contr\u00e1rio, voc\u00ea pode acabar substituindo o telefone, a carteira ou as chaves perdidos com mais frequ\u00eancia do que gostaria.<\/p>\n\n\n\n<h2 class=\"wp-block-heading\">Bibliografia<\/h2>\n\n\n\n<ul class=\"wp-block-list has-sm-font-size\">\n\n<li>Bailey, E. (2022). <em>Improve Working Memory: Brain Training Tricks.<\/em> Dispon\u00edvel em: https:\/\/www.additudemag.com\/improve-working-memory\/.<\/li>\n\n\n\n<li>Center on the Developing Child Harvard University. (2022). <em>Executive Function &amp; Self-Regulation.<\/em> Dispon\u00edvel em: https:\/\/developingchild.harvard.edu\/science\/key-concepts\/executive-function\/.<\/li>\n\n\n\n<li>Fourie, G. (2022). <em>The benefits of quality time in the great outdoors to improve mental health.<\/em> Dispon\u00edvel em: https:\/\/www.whiterivermanor.com\/news\/benefits-of-quality-time-in-the-great-outdoors-to-improve-mental-health\/.<\/li>\n\n\n\n<li>Iverson, B. (2022). <em>Executive Functions and Their Relationship to the Reading Process and Academic Performance.<\/em> Dispon\u00edvel em: https:\/\/neuronup.us\/cognitive-stimulation-news\/cognitive-functions\/executive-functions\/executive-functions-and-their-relationship-to-the-reading-process-and-academic-performance\/.<\/li>\n\n\n\n<li>Martinez De Toda, M. (2021). <em>Executive functions: Can they be improved?<\/em> Dispon\u00edvel em: https:\/\/neuronup.us\/cognitive-stimulation-news\/cognitive-functions\/executive-functions\/executive-functions-can-they-be-improved\/.<\/li>\n\n\n\n<li>Miller, E. &amp; Wallis, J. (2009). Executive Function and Higher-Order Cognition: Definition and Neural Substrates. <em>Encyclopedia of Neuroscience.<\/em> 4, 99\u2013104. DOI: 10.1016\/B978-008045046-9.00418-6.<\/li>\n\n\n\n<li>Neuron UP. (2022). <em>Attention Deficit Hyperactivity Disorder (ADHD).<\/em> Dispon\u00edvel em: https:\/\/neuronup.us\/neurorehabilitation\/neurodevelopmental-disorders\/adhd\/.<\/li>\n\n\n\n<li>Shields, G., Sazma, M. &amp; Yonelinas, A. (2016). The effects of acute stress on core executive functions: A meta-analysis and comparison with cortisol. <em>Neuroscience &amp; Biobehavioural Reviews.<\/em> 68, 651\u2013668.<\/li>\n\n<\/ul>\n\n\n\n<h3 class=\"wp-block-heading\">Se voc\u00ea gostou deste post sobre fun\u00e7\u00f5es executivas, pode se interessar por estes posts da NeuronUP:<\/h3>\n\n<div class=\"mai-grid entries entries-grid has-boxed has-image-full\" style=\"--entry-title-font-size:var(--font-size-lg);--align-text:start;--entry-meta-text-align:start;\"><div class=\"entries-wrap has-columns\" style=\"--columns-xs:1\/1;--columns-sm:1\/1;--columns-md:1\/3;--columns-lg:1\/3;--flex-xs:0 0 var(--flex-basis);--flex-sm:0 0 var(--flex-basis);--flex-md:0 0 var(--flex-basis);--flex-lg:0 0 var(--flex-basis);--column-gap:var(--spacing-lg);--row-gap:var(--spacing-lg);--align-columns:start;\"><article class=\"entry entry-grid is-column has-entry-link has-image has-image-first type-post category-de-memoria tag-atividades-de-estimulacao-cognitiva tag-atividades-de-estimulacao-cognitiva-para-criancas tag-criancas tag-memoria tag-noticias-da-neuronup\" style=\"--entry-index:1;\" aria-label=\"Gerador para trabalhar a mem\u00f3ria sem\u00e2ntica em crian\u00e7as: Cada palavra com sua fam\u00edlia\" itemscope itemtype=\"https:\/\/schema.org\/CreativeWork\"><a class=\"entry-image-link\" href=\"https:\/\/neuronup.com\/br\/atividades-de-neurorreabilitacao\/para-funcoes-cognitivas\/de-memoria\/gerador-para-trabalhar-a-memoria-semantica-em-criancas-cada-palavra-com-sua-familia\/\" tabindex=\"-1\" aria-hidden=\"true\"><img decoding=\"async\" width=\"400\" height=\"225\" src=\"https:\/\/neuronup.com\/br\/wp-content\/uploads\/2024\/11\/Nuevo-generador.webp\" class=\"entry-image size-landscape-sm\" alt=\"Interface educativa de vocabul\u00e1rio em espanhol; categorias G\u00e9nero e Ver-acci\u00f3n com exemplos como horno, pi\u00f1a e helado.\" srcset=\"https:\/\/neuronup.com\/br\/wp-content\/uploads\/2024\/11\/Nuevo-generador-300x168.webp 300w, https:\/\/neuronup.com\/br\/wp-content\/uploads\/2024\/11\/Nuevo-generador-768x431.webp 768w, https:\/\/neuronup.com\/br\/wp-content\/uploads\/2024\/11\/Nuevo-generador-1024x575.webp 1024w, https:\/\/neuronup.com\/br\/wp-content\/uploads\/2024\/11\/Nuevo-generador.webp 1202w\" sizes=\"(max-width:599px) 599px, (min-width:600px) and (max-width: 799px) 799px, (min-width:800px) and (max-width: 999px) 333px, (min-width:1000px) 400px\" \/><\/a><div class=\"entry-wrap entry-wrap-grid\"><h3 class=\"entry-title\" itemprop=\"headline\"><a class=\"entry-title-link\" href=\"https:\/\/neuronup.com\/br\/atividades-de-neurorreabilitacao\/para-funcoes-cognitivas\/de-memoria\/gerador-para-trabalhar-a-memoria-semantica-em-criancas-cada-palavra-com-sua-familia\/\" rel=\"bookmark\">Gerador para trabalhar a mem\u00f3ria sem\u00e2ntica em crian\u00e7as: Cada palavra com sua fam\u00edlia<\/a><\/h3>\n<\/div><\/article><article class=\"entry entry-grid is-column has-entry-link has-image has-image-first type-post category-funcoes-executivas tag-atencao tag-funcoes-executivas tag-reabilitacao-cognitiva\" style=\"--entry-index:2;\" aria-label=\"As fun\u00e7\u00f5es executivas: o que s\u00e3o, qual \u00e9 seu papel e como aprimor\u00e1-las\" itemscope itemtype=\"https:\/\/schema.org\/CreativeWork\"><a class=\"entry-image-link\" href=\"https:\/\/neuronup.com\/br\/neurociencia\/neuropsicologia\/funcoes-executivas\/as-funcoes-executivas-o-que-sao-qual-e-seu-papel-e-como-melhora-las\/\" tabindex=\"-1\" aria-hidden=\"true\"><img decoding=\"async\" width=\"400\" height=\"300\" src=\"https:\/\/neuronup.com\/br\/wp-content\/uploads\/2022\/07\/flat-lay-desk-calendar-and-clock-1-1.webp\" class=\"entry-image size-landscape-sm\" alt=\"Mesa de trabalho flat lay com calend\u00e1rio branco, rel\u00f3gio rosa, clipes, caneta, borracha, caderno e \u00f3culos sobre m\u00e1rmore.\" srcset=\"https:\/\/neuronup.com\/br\/wp-content\/uploads\/2022\/07\/flat-lay-desk-calendar-and-clock-1-1-300x225.webp 300w, https:\/\/neuronup.com\/br\/wp-content\/uploads\/2022\/07\/flat-lay-desk-calendar-and-clock-1-1-768x576.webp 768w, https:\/\/neuronup.com\/br\/wp-content\/uploads\/2022\/07\/flat-lay-desk-calendar-and-clock-1-1.webp 1000w\" sizes=\"(max-width:599px) 599px, (min-width:600px) and (max-width: 799px) 799px, (min-width:800px) and (max-width: 999px) 333px, (min-width:1000px) 400px\" \/><\/a><div class=\"entry-wrap entry-wrap-grid\"><h3 class=\"entry-title\" itemprop=\"headline\"><a class=\"entry-title-link\" href=\"https:\/\/neuronup.com\/br\/neurociencia\/neuropsicologia\/funcoes-executivas\/as-funcoes-executivas-o-que-sao-qual-e-seu-papel-e-como-melhora-las\/\" rel=\"bookmark\">As fun\u00e7\u00f5es executivas: o que s\u00e3o, qual \u00e9 seu papel e como aprimor\u00e1-las<\/a><\/h3>\n<\/div><\/article><article class=\"entry entry-grid is-column has-entry-link has-image has-image-first type-post category-para-funcoes-cognitivas tag-atividades-de-estimulacao-cognitiva tag-estimulacao-cognitiva\" style=\"--entry-index:3;\" aria-label=\"Ficha de estimula\u00e7\u00e3o cognitiva: A\u00e7\u00f5es conforme n\u00fameros\" itemscope itemtype=\"https:\/\/schema.org\/CreativeWork\"><a class=\"entry-image-link\" href=\"https:\/\/neuronup.com\/br\/atividades-de-neurorreabilitacao\/para-funcoes-cognitivas\/ficha-de-estimulacao-cognitiva-atos-segundo-numeros\/\" tabindex=\"-1\" aria-hidden=\"true\"><img decoding=\"async\" width=\"400\" height=\"300\" src=\"https:\/\/neuronup.com\/br\/wp-content\/uploads\/2024\/10\/Actividad-Actos-segun-numeros-digital.webp\" class=\"entry-image size-landscape-sm\" alt=\"Grade com n\u00fameros em quadrados, com as se\u00e7\u00f5es Menor que 5, N\u00famero 5 e Maior que 5, para inserir ou selecionar n\u00fameros.\" srcset=\"https:\/\/neuronup.com\/br\/wp-content\/uploads\/2024\/10\/Actividad-Actos-segun-numeros-digital-300x225.webp 300w, https:\/\/neuronup.com\/br\/wp-content\/uploads\/2024\/10\/Actividad-Actos-segun-numeros-digital-768x577.webp 768w, https:\/\/neuronup.com\/br\/wp-content\/uploads\/2024\/10\/Actividad-Actos-segun-numeros-digital-1024x769.webp 1024w, https:\/\/neuronup.com\/br\/wp-content\/uploads\/2024\/10\/Actividad-Actos-segun-numeros-digital.webp 1200w\" sizes=\"(max-width:599px) 599px, (min-width:600px) and (max-width: 799px) 799px, (min-width:800px) and (max-width: 999px) 333px, (min-width:1000px) 400px\" \/><\/a><div class=\"entry-wrap entry-wrap-grid\"><h3 class=\"entry-title\" itemprop=\"headline\"><a class=\"entry-title-link\" href=\"https:\/\/neuronup.com\/br\/atividades-de-neurorreabilitacao\/para-funcoes-cognitivas\/ficha-de-estimulacao-cognitiva-atos-segundo-numeros\/\" rel=\"bookmark\">Ficha de estimula\u00e7\u00e3o cognitiva: A\u00e7\u00f5es conforme n\u00fameros<\/a><\/h3>\n<\/div><\/article><article class=\"entry entry-grid is-column has-entry-link has-image has-image-first type-post category-neuropsicologia tag-atencao\" style=\"--entry-index:4;\" aria-label=\"Reabilita\u00e7\u00e3o da aten\u00e7\u00e3o dividida\" itemscope itemtype=\"https:\/\/schema.org\/CreativeWork\"><a class=\"entry-image-link\" href=\"https:\/\/neuronup.com\/br\/neurociencia\/neuropsicologia\/reabilitacao-da-atencao-dividida\/\" tabindex=\"-1\" aria-hidden=\"true\"><img decoding=\"async\" width=\"400\" height=\"267\" src=\"https:\/\/neuronup.com\/br\/wp-content\/uploads\/2022\/10\/multitarear.webp\" class=\"entry-image size-landscape-sm\" alt=\"Homem em escrit\u00f3rio multitarefas: falando ao telefone, segurando pap\u00e9is e escrevendo, com laptop e caderno na mesa.\" srcset=\"https:\/\/neuronup.com\/br\/wp-content\/uploads\/2022\/10\/multitarear-300x200.webp 300w, https:\/\/neuronup.com\/br\/wp-content\/uploads\/2022\/10\/multitarear-768x513.webp 768w, https:\/\/neuronup.com\/br\/wp-content\/uploads\/2022\/10\/multitarear-1024x684.webp 1024w, https:\/\/neuronup.com\/br\/wp-content\/uploads\/2022\/10\/multitarear.webp 1200w\" sizes=\"(max-width:599px) 599px, (min-width:600px) and (max-width: 799px) 799px, (min-width:800px) and (max-width: 999px) 333px, (min-width:1000px) 400px\" \/><\/a><div class=\"entry-wrap entry-wrap-grid\"><h3 class=\"entry-title\" itemprop=\"headline\"><a class=\"entry-title-link\" href=\"https:\/\/neuronup.com\/br\/neurociencia\/neuropsicologia\/reabilitacao-da-atencao-dividida\/\" rel=\"bookmark\">Reabilita\u00e7\u00e3o da aten\u00e7\u00e3o dividida<\/a><\/h3>\n<\/div><\/article><article class=\"entry entry-grid is-column has-entry-link has-image has-image-first type-post category-linhas-de-investigacao tag-noticias-da-neuronup tag-pesquisa\" style=\"--entry-index:5;\" aria-label=\"Predi\u00e7\u00e3o da incid\u00eancia da doen\u00e7a de Alzheimer por meio de aprendizado de m\u00e1quina utilizando dados administrativos de sa\u00fade em grande escala\" itemscope itemtype=\"https:\/\/schema.org\/CreativeWork\"><a class=\"entry-image-link\" href=\"https:\/\/neuronup.com\/br\/investigacao\/linhas-de-investigacao\/previsao-da-incidencia-da-doenca-de-alzheimer-por-meio-de-machine-learning-utilizando-dados-de-saude-administrativos-em-grande-escala\/\" tabindex=\"-1\" aria-hidden=\"true\"><img decoding=\"async\" width=\"400\" height=\"267\" src=\"https:\/\/neuronup.com\/br\/wp-content\/uploads\/2024\/10\/Prediccion-de-la-incidencia-de-la-enfermedad-de-alzheimer-mediante-machine-learning-utilizando-datos-sanitarios-administrativos-a-gran-escala-NeuronUP.webp\" class=\"entry-image size-landscape-sm\" alt=\"Retrato de um homem idoso com sardas e rugas, express\u00e3o pensativa, olhos claros, olhando pela janela, ilumina\u00e7\u00e3o dram\u00e1tica.\" srcset=\"https:\/\/neuronup.com\/br\/wp-content\/uploads\/2024\/10\/Prediccion-de-la-incidencia-de-la-enfermedad-de-alzheimer-mediante-machine-learning-utilizando-datos-sanitarios-administrativos-a-gran-escala-NeuronUP-300x200.webp 300w, https:\/\/neuronup.com\/br\/wp-content\/uploads\/2024\/10\/Prediccion-de-la-incidencia-de-la-enfermedad-de-alzheimer-mediante-machine-learning-utilizando-datos-sanitarios-administrativos-a-gran-escala-NeuronUP-768x512.webp 768w, https:\/\/neuronup.com\/br\/wp-content\/uploads\/2024\/10\/Prediccion-de-la-incidencia-de-la-enfermedad-de-alzheimer-mediante-machine-learning-utilizando-datos-sanitarios-administrativos-a-gran-escala-NeuronUP-1024x683.webp 1024w, https:\/\/neuronup.com\/br\/wp-content\/uploads\/2024\/10\/Prediccion-de-la-incidencia-de-la-enfermedad-de-alzheimer-mediante-machine-learning-utilizando-datos-sanitarios-administrativos-a-gran-escala-NeuronUP.webp 1200w\" sizes=\"(max-width:599px) 599px, (min-width:600px) and (max-width: 799px) 799px, (min-width:800px) and (max-width: 999px) 333px, (min-width:1000px) 400px\" \/><\/a><div class=\"entry-wrap entry-wrap-grid\"><h3 class=\"entry-title\" itemprop=\"headline\"><a class=\"entry-title-link\" href=\"https:\/\/neuronup.com\/br\/investigacao\/linhas-de-investigacao\/previsao-da-incidencia-da-doenca-de-alzheimer-por-meio-de-machine-learning-utilizando-dados-de-saude-administrativos-em-grande-escala\/\" rel=\"bookmark\">Predi\u00e7\u00e3o da incid\u00eancia da doen\u00e7a de Alzheimer por meio de aprendizado de m\u00e1quina utilizando dados administrativos de sa\u00fade em grande escala<\/a><\/h3>\n<\/div><\/article><article class=\"entry entry-grid is-column has-entry-link has-image has-image-first type-post category-transtorno-de-linguagem tag-criancas tag-linguagem tag-transtornos-do-neurodesenvolvimento\" style=\"--entry-index:6;\" aria-label=\"A dislexia como barreira na inf\u00e2ncia\" itemscope itemtype=\"https:\/\/schema.org\/CreativeWork\"><a class=\"entry-image-link\" href=\"https:\/\/neuronup.com\/br\/noticias-de-estimulacao-cognitiva\/transtorno-de-linguagem\/a-dislexia-na-infancia\/\" tabindex=\"-1\" aria-hidden=\"true\"><img decoding=\"async\" width=\"400\" height=\"226\" src=\"https:\/\/neuronup.com\/br\/wp-content\/uploads\/2024\/09\/dislexia-infancia.webp\" class=\"entry-image size-landscape-sm\" alt=\"Livro aberto em superf\u00edcie clara, duas m\u00e3os segurando as p\u00e1ginas; letras estilizadas parecem emergir, sugerindo leitura.\" srcset=\"https:\/\/neuronup.com\/br\/wp-content\/uploads\/2024\/09\/dislexia-infancia-300x170.webp 300w, https:\/\/neuronup.com\/br\/wp-content\/uploads\/2024\/09\/dislexia-infancia-768x434.webp 768w, https:\/\/neuronup.com\/br\/wp-content\/uploads\/2024\/09\/dislexia-infancia-1024x579.webp 1024w, https:\/\/neuronup.com\/br\/wp-content\/uploads\/2024\/09\/dislexia-infancia.webp 1200w\" sizes=\"(max-width:599px) 599px, (min-width:600px) and (max-width: 799px) 799px, (min-width:800px) and (max-width: 999px) 333px, (min-width:1000px) 400px\" \/><\/a><div class=\"entry-wrap entry-wrap-grid\"><h3 class=\"entry-title\" itemprop=\"headline\"><a class=\"entry-title-link\" href=\"https:\/\/neuronup.com\/br\/noticias-de-estimulacao-cognitiva\/transtorno-de-linguagem\/a-dislexia-na-infancia\/\" rel=\"bookmark\">A dislexia como barreira na inf\u00e2ncia<\/a><\/h3>\n<\/div><\/article><\/div><\/div>","protected":false},"excerpt":{"rendered":"<p>Em certo sentido, voc\u00ea j\u00e1 deve ter usado uma forma de fun\u00e7\u00f5es executivas para buscar e clicar neste artigo. E, agora que est\u00e1 lendo, voc\u00ea estar\u00e1 utilizando outra forma de fun\u00e7\u00e3o executiva para manter sua aten\u00e7\u00e3o, permitindo que seu c\u00e9rebro minimize qualquer ru\u00eddo de fundo que pudesse causar distra\u00e7\u00e3o. Mas, o que s\u00e3o exatamente as &hellip;<\/p>\n","protected":false},"author":331,"featured_media":40126,"comment_status":"open","ping_status":"open","sticky":false,"template":"","format":"standard","meta":{"_acf_changed":false,"_genesis_hide_title":false,"_genesis_hide_breadcrumbs":false,"_genesis_hide_singular_image":false,"_genesis_hide_footer_widgets":false,"_genesis_custom_body_class":"","_genesis_custom_post_class":"","_genesis_layout":"","footnotes":""},"categories":[688],"tags":[555,617,565],"class_list":{"2":"type-post","7":"category-funcoes-executivas","8":"tag-atencao","9":"tag-funcoes-executivas","10":"tag-reabilitacao-cognitiva","11":"entry"},"acf":[],"_links":{"self":[{"href":"https:\/\/neuronup.com\/br\/wp-json\/wp\/v2\/posts\/15014","targetHints":{"allow":["GET"]}}],"collection":[{"href":"https:\/\/neuronup.com\/br\/wp-json\/wp\/v2\/posts"}],"about":[{"href":"https:\/\/neuronup.com\/br\/wp-json\/wp\/v2\/types\/post"}],"author":[{"embeddable":true,"href":"https:\/\/neuronup.com\/br\/wp-json\/wp\/v2\/users\/331"}],"replies":[{"embeddable":true,"href":"https:\/\/neuronup.com\/br\/wp-json\/wp\/v2\/comments?post=15014"}],"version-history":[{"count":0,"href":"https:\/\/neuronup.com\/br\/wp-json\/wp\/v2\/posts\/15014\/revisions"}],"wp:featuredmedia":[{"embeddable":true,"href":"https:\/\/neuronup.com\/br\/wp-json\/wp\/v2\/media\/40126"}],"wp:attachment":[{"href":"https:\/\/neuronup.com\/br\/wp-json\/wp\/v2\/media?parent=15014"}],"wp:term":[{"taxonomy":"category","embeddable":true,"href":"https:\/\/neuronup.com\/br\/wp-json\/wp\/v2\/categories?post=15014"},{"taxonomy":"post_tag","embeddable":true,"href":"https:\/\/neuronup.com\/br\/wp-json\/wp\/v2\/tags?post=15014"}],"curies":[{"name":"wp","href":"https:\/\/api.w.org\/{rel}","templated":true}]}}