{"id":14823,"date":"2025-09-06T10:57:02","date_gmt":"2025-09-06T10:57:02","guid":{"rendered":"https:\/\/neuronup.com\/?p=14823"},"modified":"2025-09-06T10:57:02","modified_gmt":"2025-09-06T10:57:02","slug":"o-que-e-a-magnetorecepcao-o-ser-humano-e-a-magnetorecepcao","status":"publish","type":"post","link":"https:\/\/neuronup.com\/br\/neurociencia\/o-que-e-a-magnetorecepcao-o-ser-humano-e-a-magnetorecepcao\/","title":{"rendered":"O que \u00e9 magnetorecep\u00e7\u00e3o? O ser humano e a magnetorecep\u00e7\u00e3o"},"content":{"rendered":"\n<p>A \u00e1rea da percep\u00e7\u00e3o \u00e9 um dos campos mais diversos da neuroci\u00eancia devido \u00e0 grande quantidade de sentidos existentes no reino animal. Al\u00e9m dos cinco sentidos cl\u00e1ssicos: vis\u00e3o, audi\u00e7\u00e3o, paladar, olfato e tato; existem muitos outros, como a <strong>propriocep\u00e7\u00e3o<\/strong> (a capacidade de perceber a postura corporal), a <strong>termorecep\u00e7\u00e3o<\/strong> (sentir temperaturas) ou a <strong>nocicep\u00e7\u00e3o<\/strong> (que engloba todas as estruturas nervosas respons\u00e1veis pela percep\u00e7\u00e3o da dor). Mas al\u00e9m de todos esses, ainda existem capacidades neurofisiol\u00f3gicas ainda mais fascinantes. O doutor em Biomedicina Pablo Barrecheguren explica o que \u00e9 a magnetorecep\u00e7\u00e3o, como ela funciona e a rela\u00e7\u00e3o dos seres humanos com ela.<\/p>\n\n\n\n<h2 class=\"wp-block-heading\">O que \u00e9 a magnetorecep\u00e7\u00e3o?<\/h2>\n\n\n\n<p>A <strong>capacidade de perceber campos magn\u00e9ticos<\/strong>, ou magnetorecep\u00e7\u00e3o, \u00e9 um dos sentidos mais estudados nos \u00faltimos anos. Embora as pesquisas em seres humanos ainda estejam em fases iniciais, os estudos realizados no reino animal demonstraram a exist\u00eancia deste sentido em alguns seres vivos.<\/p>\n\n\n\n<p>Inicialmente, muitos desses estudos se concentraram em animais migrat\u00f3rios, pois o campo magn\u00e9tico terrestre varia ao longo do planeta, ent\u00e3o teoricamente ele poderia ser usado como um <strong>m\u00e9todo de orienta\u00e7\u00e3o<\/strong>.<\/p>\n\n\n\n<h3 class=\"wp-block-heading\">Primeiras pesquisas: rotas aqu\u00e1ticas<\/h3>\n\n\n\n<p>Em primeiro lugar, entre os primeiros trabalhos publicados est\u00e3o aqueles que estudaram as rotas aqu\u00e1ticas das <strong>tartarugas-boba<\/strong>. Esse animal marinho tem uma rota migrat\u00f3ria circular que abrange milhares de quil\u00f4metros debaixo d\u2019\u00e1gua, desde a costa leste da Fl\u00f3rida at\u00e9 todo o Mar dos Sarga\u00e7os. Para verificar se as tartarugas usavam o campo magn\u00e9tico terrestre para se orientarem, elas foram expostas a diferentes campos magn\u00e9ticos enquanto nadavam e observou-se que os animais modificavam a dire\u00e7\u00e3o do nado de acordo com o campo magn\u00e9tico ao qual eram expostos.<\/p>\n\n\n\n<p>Atualmente, sabemos que existem <strong>pelo menos cinquenta esp\u00e9cies animais<\/strong> entre r\u00e9pteis, anf\u00edbios, mam\u00edferos, peixes, crust\u00e1ceos e insetos que possuem algum tipo de magnetorecep\u00e7\u00e3o.<\/p>\n\n\n\n<h2 class=\"wp-block-heading\">Como funciona a magnetorecep\u00e7\u00e3o<\/h2>\n\n\n\n<p>Ap\u00f3s descobrir a exist\u00eancia da <strong>magnetorecep\u00e7\u00e3o<\/strong>, o pr\u00f3ximo passo foi descobrir como esse sentido funciona. Todo sentido baseia-se em <strong>estruturas moleculares que reagem ao est\u00edmulo e um sistema nervoso capaz de processar essa rea\u00e7\u00e3o<\/strong>. Por exemplo, os fotorreceptores que temos na retina dos olhos reagem \u00e0 luz, estimulando partes do nosso c\u00f3rtex cerebral, resultando em nosso sentido da vis\u00e3o.<\/p>\n\n\n\n<h3 class=\"wp-block-heading\">Criptocromos<\/h3>\n\n\n\n<p>Na magnetorecep\u00e7\u00e3o, os criptocromos s\u00e3o uma fam\u00edlia de prote\u00ednas que despertaram muita aten\u00e7\u00e3o: trata-se de <strong>sistemas capazes de captar a luz<\/strong>, geralmente amplamente distribu\u00eddos no reino animal (tanto em vertebrados quanto em invertebrados), e alguns deles mostraram ser importantes na regula\u00e7\u00e3o dos ritmos circadianos.<\/p>\n\n\n\n<p>Entre eles, v\u00e1rios estudos indicam que prote\u00ednas como o criptocromo4 (Cry4) s\u00e3o importantes na magnetorecep\u00e7\u00e3o das <strong>aves<\/strong>, e acredita-se que lhes permitam \u201cver\u201d os campos magn\u00e9ticos, pois est\u00e3o em grande abund\u00e2ncia na retina desses animais.<\/p>\n\n\n\n<p>A vincula\u00e7\u00e3o entre a vis\u00e3o e a magnetorecep\u00e7\u00e3o \u00e9 bastante complexa, pois acredita-se que, nesses casos, a luz \u00e9 necess\u00e1ria para ativar a magnetorecep\u00e7\u00e3o e, de fato, h\u00e1 experimentos em que, ao modificar as propriedades da luz, muda-se a capacidade de orienta\u00e7\u00e3o do tentilh\u00e3o-zebra (tamb\u00e9m conhecido como diamante-mandarim).<\/p>\n\n\n\n<h2 class=\"wp-block-heading\">Os seres humanos e a magnetorecep\u00e7\u00e3o<\/h2>\n\n\n\n<p>Todos esses trabalhos, pouco a pouco, v\u00eam desvendando o funcionamento da magnetorecep\u00e7\u00e3o, mas ainda resta solucionar uma grande pergunta: <strong>seremos n\u00f3s, seres humanos, capazes de perceber mudan\u00e7as no campo magn\u00e9tico terrestre?<\/strong> H\u00e1 poucas pesquisas nessa \u00e1rea, mas em um estudo publicado h\u00e1 alguns meses, pessoas foram colocadas em uma zona livre de influ\u00eancia magn\u00e9tica, expostas a um campo magn\u00e9tico de intensidade semelhante \u00e0 terrestre e, em seguida, a orienta\u00e7\u00e3o desse campo foi alterada. O resultado foi que, em algumas pessoas, observaram-se mudan\u00e7as no padr\u00e3o de certas ondas cerebrais.<\/p>\n\n\n\n<p>No entanto, esses resultados preliminares devem ser analisados com muito cuidado, pois, em primeiro lugar, existe <strong>muito pouca informa\u00e7\u00e3o publicada<\/strong> nessa \u00e1rea e, em segundo lugar, devemos considerar que, estando a magnetorecep\u00e7\u00e3o presente em tantos seres vivos, \u00e9 poss\u00edvel que essa rea\u00e7\u00e3o se deva \u00e0 <strong>exist\u00eancia de algum atavismo do sentido magnetorreceptivo<\/strong> que n\u00f3s, <em>Homo sapiens sapiens<\/em>, nunca ter\u00edamos desenvolvido (ou que perdemos ao longo da evolu\u00e7\u00e3o).<\/p>\n\n\n\n\n\n\n<div style=\"height:50px\" aria-hidden=\"true\" class=\"wp-block-spacer\"><\/div>\n\n\n\n<div class=\"wp-block-group\"><div class=\"wp-block-group__inner-container is-layout-constrained wp-block-group-is-layout-constrained\">\n<div class=\"wp-block-columns is-layout-flex wp-container-core-columns-is-layout-9d6595d7 wp-block-columns-is-layout-flex\">\n<div class=\"wp-block-column br-0111 p-5 particle-bg anims-fadein-up has-primary-background-color has-background is-layout-flow wp-block-column-is-layout-flow\">\n<h2 class=\"wp-block-heading has-white-color has-text-color\">Saiba mais sobre <br><strong>NeuronUP<\/strong><\/h2>\n\n\n\n<div class=\"wp-block-buttons is-layout-flex wp-block-buttons-is-layout-flex\">\n<div class=\"wp-block-button--1\" style=\"--button-outline-color:var(--color-white);--button-outline-color-hover:rgba(0,0,0,0.8);\"><a class=\"wp-block-button__link button button-outline   wp-element-button\" href=\"https:\/\/neuronup.com\/br\/solicitacao-informacao\/\">Solicitar Informa\u00e7\u00f5es<\/a><\/div>\n\n<\/div>\n<\/div>\n\n\n\n<div class=\"wp-block-column br-0111 p-5 particle-bg anims-fadein-up has-primary-background-color has-background is-layout-flow wp-block-column-is-layout-flow\">\n<h2 class=\"wp-block-heading has-white-color has-text-color\">Experimente Gratuitamente<\/h2>\n\n\n\n<p class=\"has-white-color has-text-color\">A plataforma que mais de <strong>4.500 profissionais<\/strong> utilizam todos os dias<\/p>\n\n\n\n<div class=\"wp-block-buttons is-layout-flex wp-block-buttons-is-layout-flex\">\n<div class=\"wp-block-button orange-button\" style=\"--button-background:var(--color-custom-1);--button-background-hover:#cc7e00;\"><a class=\"wp-block-button__link button   wp-element-button\" href=\"https:\/\/neuronup.com\/br\/landing-store-user\/\">Solicitar Teste<img decoding=\"async\" class=\"wp-image-18719\" style=\"width: 8px;\" src=\"\/wp-content\/uploads\/2022\/v3\/icon_rightArrow-white.svg\"><\/a><\/div>\n\n<\/div>\n<\/div>\n<\/div>\n<\/div><\/div>\n\n\n\n<div style=\"height:50px\" aria-hidden=\"true\" class=\"wp-block-spacer\"><\/div>\n\n\n<h2><strong>Refer\u00eancias<\/strong><\/h2>\n\n\n\n<ul class=\"wp-block-list\"><li>G\u00fcnther, A., Einwich, A., Sjulstok, E., Feederle, R., Bolte, P., Koch, K. W., Mouritsen, H. (2018). Double-Cone Localization and Seasonal Expression Pattern Suggest a Role in Magnetoreception for European Robin Cryptochrome 4. Current Biology, 28(2), 211\u2013223.e4.<\/li><li>Hill, C. (2005). Magnetic Orientation and Navigation in Marine Turtles, Lobsters, and Molluscs: Atlantic, 546, 539\u2013546.<\/li><li>Johnsen, S., &amp; Lohmann, K. J. (2005). The physics and neurobiology of magnetoreception. Nature Reviews Neuroscience, 6(9), 703\u2013712.<\/li><li>Maeda, K., Henbest, K. B., Cintolesi, F., Kuprov, I., Rodgers, C. T., Liddell, P. A., Hore, P. J. (2008). Chemical compass model of avian magnetoreception. <em>Nature<\/em>,<\/li><li>Muheim, R., Sj\u00f6berg, S., &amp; Pinzon-Rodriguez, A. (2016). Polarized light modulates light-dependent magnetic compass orientation in birds. <em>Proceedings of the National Academy of Sciences<\/em>, <em>113<\/em>(6), 1654\u20131659.<\/li><li>Pinzon-Rodriguez, A., Bensch, S., &amp; Muheim, R. (2018). Expression patterns of cryptochrome genes in avian retina suggest involvement of Cry4 in light-dependent magnetoreception. Journal of the Royal Society Interface, 15(140).<\/li><li>Wang, C. X., Hilburn, I. A., Wu, D.-A., Mizuhara, Y., Coust\u00e9, C. P., Abrahams, J. N. H., \u2026 Kirschvink, J. L. (2019). Transduction of the Geomagnetic Field as Evidenced from alpha-Band Activity in the Human Brain. <em>Eneuro<\/em>, <em>6<\/em>(2), ENEURO.0483-18.2019.<\/li><li>Wiltschko, W., &amp; Wiltschko, R. (2005). Magnetic orientation and magnetoreception in birds and other animals. <em>Journal of Comparative Physiology A: Neuroethology, Sensory, Neural, and Behavioral Physiology<\/em>, <em>191<\/em>(8), 675\u2013693.<\/li><\/ul>\n\n\n\n<h3 class=\"wp-block-heading\">Se voc\u00ea gostou deste artigo do doutor em magnetorecep\u00e7\u00e3o, talvez tenha interesse em outros artigos dele:<\/h3>\n\n\n\n\n\n<div class=\"mai-grid entries entries-grid has-boxed has-image-full\" style=\"--entry-title-font-size:var(--font-size-lg);--align-text:start;--entry-meta-text-align:start;\"><div class=\"entries-wrap has-columns\" style=\"--columns-xs:1\/1;--columns-sm:1\/1;--columns-md:1\/3;--columns-lg:1\/3;--flex-xs:0 0 var(--flex-basis);--flex-sm:0 0 var(--flex-basis);--flex-md:0 0 var(--flex-basis);--flex-lg:0 0 var(--flex-basis);--column-gap:var(--spacing-lg);--row-gap:var(--spacing-lg);--align-columns:start;\"><article class=\"entry entry-grid is-column has-entry-link has-image has-image-first type-post category-esclerose-multipla tag-esclerose-multipla tag-reabilitacao-cognitiva\" style=\"--entry-index:1;\" aria-label=\"Pesquisa conclui que houve mudan\u00e7as neuropsicol\u00f3gicas no volume de subst\u00e2ncias cinzentas em pacientes com Esclerose M\u00faltipla, ap\u00f3s terapia de reabilita\u00e7\u00e3o cognitiva assistida por computador com a NeuronUP\" itemscope itemtype=\"https:\/\/schema.org\/CreativeWork\"><a class=\"entry-image-link\" href=\"https:\/\/neuronup.com\/br\/noticias-de-estimulacao-cognitiva\/doencas-neurodegenerativas\/esclerose-multipla\/pesquisa-esclerose-multipla-reabilitacao-cognitiva\/\" tabindex=\"-1\" aria-hidden=\"true\"><img decoding=\"async\" width=\"400\" height=\"300\" src=\"https:\/\/neuronup.com\/br\/wp-content\/uploads\/2021\/06\/Esclerose-Multipla-400x300.webp\" class=\"entry-image size-landscape-sm\" alt=\"Mulher com cabelo castanho claro, blusa laranja, digita em laptop sobre mesa, em ambiente moderno com l\u00e2mpada e escada amarela ao fundo.\" srcset=\"https:\/\/neuronup.com\/br\/wp-content\/uploads\/2021\/06\/Esclerose-Multipla-400x300.webp 400w, https:\/\/neuronup.com\/br\/wp-content\/uploads\/2021\/06\/Esclerose-Multipla-800x600.webp 800w\" sizes=\"(max-width:599px) 599px, (min-width:600px) and (max-width: 799px) 799px, (min-width:800px) and (max-width: 999px) 333px, (min-width:1000px) 400px\" \/><\/a><div class=\"entry-wrap entry-wrap-grid\"><h3 class=\"entry-title\" itemprop=\"headline\"><a class=\"entry-title-link\" href=\"https:\/\/neuronup.com\/br\/noticias-de-estimulacao-cognitiva\/doencas-neurodegenerativas\/esclerose-multipla\/pesquisa-esclerose-multipla-reabilitacao-cognitiva\/\" rel=\"bookmark\">Pesquisa conclui que houve mudan\u00e7as neuropsicol\u00f3gicas no volume de subst\u00e2ncias cinzentas em pacientes com Esclerose M\u00faltipla, ap\u00f3s terapia de reabilita\u00e7\u00e3o cognitiva assistida por computador com a NeuronUP<\/a><\/h3>\n<\/div><\/article><article class=\"entry entry-grid is-column has-entry-link has-image has-image-first type-post category-terapia-ocupacional tag-terapia-ocupacional\" style=\"--entry-index:2;\" aria-label=\"Terapia ocupacional: caracter\u00edsticas, objetivos e fun\u00e7\u00f5es\" itemscope itemtype=\"https:\/\/schema.org\/CreativeWork\"><a class=\"entry-image-link\" href=\"https:\/\/neuronup.com\/br\/noticias-de-estimulacao-cognitiva\/terapia-ocupacional\/terapia-ocupacional-caracteristicas-objetivos-e-funcoes\/\" tabindex=\"-1\" aria-hidden=\"true\"><img decoding=\"async\" width=\"400\" height=\"259\" src=\"https:\/\/neuronup.com\/br\/wp-content\/uploads\/2022\/01\/terapeuta-ocupacional-1.webp\" class=\"entry-image size-landscape-sm\" alt=\"Mulher terapeuta ocupacional junto de crian\u00e7a em cadeira de rodas em sala de aula, observando tablet com educadora apontando.\" srcset=\"https:\/\/neuronup.com\/br\/wp-content\/uploads\/2022\/01\/terapeuta-ocupacional-1-300x195.webp 300w, https:\/\/neuronup.com\/br\/wp-content\/uploads\/2022\/01\/terapeuta-ocupacional-1-768x498.webp 768w, https:\/\/neuronup.com\/br\/wp-content\/uploads\/2022\/01\/terapeuta-ocupacional-1-1024x664.webp 1024w, https:\/\/neuronup.com\/br\/wp-content\/uploads\/2022\/01\/terapeuta-ocupacional-1.webp 1200w\" sizes=\"(max-width:599px) 599px, (min-width:600px) and (max-width: 799px) 799px, (min-width:800px) and (max-width: 999px) 333px, (min-width:1000px) 400px\" \/><\/a><div class=\"entry-wrap entry-wrap-grid\"><h3 class=\"entry-title\" itemprop=\"headline\"><a class=\"entry-title-link\" href=\"https:\/\/neuronup.com\/br\/noticias-de-estimulacao-cognitiva\/terapia-ocupacional\/terapia-ocupacional-caracteristicas-objetivos-e-funcoes\/\" rel=\"bookmark\">Terapia ocupacional: caracter\u00edsticas, objetivos e fun\u00e7\u00f5es<\/a><\/h3>\n<\/div><\/article><article class=\"entry entry-grid is-column has-entry-link has-image has-image-first type-post category-neuronup-academy tag-academia-neuronup\" style=\"--entry-index:3;\" aria-label=\"O neurologista Asier G\u00f3mez responde \u00e0s d\u00favidas sobre sua palestra de epilepsia\" itemscope itemtype=\"https:\/\/schema.org\/CreativeWork\"><a class=\"entry-image-link\" href=\"https:\/\/neuronup.com\/br\/formacao\/neuronup-academy\/asier-gomez-duvidas-ponencia-de-epilepsia\/\" tabindex=\"-1\" aria-hidden=\"true\"><img decoding=\"async\" width=\"400\" height=\"225\" src=\"https:\/\/neuronup.com\/br\/wp-content\/uploads\/2024\/10\/asier-gomez-epilepsia.webp\" class=\"entry-image size-landscape-sm\" alt=\"Homem de jaleco branco em ambiente educacional Neuron Academy; imagem em preto e branco com fundo azul, relacionado \u00e0 epilepsia.\" srcset=\"https:\/\/neuronup.com\/br\/wp-content\/uploads\/2024\/10\/asier-gomez-epilepsia-300x169.webp 300w, https:\/\/neuronup.com\/br\/wp-content\/uploads\/2024\/10\/asier-gomez-epilepsia-768x432.webp 768w, https:\/\/neuronup.com\/br\/wp-content\/uploads\/2024\/10\/asier-gomez-epilepsia-1024x576.webp 1024w, https:\/\/neuronup.com\/br\/wp-content\/uploads\/2024\/10\/asier-gomez-epilepsia.webp 1200w\" sizes=\"(max-width:599px) 599px, (min-width:600px) and (max-width: 799px) 799px, (min-width:800px) and (max-width: 999px) 333px, (min-width:1000px) 400px\" \/><\/a><div class=\"entry-wrap entry-wrap-grid\"><h3 class=\"entry-title\" itemprop=\"headline\"><a class=\"entry-title-link\" href=\"https:\/\/neuronup.com\/br\/formacao\/neuronup-academy\/asier-gomez-duvidas-ponencia-de-epilepsia\/\" rel=\"bookmark\">O neurologista Asier G\u00f3mez responde \u00e0s d\u00favidas sobre sua palestra de epilepsia<\/a><\/h3>\n<\/div><\/article><article class=\"entry entry-grid is-column has-entry-link has-image has-image-first type-post category-transtornos-do-desenvolvimento tag-autismo tag-tdah tag-transtornos-do-desenvolvimento\" style=\"--entry-index:4;\" aria-label=\"Neurodesenvolvimento: compreender o diagn\u00f3stico do Transtorno do Espectro Autista (TEA) e do Transtorno de D\u00e9ficit de Aten\u00e7\u00e3o e Hiperatividade (TDAH)\" itemscope itemtype=\"https:\/\/schema.org\/CreativeWork\"><a class=\"entry-image-link\" href=\"https:\/\/neuronup.com\/br\/noticias-de-estimulacao-cognitiva\/transtornos-do-desenvolvimento\/neurodesenvolvimento-compreender-o-diagnostico-do-transtorno-do-espectro-autista-tea-e-do-transtorno-de-deficit-de-atencao-e-hiperatividade-tdah\/\" tabindex=\"-1\" aria-hidden=\"true\"><img decoding=\"async\" width=\"400\" height=\"300\" src=\"https:\/\/neuronup.com\/br\/wp-content\/uploads\/2024\/12\/TEA-e-TDAH-compreendendo-o-diagnostico-dos-transtornos-do-neurodesenvolvimento-400x300.webp\" class=\"entry-image size-landscape-sm\" alt=\"Pessoa em frente ao computador, monitor com c\u00e9rebro, estruturas de DNA e gr\u00e1ficos; telefone na m\u00e3o, ambiente de laborat\u00f3rio.\" srcset=\"https:\/\/neuronup.com\/br\/wp-content\/uploads\/2024\/12\/TEA-e-TDAH-compreendendo-o-diagnostico-dos-transtornos-do-neurodesenvolvimento-400x300.webp 400w, https:\/\/neuronup.com\/br\/wp-content\/uploads\/2024\/12\/TEA-e-TDAH-compreendendo-o-diagnostico-dos-transtornos-do-neurodesenvolvimento-800x600.webp 800w\" sizes=\"(max-width:599px) 599px, (min-width:600px) and (max-width: 799px) 799px, (min-width:800px) and (max-width: 999px) 333px, (min-width:1000px) 400px\" \/><\/a><div class=\"entry-wrap entry-wrap-grid\"><h3 class=\"entry-title\" itemprop=\"headline\"><a class=\"entry-title-link\" href=\"https:\/\/neuronup.com\/br\/noticias-de-estimulacao-cognitiva\/transtornos-do-desenvolvimento\/neurodesenvolvimento-compreender-o-diagnostico-do-transtorno-do-espectro-autista-tea-e-do-transtorno-de-deficit-de-atencao-e-hiperatividade-tdah\/\" rel=\"bookmark\">Neurodesenvolvimento: compreender o diagn\u00f3stico do Transtorno do Espectro Autista (TEA) e do Transtorno de D\u00e9ficit de Aten\u00e7\u00e3o e Hiperatividade (TDAH)<\/a><\/h3>\n<\/div><\/article><article class=\"entry entry-grid is-column has-entry-link has-image has-image-first type-post category-atividades-de-neurorreabilitacao tag-atividades-de-estimulacao-cognitiva\" style=\"--entry-index:5;\" aria-label=\"12 Atividades de neurorreabilita\u00e7\u00e3o eficazes para tratar doen\u00e7as neurol\u00f3gicas\" itemscope itemtype=\"https:\/\/schema.org\/CreativeWork\"><a class=\"entry-image-link\" href=\"https:\/\/neuronup.com\/br\/atividades-de-neurorreabilitacao\/12-atividades-de-neurorrehabilitacao-efetivas-para-tratar-doencas-neurologicas\/\" tabindex=\"-1\" aria-hidden=\"true\"><img decoding=\"async\" width=\"400\" height=\"300\" src=\"https:\/\/neuronup.com\/br\/wp-content\/uploads\/2021\/11\/actividad-de-la-vida-diaria-de-neuronup-ordena-la-cocina.webp\" class=\"entry-image size-landscape-sm\" alt=\"Cozinha moderna com arm\u00e1rios claros, geladeira central, micro-ondas e fog\u00e3o; bancada com \u00e1gua, alface, peixe e conserva, iluminada.\" srcset=\"https:\/\/neuronup.com\/br\/wp-content\/uploads\/2021\/11\/actividad-de-la-vida-diaria-de-neuronup-ordena-la-cocina-300x225.webp 300w, https:\/\/neuronup.com\/br\/wp-content\/uploads\/2021\/11\/actividad-de-la-vida-diaria-de-neuronup-ordena-la-cocina-768x576.webp 768w, https:\/\/neuronup.com\/br\/wp-content\/uploads\/2021\/11\/actividad-de-la-vida-diaria-de-neuronup-ordena-la-cocina-1024x768.webp 1024w, https:\/\/neuronup.com\/br\/wp-content\/uploads\/2021\/11\/actividad-de-la-vida-diaria-de-neuronup-ordena-la-cocina.webp 1200w\" sizes=\"(max-width:599px) 599px, (min-width:600px) and (max-width: 799px) 799px, (min-width:800px) and (max-width: 999px) 333px, (min-width:1000px) 400px\" \/><\/a><div class=\"entry-wrap entry-wrap-grid\"><h3 class=\"entry-title\" itemprop=\"headline\"><a class=\"entry-title-link\" href=\"https:\/\/neuronup.com\/br\/atividades-de-neurorreabilitacao\/12-atividades-de-neurorrehabilitacao-efetivas-para-tratar-doencas-neurologicas\/\" rel=\"bookmark\">12 Atividades de neurorreabilita\u00e7\u00e3o eficazes para tratar doen\u00e7as neurol\u00f3gicas<\/a><\/h3>\n<\/div><\/article><article class=\"entry entry-grid is-column has-entry-link has-image has-image-first type-post category-noticias-de-estimulacao-cognitiva tag-estimulacao-cognitiva\" style=\"--entry-index:6;\" aria-label=\"Instru\u00e7\u00f5es em reabilita\u00e7\u00e3o cognitiva: m\u00e9todos, design e efic\u00e1cia\" itemscope itemtype=\"https:\/\/schema.org\/CreativeWork\"><a class=\"entry-image-link\" href=\"https:\/\/neuronup.com\/br\/noticias-de-estimulacao-cognitiva\/instrucoes-em-reabilitacao-cognitiva\/\" tabindex=\"-1\" aria-hidden=\"true\"><img decoding=\"async\" width=\"400\" height=\"267\" src=\"https:\/\/neuronup.com\/br\/wp-content\/uploads\/2024\/10\/Instrucciones-en-rehabilitacion-cognitiva.webp\" class=\"entry-image size-landscape-sm\" alt=\"Seis caixas com bordas verdes e checks em pincel, organizadas em duas linhas de tr\u00eas, ilustrando reabilita\u00e7\u00e3o cognitiva.\" srcset=\"https:\/\/neuronup.com\/br\/wp-content\/uploads\/2024\/10\/Instrucciones-en-rehabilitacion-cognitiva-300x200.webp 300w, https:\/\/neuronup.com\/br\/wp-content\/uploads\/2024\/10\/Instrucciones-en-rehabilitacion-cognitiva-768x512.webp 768w, https:\/\/neuronup.com\/br\/wp-content\/uploads\/2024\/10\/Instrucciones-en-rehabilitacion-cognitiva-1024x683.webp 1024w, https:\/\/neuronup.com\/br\/wp-content\/uploads\/2024\/10\/Instrucciones-en-rehabilitacion-cognitiva.webp 1200w\" sizes=\"(max-width:599px) 599px, (min-width:600px) and (max-width: 799px) 799px, (min-width:800px) and (max-width: 999px) 333px, (min-width:1000px) 400px\" \/><\/a><div class=\"entry-wrap entry-wrap-grid\"><h3 class=\"entry-title\" itemprop=\"headline\"><a class=\"entry-title-link\" href=\"https:\/\/neuronup.com\/br\/noticias-de-estimulacao-cognitiva\/instrucoes-em-reabilitacao-cognitiva\/\" rel=\"bookmark\">Instru\u00e7\u00f5es em reabilita\u00e7\u00e3o cognitiva: m\u00e9todos, design e efic\u00e1cia<\/a><\/h3>\n<\/div><\/article><\/div><\/div>","protected":false},"excerpt":{"rendered":"<p>A \u00e1rea da percep\u00e7\u00e3o \u00e9 um dos campos mais diversos da neuroci\u00eancia devido \u00e0 grande quantidade de sentidos existentes no reino animal. Al\u00e9m dos cinco sentidos cl\u00e1ssicos: vis\u00e3o, audi\u00e7\u00e3o, paladar, olfato e tato; existem muitos outros, como a propriocep\u00e7\u00e3o (a capacidade de perceber a postura corporal), a termorecep\u00e7\u00e3o (sentir temperaturas) ou a nocicep\u00e7\u00e3o (que engloba &hellip;<\/p>\n","protected":false},"author":321,"featured_media":17243,"comment_status":"open","ping_status":"open","sticky":false,"template":"","format":"standard","meta":{"_acf_changed":false,"_genesis_hide_title":false,"_genesis_hide_breadcrumbs":false,"_genesis_hide_singular_image":false,"_genesis_hide_footer_widgets":false,"_genesis_custom_body_class":"","_genesis_custom_post_class":"","_genesis_layout":"","footnotes":""},"categories":[660],"tags":[599],"class_list":{"2":"type-post","7":"category-neurociencia","8":"tag-cerebro","9":"entry"},"acf":[],"_links":{"self":[{"href":"https:\/\/neuronup.com\/br\/wp-json\/wp\/v2\/posts\/14823","targetHints":{"allow":["GET"]}}],"collection":[{"href":"https:\/\/neuronup.com\/br\/wp-json\/wp\/v2\/posts"}],"about":[{"href":"https:\/\/neuronup.com\/br\/wp-json\/wp\/v2\/types\/post"}],"author":[{"embeddable":true,"href":"https:\/\/neuronup.com\/br\/wp-json\/wp\/v2\/users\/321"}],"replies":[{"embeddable":true,"href":"https:\/\/neuronup.com\/br\/wp-json\/wp\/v2\/comments?post=14823"}],"version-history":[{"count":0,"href":"https:\/\/neuronup.com\/br\/wp-json\/wp\/v2\/posts\/14823\/revisions"}],"wp:featuredmedia":[{"embeddable":true,"href":"https:\/\/neuronup.com\/br\/wp-json\/wp\/v2\/media\/17243"}],"wp:attachment":[{"href":"https:\/\/neuronup.com\/br\/wp-json\/wp\/v2\/media?parent=14823"}],"wp:term":[{"taxonomy":"category","embeddable":true,"href":"https:\/\/neuronup.com\/br\/wp-json\/wp\/v2\/categories?post=14823"},{"taxonomy":"post_tag","embeddable":true,"href":"https:\/\/neuronup.com\/br\/wp-json\/wp\/v2\/tags?post=14823"}],"curies":[{"name":"wp","href":"https:\/\/api.w.org\/{rel}","templated":true}]}}