{"id":13177,"date":"2022-04-26T14:05:38","date_gmt":"2022-04-26T12:05:38","guid":{"rendered":"https:\/\/neuronup.com\/?p=13177"},"modified":"2026-08-12T14:11:34","modified_gmt":"2026-08-12T12:11:34","slug":"deteccao-de-alzheimer-em-adultos-maiores","status":"publish","type":"post","link":"https:\/\/neuronup.com\/br\/noticias-de-estimulacao-cognitiva\/doencas-neurodegenerativas\/alzheimer\/deteccao-de-alzheimer-em-adultos-maiores\/","title":{"rendered":"Detec\u00e7\u00e3o do Alzheimer em idosos"},"content":{"rendered":"\n<h2 class=\"wp-block-heading\">Introdu\u00e7\u00e3o<\/h2>\n\n\n\n<p class=\"wp-block-paragraph\">A <strong>detec\u00e7\u00e3o precoce<\/strong> da doen\u00e7a de <strong>Alzheimer<\/strong> contribui para diminuir a progress\u00e3o da doen\u00e7a, minimizar o impacto dos sintomas e melhorar a qualidade de vida do <strong>idoso<\/strong>. \u00c9 necess\u00e1rio fornecer informa\u00e7\u00e3o precisa sobre as caracter\u00edsticas da doen\u00e7a e sobre as interven\u00e7\u00f5es para acompanhar o idoso em casa.<\/p>\n\n\n\n<p class=\"wp-block-paragraph\">O <strong>diagn\u00f3stico<\/strong> de algum tipo de <strong>dem\u00eancia<\/strong>, como a <strong>doen\u00e7a de Alzheimer<\/strong>, implica mudan\u00e7as no estilo de vida n\u00e3o s\u00f3 da pessoa que a tem, mas tamb\u00e9m de seus familiares e amigos mais pr\u00f3ximos (Molina, 2016). Atualmente existem in\u00fameros recursos dispon\u00edveis para intervir diante dessa situa\u00e7\u00e3o, de modo que ningu\u00e9m precise atravessar esta doen\u00e7a sozinho.<\/p>\n\n\n\n<p class=\"wp-block-paragraph\">\u00c9 claro que \u00e9 dif\u00edcil precisar o momento em que a doen\u00e7a come\u00e7a a se manifestar, porque os sintomas aparecem de forma gradual. No entanto, o <strong>diagn\u00f3stico precoce<\/strong> \u00e9 importante, j\u00e1 que muitas vezes pode-se pensar que os sintomas fazem parte do processo de <strong>envelhecimento normal<\/strong> (Donoso, Venegas, Villarroel &amp; V\u00e1squez, 2001). Nesse momento, \u00e9 essencial a informa\u00e7\u00e3o que os entes queridos possam fornecer aos profissionais respons\u00e1veis pelo tratamento, pois eles podem perceber os sintomas antes da pr\u00f3pria pessoa que os apresenta.<\/p>\n\n\n\n<h2 class=\"wp-block-heading\">O que \u00e9 a doen\u00e7a de Alzheimer?<\/h2>\n\n\n\n<p class=\"wp-block-paragraph\">A <strong>doen\u00e7a de Alzheimer<\/strong> sup\u00f5e a perda progressiva das <strong>fun\u00e7\u00f5es cognitivas<\/strong> que possibilitam a rela\u00e7\u00e3o com o meio interno e externo. Mas tamb\u00e9m afeta outras \u00e1reas como a percep\u00e7\u00e3o da realidade, as emo\u00e7\u00f5es, os comportamentos, a motiva\u00e7\u00e3o e o sono (Acosta-Castillo, Sosa, Orozco &amp; Borges, 2012).&nbsp;<\/p>\n\n\n\n<div style=\"height:50px\" aria-hidden=\"true\" class=\"wp-block-spacer\"><\/div>\n\n\n\n<aside class=\"wp-block-group pb-0 br-0101 has-background has-xl-margin-top\" style=\"background:linear-gradient(135deg,rgb(0,128,150) 0%,rgb(0,171,199) 100%)\"><div class=\"wp-block-group__inner-container is-layout-constrained wp-block-group-is-layout-constrained\">\n<div class=\"wp-block-columns br-1010 is-layout-flex wp-container-core-columns-is-layout-8f761849 wp-block-columns-is-layout-flex\">\n<div class=\"wp-block-column is-vertically-aligned-center is-layout-flow wp-block-column-is-layout-flow\" style=\"flex-basis:60%\">\n<p class=\"has-text-align-center has-white-color has-text-color has-link-color has-xxl-font-size wp-elements-1 has-no-margin-top has-no-margin-bottom wp-block-paragraph\"> <strong>Trabalhe na NeuronUP<\/strong><\/p>\n\n\n\n<p class=\"has-text-align-center has-white-color has-text-color has-link-color has-sm-font-size wp-elements-2 has-no-margin-top has-no-margin-bottom wp-block-paragraph\">Desenvolva sua carreira no setor da sa\u00fade digital.<br>Junte-se \u00e0 nossa equipe.<\/p>\n\n\n\n<div style=\"height:10px\" aria-hidden=\"true\" class=\"wp-block-spacer\"><\/div>\n\n\n\n<div class=\"wp-block-buttons is-content-justification-center is-layout-flex wp-container-core-buttons-is-layout-fe48e5de wp-block-buttons-is-layout-flex\">\n<div class=\"wp-block-button has-custom-width wp-block-button__width-75\" style=\"--button-background:var(--color-custom-1);--button-background-hover:#cc7e00;\"><a class=\"wp-block-button__link button   has-sm-font-size has-custom-font-size wp-element-button\" href=\"https:\/\/neuronup.com\/br\/as-melhores-ofertas-de-emprego-para-profissionais-da-neurorreabilitacao\/\"><strong><strong>Ver vagas dispon\u00edveis<\/strong><\/strong><\/a><\/div>\n\n<\/div>\n<\/div>\n\n\n\n<div class=\"wp-block-column is-vertically-aligned-center is-layout-flow wp-block-column-is-layout-flow\" style=\"flex-basis:40%\"><div class=\"wp-block-image blog-br-0101\">\n<figure class=\"alignright size-large is-resized has--xxxl-margin-top has-no-margin-bottom\"><img decoding=\"async\" width=\"1024\" height=\"1024\" src=\"https:\/\/neuronup.com\/br\/wp-content\/uploads\/2026\/06\/Historias-exito-NeuronUP-14-2-1024x1024.webp\" alt=\"\" class=\"wp-image-51286\" style=\"width:361px;height:auto\" srcset=\"https:\/\/neuronup.com\/br\/wp-content\/uploads\/2026\/06\/Historias-exito-NeuronUP-14-2-24x24.webp 24w, https:\/\/neuronup.com\/br\/wp-content\/uploads\/2026\/06\/Historias-exito-NeuronUP-14-2-48x48.webp 48w, https:\/\/neuronup.com\/br\/wp-content\/uploads\/2026\/06\/Historias-exito-NeuronUP-14-2-80x80.webp 80w, https:\/\/neuronup.com\/br\/wp-content\/uploads\/2026\/06\/Historias-exito-NeuronUP-14-2-96x96.webp 96w, https:\/\/neuronup.com\/br\/wp-content\/uploads\/2026\/06\/Historias-exito-NeuronUP-14-2-150x150.webp 150w, https:\/\/neuronup.com\/br\/wp-content\/uploads\/2026\/06\/Historias-exito-NeuronUP-14-2-300x300.webp 300w, https:\/\/neuronup.com\/br\/wp-content\/uploads\/2026\/06\/Historias-exito-NeuronUP-14-2-768x768.webp 768w, https:\/\/neuronup.com\/br\/wp-content\/uploads\/2026\/06\/Historias-exito-NeuronUP-14-2-1024x1024.webp 1024w, https:\/\/neuronup.com\/br\/wp-content\/uploads\/2026\/06\/Historias-exito-NeuronUP-14-2.webp 1080w\" sizes=\"(max-width: 1024px) 100vw, 1024px\" \/><\/figure>\n<\/div><\/div>\n<\/div>\n<\/div><\/aside>\n\n\n\n<div style=\"height:50px\" aria-hidden=\"true\" class=\"wp-block-spacer\"><\/div>\n\n\n\n<h3 class=\"wp-block-heading\">Indicadores para a detec\u00e7\u00e3o precoce do Alzheimer<\/h3>\n\n\n\n<p class=\"wp-block-paragraph\">Nesse sentido, entre os indicadores que permitem reconhecer as primeiras mudan\u00e7as associadas \u00e0 doen\u00e7a de Alzheimer ap\u00f3s sua detec\u00e7\u00e3o \u00e9 poss\u00edvel mencionar:<\/p>\n\n\n<div class=\"wp-block-image\">\n<figure class=\"aligncenter size-full\"><img decoding=\"async\" width=\"1092\" height=\"960\" src=\"https:\/\/neuronup.com\/br\/wp-content\/uploads\/2022\/04\/Indicadores-deteccion-de-Alzheimer.webp\" alt=\"Diagrama educativo de Alzheimer con centro Enfermedad de Alzheimer y bloques para Memoria, Emociones, Pensamiento y Atenci\u00f3n.\" class=\"wp-image-13178\" style=\"object-fit:cover\" srcset=\"https:\/\/neuronup.com\/br\/wp-content\/uploads\/2022\/04\/Indicadores-deteccion-de-Alzheimer-300x264.webp 300w, https:\/\/neuronup.com\/br\/wp-content\/uploads\/2022\/04\/Indicadores-deteccion-de-Alzheimer-768x675.webp 768w, https:\/\/neuronup.com\/br\/wp-content\/uploads\/2022\/04\/Indicadores-deteccion-de-Alzheimer-1024x900.webp 1024w, https:\/\/neuronup.com\/br\/wp-content\/uploads\/2022\/04\/Indicadores-deteccion-de-Alzheimer.webp 1092w\" sizes=\"(max-width: 1092px) 100vw, 1092px\" \/><\/figure>\n<\/div>\n\n\n<h4 class=\"wp-block-heading\">Perda de mem\u00f3ria<\/h4>\n\n\n\n<p class=\"wp-block-paragraph\">A pessoa esquece datas ou eventos relevantes, tem dificuldades para lembrar a informa\u00e7\u00e3o recentemente aprendida e recorre a apoios externos, como notas adesivas ou perguntas a familiares, para recuperar essa informa\u00e7\u00e3o.<\/p>\n\n\n\n<h4 class=\"wp-block-heading\">Esquecimentos frequentes<\/h4>\n\n\n\n<p class=\"wp-block-paragraph\">A pessoa perde objetos ou os coloca em lugares incorretos e, depois, tem dificuldades para lembrar onde est\u00e3o.<\/p>\n\n\n\n<h4 class=\"wp-block-heading\">Altera\u00e7\u00f5es no pensamento abstrato<\/h4>\n\n\n\n<p class=\"wp-block-paragraph\">A pessoa tem dificuldades para lembrar o significado do dinheiro ou os procedimentos para realizar uma tarefa, assim como para avaliar as semelhan\u00e7as ou diferen\u00e7as entre os objetos.<\/p>\n\n\n\n<h4 class=\"wp-block-heading\">Dificuldades para realizar as tarefas di\u00e1rias em casa ou no trabalho<\/h4>\n\n\n\n<p class=\"wp-block-paragraph\">Pode ser que a pessoa leve mais tempo para executar as tarefas que antes fazia com facilidade ou que tenha problemas para termin\u00e1-las.<\/p>\n\n\n\n<h4 class=\"wp-block-heading\">Desorienta\u00e7\u00e3o em rela\u00e7\u00e3o ao tempo e ao espa\u00e7o<\/h4>\n\n\n\n<p class=\"wp-block-paragraph\">Esquecimento de datas importantes, dificuldades para identificar a data atual ou a esta\u00e7\u00e3o do ano, confus\u00e3o quanto ao lugar em que se encontram ou \u00e0 maneira como chegaram ali.<\/p>\n\n\n\n<h4 class=\"wp-block-heading\">Altera\u00e7\u00f5es na linguagem<\/h4>\n\n\n\n<p class=\"wp-block-paragraph\">A pessoa tem problemas para encontrar as palavras adequadas ou para utilizar o vocabul\u00e1rio na hora de escrever ou de iniciar e manter uma conversa.<\/p>\n\n\n\n<h4 class=\"wp-block-heading\">Altera\u00e7\u00f5es emocionais e no comportamento<\/h4>\n\n\n\n<p class=\"wp-block-paragraph\">A pessoa pode apresentar mudan\u00e7as de humor repentinas, irritabilidade, ansiedade, depress\u00e3o, agressividade.<\/p>\n\n\n\n<h4 class=\"wp-block-heading\">Outros indicadores<\/h4>\n\n\n\n<ul class=\"wp-block-list\">\n<li>Altera\u00e7\u00f5es no ju\u00edzo ou dificuldades na hora de tomar decis\u00f5es,<\/li>\n\n\n\n<li>problemas para pagar as contas ou resolver opera\u00e7\u00f5es matem\u00e1ticas simples,<\/li>\n\n\n\n<li>dificuldades para prestar aten\u00e7\u00e3o, concentrar-se, planejar e resolver problemas,&nbsp;<\/li>\n\n\n\n<li>dificuldades para compreender imagens visuais e a rela\u00e7\u00e3o entre os objetos,<\/li>\n\n\n\n<li>incapacidade para desenhar ou copiar figuras simples,<\/li>\n\n\n\n<li>perda da iniciativa ou da motiva\u00e7\u00e3o para realizar atividades que antes apreciava ou desenvolvia sem dificuldade,<\/li>\n\n\n\n<li>diminui\u00e7\u00e3o da participa\u00e7\u00e3o em atividades recreativas, sociais e laborais.<\/li>\n<\/ul>\n\n\n\n<h2 class=\"wp-block-heading\">Como enfrentar a detec\u00e7\u00e3o precoce do Alzheimer?<\/h2>\n\n\n\n<p class=\"wp-block-paragraph\">Na maioria dos casos, os familiares, especialmente os filhos ou c\u00f4njuges, assumem o papel de <strong>cuidadores principais<\/strong> de seus entes queridos com Alzheimer, alcan\u00e7ando elevados n\u00edveis de <strong>estresse<\/strong> e <strong>sobrecarga<\/strong> (P\u00e9rez Perdomo, 2008). Por esse motivo, \u00e9 importante oferecer uma s\u00e9rie de sugest\u00f5es que permitam enfrentar adequadamente as etapas iniciais ap\u00f3s a detec\u00e7\u00e3o do Alzheimer.<\/p>\n\n\n<div class=\"wp-block-image\">\n<figure class=\"aligncenter size-full\"><img decoding=\"async\" width=\"1024\" height=\"1024\" src=\"https:\/\/neuronup.com\/br\/wp-content\/uploads\/2022\/04\/Cuidadores-pricnipales-en-la-enfermedad-de-Alzheimer.webp\" alt=\"Ilustraci\u00f3n con dos cuidadores acompa\u00f1ando a una persona mayor en un entorno de cuidado, asociado al Alzheimer.\" class=\"wp-image-13179\" style=\"object-fit:cover\" srcset=\"https:\/\/neuronup.com\/br\/wp-content\/uploads\/2022\/04\/Cuidadores-pricnipales-en-la-enfermedad-de-Alzheimer-24x24.webp 24w, https:\/\/neuronup.com\/br\/wp-content\/uploads\/2022\/04\/Cuidadores-pricnipales-en-la-enfermedad-de-Alzheimer-48x48.webp 48w, https:\/\/neuronup.com\/br\/wp-content\/uploads\/2022\/04\/Cuidadores-pricnipales-en-la-enfermedad-de-Alzheimer-80x80.webp 80w, https:\/\/neuronup.com\/br\/wp-content\/uploads\/2022\/04\/Cuidadores-pricnipales-en-la-enfermedad-de-Alzheimer-96x96.webp 96w, https:\/\/neuronup.com\/br\/wp-content\/uploads\/2022\/04\/Cuidadores-pricnipales-en-la-enfermedad-de-Alzheimer-150x150.webp 150w, https:\/\/neuronup.com\/br\/wp-content\/uploads\/2022\/04\/Cuidadores-pricnipales-en-la-enfermedad-de-Alzheimer-300x300.webp 300w, https:\/\/neuronup.com\/br\/wp-content\/uploads\/2022\/04\/Cuidadores-pricnipales-en-la-enfermedad-de-Alzheimer-768x768.webp 768w, https:\/\/neuronup.com\/br\/wp-content\/uploads\/2022\/04\/Cuidadores-pricnipales-en-la-enfermedad-de-Alzheimer.webp 1024w\" sizes=\"(max-width: 1024px) 100vw, 1024px\" \/><\/figure>\n<\/div>\n\n\n<div style=\"height:50px\" aria-hidden=\"true\" class=\"wp-block-spacer\"><\/div>\n\n\n\n<h3 class=\"wp-block-heading\">Recomenda\u00e7\u00f5es para enfrentar adequadamente as etapas iniciais ap\u00f3s a detec\u00e7\u00e3o da doen\u00e7a de Alzheimer<\/h3>\n\n\n\n<ul class=\"wp-block-list\">\n<li>Realizar uma <strong>consulta m\u00e9dica<\/strong> com o objetivo de obter um diagn\u00f3stico preciso e precoce.<\/li>\n\n\n\n<li>Obter <strong>informa\u00e7\u00e3o sobre a doen\u00e7a e os tratamentos<\/strong> mais eficazes.<\/li>\n\n\n\n<li><strong>Ser pacientes<\/strong> na hora de assimilar as mudan\u00e7as no idoso com Alzheimer e na rotina di\u00e1ria.<\/li>\n\n\n\n<li>Participar de <strong>associa\u00e7\u00f5es para fam\u00edlias<\/strong> de pessoas com Alzheimer para obter <strong>orienta\u00e7\u00e3o e apoio<\/strong> na hora de enfrentar a nova situa\u00e7\u00e3o.<\/li>\n\n\n\n<li><strong>Informar o idoso<\/strong> sobre o diagn\u00f3stico, utilizando uma linguagem simples e compreens\u00edvel. Assim como,<strong> inclu\u00ed-lo na tomada de decis\u00f5es<\/strong> em rela\u00e7\u00e3o ao plano de tratamento a seguir. Tamb\u00e9m, levar em conta suas opini\u00f5es, sentimentos e direitos para preservar sua dignidade.<\/li>\n\n\n\n<li>Realizar uma reuni\u00e3o com todos os membros da fam\u00edlia com o prop\u00f3sito de <strong>estabelecer acordos e planejar a nova organiza\u00e7\u00e3o<\/strong> em casa para ajudar o ente querido com Alzheimer.<\/li>\n\n\n\n<li><strong>Estabelecer uma rotina<\/strong> e manter a estabilidade em casa. Isso proporciona seguran\u00e7a \u00e0 pessoa com Alzheimer, contribui para preservar as habilidades que se encontram conservadas e promove a autonomia. Da mesma forma, definir os hor\u00e1rios, lugares e pessoas que ficar\u00e3o encarregadas de colaborar na realiza\u00e7\u00e3o das diferentes atividades da vida di\u00e1ria.<\/li>\n\n\n\n<li><strong>Simplificar as tarefas<\/strong> e explicar os passos a seguir para cumprir as diferentes atividades.&nbsp;<\/li>\n\n\n\n<li><strong>Evitar as discuss\u00f5es<\/strong> entre os membros da fam\u00edlia. Ou seja, manter um ambiente est\u00e1vel e tranquilo em casa, de modo que a pessoa com Alzheimer n\u00e3o se altere.&nbsp;<\/li>\n\n\n\n<li>Implementar <strong>medidas de seguran\u00e7a em casa<\/strong>, levando em conta que a falta de coordena\u00e7\u00e3o f\u00edsica e a desorienta\u00e7\u00e3o podem aumentar a probabilidade de quedas e les\u00f5es.<\/li>\n<\/ul>\n\n\n\n<h2 class=\"wp-block-heading\">Estimula\u00e7\u00e3o cognitiva para pacientes com a doen\u00e7a de Alzheimer por meio da tecnologia<\/h2>\n\n\n<div class=\"wp-block-image\">\n<figure class=\"aligncenter size-full\"><img decoding=\"async\" width=\"512\" height=\"512\" src=\"https:\/\/neuronup.com\/br\/wp-content\/uploads\/2022\/04\/Estimulacion-cognitiva-mediante-tecnologia.webp\" alt=\"Adulto mayor sentado con gafas, sosteniendo un tel\u00e9fono m\u00f3vil; fondo azul oscuro y varios dispositivos tecnol\u00f3gicos visibles.\" class=\"wp-image-13180\" style=\"object-fit:cover\" srcset=\"https:\/\/neuronup.com\/br\/wp-content\/uploads\/2022\/04\/Estimulacion-cognitiva-mediante-tecnologia-24x24.webp 24w, https:\/\/neuronup.com\/br\/wp-content\/uploads\/2022\/04\/Estimulacion-cognitiva-mediante-tecnologia-48x48.webp 48w, https:\/\/neuronup.com\/br\/wp-content\/uploads\/2022\/04\/Estimulacion-cognitiva-mediante-tecnologia-80x80.webp 80w, https:\/\/neuronup.com\/br\/wp-content\/uploads\/2022\/04\/Estimulacion-cognitiva-mediante-tecnologia-96x96.webp 96w, https:\/\/neuronup.com\/br\/wp-content\/uploads\/2022\/04\/Estimulacion-cognitiva-mediante-tecnologia-150x150.webp 150w, https:\/\/neuronup.com\/br\/wp-content\/uploads\/2022\/04\/Estimulacion-cognitiva-mediante-tecnologia-300x300.webp 300w, https:\/\/neuronup.com\/br\/wp-content\/uploads\/2022\/04\/Estimulacion-cognitiva-mediante-tecnologia.webp 512w\" sizes=\"(max-width: 512px) 100vw, 512px\" \/><\/figure>\n<\/div>\n\n\n<p class=\"wp-block-paragraph\">Nos \u00faltimos anos, as <strong>Tecnologias da Informa\u00e7\u00e3o e da Comunica\u00e7\u00e3o<\/strong> (TICs) ganharam um papel relevante nos diferentes \u00e2mbitos da sociedade.&nbsp;<\/p>\n\n\n\n<p class=\"wp-block-paragraph\">As <strong>interven\u00e7\u00f5es terap\u00eauticas<\/strong> por meio dessas ferramentas t\u00eam efeitos positivos tanto sobre as <strong>fun\u00e7\u00f5es cognitivas<\/strong> quanto sobre os <strong>sintomas emocionais e comportamentais<\/strong> em pacientes com a doen\u00e7a de Alzheimer, obtendo melhores resultados do que outras interven\u00e7\u00f5es mais tradicionais (Fern\u00e1ndez-Calvo, Rodr\u00edguez-P\u00e9rez, Contador, Rubio-Santorum &amp; Ramos, 2011).&nbsp;<\/p>\n\n<h3 class=\"wp-block-heading\">Vantagens das TICs nas interven\u00e7\u00f5es terap\u00eauticas<\/h3>\n\n\n\n<p class=\"wp-block-paragraph\">As <strong>TICs<\/strong> possibilitam que as pessoas com esta doen\u00e7a mantenham os la\u00e7os com a sociedade por meio das not\u00edcias que est\u00e3o ao alcance de um clique. Tamb\u00e9m promovem a comunica\u00e7\u00e3o com os entes queridos mediante videoconfer\u00eancias ou chats. Da mesma forma, favorecem a manuten\u00e7\u00e3o das <strong>fun\u00e7\u00f5es cognitivas <\/strong>que se encontram preservadas e diminuem a <strong>deteriora\u00e7\u00e3o cognitiva<\/strong> a partir de <strong>exerc\u00edcios de estimula\u00e7\u00e3o e <\/strong><strong>reabilita\u00e7\u00e3o<\/strong><strong> cognitivas<\/strong>, em um contexto de treinamento e recrea\u00e7\u00e3o, aumentando a motiva\u00e7\u00e3o e os sentimentos de autoefic\u00e1cia (Luque, 2007). Al\u00e9m disso, permitem uma melhor organiza\u00e7\u00e3o das <strong>rotinas <\/strong>e as <strong>atividades da vida di\u00e1ria<\/strong>, e contribuem para exercitar outras fun\u00e7\u00f5es como a <strong>motricidade grossa e fina<\/strong>, a <strong>orienta\u00e7\u00e3o <\/strong>e a <strong>coordena\u00e7\u00e3o<\/strong>.<\/p>\n\n\n\n<h3 class=\"wp-block-heading\">Como abordar a doen\u00e7a de Alzheimer por meio de ferramentas tecnol\u00f3gicas?<\/h3>\n\n\n\n<p class=\"wp-block-paragraph\">No momento de introduzir as novas tecnologias como ferramenta para a estimula\u00e7\u00e3o cognitiva em pessoas com a doen\u00e7a de Alzheimer \u00e9 necess\u00e1rio adotar um <strong>enfoque centrado na pessoa<\/strong>, considerando suas capacidades, limita\u00e7\u00f5es e prefer\u00eancias (Luque, 2007). Igualmente, \u00e9 importante incluir o paciente na escolha dos exerc\u00edcios de interven\u00e7\u00e3o, promovendo a comunica\u00e7\u00e3o e a tomada de decis\u00f5es.&nbsp;<\/p>\n\n\n\n<p class=\"wp-block-paragraph\">As ferramentas TICs permitem complementar o trabalho de <strong>estimula\u00e7\u00e3o cognitiva<\/strong> realizado pelos profissionais nos centros de sa\u00fade, refor\u00e7ando as habilidades e fun\u00e7\u00f5es que se treinam durante as sess\u00f5es, permitindo dessa forma que o paciente continue com o tratamento em um entorno seguro, tendo em conta a situa\u00e7\u00e3o epidemiol\u00f3gica atual.<\/p>\n\n\n\n<h3 class=\"wp-block-heading\">NeuronUP como ferramenta de estimula\u00e7\u00e3o cognitiva no diagn\u00f3stico do Alzheimer<\/h3>\n\n\n\n<p class=\"wp-block-paragraph\">O NeuronUP constitui um importante recurso para os profissionais da sa\u00fade que realizam <strong>tratamentos de estimula\u00e7\u00e3o e reabilita\u00e7\u00e3o cognitiva<\/strong> ao fornecer diversos materiais para planejar e implementar os planos de interven\u00e7\u00e3o de forma personalizada e realizar um acompanhamento dos pacientes com Alzheimer a partir da seguran\u00e7a do lar.&nbsp;<\/p>\n\n\n\n<p class=\"wp-block-paragraph\">Nesse sentido, permite aos profissionais economizar tempo, dinheiro e recursos materiais, sendo um instrumento ecol\u00f3gico e de f\u00e1cil manuseio para os idosos. Esta ferramenta <strong>permite exercitar diferentes fun\u00e7\u00f5es cognitivas<\/strong> como a mem\u00f3ria, linguagem, aten\u00e7\u00e3o, concentra\u00e7\u00e3o, orienta\u00e7\u00e3o e habilidades viso-espaciais a partir da simula\u00e7\u00e3o de <strong>atividades da vida di\u00e1ria<\/strong>.<\/p>\n\n\n\n<p class=\"wp-block-paragraph\">Pessoalmente, esta ferramenta me permitiu obter resultados eficazes com meus pacientes, j\u00e1 que pode ser utilizada em qualquer momento e lugar, podendo adaptar seu formato ao papel, ao computador ou aos dispositivos tecnol\u00f3gicos t\u00e1teis.<\/p>\n\n\n\n<h2 class=\"wp-block-heading\">Conclus\u00e3o<\/h2>\n\n\n\n<p class=\"wp-block-paragraph\">O aumento na expectativa de vida da popula\u00e7\u00e3o ocasionou que nos \u00faltimos anos se produza um incremento na preval\u00eancia de pessoas que padecem<strong> transtornos neurodegenerativos<\/strong>, especialmente a <strong>doen\u00e7a de Alzheimer<\/strong> (Delgado &amp; Salinas, 2009).<\/p>\n\n\n\n<p class=\"wp-block-paragraph\">Por esse motivo, resulta necess\u00e1rio fornecer recursos aos familiares e cuidadores, que passam a maior parte do tempo com os <strong>idosos<\/strong> de modo que possam identificar os sintomas precocemente. Dessa forma, est\u00e1 se incrementando a probabilidade de chegar a um diagn\u00f3stico preciso e \u00e0 consequente interven\u00e7\u00e3o para melhorar a qualidade de vida da pessoa querida.<\/p>\n\n\n\n<p class=\"wp-block-paragraph\">No contexto atual da pandemia produzida pelo v\u00edrus Covid-19, os <strong>avan\u00e7os tecnol\u00f3gicos<\/strong> constituem um importante apoio para que os idosos com Alzheimer possam continuar com seus planos de tratamento de maneira remota, promovendo a <strong>estimula\u00e7\u00e3o cognitiva<\/strong> em contextos domiciliares.<\/p>\n\n\n\n<h2 class=\"wp-block-heading\">Refer\u00eancias bibliogr\u00e1ficas<\/h2>\n\n\n\n<ul class=\"wp-block-list has-sm-font-size\">\n<li>Acosta-Castillo, G. I., Sosa, A. L., Orozco, R., &amp; Borges, G. (2012). Sintomas neuropsiqui\u00e1tricos em idosos com dem\u00eancia e sua rela\u00e7\u00e3o com a severidade da doen\u00e7a. <em>Revista de Investigaci\u00f3n Cl\u00ednica<\/em>, <em>64<\/em>(4), 354-363.<\/li>\n\n\n\n<li>Delgado, C., &amp; Salinas, P. (2009). Avalia\u00e7\u00e3o das altera\u00e7\u00f5es cognitivas em idosos. R<em>evista Hospital cl\u00ednico de la Universidad de Chile, 20<\/em>, 244-251.<\/li>\n\n\n\n<li>Donoso, A., Venegas, P., Villarroel, C., &amp; V\u00e1squez, C. (2001). Comprometimento cognitivo leve e doen\u00e7a de Alzheimer inicial em idosos. <em>Revista chilena de neuro-psiquiatr\u00eda, 39<\/em>(3), 231-238.<\/li>\n\n\n\n<li>Fern\u00e1ndez-Calvo, B., Rodr\u00edguez-P\u00e9rez, R., Contador, I., Rubio-Santorum, A., &amp; Ramos, F. (2011). Efic\u00e1cia do treinamento cognitivo baseado em novas tecnologias em pacientes com dem\u00eancia tipo Alzheimer. <em>Psicothema<\/em>, 44-50.<\/li>\n\n\n\n<li>Fong Estrada, J. A., Collejo, Y., Poll Reyes, M., Lam San Juan, M., &amp; Guzm\u00e1n N\u00fa\u00f1ez, S. (2013). Avalia\u00e7\u00e3o psicol\u00f3gica em idosos com fatores de risco para a doen\u00e7a de Alzheimer. <em>Medisan<\/em>, <em>17<\/em>(12), 9118-9123.<\/li>\n\n\n\n<li>Luque, L. E. (2007). Estimula\u00e7\u00e3o cognitiva por meio de recursos inform\u00e1ticos. <em>Revista de la Asociaci\u00f3n colombiana de Gerontolog\u00eda y Geriatr\u00eda, 21<\/em>(4), 1093-1098.<\/li>\n\n\n\n<li>Molina, M. (2016). O papel da avalia\u00e7\u00e3o neuropsicol\u00f3gica no diagn\u00f3stico e no acompanhamento das dem\u00eancias. <em>Revista M\u00e9dica Cl\u00ednica Las Condes, 27<\/em>(3), 319-331.<\/li>\n\n\n\n<li>P\u00e9rez Perdomo, M. (2008). As interven\u00e7\u00f5es dirigidas aos cuidadores de idosos com doen\u00e7a de Alzheimer. <em>Revista Habanera de Ciencias M\u00e9dicas, 7<\/em>(3), 1-11.<\/li>\n<\/ul>\n\n\n\n<h3 class=\"wp-block-heading\">Se voc\u00ea gostou desta publica\u00e7\u00e3o sobre a detec\u00e7\u00e3o do Alzheimer em idosos, recomendamos que d\u00ea uma olhada nestas publica\u00e7\u00f5es:<\/h3>\n\n<div class=\"mai-grid entries entries-grid has-boxed has-image-full\" style=\"--entry-title-font-size:var(--font-size-lg);--align-text:start;--entry-meta-text-align:start;\"><div class=\"entries-wrap has-columns\" style=\"--columns-xs:1 \/ 1;--columns-sm:1 \/ 1;--columns-md:1 \/ 3;--columns-lg:1 \/ 3;--flex-xs:0 0 var(--flex-basis);--flex-sm:0 0 var(--flex-basis);--flex-md:0 0 var(--flex-basis);--flex-lg:0 0 var(--flex-basis);--column-gap:var(--spacing-lg);--row-gap:var(--spacing-lg);--align-columns:start;\"><article class=\"entry entry-grid is-column has-entry-link has-image has-image-first type-post category-doencas-neurodegenerativas tag-demencia tag-enfermedades-neurodegenerativas tag-maiores\" style=\"--entry-index:1;\" aria-label=\"Decl\u00ednio cognitivo leve (DCL) ou dem\u00eancia: diferen\u00e7as cl\u00ednicas, diagn\u00f3stico e estimula\u00e7\u00e3o cognitiva\" itemscope itemtype=\"https:\/\/schema.org\/CreativeWork\"><a class=\"entry-image-link\" href=\"https:\/\/neuronup.com\/br\/noticias-de-estimulacao-cognitiva\/doencas-neurodegenerativas\/deterioro-cognitivo-leve-demencia-diferencas-clinicas-diagnostico-e-estimulacao-cognitiva\/\" tabindex=\"-1\" aria-hidden=\"true\"><img decoding=\"async\" width=\"400\" height=\"300\" src=\"https:\/\/neuronup.com\/br\/wp-content\/uploads\/2025\/05\/Deterioro-cognitivo-leve-o-demencia-diferencias-clinicas-diagnostico-y-estimulacion-cognitiva-400x300.webp\" class=\"entry-image size-landscape-sm\" alt=\"Ilustra\u00e7\u00e3o comparando deteriora\u00e7\u00e3o cognitiva leve e dem\u00eancia, com \u00eanfase em diferen\u00e7as cl\u00ednicas para a avalia\u00e7\u00e3o.\" srcset=\"https:\/\/neuronup.com\/br\/wp-content\/uploads\/2025\/05\/Deterioro-cognitivo-leve-o-demencia-diferencias-clinicas-diagnostico-y-estimulacion-cognitiva-400x300.webp 400w, https:\/\/neuronup.com\/br\/wp-content\/uploads\/2025\/05\/Deterioro-cognitivo-leve-o-demencia-diferencias-clinicas-diagnostico-y-estimulacion-cognitiva-800x600.webp 800w\" sizes=\"(max-width:599px) 599px, (min-width:600px) and (max-width: 799px) 799px, (min-width:800px) and (max-width: 999px) 333px, (min-width:1000px) 400px\" \/><\/a><div class=\"entry-wrap entry-wrap-grid\"><h3 class=\"entry-title\" itemprop=\"headline\"><a class=\"entry-title-link\" href=\"https:\/\/neuronup.com\/br\/noticias-de-estimulacao-cognitiva\/doencas-neurodegenerativas\/deterioro-cognitivo-leve-demencia-diferencas-clinicas-diagnostico-e-estimulacao-cognitiva\/\" rel=\"bookmark\">Decl\u00ednio cognitivo leve (DCL) ou dem\u00eancia: diferen\u00e7as cl\u00ednicas, diagn\u00f3stico e estimula\u00e7\u00e3o cognitiva<\/a><\/h3>\n<\/div><\/article><article class=\"entry entry-grid is-column has-entry-link has-image has-image-first type-post category-dano-cerebral tag-dano-cerebral-adquirido\" style=\"--entry-index:2;\" aria-label=\"Aprendizagem motora: o que \u00e9, fatores, metodologia e objetivo\" itemscope itemtype=\"https:\/\/schema.org\/CreativeWork\"><a class=\"entry-image-link\" href=\"https:\/\/neuronup.com\/br\/noticias-de-estimulacao-cognitiva\/dano-cerebral\/aprendizagem-motora-o-que-e-fatores-metodologia-e-objetivo\/\" tabindex=\"-1\" aria-hidden=\"true\"><img decoding=\"async\" width=\"400\" height=\"300\" src=\"https:\/\/neuronup.com\/br\/wp-content\/uploads\/2021\/10\/cross-section-of-human-brain-tissue-8ALYQ7M-655x427-1-400x300.webp\" class=\"entry-image size-landscape-sm\" alt=\"Estrutura transversal com ramifica\u00e7\u00f5es do tipo rede neural em tons de marrom e dourado, parecida com o tecido cerebral.\" \/><\/a><div class=\"entry-wrap entry-wrap-grid\"><h3 class=\"entry-title\" itemprop=\"headline\"><a class=\"entry-title-link\" href=\"https:\/\/neuronup.com\/br\/noticias-de-estimulacao-cognitiva\/dano-cerebral\/aprendizagem-motora-o-que-e-fatores-metodologia-e-objetivo\/\" rel=\"bookmark\">Aprendizagem motora: o que \u00e9, fatores, metodologia e objetivo<\/a><\/h3>\n<\/div><\/article><article class=\"entry entry-grid is-column has-entry-link has-image has-image-first type-post category-atividades-de-neurorreabilitacao tag-actividades-de-estimulacion-cognitiva tag-actividades-de-estimulacion-cognitiva-para-ninos tag-noticias-de-neuronup\" style=\"--entry-index:3;\" aria-label=\"Descubra as 10 atividades da NeuronUP mais utilizadas para trabalhar com crian\u00e7as\" itemscope itemtype=\"https:\/\/schema.org\/CreativeWork\"><a class=\"entry-image-link\" href=\"https:\/\/neuronup.com\/br\/atividades-de-neurorreabilitacao\/conheca-as-10-atividades-neuronup-mais-utilizadas-para-trabalhar-com-criancas\/\" tabindex=\"-1\" aria-hidden=\"true\"><img decoding=\"async\" width=\"400\" height=\"300\" src=\"https:\/\/neuronup.com\/br\/wp-content\/uploads\/2024\/09\/Juego-de-NeuronUP-para-trabajar-la-relacion-espacial-en-ninos-Parada-en-boxes-400x300.webp\" class=\"entry-image size-landscape-sm\" alt=\"Interface do NeuronUP para rela\u00e7\u00e3o espacial em crian\u00e7as: pista para localizar objetos, com um personagem e controles na parte inferior.\" srcset=\"https:\/\/neuronup.com\/br\/wp-content\/uploads\/2024\/09\/Juego-de-NeuronUP-para-trabajar-la-relacion-espacial-en-ninos-Parada-en-boxes-400x300.webp 400w, https:\/\/neuronup.com\/br\/wp-content\/uploads\/2024\/09\/Juego-de-NeuronUP-para-trabajar-la-relacion-espacial-en-ninos-Parada-en-boxes-800x600.webp 800w\" sizes=\"(max-width:599px) 599px, (min-width:600px) and (max-width: 799px) 799px, (min-width:800px) and (max-width: 999px) 333px, (min-width:1000px) 400px\" \/><\/a><div class=\"entry-wrap entry-wrap-grid\"><h3 class=\"entry-title\" itemprop=\"headline\"><a class=\"entry-title-link\" href=\"https:\/\/neuronup.com\/br\/atividades-de-neurorreabilitacao\/conheca-as-10-atividades-neuronup-mais-utilizadas-para-trabalhar-com-criancas\/\" rel=\"bookmark\">Descubra as 10 atividades da NeuronUP mais utilizadas para trabalhar com crian\u00e7as<\/a><\/h3>\n<\/div><\/article><article class=\"entry entry-grid is-column has-entry-link has-image has-image-first type-post category-eventos tag-congresso\" style=\"--entry-index:4;\" aria-label=\"Global Neuropsychology Congress: o congresso que reuniu o mundo no Porto\" itemscope itemtype=\"https:\/\/schema.org\/CreativeWork\"><a class=\"entry-image-link\" href=\"https:\/\/neuronup.com\/br\/eventos\/global-neuropsychology-congress-conectando-o-mundo-no-porto\/\" tabindex=\"-1\" aria-hidden=\"true\"><img decoding=\"async\" width=\"400\" height=\"300\" src=\"https:\/\/neuronup.com\/br\/wp-content\/uploads\/2024\/07\/IMG_9004-1-400x300.webp\" class=\"entry-image size-landscape-sm\" alt=\"Participantes em uma confer\u00eancia no Porto, com palestrantes e tela de proje\u00e7\u00e3o durante o Congresso Global de Neuropsicologia.\" srcset=\"https:\/\/neuronup.com\/br\/wp-content\/uploads\/2024\/07\/IMG_9004-1-400x300.webp 400w, https:\/\/neuronup.com\/br\/wp-content\/uploads\/2024\/07\/IMG_9004-1-800x600.webp 800w\" sizes=\"(max-width:599px) 599px, (min-width:600px) and (max-width: 799px) 799px, (min-width:800px) and (max-width: 999px) 333px, (min-width:1000px) 400px\" \/><\/a><div class=\"entry-wrap entry-wrap-grid\"><h3 class=\"entry-title\" itemprop=\"headline\"><a class=\"entry-title-link\" href=\"https:\/\/neuronup.com\/br\/eventos\/global-neuropsychology-congress-conectando-o-mundo-no-porto\/\" rel=\"bookmark\">Global Neuropsychology Congress: o congresso que reuniu o mundo no Porto<\/a><\/h3>\n<\/div><\/article><article class=\"entry entry-grid is-column has-entry-link has-image has-image-first type-post category-linhas-de-investigacao tag-investigacion tag-ninos\" style=\"--entry-index:5;\" aria-label=\"Ferramentas digitais na interven\u00e7\u00e3o precoce: o que a evid\u00eancia internacional nos diz\" itemscope itemtype=\"https:\/\/schema.org\/CreativeWork\"><a class=\"entry-image-link\" href=\"https:\/\/neuronup.com\/br\/investigacao\/linhas-de-investigacao\/ferramentas-digitais-na-intervencao-precoce-o-que-a-evidencia-internacional-diz\/\" tabindex=\"-1\" aria-hidden=\"true\"><img decoding=\"async\" width=\"400\" height=\"300\" src=\"https:\/\/neuronup.com\/br\/wp-content\/uploads\/2026\/04\/Evidencia-sobre-las-herramientas-digitales-en-intervencion-temprana.-Como-las-tecnologias-digitales-transforman-la-intervencion-temprana-400x300.webp\" class=\"entry-image size-landscape-sm\" alt=\"Descubra como as tecnologias digitais transformam a interven\u00e7\u00e3o precoce, gra\u00e7as a uma an\u00e1lise baseada em evid\u00eancias de Liapakis (2025) e ao impacto da NeuronUP nas fun\u00e7\u00f5es executivas e na ades\u00e3o cl\u00ednica.\" srcset=\"https:\/\/neuronup.com\/br\/wp-content\/uploads\/2026\/04\/Evidencia-sobre-las-herramientas-digitales-en-intervencion-temprana.-Como-las-tecnologias-digitales-transforman-la-intervencion-temprana-400x300.webp 400w, https:\/\/neuronup.com\/br\/wp-content\/uploads\/2026\/04\/Evidencia-sobre-las-herramientas-digitales-en-intervencion-temprana.-Como-las-tecnologias-digitales-transforman-la-intervencion-temprana-800x600.webp 800w\" sizes=\"(max-width:599px) 599px, (min-width:600px) and (max-width: 799px) 799px, (min-width:800px) and (max-width: 999px) 333px, (min-width:1000px) 400px\" \/><\/a><div class=\"entry-wrap entry-wrap-grid\"><h3 class=\"entry-title\" itemprop=\"headline\"><a class=\"entry-title-link\" href=\"https:\/\/neuronup.com\/br\/investigacao\/linhas-de-investigacao\/ferramentas-digitais-na-intervencao-precoce-o-que-a-evidencia-internacional-diz\/\" rel=\"bookmark\">Ferramentas digitais na interven\u00e7\u00e3o precoce: o que a evid\u00eancia internacional nos diz<\/a><\/h3>\n<\/div><\/article><article class=\"entry entry-grid is-column has-entry-link has-image has-image-first type-post category-doencas-neurodegenerativas tag-doenca-de-alzheimer tag-enfermedades-neurodegenerativas\" style=\"--entry-index:6;\" aria-label=\"Microbiota intestinal e Alzheimer: papel do eixo intestino-c\u00e9rebro na deteriora\u00e7\u00e3o cognitiva\" itemscope itemtype=\"https:\/\/schema.org\/CreativeWork\"><a class=\"entry-image-link\" href=\"https:\/\/neuronup.com\/br\/noticias-de-estimulacao-cognitiva\/doencas-neurodegenerativas\/microbiota-intestinal-e-alzheimer-papel-do-eixo-intestino-cerebro-no-declinio-cognitivo\/\" tabindex=\"-1\" aria-hidden=\"true\"><img decoding=\"async\" width=\"400\" height=\"300\" src=\"https:\/\/neuronup.com\/br\/wp-content\/uploads\/2026\/04\/Microbiota-intestinal-y-alzheimer-papel-del-eje-intestino-cerebro-en-el-deterioro-cognitivo.-Relacion-entre-la-microbiota-intestinal-y-el-deterioro-cognitivo-400x300.webp\" class=\"entry-image size-landscape-sm\" alt=\"Microbiota intestinal e Alzheimer: papel do eixo intestino-c\u00e9rebro no decl\u00ednio cognitivo. Rela\u00e7\u00e3o entre a microbiota intestinal e o decl\u00ednio cognitivo.\" srcset=\"https:\/\/neuronup.com\/br\/wp-content\/uploads\/2026\/04\/Microbiota-intestinal-y-alzheimer-papel-del-eje-intestino-cerebro-en-el-deterioro-cognitivo.-Relacion-entre-la-microbiota-intestinal-y-el-deterioro-cognitivo-400x300.webp 400w, https:\/\/neuronup.com\/br\/wp-content\/uploads\/2026\/04\/Microbiota-intestinal-y-alzheimer-papel-del-eje-intestino-cerebro-en-el-deterioro-cognitivo.-Relacion-entre-la-microbiota-intestinal-y-el-deterioro-cognitivo-800x600.webp 800w\" sizes=\"(max-width:599px) 599px, (min-width:600px) and (max-width: 799px) 799px, (min-width:800px) and (max-width: 999px) 333px, (min-width:1000px) 400px\" \/><\/a><div class=\"entry-wrap entry-wrap-grid\"><h3 class=\"entry-title\" itemprop=\"headline\"><a class=\"entry-title-link\" href=\"https:\/\/neuronup.com\/br\/noticias-de-estimulacao-cognitiva\/doencas-neurodegenerativas\/microbiota-intestinal-e-alzheimer-papel-do-eixo-intestino-cerebro-no-declinio-cognitivo\/\" rel=\"bookmark\">Microbiota intestinal e Alzheimer: papel do eixo intestino-c\u00e9rebro na deteriora\u00e7\u00e3o cognitiva<\/a><\/h3>\n<\/div><\/article><\/div><\/div>","protected":false},"excerpt":{"rendered":"<p>Introdu\u00e7\u00e3o A detec\u00e7\u00e3o precoce da doen\u00e7a de Alzheimer contribui para diminuir a progress\u00e3o da doen\u00e7a, minimizar o impacto dos sintomas e melhorar a qualidade de vida do idoso. \u00c9 necess\u00e1rio fornecer informa\u00e7\u00e3o precisa sobre as caracter\u00edsticas da doen\u00e7a e sobre as interven\u00e7\u00f5es para acompanhar o idoso em casa. O diagn\u00f3stico de algum tipo de dem\u00eancia, &hellip;<\/p>\n","protected":false},"author":318,"featured_media":34959,"comment_status":"open","ping_status":"open","sticky":false,"template":"","format":"standard","meta":{"_acf_changed":false,"_genesis_hide_title":false,"_genesis_hide_breadcrumbs":false,"_genesis_hide_singular_image":false,"_genesis_hide_footer_widgets":false,"_genesis_custom_body_class":"","_genesis_custom_post_class":"","_genesis_layout":"","footnotes":""},"categories":[466],"tags":[746,747,761,753],"class_list":["type-post","category-alzheimer","tag-doenca-de-alzheimer","tag-enfermedades-neurodegenerativas","tag-estimulacion-cognitiva","tag-maiores","entry"],"acf":[],"_links":{"self":[{"href":"https:\/\/neuronup.com\/br\/wp-json\/wp\/v2\/posts\/13177","targetHints":{"allow":["GET"]}}],"collection":[{"href":"https:\/\/neuronup.com\/br\/wp-json\/wp\/v2\/posts"}],"about":[{"href":"https:\/\/neuronup.com\/br\/wp-json\/wp\/v2\/types\/post"}],"author":[{"embeddable":true,"href":"https:\/\/neuronup.com\/br\/wp-json\/wp\/v2\/users\/318"}],"replies":[{"embeddable":true,"href":"https:\/\/neuronup.com\/br\/wp-json\/wp\/v2\/comments?post=13177"}],"version-history":[{"count":0,"href":"https:\/\/neuronup.com\/br\/wp-json\/wp\/v2\/posts\/13177\/revisions"}],"wp:featuredmedia":[{"embeddable":true,"href":"https:\/\/neuronup.com\/br\/wp-json\/wp\/v2\/media\/34959"}],"wp:attachment":[{"href":"https:\/\/neuronup.com\/br\/wp-json\/wp\/v2\/media?parent=13177"}],"wp:term":[{"taxonomy":"category","embeddable":true,"href":"https:\/\/neuronup.com\/br\/wp-json\/wp\/v2\/categories?post=13177"},{"taxonomy":"post_tag","embeddable":true,"href":"https:\/\/neuronup.com\/br\/wp-json\/wp\/v2\/tags?post=13177"}],"curies":[{"name":"wp","href":"https:\/\/api.w.org\/{rel}","templated":true}]}}